{"id":113244,"date":"2024-10-29T11:18:16","date_gmt":"2024-10-29T17:18:16","guid":{"rendered":"https:\/\/quehacerpolitico.mx\/?p=113244"},"modified":"2024-10-29T11:18:20","modified_gmt":"2024-10-29T17:18:20","slug":"la-senadora-cynthia-lopez-castro-renuncia-al-pri-alito-es-el-dueno-absoluto-del-partido-aunque-ya-solo-queda-el-cascaron","status":"publish","type":"post","link":"https:\/\/quehacerpolitico.mx\/?p=113244","title":{"rendered":"La senadora Cynthia Lopez Castro renuncia al PRI \u2018Alito\u2019 es el due\u00f1o absoluto del partido, aunque ya solo queda el cascar\u00f3n"},"content":{"rendered":"\n<p>Por Redacci\u00f3n QP<\/p>\n\n\n\n<p>La legisladora se\u00f1al\u00f3 diferencias con el dirigente nacional del partido, Alejandro Moreno C\u00e1rdenas, y reclam\u00f3 por el \u201clinchamiento\u201d tras su ausencia en la sesi\u00f3n donde se aprob\u00f3 la reforma de la supremac\u00eda legislativa<\/p>\n\n\n\n<p>La senadora\u00a0<strong>Cynthia L\u00f3pez Castro<\/strong>\u00a0anunci\u00f3 que\u00a0<strong>renunciar\u00e1 al PRI\u00a0<\/strong>y su bancada en el\u00a0<strong>Senado<\/strong>, al considerar diferencias con su dirigente nacional<strong>, Alejandro Moreno C\u00e1rdenas<\/strong>, as\u00ed como por el \u201clinchamiento\u201d tras su ausencia en la sesi\u00f3n donde se aprob\u00f3 la reforma impulsada por Morena para la<strong>\u00a0supremac\u00eda legislativa<\/strong>.<\/p>\n\n\n\n<figure class=\"wp-block-embed is-type-rich is-provider-twitter wp-block-embed-twitter\"><div class=\"wp-block-embed__wrapper\">\n<blockquote class=\"twitter-tweet\" data-width=\"550\" data-dnt=\"true\"><p lang=\"es\" dir=\"ltr\"><a href=\"https:\/\/twitter.com\/hashtag\/ALMOMENTO?src=hash&amp;ref_src=twsrc%5Etfw\">#ALMOMENTO<\/a> | La senadora Cinthya L\u00f3pez Castro renuncia al PRI; argumenta diferencias irreconciliables con Alejandro Moreno<br><br>V\u00eda: Sara Pablo \/ <a href=\"https:\/\/twitter.com\/Radio_Formula?ref_src=twsrc%5Etfw\">@Radio_Formula<\/a> <a href=\"https:\/\/t.co\/N2s9Tzkwom\">pic.twitter.com\/N2s9Tzkwom<\/a><\/p>&mdash; Azucena Uresti (@azucenau) <a href=\"https:\/\/twitter.com\/azucenau\/status\/1851289668211355707?ref_src=twsrc%5Etfw\">October 29, 2024<\/a><\/blockquote><script async src=\"https:\/\/platform.twitter.com\/widgets.js\" charset=\"utf-8\"><\/script>\n<\/div><\/figure>\n\n\n\n<p>\u201cYo soy una gente limpia, soy una gente honesta, soy una persona de ideales, de convicciones (\u2026) Si se volviera a presentar el dictamen que se present\u00f3, volver\u00eda a votar en contra. Yo hice un posicionamiento claro y en contra, di un posicionamiento de siete minutos en tribuna como pocos senadores de la oposici\u00f3n lo hicieron, exponiendo mis razones. No pude votar; sin embargo, mi voto no fue definitorio para darle la mayor\u00eda calificada a&nbsp;<strong>Morena&nbsp;<\/strong>y tergiversaron toda la versi\u00f3n\u201d, sostuvo.<\/p>\n\n\n\n<p>En conferencia de prensa, afirm\u00f3 que \u201cya no hay vuelta atr\u00e1s\u201d en su salida del PRI, y dijo que su acercamiento en la sesi\u00f3n del jueves con el coordinador de Morena,\u00a0<strong>Ad\u00e1n Augusto L\u00f3pez Hern\u00e1ndez<\/strong>, fue para hablar de los altavoces que sacaron senadores de oposici\u00f3n en esa sesi\u00f3n donde se discuti\u00f3 la\u00a0<strong>supremac\u00eda constitucional<\/strong>.<\/p>\n\n\n\n<p>Neg\u00f3 acercamiento con Morena, el Verde o con el PAN, y L\u00f3pez Castro afirm\u00f3 que sus principios se mantienen firmes, por lo que volver\u00eda a votar en contra de la<strong>&nbsp;reforma judicial<\/strong>. Tambi\u00e9n mencion\u00f3 que se mantendr\u00e1 como legisladora&nbsp;<strong>sin partido<\/strong>.&nbsp;<\/p>\n\n\n\n<p>De acuerdo con fuentes, la bancada del PRI en su sesi\u00f3n previa de este martes, impulsar\u00eda su expulsi\u00f3n de la bancada por ausentarse de la sesi\u00f3n, supuestamente por una subida en su presi\u00f3n arterial, como ella mismo dijo en un video.&nbsp;<\/p>\n\n\n\n<p>La legisladora originaria de la&nbsp;<strong>Ciudad de M\u00e9xico<\/strong>&nbsp;afirm\u00f3 que seguir\u00e1 votando en contra de iniciativas de acuerdo con sus principios, y en favor de aquellas que considere que tienen un beneficio para el pa\u00eds.&nbsp;<\/p>\n","protected":false},"excerpt":{"rendered":"<p>Por Redacci\u00f3n QP La legisladora se\u00f1al\u00f3 diferencias con el dirigente nacional del partido, Alejandro Moreno&#8230;<\/p>\n","protected":false},"author":2,"featured_media":113245,"comment_status":"open","ping_status":"open","sticky":false,"template":"","format":"standard","meta":{"_monsterinsights_skip_tracking":false,"_monsterinsights_sitenote_active":false,"_monsterinsights_sitenote_note":"","_monsterinsights_sitenote_category":0,"footnotes":""},"categories":[280],"tags":[],"class_list":["post-113244","post","type-post","status-publish","format-standard","has-post-thumbnail","hentry","category-nacionales"],"yoast_head":"<!-- This site is optimized with the Yoast SEO plugin v27.3 - https:\/\/yoast.com\/product\/yoast-seo-wordpress\/ -->\n<title>La senadora Cynthia Lopez Castro renuncia al PRI \u2018Alito\u2019 es el due\u00f1o absoluto del partido, aunque ya solo queda el cascar\u00f3n -<\/title>\n<meta name=\"robots\" content=\"index, follow, max-snippet:-1, max-image-preview:large, max-video-preview:-1\" \/>\n<link rel=\"canonical\" href=\"https:\/\/quehacerpolitico.mx\/?p=113244\" \/>\n<meta property=\"og:locale\" content=\"es_MX\" \/>\n<meta property=\"og:type\" content=\"article\" \/>\n<meta property=\"og:title\" content=\"La senadora Cynthia Lopez Castro renuncia al PRI \u2018Alito\u2019 es el due\u00f1o absoluto del partido, aunque ya solo queda el cascar\u00f3n -\" \/>\n<meta property=\"og:description\" content=\"Por Redacci\u00f3n QP La legisladora se\u00f1al\u00f3 diferencias con el dirigente nacional del partido, Alejandro Moreno...\" \/>\n<meta property=\"og:url\" content=\"https:\/\/quehacerpolitico.mx\/?p=113244\" \/>\n<meta property=\"article:published_time\" content=\"2024-10-29T17:18:16+00:00\" \/>\n<meta property=\"article:modified_time\" content=\"2024-10-29T17:18:20+00:00\" \/>\n<meta property=\"og:image\" content=\"https:\/\/quehacerpolitico.mx\/wp-content\/uploads\/2024\/10\/IMG_8900.jpeg\" \/>\n\t<meta property=\"og:image:width\" content=\"1017\" \/>\n\t<meta property=\"og:image:height\" content=\"712\" \/>\n\t<meta property=\"og:image:type\" content=\"image\/jpeg\" \/>\n<meta name=\"author\" content=\"Redacci\u00f3n QP\" \/>\n<meta name=\"twitter:card\" content=\"summary_large_image\" \/>\n<meta name=\"twitter:label1\" content=\"Escrito por\" \/>\n\t<meta name=\"twitter:data1\" content=\"Redacci\u00f3n QP\" \/>\n\t<meta name=\"twitter:label2\" content=\"Tiempo de lectura\" \/>\n\t<meta name=\"twitter:data2\" content=\"2 minutos\" \/>\n<script type=\"application\/ld+json\" class=\"yoast-schema-graph\">{\"@context\":\"https:\\\/\\\/schema.org\",\"@graph\":[{\"@type\":\"Article\",\"@id\":\"https:\\\/\\\/quehacerpolitico.mx\\\/?p=113244#article\",\"isPartOf\":{\"@id\":\"https:\\\/\\\/quehacerpolitico.mx\\\/?p=113244\"},\"author\":{\"name\":\"Redacci\u00f3n QP\",\"@id\":\"https:\\\/\\\/quehacerpolitico.mx\\\/#\\\/schema\\\/person\\\/496d8ad2d1d3f8036101dca7ee39e585\"},\"headline\":\"La senadora Cynthia Lopez Castro renuncia al PRI \u2018Alito\u2019 es el due\u00f1o absoluto del partido, aunque ya solo queda el cascar\u00f3n\",\"datePublished\":\"2024-10-29T17:18:16+00:00\",\"dateModified\":\"2024-10-29T17:18:20+00:00\",\"mainEntityOfPage\":{\"@id\":\"https:\\\/\\\/quehacerpolitico.mx\\\/?p=113244\"},\"wordCount\":412,\"commentCount\":0,\"image\":{\"@id\":\"https:\\\/\\\/quehacerpolitico.mx\\\/?p=113244#primaryimage\"},\"thumbnailUrl\":\"https:\\\/\\\/quehacerpolitico.mx\\\/wp-content\\\/uploads\\\/2024\\\/10\\\/IMG_8900.jpeg\",\"articleSection\":[\"Nacionales\"],\"inLanguage\":\"es\",\"potentialAction\":[{\"@type\":\"CommentAction\",\"name\":\"Comment\",\"target\":[\"https:\\\/\\\/quehacerpolitico.mx\\\/?p=113244#respond\"]}]},{\"@type\":\"WebPage\",\"@id\":\"https:\\\/\\\/quehacerpolitico.mx\\\/?p=113244\",\"url\":\"https:\\\/\\\/quehacerpolitico.mx\\\/?p=113244\",\"name\":\"La senadora Cynthia Lopez Castro renuncia al PRI \u2018Alito\u2019 es el due\u00f1o absoluto del partido, aunque ya solo queda el cascar\u00f3n -\",\"isPartOf\":{\"@id\":\"https:\\\/\\\/quehacerpolitico.mx\\\/#website\"},\"primaryImageOfPage\":{\"@id\":\"https:\\\/\\\/quehacerpolitico.mx\\\/?p=113244#primaryimage\"},\"image\":{\"@id\":\"https:\\\/\\\/quehacerpolitico.mx\\\/?p=113244#primaryimage\"},\"thumbnailUrl\":\"https:\\\/\\\/quehacerpolitico.mx\\\/wp-content\\\/uploads\\\/2024\\\/10\\\/IMG_8900.jpeg\",\"datePublished\":\"2024-10-29T17:18:16+00:00\",\"dateModified\":\"2024-10-29T17:18:20+00:00\",\"author\":{\"@id\":\"https:\\\/\\\/quehacerpolitico.mx\\\/#\\\/schema\\\/person\\\/496d8ad2d1d3f8036101dca7ee39e585\"},\"breadcrumb\":{\"@id\":\"https:\\\/\\\/quehacerpolitico.mx\\\/?p=113244#breadcrumb\"},\"inLanguage\":\"es\",\"potentialAction\":[{\"@type\":\"ReadAction\",\"target\":[\"https:\\\/\\\/quehacerpolitico.mx\\\/?p=113244\"]}]},{\"@type\":\"ImageObject\",\"inLanguage\":\"es\",\"@id\":\"https:\\\/\\\/quehacerpolitico.mx\\\/?p=113244#primaryimage\",\"url\":\"https:\\\/\\\/quehacerpolitico.mx\\\/wp-content\\\/uploads\\\/2024\\\/10\\\/IMG_8900.jpeg\",\"contentUrl\":\"https:\\\/\\\/quehacerpolitico.mx\\\/wp-content\\\/uploads\\\/2024\\\/10\\\/IMG_8900.jpeg\",\"width\":1017,\"height\":712},{\"@type\":\"BreadcrumbList\",\"@id\":\"https:\\\/\\\/quehacerpolitico.mx\\\/?p=113244#breadcrumb\",\"itemListElement\":[{\"@type\":\"ListItem\",\"position\":1,\"name\":\"Inicio\",\"item\":\"https:\\\/\\\/quehacerpolitico.mx\\\/\"},{\"@type\":\"ListItem\",\"position\":2,\"name\":\"La senadora Cynthia Lopez Castro renuncia al PRI \u2018Alito\u2019 es el due\u00f1o absoluto del partido, aunque ya solo queda el cascar\u00f3n\"}]},{\"@type\":\"WebSite\",\"@id\":\"https:\\\/\\\/quehacerpolitico.mx\\\/#website\",\"url\":\"https:\\\/\\\/quehacerpolitico.mx\\\/\",\"name\":\"\",\"description\":\"\",\"potentialAction\":[{\"@type\":\"SearchAction\",\"target\":{\"@type\":\"EntryPoint\",\"urlTemplate\":\"https:\\\/\\\/quehacerpolitico.mx\\\/?s={search_term_string}\"},\"query-input\":{\"@type\":\"PropertyValueSpecification\",\"valueRequired\":true,\"valueName\":\"search_term_string\"}}],\"inLanguage\":\"es\"},{\"@type\":\"Person\",\"@id\":\"https:\\\/\\\/quehacerpolitico.mx\\\/#\\\/schema\\\/person\\\/496d8ad2d1d3f8036101dca7ee39e585\",\"name\":\"Redacci\u00f3n QP\",\"image\":{\"@type\":\"ImageObject\",\"inLanguage\":\"es\",\"@id\":\"https:\\\/\\\/secure.gravatar.com\\\/avatar\\\/c7164ed6fdec453195284ad24a5ae5b6e1eed2b848477fa2a4787ba9adf39a41?s=96&d=mm&r=g\",\"url\":\"https:\\\/\\\/secure.gravatar.com\\\/avatar\\\/c7164ed6fdec453195284ad24a5ae5b6e1eed2b848477fa2a4787ba9adf39a41?s=96&d=mm&r=g\",\"contentUrl\":\"https:\\\/\\\/secure.gravatar.com\\\/avatar\\\/c7164ed6fdec453195284ad24a5ae5b6e1eed2b848477fa2a4787ba9adf39a41?s=96&d=mm&r=g\",\"caption\":\"Redacci\u00f3n QP\"},\"url\":\"https:\\\/\\\/quehacerpolitico.mx\\\/?author=2\"}]}<\/script>\n<!-- \/ Yoast SEO plugin. -->","yoast_head_json":{"title":"La senadora Cynthia Lopez Castro renuncia al PRI \u2018Alito\u2019 es el due\u00f1o absoluto del partido, aunque ya solo queda el cascar\u00f3n -","robots":{"index":"index","follow":"follow","max-snippet":"max-snippet:-1","max-image-preview":"max-image-preview:large","max-video-preview":"max-video-preview:-1"},"canonical":"https:\/\/quehacerpolitico.mx\/?p=113244","og_locale":"es_MX","og_type":"article","og_title":"La senadora Cynthia Lopez Castro renuncia al PRI \u2018Alito\u2019 es el due\u00f1o absoluto del partido, aunque ya solo queda el cascar\u00f3n -","og_description":"Por Redacci\u00f3n QP La legisladora se\u00f1al\u00f3 diferencias con el dirigente nacional del partido, Alejandro Moreno...","og_url":"https:\/\/quehacerpolitico.mx\/?p=113244","article_published_time":"2024-10-29T17:18:16+00:00","article_modified_time":"2024-10-29T17:18:20+00:00","og_image":[{"width":1017,"height":712,"url":"https:\/\/quehacerpolitico.mx\/wp-content\/uploads\/2024\/10\/IMG_8900.jpeg","type":"image\/jpeg"}],"author":"Redacci\u00f3n QP","twitter_card":"summary_large_image","twitter_misc":{"Escrito por":"Redacci\u00f3n QP","Tiempo de lectura":"2 minutos"},"schema":{"@context":"https:\/\/schema.org","@graph":[{"@type":"Article","@id":"https:\/\/quehacerpolitico.mx\/?p=113244#article","isPartOf":{"@id":"https:\/\/quehacerpolitico.mx\/?p=113244"},"author":{"name":"Redacci\u00f3n QP","@id":"https:\/\/quehacerpolitico.mx\/#\/schema\/person\/496d8ad2d1d3f8036101dca7ee39e585"},"headline":"La senadora Cynthia Lopez Castro renuncia al PRI \u2018Alito\u2019 es el due\u00f1o absoluto del partido, aunque ya solo queda el cascar\u00f3n","datePublished":"2024-10-29T17:18:16+00:00","dateModified":"2024-10-29T17:18:20+00:00","mainEntityOfPage":{"@id":"https:\/\/quehacerpolitico.mx\/?p=113244"},"wordCount":412,"commentCount":0,"image":{"@id":"https:\/\/quehacerpolitico.mx\/?p=113244#primaryimage"},"thumbnailUrl":"https:\/\/quehacerpolitico.mx\/wp-content\/uploads\/2024\/10\/IMG_8900.jpeg","articleSection":["Nacionales"],"inLanguage":"es","potentialAction":[{"@type":"CommentAction","name":"Comment","target":["https:\/\/quehacerpolitico.mx\/?p=113244#respond"]}]},{"@type":"WebPage","@id":"https:\/\/quehacerpolitico.mx\/?p=113244","url":"https:\/\/quehacerpolitico.mx\/?p=113244","name":"La senadora Cynthia Lopez Castro renuncia al PRI \u2018Alito\u2019 es el due\u00f1o absoluto del partido, aunque ya solo queda el cascar\u00f3n -","isPartOf":{"@id":"https:\/\/quehacerpolitico.mx\/#website"},"primaryImageOfPage":{"@id":"https:\/\/quehacerpolitico.mx\/?p=113244#primaryimage"},"image":{"@id":"https:\/\/quehacerpolitico.mx\/?p=113244#primaryimage"},"thumbnailUrl":"https:\/\/quehacerpolitico.mx\/wp-content\/uploads\/2024\/10\/IMG_8900.jpeg","datePublished":"2024-10-29T17:18:16+00:00","dateModified":"2024-10-29T17:18:20+00:00","author":{"@id":"https:\/\/quehacerpolitico.mx\/#\/schema\/person\/496d8ad2d1d3f8036101dca7ee39e585"},"breadcrumb":{"@id":"https:\/\/quehacerpolitico.mx\/?p=113244#breadcrumb"},"inLanguage":"es","potentialAction":[{"@type":"ReadAction","target":["https:\/\/quehacerpolitico.mx\/?p=113244"]}]},{"@type":"ImageObject","inLanguage":"es","@id":"https:\/\/quehacerpolitico.mx\/?p=113244#primaryimage","url":"https:\/\/quehacerpolitico.mx\/wp-content\/uploads\/2024\/10\/IMG_8900.jpeg","contentUrl":"https:\/\/quehacerpolitico.mx\/wp-content\/uploads\/2024\/10\/IMG_8900.jpeg","width":1017,"height":712},{"@type":"BreadcrumbList","@id":"https:\/\/quehacerpolitico.mx\/?p=113244#breadcrumb","itemListElement":[{"@type":"ListItem","position":1,"name":"Inicio","item":"https:\/\/quehacerpolitico.mx\/"},{"@type":"ListItem","position":2,"name":"La senadora Cynthia Lopez Castro renuncia al PRI \u2018Alito\u2019 es el due\u00f1o absoluto del partido, aunque ya solo queda el cascar\u00f3n"}]},{"@type":"WebSite","@id":"https:\/\/quehacerpolitico.mx\/#website","url":"https:\/\/quehacerpolitico.mx\/","name":"","description":"","potentialAction":[{"@type":"SearchAction","target":{"@type":"EntryPoint","urlTemplate":"https:\/\/quehacerpolitico.mx\/?s={search_term_string}"},"query-input":{"@type":"PropertyValueSpecification","valueRequired":true,"valueName":"search_term_string"}}],"inLanguage":"es"},{"@type":"Person","@id":"https:\/\/quehacerpolitico.mx\/#\/schema\/person\/496d8ad2d1d3f8036101dca7ee39e585","name":"Redacci\u00f3n QP","image":{"@type":"ImageObject","inLanguage":"es","@id":"https:\/\/secure.gravatar.com\/avatar\/c7164ed6fdec453195284ad24a5ae5b6e1eed2b848477fa2a4787ba9adf39a41?s=96&d=mm&r=g","url":"https:\/\/secure.gravatar.com\/avatar\/c7164ed6fdec453195284ad24a5ae5b6e1eed2b848477fa2a4787ba9adf39a41?s=96&d=mm&r=g","contentUrl":"https:\/\/secure.gravatar.com\/avatar\/c7164ed6fdec453195284ad24a5ae5b6e1eed2b848477fa2a4787ba9adf39a41?s=96&d=mm&r=g","caption":"Redacci\u00f3n QP"},"url":"https:\/\/quehacerpolitico.mx\/?author=2"}]}},"featured_image_urls":{"full":["https:\/\/quehacerpolitico.mx\/wp-content\/uploads\/2024\/10\/IMG_8900.jpeg",1017,712,false],"thumbnail":["https:\/\/quehacerpolitico.mx\/wp-content\/uploads\/2024\/10\/IMG_8900-150x150.jpeg",150,150,true],"medium":["https:\/\/quehacerpolitico.mx\/wp-content\/uploads\/2024\/10\/IMG_8900-300x210.jpeg",300,210,true],"medium_large":["https:\/\/quehacerpolitico.mx\/wp-content\/uploads\/2024\/10\/IMG_8900-768x538.jpeg",640,448,true],"large":["https:\/\/quehacerpolitico.mx\/wp-content\/uploads\/2024\/10\/IMG_8900.jpeg",640,448,false],"1536x1536":["https:\/\/quehacerpolitico.mx\/wp-content\/uploads\/2024\/10\/IMG_8900.jpeg",1017,712,false],"2048x2048":["https:\/\/quehacerpolitico.mx\/wp-content\/uploads\/2024\/10\/IMG_8900.jpeg",1017,712,false],"covernews-featured":["https:\/\/quehacerpolitico.mx\/wp-content\/uploads\/2024\/10\/IMG_8900.jpeg",1017,712,false],"covernews-medium":["https:\/\/quehacerpolitico.mx\/wp-content\/uploads\/2024\/10\/IMG_8900-540x340.jpeg",540,340,true]},"author_info":{"display_name":"Redacci\u00f3n QP","author_link":"https:\/\/quehacerpolitico.mx\/?author=2"},"category_info":"<a href=\"https:\/\/quehacerpolitico.mx\/?cat=280\" rel=\"category\">Nacionales<\/a>","tag_info":"Nacionales","comment_count":"0","_links":{"self":[{"href":"https:\/\/quehacerpolitico.mx\/index.php?rest_route=\/wp\/v2\/posts\/113244","targetHints":{"allow":["GET"]}}],"collection":[{"href":"https:\/\/quehacerpolitico.mx\/index.php?rest_route=\/wp\/v2\/posts"}],"about":[{"href":"https:\/\/quehacerpolitico.mx\/index.php?rest_route=\/wp\/v2\/types\/post"}],"author":[{"embeddable":true,"href":"https:\/\/quehacerpolitico.mx\/index.php?rest_route=\/wp\/v2\/users\/2"}],"replies":[{"embeddable":true,"href":"https:\/\/quehacerpolitico.mx\/index.php?rest_route=%2Fwp%2Fv2%2Fcomments&post=113244"}],"version-history":[{"count":1,"href":"https:\/\/quehacerpolitico.mx\/index.php?rest_route=\/wp\/v2\/posts\/113244\/revisions"}],"predecessor-version":[{"id":113246,"href":"https:\/\/quehacerpolitico.mx\/index.php?rest_route=\/wp\/v2\/posts\/113244\/revisions\/113246"}],"wp:featuredmedia":[{"embeddable":true,"href":"https:\/\/quehacerpolitico.mx\/index.php?rest_route=\/wp\/v2\/media\/113245"}],"wp:attachment":[{"href":"https:\/\/quehacerpolitico.mx\/index.php?rest_route=%2Fwp%2Fv2%2Fmedia&parent=113244"}],"wp:term":[{"taxonomy":"category","embeddable":true,"href":"https:\/\/quehacerpolitico.mx\/index.php?rest_route=%2Fwp%2Fv2%2Fcategories&post=113244"},{"taxonomy":"post_tag","embeddable":true,"href":"https:\/\/quehacerpolitico.mx\/index.php?rest_route=%2Fwp%2Fv2%2Ftags&post=113244"}],"curies":[{"name":"wp","href":"https:\/\/api.w.org\/{rel}","templated":true}]}}