{"id":113228,"date":"2024-10-28T12:26:32","date_gmt":"2024-10-28T18:26:32","guid":{"rendered":"https:\/\/quehacerpolitico.mx\/?p=113228"},"modified":"2024-10-28T12:26:34","modified_gmt":"2024-10-28T18:26:34","slug":"cdmx-entre-catrinas-calaveras-y-honra-a-los-muertos","status":"publish","type":"post","link":"https:\/\/quehacerpolitico.mx\/?p=113228","title":{"rendered":"CDMX entre catrinas, calaveras y honra a los muertos"},"content":{"rendered":"\n<p>Por Redacci\u00f3n QP<\/p>\n\n\n\n<p>La procesi\u00f3n se convirti\u00f3 en un espacio para honrar a los muertos y celebrar la m\u00fasica y el arte de M\u00e9xico, en una celebraci\u00f3n masiva que une tradici\u00f3n, inclusi\u00f3n y creatividad en las calles de la capital<\/p>\n\n\n\n<p>Las principales calles de la\u00a0<strong>Ciudad de M\u00e9xico\u00a0<\/strong>se llenaron la noche de este domingo de catrinas y catrines arropados de vestimentas prehisp\u00e1nicas, tradicionales por regiones y estados mexicanos y otros, entre carros aleg\u00f3ricos y calaveras de m\u00e1s de tres metros.<br><br>La\u00a0<strong>Mega Procesi\u00f3n de Catrinas\u00a0<\/strong>que este a\u00f1o concluy\u00f3 en el Z\u00f3calo, la principal plaza de p\u00fablica del pa\u00eds, es uno de los eventos m\u00e1s coloridos y significativo previo al 2 de noviembre, cuando se celebra en M\u00e9xico el D\u00eda de Muertos y celebra su onceava edici\u00f3n.\u00a0<br><br>Este evento, que naci\u00f3 en 2014 con el prop\u00f3sito de celebrar y fortalecer las tradiciones mexicanas ante la creciente popularidad de Halloween, reuni\u00f3 a miles de personas caracterizadas como catrinas y catrines, dando la oportunidad de mostrar otras costumbres, tradiciones, oficios y grupos minoritarios, entre otros temas como los g\u00e9neros musicales.\u00a0<\/p>\n\n\n\n<p><img decoding=\"async\" alt=\"\" src=\"https:\/\/latinus.us\/u\/fotografias\/m\/2024\/10\/27\/f768x400-99572_143475_5050.jpg\"><br><br>La&nbsp;<strong>Mega Procesi\u00f3n de Catrinas&nbsp;<\/strong>fue creada por Jessy Esquivias con la idea de solo 200 maquillistas y ha crecido exponencialmente a lo largo de los a\u00f1os hasta juntar a mexicanos y extranjeros, tanto espectadores como participantes, quienes se maquillan y visten con elaborados atuendos inspirados en la imagen de Jos\u00e9 Guadalupe Posada.&nbsp;<br><br>Este 2024, el evento cont\u00f3 con casi 40 contingentes, cada uno con un estilo propio que representa diversos aspectos de la cultura mexicana, as\u00ed como elementos contempor\u00e1neos y de otras culturas, reflejando la diversidad de la ciudad.&nbsp;<\/p>\n\n\n\n<p><img decoding=\"async\" src=\"https:\/\/latinus.us\/u\/fotografias\/m\/2024\/10\/27\/f768x400-99573_143476_5050.jpg\" alt=\"\"><br><br>Entre los contingentes m\u00e1s destacados desfilaron las &#8220;Catrinas Ritmos Latinos&#8221;, quienes bailaban y coreaban canciones, mientras ondeaban banderas de todos los pa\u00edses de la regi\u00f3n; las &#8220;Catrinas Pet Friendly&#8221;, que desfilaron con sus mascotas; las &#8220;Catrinas de las Flores&#8221;, caracterizadas por sus elaborados y monumentales trajes; y los &#8220;Combiamigos&#8221;, que recorrieron las avenidas en sus tradicionales modelos Volkswagen.\u00a0<br><br>La procesi\u00f3n tambi\u00e9n integra el toque tradicional con el contingente de &#8220;Catrinas Cl\u00e1sicas Jos\u00e9 Guadalupe Posada&#8221;, adem\u00e1s de los &#8220;Catrines y Catrinas Prehisp\u00e1nicas&#8221;, y &#8220;Catrinas de Trajes T\u00edpicos y Folklore&#8221;, que honraron la diversidad cultural de M\u00e9xico<br><br>Una de las catrinas del contingente &#8220;M\u00e9xico en la piel&#8221;\u00a0se dijo feliz de representar las\u00a0<strong>ra\u00edces mexicanas<\/strong>\u00a0y asegur\u00f3 que fue &#8220;un orgullo representar a nuestro M\u00e9xico, hacerlo presente en todo el recorrido&#8221;.<br><br>&#8220;Sigamos manteniendo estas tradiciones tan nuestras, somos la diferencia en el mundo&#8221;, afirm\u00f3 la catrina que invirti\u00f3 casi tres meses en su vestuario verde adornado con una corona de nopales.<br><br>Adem\u00e1s, se sumaron contingentes que reflejan subculturas y gustos urbanos, como las &#8220;Catrinas Metaleras y Rockeras&#8221;, &#8220;Catrinas Star Wars&#8221;, &#8220;Catrinas Ciclistas&#8221;, y &#8220;Catrinas K-pop&#8221;.<\/p>\n\n\n\n<p><img decoding=\"async\" alt=\"\" src=\"https:\/\/latinus.us\/u\/fotografias\/m\/2024\/10\/27\/f768x400-99571_143474_5050.jpg\"><br>El evento comenz\u00f3 desde la tarde del domingo, con un escenario instalado junto al monumento del \u00c1ngel de la Independencia, en el coraz\u00f3n de la avenida Paseo de la Reforma.&nbsp;<\/p>\n\n\n\n<p>Se cont\u00f3 con presentaciones de danza de los ballets de Serbia y Turqu\u00eda, y de artistas como Marisol Portilla y Tejiendo Sue\u00f1os, Jazz Pango y La Tremenda Korte, quienes ofrecieron un espect\u00e1culo previo a la procesi\u00f3n.&nbsp;<\/p>\n\n\n\n<p>Los organizadores estuvieron presentes para maquillar a los interesados desde las primeras horas de la ma\u00f1ana.&nbsp;<\/p>\n\n\n\n<p>La&nbsp;<strong>Mega Procesi\u00f3n de Catrinas<\/strong>&nbsp;tambi\u00e9n abri\u00f3 espacios para contingentes con fines sociales, como el grupo Catrinas Familias Unidas, enfocado en los familiares de personas desaparecidas, quienes aprovechar\u00e1n el evento para recordar a sus seres queridos.&nbsp;<\/p>\n\n\n\n<p>As\u00ed, la procesi\u00f3n se convirti\u00f3 en un espacio para honrar a los muertos y celebrar el folclore, la m\u00fasica y el arte de M\u00e9xico, en una celebraci\u00f3n masiva que une tradici\u00f3n, inclusi\u00f3n y creatividad en las calles de la capital.<\/p>\n\n\n\n<figure class=\"wp-block-embed is-type-video is-provider-youtube wp-block-embed-youtube wp-embed-aspect-16-9 wp-has-aspect-ratio\"><div class=\"wp-block-embed__wrapper\">\n<iframe loading=\"lazy\" title=\"Asisten cientos a la Mega Procesi\u00f3n de Catrinas en Reforma\" width=\"640\" height=\"360\" src=\"https:\/\/www.youtube.com\/embed\/nsaWy8hbgxU?feature=oembed\" frameborder=\"0\" allow=\"accelerometer; autoplay; clipboard-write; encrypted-media; gyroscope; picture-in-picture; web-share\" referrerpolicy=\"strict-origin-when-cross-origin\" allowfullscreen><\/iframe>\n<\/div><\/figure>\n\n\n\n<p>Con informaci\u00f3n de EFE<\/p>\n","protected":false},"excerpt":{"rendered":"<p>Por Redacci\u00f3n QP La procesi\u00f3n se convirti\u00f3 en un espacio para honrar a los muertos&#8230;<\/p>\n","protected":false},"author":2,"featured_media":113229,"comment_status":"open","ping_status":"open","sticky":false,"template":"","format":"standard","meta":{"_monsterinsights_skip_tracking":false,"_monsterinsights_sitenote_active":false,"_monsterinsights_sitenote_note":"","_monsterinsights_sitenote_category":0,"footnotes":""},"categories":[55],"tags":[],"class_list":["post-113228","post","type-post","status-publish","format-standard","has-post-thumbnail","hentry","category-cdmx"],"yoast_head":"<!-- This site is optimized with the Yoast SEO plugin v27.3 - https:\/\/yoast.com\/product\/yoast-seo-wordpress\/ -->\n<title>CDMX entre catrinas, calaveras y honra a los muertos -<\/title>\n<meta name=\"robots\" content=\"index, follow, max-snippet:-1, max-image-preview:large, max-video-preview:-1\" \/>\n<link rel=\"canonical\" href=\"https:\/\/quehacerpolitico.mx\/?p=113228\" \/>\n<meta property=\"og:locale\" content=\"es_MX\" \/>\n<meta property=\"og:type\" content=\"article\" \/>\n<meta property=\"og:title\" content=\"CDMX entre catrinas, calaveras y honra a los muertos -\" \/>\n<meta property=\"og:description\" content=\"Por Redacci\u00f3n QP La procesi\u00f3n se convirti\u00f3 en un espacio para honrar a los muertos...\" \/>\n<meta property=\"og:url\" content=\"https:\/\/quehacerpolitico.mx\/?p=113228\" \/>\n<meta property=\"article:published_time\" content=\"2024-10-28T18:26:32+00:00\" \/>\n<meta property=\"article:modified_time\" content=\"2024-10-28T18:26:34+00:00\" \/>\n<meta property=\"og:image\" content=\"https:\/\/quehacerpolitico.mx\/wp-content\/uploads\/2024\/10\/IMG_8880.jpeg\" \/>\n\t<meta property=\"og:image:width\" content=\"677\" \/>\n\t<meta property=\"og:image:height\" content=\"453\" \/>\n\t<meta property=\"og:image:type\" content=\"image\/jpeg\" \/>\n<meta name=\"author\" content=\"Redacci\u00f3n QP\" \/>\n<meta name=\"twitter:card\" content=\"summary_large_image\" \/>\n<meta name=\"twitter:label1\" content=\"Escrito por\" \/>\n\t<meta name=\"twitter:data1\" content=\"Redacci\u00f3n QP\" \/>\n\t<meta name=\"twitter:label2\" content=\"Tiempo de lectura\" \/>\n\t<meta name=\"twitter:data2\" content=\"3 minutos\" \/>\n<script type=\"application\/ld+json\" class=\"yoast-schema-graph\">{\"@context\":\"https:\\\/\\\/schema.org\",\"@graph\":[{\"@type\":\"Article\",\"@id\":\"https:\\\/\\\/quehacerpolitico.mx\\\/?p=113228#article\",\"isPartOf\":{\"@id\":\"https:\\\/\\\/quehacerpolitico.mx\\\/?p=113228\"},\"author\":{\"name\":\"Redacci\u00f3n QP\",\"@id\":\"https:\\\/\\\/quehacerpolitico.mx\\\/#\\\/schema\\\/person\\\/496d8ad2d1d3f8036101dca7ee39e585\"},\"headline\":\"CDMX entre catrinas, calaveras y honra a los muertos\",\"datePublished\":\"2024-10-28T18:26:32+00:00\",\"dateModified\":\"2024-10-28T18:26:34+00:00\",\"mainEntityOfPage\":{\"@id\":\"https:\\\/\\\/quehacerpolitico.mx\\\/?p=113228\"},\"wordCount\":692,\"commentCount\":0,\"image\":{\"@id\":\"https:\\\/\\\/quehacerpolitico.mx\\\/?p=113228#primaryimage\"},\"thumbnailUrl\":\"https:\\\/\\\/quehacerpolitico.mx\\\/wp-content\\\/uploads\\\/2024\\\/10\\\/IMG_8880.jpeg\",\"articleSection\":[\"CDMX\"],\"inLanguage\":\"es\",\"potentialAction\":[{\"@type\":\"CommentAction\",\"name\":\"Comment\",\"target\":[\"https:\\\/\\\/quehacerpolitico.mx\\\/?p=113228#respond\"]}]},{\"@type\":\"WebPage\",\"@id\":\"https:\\\/\\\/quehacerpolitico.mx\\\/?p=113228\",\"url\":\"https:\\\/\\\/quehacerpolitico.mx\\\/?p=113228\",\"name\":\"CDMX entre catrinas, calaveras y honra a los muertos -\",\"isPartOf\":{\"@id\":\"https:\\\/\\\/quehacerpolitico.mx\\\/#website\"},\"primaryImageOfPage\":{\"@id\":\"https:\\\/\\\/quehacerpolitico.mx\\\/?p=113228#primaryimage\"},\"image\":{\"@id\":\"https:\\\/\\\/quehacerpolitico.mx\\\/?p=113228#primaryimage\"},\"thumbnailUrl\":\"https:\\\/\\\/quehacerpolitico.mx\\\/wp-content\\\/uploads\\\/2024\\\/10\\\/IMG_8880.jpeg\",\"datePublished\":\"2024-10-28T18:26:32+00:00\",\"dateModified\":\"2024-10-28T18:26:34+00:00\",\"author\":{\"@id\":\"https:\\\/\\\/quehacerpolitico.mx\\\/#\\\/schema\\\/person\\\/496d8ad2d1d3f8036101dca7ee39e585\"},\"breadcrumb\":{\"@id\":\"https:\\\/\\\/quehacerpolitico.mx\\\/?p=113228#breadcrumb\"},\"inLanguage\":\"es\",\"potentialAction\":[{\"@type\":\"ReadAction\",\"target\":[\"https:\\\/\\\/quehacerpolitico.mx\\\/?p=113228\"]}]},{\"@type\":\"ImageObject\",\"inLanguage\":\"es\",\"@id\":\"https:\\\/\\\/quehacerpolitico.mx\\\/?p=113228#primaryimage\",\"url\":\"https:\\\/\\\/quehacerpolitico.mx\\\/wp-content\\\/uploads\\\/2024\\\/10\\\/IMG_8880.jpeg\",\"contentUrl\":\"https:\\\/\\\/quehacerpolitico.mx\\\/wp-content\\\/uploads\\\/2024\\\/10\\\/IMG_8880.jpeg\",\"width\":677,\"height\":453},{\"@type\":\"BreadcrumbList\",\"@id\":\"https:\\\/\\\/quehacerpolitico.mx\\\/?p=113228#breadcrumb\",\"itemListElement\":[{\"@type\":\"ListItem\",\"position\":1,\"name\":\"Inicio\",\"item\":\"https:\\\/\\\/quehacerpolitico.mx\\\/\"},{\"@type\":\"ListItem\",\"position\":2,\"name\":\"CDMX entre catrinas, calaveras y honra a los muertos\"}]},{\"@type\":\"WebSite\",\"@id\":\"https:\\\/\\\/quehacerpolitico.mx\\\/#website\",\"url\":\"https:\\\/\\\/quehacerpolitico.mx\\\/\",\"name\":\"\",\"description\":\"\",\"potentialAction\":[{\"@type\":\"SearchAction\",\"target\":{\"@type\":\"EntryPoint\",\"urlTemplate\":\"https:\\\/\\\/quehacerpolitico.mx\\\/?s={search_term_string}\"},\"query-input\":{\"@type\":\"PropertyValueSpecification\",\"valueRequired\":true,\"valueName\":\"search_term_string\"}}],\"inLanguage\":\"es\"},{\"@type\":\"Person\",\"@id\":\"https:\\\/\\\/quehacerpolitico.mx\\\/#\\\/schema\\\/person\\\/496d8ad2d1d3f8036101dca7ee39e585\",\"name\":\"Redacci\u00f3n QP\",\"image\":{\"@type\":\"ImageObject\",\"inLanguage\":\"es\",\"@id\":\"https:\\\/\\\/secure.gravatar.com\\\/avatar\\\/c7164ed6fdec453195284ad24a5ae5b6e1eed2b848477fa2a4787ba9adf39a41?s=96&d=mm&r=g\",\"url\":\"https:\\\/\\\/secure.gravatar.com\\\/avatar\\\/c7164ed6fdec453195284ad24a5ae5b6e1eed2b848477fa2a4787ba9adf39a41?s=96&d=mm&r=g\",\"contentUrl\":\"https:\\\/\\\/secure.gravatar.com\\\/avatar\\\/c7164ed6fdec453195284ad24a5ae5b6e1eed2b848477fa2a4787ba9adf39a41?s=96&d=mm&r=g\",\"caption\":\"Redacci\u00f3n QP\"},\"url\":\"https:\\\/\\\/quehacerpolitico.mx\\\/?author=2\"}]}<\/script>\n<!-- \/ Yoast SEO plugin. -->","yoast_head_json":{"title":"CDMX entre catrinas, calaveras y honra a los muertos -","robots":{"index":"index","follow":"follow","max-snippet":"max-snippet:-1","max-image-preview":"max-image-preview:large","max-video-preview":"max-video-preview:-1"},"canonical":"https:\/\/quehacerpolitico.mx\/?p=113228","og_locale":"es_MX","og_type":"article","og_title":"CDMX entre catrinas, calaveras y honra a los muertos -","og_description":"Por Redacci\u00f3n QP La procesi\u00f3n se convirti\u00f3 en un espacio para honrar a los muertos...","og_url":"https:\/\/quehacerpolitico.mx\/?p=113228","article_published_time":"2024-10-28T18:26:32+00:00","article_modified_time":"2024-10-28T18:26:34+00:00","og_image":[{"width":677,"height":453,"url":"https:\/\/quehacerpolitico.mx\/wp-content\/uploads\/2024\/10\/IMG_8880.jpeg","type":"image\/jpeg"}],"author":"Redacci\u00f3n QP","twitter_card":"summary_large_image","twitter_misc":{"Escrito por":"Redacci\u00f3n QP","Tiempo de lectura":"3 minutos"},"schema":{"@context":"https:\/\/schema.org","@graph":[{"@type":"Article","@id":"https:\/\/quehacerpolitico.mx\/?p=113228#article","isPartOf":{"@id":"https:\/\/quehacerpolitico.mx\/?p=113228"},"author":{"name":"Redacci\u00f3n QP","@id":"https:\/\/quehacerpolitico.mx\/#\/schema\/person\/496d8ad2d1d3f8036101dca7ee39e585"},"headline":"CDMX entre catrinas, calaveras y honra a los muertos","datePublished":"2024-10-28T18:26:32+00:00","dateModified":"2024-10-28T18:26:34+00:00","mainEntityOfPage":{"@id":"https:\/\/quehacerpolitico.mx\/?p=113228"},"wordCount":692,"commentCount":0,"image":{"@id":"https:\/\/quehacerpolitico.mx\/?p=113228#primaryimage"},"thumbnailUrl":"https:\/\/quehacerpolitico.mx\/wp-content\/uploads\/2024\/10\/IMG_8880.jpeg","articleSection":["CDMX"],"inLanguage":"es","potentialAction":[{"@type":"CommentAction","name":"Comment","target":["https:\/\/quehacerpolitico.mx\/?p=113228#respond"]}]},{"@type":"WebPage","@id":"https:\/\/quehacerpolitico.mx\/?p=113228","url":"https:\/\/quehacerpolitico.mx\/?p=113228","name":"CDMX entre catrinas, calaveras y honra a los muertos -","isPartOf":{"@id":"https:\/\/quehacerpolitico.mx\/#website"},"primaryImageOfPage":{"@id":"https:\/\/quehacerpolitico.mx\/?p=113228#primaryimage"},"image":{"@id":"https:\/\/quehacerpolitico.mx\/?p=113228#primaryimage"},"thumbnailUrl":"https:\/\/quehacerpolitico.mx\/wp-content\/uploads\/2024\/10\/IMG_8880.jpeg","datePublished":"2024-10-28T18:26:32+00:00","dateModified":"2024-10-28T18:26:34+00:00","author":{"@id":"https:\/\/quehacerpolitico.mx\/#\/schema\/person\/496d8ad2d1d3f8036101dca7ee39e585"},"breadcrumb":{"@id":"https:\/\/quehacerpolitico.mx\/?p=113228#breadcrumb"},"inLanguage":"es","potentialAction":[{"@type":"ReadAction","target":["https:\/\/quehacerpolitico.mx\/?p=113228"]}]},{"@type":"ImageObject","inLanguage":"es","@id":"https:\/\/quehacerpolitico.mx\/?p=113228#primaryimage","url":"https:\/\/quehacerpolitico.mx\/wp-content\/uploads\/2024\/10\/IMG_8880.jpeg","contentUrl":"https:\/\/quehacerpolitico.mx\/wp-content\/uploads\/2024\/10\/IMG_8880.jpeg","width":677,"height":453},{"@type":"BreadcrumbList","@id":"https:\/\/quehacerpolitico.mx\/?p=113228#breadcrumb","itemListElement":[{"@type":"ListItem","position":1,"name":"Inicio","item":"https:\/\/quehacerpolitico.mx\/"},{"@type":"ListItem","position":2,"name":"CDMX entre catrinas, calaveras y honra a los muertos"}]},{"@type":"WebSite","@id":"https:\/\/quehacerpolitico.mx\/#website","url":"https:\/\/quehacerpolitico.mx\/","name":"","description":"","potentialAction":[{"@type":"SearchAction","target":{"@type":"EntryPoint","urlTemplate":"https:\/\/quehacerpolitico.mx\/?s={search_term_string}"},"query-input":{"@type":"PropertyValueSpecification","valueRequired":true,"valueName":"search_term_string"}}],"inLanguage":"es"},{"@type":"Person","@id":"https:\/\/quehacerpolitico.mx\/#\/schema\/person\/496d8ad2d1d3f8036101dca7ee39e585","name":"Redacci\u00f3n QP","image":{"@type":"ImageObject","inLanguage":"es","@id":"https:\/\/secure.gravatar.com\/avatar\/c7164ed6fdec453195284ad24a5ae5b6e1eed2b848477fa2a4787ba9adf39a41?s=96&d=mm&r=g","url":"https:\/\/secure.gravatar.com\/avatar\/c7164ed6fdec453195284ad24a5ae5b6e1eed2b848477fa2a4787ba9adf39a41?s=96&d=mm&r=g","contentUrl":"https:\/\/secure.gravatar.com\/avatar\/c7164ed6fdec453195284ad24a5ae5b6e1eed2b848477fa2a4787ba9adf39a41?s=96&d=mm&r=g","caption":"Redacci\u00f3n QP"},"url":"https:\/\/quehacerpolitico.mx\/?author=2"}]}},"featured_image_urls":{"full":["https:\/\/quehacerpolitico.mx\/wp-content\/uploads\/2024\/10\/IMG_8880.jpeg",677,453,false],"thumbnail":["https:\/\/quehacerpolitico.mx\/wp-content\/uploads\/2024\/10\/IMG_8880-150x150.jpeg",150,150,true],"medium":["https:\/\/quehacerpolitico.mx\/wp-content\/uploads\/2024\/10\/IMG_8880-300x201.jpeg",300,201,true],"medium_large":["https:\/\/quehacerpolitico.mx\/wp-content\/uploads\/2024\/10\/IMG_8880.jpeg",640,428,false],"large":["https:\/\/quehacerpolitico.mx\/wp-content\/uploads\/2024\/10\/IMG_8880.jpeg",640,428,false],"1536x1536":["https:\/\/quehacerpolitico.mx\/wp-content\/uploads\/2024\/10\/IMG_8880.jpeg",677,453,false],"2048x2048":["https:\/\/quehacerpolitico.mx\/wp-content\/uploads\/2024\/10\/IMG_8880.jpeg",677,453,false],"covernews-featured":["https:\/\/quehacerpolitico.mx\/wp-content\/uploads\/2024\/10\/IMG_8880.jpeg",677,453,false],"covernews-medium":["https:\/\/quehacerpolitico.mx\/wp-content\/uploads\/2024\/10\/IMG_8880-540x340.jpeg",540,340,true]},"author_info":{"display_name":"Redacci\u00f3n QP","author_link":"https:\/\/quehacerpolitico.mx\/?author=2"},"category_info":"<a href=\"https:\/\/quehacerpolitico.mx\/?cat=55\" rel=\"category\">CDMX<\/a>","tag_info":"CDMX","comment_count":"0","_links":{"self":[{"href":"https:\/\/quehacerpolitico.mx\/index.php?rest_route=\/wp\/v2\/posts\/113228","targetHints":{"allow":["GET"]}}],"collection":[{"href":"https:\/\/quehacerpolitico.mx\/index.php?rest_route=\/wp\/v2\/posts"}],"about":[{"href":"https:\/\/quehacerpolitico.mx\/index.php?rest_route=\/wp\/v2\/types\/post"}],"author":[{"embeddable":true,"href":"https:\/\/quehacerpolitico.mx\/index.php?rest_route=\/wp\/v2\/users\/2"}],"replies":[{"embeddable":true,"href":"https:\/\/quehacerpolitico.mx\/index.php?rest_route=%2Fwp%2Fv2%2Fcomments&post=113228"}],"version-history":[{"count":1,"href":"https:\/\/quehacerpolitico.mx\/index.php?rest_route=\/wp\/v2\/posts\/113228\/revisions"}],"predecessor-version":[{"id":113230,"href":"https:\/\/quehacerpolitico.mx\/index.php?rest_route=\/wp\/v2\/posts\/113228\/revisions\/113230"}],"wp:featuredmedia":[{"embeddable":true,"href":"https:\/\/quehacerpolitico.mx\/index.php?rest_route=\/wp\/v2\/media\/113229"}],"wp:attachment":[{"href":"https:\/\/quehacerpolitico.mx\/index.php?rest_route=%2Fwp%2Fv2%2Fmedia&parent=113228"}],"wp:term":[{"taxonomy":"category","embeddable":true,"href":"https:\/\/quehacerpolitico.mx\/index.php?rest_route=%2Fwp%2Fv2%2Fcategories&post=113228"},{"taxonomy":"post_tag","embeddable":true,"href":"https:\/\/quehacerpolitico.mx\/index.php?rest_route=%2Fwp%2Fv2%2Ftags&post=113228"}],"curies":[{"name":"wp","href":"https:\/\/api.w.org\/{rel}","templated":true}]}}