{"id":113213,"date":"2024-10-28T09:53:25","date_gmt":"2024-10-28T15:53:25","guid":{"rendered":"https:\/\/quehacerpolitico.mx\/?p=113213"},"modified":"2024-10-28T09:53:29","modified_gmt":"2024-10-28T15:53:29","slug":"el-quehacer-politico-a-traves-jose-alberto-prado-angeles-marcelo-el-padre-que-siempre-se-entrego-a-la-paz","status":"publish","type":"post","link":"https:\/\/quehacerpolitico.mx\/?p=113213","title":{"rendered":"El Quehacer Pol\u00edtico a trav\u00e9s\/\/\/Jose Alberto Prado \u00c1ngeles\/\/\/Marcelo el Padre que siempre se entreg\u00f3 a La Paz"},"content":{"rendered":"\n<p>Por Jos\u00e9 Alberto Prado \u00c1ngeles <\/p>\n\n\n\n<p>Director General y Editor<\/p>\n\n\n\n<p>Durante m\u00e1s de dos d\u00e9cadas Marcelo P\u00e9rez P\u00e9rez dedic\u00f3 su vida sacerdotal a enarbolar la bandera a favor de los derechos de los pueblos ind\u00edgenas, en su lucha en contra del crimen organizado y en el activismo por la paz en uno de los estados m\u00e1s violentos de M\u00e9xico, como lo es Chiapas. Propios y extra\u00f1os, estando o no de acuerdo con \u00e9l, le daban el reconocimiento a su labor a favor de la pacificaci\u00f3n y de las causas justas. Su labor terrenal termin\u00f3 cuando un gatillero descarg\u00f3 su arma, solamente minutos despu\u00e9s de oficiar misa.<\/p>\n\n\n\n<p>La consternaci\u00f3n y desaprobaci\u00f3n por la salvaje agresi\u00f3n salieron de todos los sectores de la poblaci\u00f3n, de la c\u00fapula eclesi\u00e1stica y de organizaciones a nivel internacional. Ante una labor tan noble, digna, justa y ejemplar, le valieron el reconocimiento. Nadie pon\u00eda en duda la leg\u00edtima lucha y actividad del padre Marcelo. Todo era un permanente reconocimiento a su lucha cuando dejaba la sotana y bajaba del altar, para recorrer calles, organizar m\u00edtines y pregonar su mensaje de alto a la violencia, donde hubiera paz y respeto.<\/p>\n\n\n\n<p>Pero no pod\u00eda faltar \u201cel prietito en el arroz\u201d para intentar manchar la imagen del sacerdote victimado y \u00bfde donde creen? De las mismas entra\u00f1as del movimiento oficialista, del partido en el poder, de Morena, para acusarlo de estar involucrado o en contubernio con alg\u00fan grupo delincuencial. Fue la diputada federal plurinominal de Morena, Carmen Patricia Armendariz Guerra -originaria de Comit\u00e1n de Dom\u00ednguez, Chiapas-, quien con mucha ligereza, sin pruebas para justificarlo, escribi\u00f3 un mensaje en la red social X, donde acusa: \u201cMe atrevo a sospechar que el crimen organizado ha rozado a la Iglesia. El sacerdote asesinado en San Crist\u00f3bal a decir de muchos ten\u00eda bienes que no ven\u00edan de la limosna. Menos de una comunidad tan pobre\u201d.<\/p>\n\n\n\n<p>El infundado e irresponsable comentario fue escrito por una funcionaria federal, quien no es ninguna improvisada, ya que es su historia de vida se acredita que es licenciada en Actuar\u00eda de la UNAM, que realiz\u00f3 una maestr\u00eda en Desarrollo Econ\u00f3mico en la prestigiosa Universidad de Cambridge y un doctorado en Econom\u00eda en la Universidad de Columbia, adem\u00e1s de haber sido consejera del Grupo Financiero Banorte.<\/p>\n\n\n\n<p>Ante la reacci\u00f3n social ante la bajeza difundida, la legisladora borr\u00f3 el mensaje y trat\u00f3 de disculparse: \u201cLamento much\u00edsimo que un tuit que pretend\u00eda arrojar informaci\u00f3n a los hechos ocurridos en Chiapas haya generado la opini\u00f3n de que est\u00e1n acusando a una v\u00edctima. Pido una disculpa a la iglesia y a sus familiares porque no fue mi intenci\u00f3n&#8230; \u201d.<\/p>\n\n\n\n<p>El mensaje original \u201cno pretend\u00eda arrojar informaci\u00f3n\u201d, \u201csospechaba\u201d -dijo claramente- \u201cque el crimen organizado ha rozado a la Iglesia\u201d y acusaba que los \u201cbienes -del padre Marcelo- no ven\u00edan de la limosna\u201d. Entonces, \u00bfqu\u00e9 quer\u00eda decir o c\u00f3mo podemos interpretarlo? Es la clase pol\u00edtica envuelta en un movimiento donde el poder que se han creado piensan que les da atribuciones para fomentar el arte de mentir, calumniar y difamar, y m\u00e1s utilizando, involucrando y manipulando a \u201cuna comunidad pobre\u201d, que es la que los catapult\u00f3 a la c\u00faspide donde se encuentran.<\/p>\n\n\n\n<p>As\u00ed el Quehacer Pol\u00edtico Desde 1980, 44 a\u00f1os inquiriendo en la pol\u00edtica de M\u00e9xico, cuestionando, exponiendo, revelando y razonando.Es cuanto.<\/p>\n","protected":false},"excerpt":{"rendered":"<p>Por Jos\u00e9 Alberto Prado \u00c1ngeles Director General y Editor Durante m\u00e1s de dos d\u00e9cadas Marcelo&#8230;<\/p>\n","protected":false},"author":2,"featured_media":113214,"comment_status":"open","ping_status":"open","sticky":false,"template":"","format":"standard","meta":{"_monsterinsights_skip_tracking":false,"_monsterinsights_sitenote_active":false,"_monsterinsights_sitenote_note":"","_monsterinsights_sitenote_category":0,"footnotes":""},"categories":[280],"tags":[],"class_list":["post-113213","post","type-post","status-publish","format-standard","has-post-thumbnail","hentry","category-nacionales"],"yoast_head":"<!-- This site is optimized with the Yoast SEO plugin v27.3 - https:\/\/yoast.com\/product\/yoast-seo-wordpress\/ -->\n<title>El Quehacer Pol\u00edtico a trav\u00e9s\/\/\/Jose Alberto Prado \u00c1ngeles\/\/\/Marcelo el Padre que siempre se entreg\u00f3 a La Paz -<\/title>\n<meta name=\"robots\" content=\"index, follow, max-snippet:-1, max-image-preview:large, max-video-preview:-1\" \/>\n<link rel=\"canonical\" href=\"https:\/\/quehacerpolitico.mx\/?p=113213\" \/>\n<meta property=\"og:locale\" content=\"es_MX\" \/>\n<meta property=\"og:type\" content=\"article\" \/>\n<meta property=\"og:title\" content=\"El Quehacer Pol\u00edtico a trav\u00e9s\/\/\/Jose Alberto Prado \u00c1ngeles\/\/\/Marcelo el Padre que siempre se entreg\u00f3 a La Paz -\" \/>\n<meta property=\"og:description\" content=\"Por Jos\u00e9 Alberto Prado \u00c1ngeles Director General y Editor Durante m\u00e1s de dos d\u00e9cadas Marcelo...\" \/>\n<meta property=\"og:url\" content=\"https:\/\/quehacerpolitico.mx\/?p=113213\" \/>\n<meta property=\"article:published_time\" content=\"2024-10-28T15:53:25+00:00\" \/>\n<meta property=\"article:modified_time\" content=\"2024-10-28T15:53:29+00:00\" \/>\n<meta property=\"og:image\" content=\"https:\/\/quehacerpolitico.mx\/wp-content\/uploads\/2024\/10\/fb07bd44-0f95-41a8-8353-f61c55b6d960-3.jpeg\" \/>\n\t<meta property=\"og:image:width\" content=\"963\" \/>\n\t<meta property=\"og:image:height\" content=\"493\" \/>\n\t<meta property=\"og:image:type\" content=\"image\/jpeg\" \/>\n<meta name=\"author\" content=\"Redacci\u00f3n QP\" \/>\n<meta name=\"twitter:card\" content=\"summary_large_image\" \/>\n<meta name=\"twitter:label1\" content=\"Escrito por\" \/>\n\t<meta name=\"twitter:data1\" content=\"Redacci\u00f3n QP\" \/>\n\t<meta name=\"twitter:label2\" content=\"Tiempo de lectura\" \/>\n\t<meta name=\"twitter:data2\" content=\"3 minutos\" \/>\n<script type=\"application\/ld+json\" class=\"yoast-schema-graph\">{\"@context\":\"https:\\\/\\\/schema.org\",\"@graph\":[{\"@type\":\"Article\",\"@id\":\"https:\\\/\\\/quehacerpolitico.mx\\\/?p=113213#article\",\"isPartOf\":{\"@id\":\"https:\\\/\\\/quehacerpolitico.mx\\\/?p=113213\"},\"author\":{\"name\":\"Redacci\u00f3n QP\",\"@id\":\"https:\\\/\\\/quehacerpolitico.mx\\\/#\\\/schema\\\/person\\\/496d8ad2d1d3f8036101dca7ee39e585\"},\"headline\":\"El Quehacer Pol\u00edtico a trav\u00e9s\\\/\\\/\\\/Jose Alberto Prado \u00c1ngeles\\\/\\\/\\\/Marcelo el Padre que siempre se entreg\u00f3 a La Paz\",\"datePublished\":\"2024-10-28T15:53:25+00:00\",\"dateModified\":\"2024-10-28T15:53:29+00:00\",\"mainEntityOfPage\":{\"@id\":\"https:\\\/\\\/quehacerpolitico.mx\\\/?p=113213\"},\"wordCount\":616,\"commentCount\":0,\"image\":{\"@id\":\"https:\\\/\\\/quehacerpolitico.mx\\\/?p=113213#primaryimage\"},\"thumbnailUrl\":\"https:\\\/\\\/quehacerpolitico.mx\\\/wp-content\\\/uploads\\\/2024\\\/10\\\/fb07bd44-0f95-41a8-8353-f61c55b6d960-3.jpeg\",\"articleSection\":[\"Nacionales\"],\"inLanguage\":\"es\",\"potentialAction\":[{\"@type\":\"CommentAction\",\"name\":\"Comment\",\"target\":[\"https:\\\/\\\/quehacerpolitico.mx\\\/?p=113213#respond\"]}]},{\"@type\":\"WebPage\",\"@id\":\"https:\\\/\\\/quehacerpolitico.mx\\\/?p=113213\",\"url\":\"https:\\\/\\\/quehacerpolitico.mx\\\/?p=113213\",\"name\":\"El Quehacer Pol\u00edtico a trav\u00e9s\\\/\\\/\\\/Jose Alberto Prado \u00c1ngeles\\\/\\\/\\\/Marcelo el Padre que siempre se entreg\u00f3 a La Paz -\",\"isPartOf\":{\"@id\":\"https:\\\/\\\/quehacerpolitico.mx\\\/#website\"},\"primaryImageOfPage\":{\"@id\":\"https:\\\/\\\/quehacerpolitico.mx\\\/?p=113213#primaryimage\"},\"image\":{\"@id\":\"https:\\\/\\\/quehacerpolitico.mx\\\/?p=113213#primaryimage\"},\"thumbnailUrl\":\"https:\\\/\\\/quehacerpolitico.mx\\\/wp-content\\\/uploads\\\/2024\\\/10\\\/fb07bd44-0f95-41a8-8353-f61c55b6d960-3.jpeg\",\"datePublished\":\"2024-10-28T15:53:25+00:00\",\"dateModified\":\"2024-10-28T15:53:29+00:00\",\"author\":{\"@id\":\"https:\\\/\\\/quehacerpolitico.mx\\\/#\\\/schema\\\/person\\\/496d8ad2d1d3f8036101dca7ee39e585\"},\"breadcrumb\":{\"@id\":\"https:\\\/\\\/quehacerpolitico.mx\\\/?p=113213#breadcrumb\"},\"inLanguage\":\"es\",\"potentialAction\":[{\"@type\":\"ReadAction\",\"target\":[\"https:\\\/\\\/quehacerpolitico.mx\\\/?p=113213\"]}]},{\"@type\":\"ImageObject\",\"inLanguage\":\"es\",\"@id\":\"https:\\\/\\\/quehacerpolitico.mx\\\/?p=113213#primaryimage\",\"url\":\"https:\\\/\\\/quehacerpolitico.mx\\\/wp-content\\\/uploads\\\/2024\\\/10\\\/fb07bd44-0f95-41a8-8353-f61c55b6d960-3.jpeg\",\"contentUrl\":\"https:\\\/\\\/quehacerpolitico.mx\\\/wp-content\\\/uploads\\\/2024\\\/10\\\/fb07bd44-0f95-41a8-8353-f61c55b6d960-3.jpeg\",\"width\":963,\"height\":493},{\"@type\":\"BreadcrumbList\",\"@id\":\"https:\\\/\\\/quehacerpolitico.mx\\\/?p=113213#breadcrumb\",\"itemListElement\":[{\"@type\":\"ListItem\",\"position\":1,\"name\":\"Inicio\",\"item\":\"https:\\\/\\\/quehacerpolitico.mx\\\/\"},{\"@type\":\"ListItem\",\"position\":2,\"name\":\"El Quehacer Pol\u00edtico a trav\u00e9s\\\/\\\/\\\/Jose Alberto Prado \u00c1ngeles\\\/\\\/\\\/Marcelo el Padre que siempre se entreg\u00f3 a La Paz\"}]},{\"@type\":\"WebSite\",\"@id\":\"https:\\\/\\\/quehacerpolitico.mx\\\/#website\",\"url\":\"https:\\\/\\\/quehacerpolitico.mx\\\/\",\"name\":\"\",\"description\":\"\",\"potentialAction\":[{\"@type\":\"SearchAction\",\"target\":{\"@type\":\"EntryPoint\",\"urlTemplate\":\"https:\\\/\\\/quehacerpolitico.mx\\\/?s={search_term_string}\"},\"query-input\":{\"@type\":\"PropertyValueSpecification\",\"valueRequired\":true,\"valueName\":\"search_term_string\"}}],\"inLanguage\":\"es\"},{\"@type\":\"Person\",\"@id\":\"https:\\\/\\\/quehacerpolitico.mx\\\/#\\\/schema\\\/person\\\/496d8ad2d1d3f8036101dca7ee39e585\",\"name\":\"Redacci\u00f3n QP\",\"image\":{\"@type\":\"ImageObject\",\"inLanguage\":\"es\",\"@id\":\"https:\\\/\\\/secure.gravatar.com\\\/avatar\\\/c7164ed6fdec453195284ad24a5ae5b6e1eed2b848477fa2a4787ba9adf39a41?s=96&d=mm&r=g\",\"url\":\"https:\\\/\\\/secure.gravatar.com\\\/avatar\\\/c7164ed6fdec453195284ad24a5ae5b6e1eed2b848477fa2a4787ba9adf39a41?s=96&d=mm&r=g\",\"contentUrl\":\"https:\\\/\\\/secure.gravatar.com\\\/avatar\\\/c7164ed6fdec453195284ad24a5ae5b6e1eed2b848477fa2a4787ba9adf39a41?s=96&d=mm&r=g\",\"caption\":\"Redacci\u00f3n QP\"},\"url\":\"https:\\\/\\\/quehacerpolitico.mx\\\/?author=2\"}]}<\/script>\n<!-- \/ Yoast SEO plugin. -->","yoast_head_json":{"title":"El Quehacer Pol\u00edtico a trav\u00e9s\/\/\/Jose Alberto Prado \u00c1ngeles\/\/\/Marcelo el Padre que siempre se entreg\u00f3 a La Paz -","robots":{"index":"index","follow":"follow","max-snippet":"max-snippet:-1","max-image-preview":"max-image-preview:large","max-video-preview":"max-video-preview:-1"},"canonical":"https:\/\/quehacerpolitico.mx\/?p=113213","og_locale":"es_MX","og_type":"article","og_title":"El Quehacer Pol\u00edtico a trav\u00e9s\/\/\/Jose Alberto Prado \u00c1ngeles\/\/\/Marcelo el Padre que siempre se entreg\u00f3 a La Paz -","og_description":"Por Jos\u00e9 Alberto Prado \u00c1ngeles Director General y Editor Durante m\u00e1s de dos d\u00e9cadas Marcelo...","og_url":"https:\/\/quehacerpolitico.mx\/?p=113213","article_published_time":"2024-10-28T15:53:25+00:00","article_modified_time":"2024-10-28T15:53:29+00:00","og_image":[{"width":963,"height":493,"url":"https:\/\/quehacerpolitico.mx\/wp-content\/uploads\/2024\/10\/fb07bd44-0f95-41a8-8353-f61c55b6d960-3.jpeg","type":"image\/jpeg"}],"author":"Redacci\u00f3n QP","twitter_card":"summary_large_image","twitter_misc":{"Escrito por":"Redacci\u00f3n QP","Tiempo de lectura":"3 minutos"},"schema":{"@context":"https:\/\/schema.org","@graph":[{"@type":"Article","@id":"https:\/\/quehacerpolitico.mx\/?p=113213#article","isPartOf":{"@id":"https:\/\/quehacerpolitico.mx\/?p=113213"},"author":{"name":"Redacci\u00f3n QP","@id":"https:\/\/quehacerpolitico.mx\/#\/schema\/person\/496d8ad2d1d3f8036101dca7ee39e585"},"headline":"El Quehacer Pol\u00edtico a trav\u00e9s\/\/\/Jose Alberto Prado \u00c1ngeles\/\/\/Marcelo el Padre que siempre se entreg\u00f3 a La Paz","datePublished":"2024-10-28T15:53:25+00:00","dateModified":"2024-10-28T15:53:29+00:00","mainEntityOfPage":{"@id":"https:\/\/quehacerpolitico.mx\/?p=113213"},"wordCount":616,"commentCount":0,"image":{"@id":"https:\/\/quehacerpolitico.mx\/?p=113213#primaryimage"},"thumbnailUrl":"https:\/\/quehacerpolitico.mx\/wp-content\/uploads\/2024\/10\/fb07bd44-0f95-41a8-8353-f61c55b6d960-3.jpeg","articleSection":["Nacionales"],"inLanguage":"es","potentialAction":[{"@type":"CommentAction","name":"Comment","target":["https:\/\/quehacerpolitico.mx\/?p=113213#respond"]}]},{"@type":"WebPage","@id":"https:\/\/quehacerpolitico.mx\/?p=113213","url":"https:\/\/quehacerpolitico.mx\/?p=113213","name":"El Quehacer Pol\u00edtico a trav\u00e9s\/\/\/Jose Alberto Prado \u00c1ngeles\/\/\/Marcelo el Padre que siempre se entreg\u00f3 a La Paz -","isPartOf":{"@id":"https:\/\/quehacerpolitico.mx\/#website"},"primaryImageOfPage":{"@id":"https:\/\/quehacerpolitico.mx\/?p=113213#primaryimage"},"image":{"@id":"https:\/\/quehacerpolitico.mx\/?p=113213#primaryimage"},"thumbnailUrl":"https:\/\/quehacerpolitico.mx\/wp-content\/uploads\/2024\/10\/fb07bd44-0f95-41a8-8353-f61c55b6d960-3.jpeg","datePublished":"2024-10-28T15:53:25+00:00","dateModified":"2024-10-28T15:53:29+00:00","author":{"@id":"https:\/\/quehacerpolitico.mx\/#\/schema\/person\/496d8ad2d1d3f8036101dca7ee39e585"},"breadcrumb":{"@id":"https:\/\/quehacerpolitico.mx\/?p=113213#breadcrumb"},"inLanguage":"es","potentialAction":[{"@type":"ReadAction","target":["https:\/\/quehacerpolitico.mx\/?p=113213"]}]},{"@type":"ImageObject","inLanguage":"es","@id":"https:\/\/quehacerpolitico.mx\/?p=113213#primaryimage","url":"https:\/\/quehacerpolitico.mx\/wp-content\/uploads\/2024\/10\/fb07bd44-0f95-41a8-8353-f61c55b6d960-3.jpeg","contentUrl":"https:\/\/quehacerpolitico.mx\/wp-content\/uploads\/2024\/10\/fb07bd44-0f95-41a8-8353-f61c55b6d960-3.jpeg","width":963,"height":493},{"@type":"BreadcrumbList","@id":"https:\/\/quehacerpolitico.mx\/?p=113213#breadcrumb","itemListElement":[{"@type":"ListItem","position":1,"name":"Inicio","item":"https:\/\/quehacerpolitico.mx\/"},{"@type":"ListItem","position":2,"name":"El Quehacer Pol\u00edtico a trav\u00e9s\/\/\/Jose Alberto Prado \u00c1ngeles\/\/\/Marcelo el Padre que siempre se entreg\u00f3 a La Paz"}]},{"@type":"WebSite","@id":"https:\/\/quehacerpolitico.mx\/#website","url":"https:\/\/quehacerpolitico.mx\/","name":"","description":"","potentialAction":[{"@type":"SearchAction","target":{"@type":"EntryPoint","urlTemplate":"https:\/\/quehacerpolitico.mx\/?s={search_term_string}"},"query-input":{"@type":"PropertyValueSpecification","valueRequired":true,"valueName":"search_term_string"}}],"inLanguage":"es"},{"@type":"Person","@id":"https:\/\/quehacerpolitico.mx\/#\/schema\/person\/496d8ad2d1d3f8036101dca7ee39e585","name":"Redacci\u00f3n QP","image":{"@type":"ImageObject","inLanguage":"es","@id":"https:\/\/secure.gravatar.com\/avatar\/c7164ed6fdec453195284ad24a5ae5b6e1eed2b848477fa2a4787ba9adf39a41?s=96&d=mm&r=g","url":"https:\/\/secure.gravatar.com\/avatar\/c7164ed6fdec453195284ad24a5ae5b6e1eed2b848477fa2a4787ba9adf39a41?s=96&d=mm&r=g","contentUrl":"https:\/\/secure.gravatar.com\/avatar\/c7164ed6fdec453195284ad24a5ae5b6e1eed2b848477fa2a4787ba9adf39a41?s=96&d=mm&r=g","caption":"Redacci\u00f3n QP"},"url":"https:\/\/quehacerpolitico.mx\/?author=2"}]}},"featured_image_urls":{"full":["https:\/\/quehacerpolitico.mx\/wp-content\/uploads\/2024\/10\/fb07bd44-0f95-41a8-8353-f61c55b6d960-3.jpeg",963,493,false],"thumbnail":["https:\/\/quehacerpolitico.mx\/wp-content\/uploads\/2024\/10\/fb07bd44-0f95-41a8-8353-f61c55b6d960-3-150x150.jpeg",150,150,true],"medium":["https:\/\/quehacerpolitico.mx\/wp-content\/uploads\/2024\/10\/fb07bd44-0f95-41a8-8353-f61c55b6d960-3-300x154.jpeg",300,154,true],"medium_large":["https:\/\/quehacerpolitico.mx\/wp-content\/uploads\/2024\/10\/fb07bd44-0f95-41a8-8353-f61c55b6d960-3-768x393.jpeg",640,328,true],"large":["https:\/\/quehacerpolitico.mx\/wp-content\/uploads\/2024\/10\/fb07bd44-0f95-41a8-8353-f61c55b6d960-3.jpeg",640,328,false],"1536x1536":["https:\/\/quehacerpolitico.mx\/wp-content\/uploads\/2024\/10\/fb07bd44-0f95-41a8-8353-f61c55b6d960-3.jpeg",963,493,false],"2048x2048":["https:\/\/quehacerpolitico.mx\/wp-content\/uploads\/2024\/10\/fb07bd44-0f95-41a8-8353-f61c55b6d960-3.jpeg",963,493,false],"covernews-featured":["https:\/\/quehacerpolitico.mx\/wp-content\/uploads\/2024\/10\/fb07bd44-0f95-41a8-8353-f61c55b6d960-3.jpeg",963,493,false],"covernews-medium":["https:\/\/quehacerpolitico.mx\/wp-content\/uploads\/2024\/10\/fb07bd44-0f95-41a8-8353-f61c55b6d960-3-540x340.jpeg",540,340,true]},"author_info":{"display_name":"Redacci\u00f3n QP","author_link":"https:\/\/quehacerpolitico.mx\/?author=2"},"category_info":"<a href=\"https:\/\/quehacerpolitico.mx\/?cat=280\" rel=\"category\">Nacionales<\/a>","tag_info":"Nacionales","comment_count":"0","_links":{"self":[{"href":"https:\/\/quehacerpolitico.mx\/index.php?rest_route=\/wp\/v2\/posts\/113213","targetHints":{"allow":["GET"]}}],"collection":[{"href":"https:\/\/quehacerpolitico.mx\/index.php?rest_route=\/wp\/v2\/posts"}],"about":[{"href":"https:\/\/quehacerpolitico.mx\/index.php?rest_route=\/wp\/v2\/types\/post"}],"author":[{"embeddable":true,"href":"https:\/\/quehacerpolitico.mx\/index.php?rest_route=\/wp\/v2\/users\/2"}],"replies":[{"embeddable":true,"href":"https:\/\/quehacerpolitico.mx\/index.php?rest_route=%2Fwp%2Fv2%2Fcomments&post=113213"}],"version-history":[{"count":1,"href":"https:\/\/quehacerpolitico.mx\/index.php?rest_route=\/wp\/v2\/posts\/113213\/revisions"}],"predecessor-version":[{"id":113215,"href":"https:\/\/quehacerpolitico.mx\/index.php?rest_route=\/wp\/v2\/posts\/113213\/revisions\/113215"}],"wp:featuredmedia":[{"embeddable":true,"href":"https:\/\/quehacerpolitico.mx\/index.php?rest_route=\/wp\/v2\/media\/113214"}],"wp:attachment":[{"href":"https:\/\/quehacerpolitico.mx\/index.php?rest_route=%2Fwp%2Fv2%2Fmedia&parent=113213"}],"wp:term":[{"taxonomy":"category","embeddable":true,"href":"https:\/\/quehacerpolitico.mx\/index.php?rest_route=%2Fwp%2Fv2%2Fcategories&post=113213"},{"taxonomy":"post_tag","embeddable":true,"href":"https:\/\/quehacerpolitico.mx\/index.php?rest_route=%2Fwp%2Fv2%2Ftags&post=113213"}],"curies":[{"name":"wp","href":"https:\/\/api.w.org\/{rel}","templated":true}]}}