{"id":113205,"date":"2024-10-22T12:23:20","date_gmt":"2024-10-22T18:23:20","guid":{"rendered":"https:\/\/quehacerpolitico.mx\/?p=113205"},"modified":"2024-10-22T12:23:23","modified_gmt":"2024-10-22T18:23:23","slug":"claudia-sheinbaum-buscara-garantizar-reducir-en-10-el-precio-de-la-tortilla-de-maiz-producto-basico-en-la-dieta-mexicana","status":"publish","type":"post","link":"https:\/\/quehacerpolitico.mx\/?p=113205","title":{"rendered":"Claudia Sheinbaum buscar\u00e1 garantizar reducir en 10% el precio de la\u00a0tortilla de ma\u00edz, producto b\u00e1sico en la dieta mexicana"},"content":{"rendered":"\n<p>Por Redacci\u00f3n QP<\/p>\n\n\n\n<p>Julio Berdegu\u00e9, secretario de Agricultura y Desarrollo Rural, coment\u00f3 que invitar\u00e1n a los productores a un acuerdo nacional por el ma\u00edz y la tortilla<\/p>\n\n\n\n<p>El nuevo gobierno de M\u00e9xico buscar\u00e1 reducir en 10% el precio de la<strong>&nbsp;tortilla de ma\u00edz<\/strong>, producto b\u00e1sico en la dieta mexicana, y conseguir la autosuficiencia de ma\u00edz blanco no transg\u00e9nico y frijol, prometi\u00f3 este martes el secretario de Agricultura y Desarrollo Rural, Julio Berdegu\u00e9.<\/p>\n\n\n\n<p>\u201cLos vamos a invitar (a los productores) a un acuerdo nacional por el&nbsp;<strong>ma\u00edz y la tortilla<\/strong>, con una meta muy ambiciosa de lograr bajar el precio de la tortilla durante el sexenio hasta un 10% en t\u00e9rminos reales&#8221;, declar\u00f3 el funcionario en la conferencia matutina de la presidenta,<strong>&nbsp;Claudia Sheinbaum<\/strong>.<\/p>\n\n\n\n<figure class=\"wp-block-embed is-type-rich is-provider-twitter wp-block-embed-twitter\"><div class=\"wp-block-embed__wrapper\">\n<blockquote class=\"twitter-tweet\" data-width=\"550\" data-dnt=\"true\"><p lang=\"es\" dir=\"ltr\">En <a href=\"https:\/\/twitter.com\/hashtag\/LaMa%C3%B1aneraDelPueblo?src=hash&amp;ref_src=twsrc%5Etfw\">#LaMa\u00f1aneraDelPueblo<\/a> | Julio Berdegu\u00e9, secretario de Agricultura y Desarrollo Rural, adelant\u00f3 que en el gobierno de Claudia Sheinbaum buscar\u00e1n garantizar los derechos constitucionales de los jornaleros, en cuanto a sus  derechos laborales, se\u00f1al\u00f3 que la iniciativa privada\u2026 <a href=\"https:\/\/t.co\/Dm9RwaacK6\">pic.twitter.com\/Dm9RwaacK6<\/a><\/p>&mdash; Azucena Uresti (@azucenau) <a href=\"https:\/\/twitter.com\/azucenau\/status\/1848726612554240226?ref_src=twsrc%5Etfw\">October 22, 2024<\/a><\/blockquote><script async src=\"https:\/\/platform.twitter.com\/widgets.js\" charset=\"utf-8\"><\/script>\n<\/div><\/figure>\n\n\n\n<p>El precio promedio de un kilo de tortillas es de 23.17 pesos en tortiller\u00edas, por lo que se&nbsp;<strong>encareci\u00f3<\/strong>&nbsp;un 61.7% en el sexenio del expresidente&nbsp;<strong>Andr\u00e9s Manuel L\u00f3pez Obrador<\/strong>, pues en diciembre de 2018 costaba 14.33 pesos, seg\u00fan el Sistema Nacional de Informaci\u00f3n e Integraci\u00f3n de Mercados.<\/p>\n\n\n\n<p>Para alcanzar esta meta, entre otras medidas, el gobierno de Sheinbaum implementar\u00e1 el programa &#8220;Cosechando soberan\u00eda&#8221; para elevar la producci\u00f3n de ma\u00edz, frijol, arroz, leche, sorgo, cebolla, tomate y chile.<\/p>\n\n\n\n<p>\u201cTenemos que producir m\u00e1s, lo central, lo principal, lo n\u00famero uno es garantizar la autosuficiencia de ma\u00edz blanco no&nbsp;<strong>transg\u00e9nico<\/strong>, que es el centro de nuestra alimentaci\u00f3n, pero adem\u00e1s es un elemento central en nuestra cultura, y la presidenta nos ha encargado alcanzar la autosuficiencia en frijol&#8221;, coment\u00f3 Berdegu\u00e9.<\/p>\n\n\n\n<p>Como ejemplo, cit\u00f3 que M\u00e9xico consume un&nbsp;mill\u00f3n de toneladas de frijol al a\u00f1o, de las que importa cerca de 300 mil, por lo que la meta es cultivar 763 mil hect\u00e1reas con semillas certificadas de alta calidad gen\u00e9tica.<\/p>\n\n\n\n<p>Las semillas se producir\u00e1n en una nueva &#8220;Productora de semillas del bienestar&#8221;, que estar\u00e1 en<strong>&nbsp;Zacatecas<\/strong>, estado del centro-norte del pa\u00eds.<\/p>\n\n\n\n<h2 class=\"wp-block-heading\">Tambi\u00e9n buscan aumentar la producci\u00f3n de arroz y leche<\/h2>\n\n\n\n<p>Otro de los objetivos es aumentar la producci\u00f3n de arroz a 250 mil toneladas al a\u00f1o, con la siembra de 60 mil hect\u00e1reas con semillas de alta calidad.&nbsp;<\/p>\n\n\n\n<p>Mientras que la meta de leche es la producci\u00f3n de hasta 10 litros diarios por cada vaca.&nbsp;<\/p>\n\n\n\n<p>Para incentivar la producci\u00f3n, la Secretar\u00eda de Agricultura y Desarrollo Rural (Sader) ha identificado mil 200 municipios con pobreza donde hay peque\u00f1a y mediana agricultura comercial.&nbsp;<\/p>\n\n\n\n<p>Ah\u00ed ofrecer\u00e1n cr\u00e9ditos, apoyo a la comercializaci\u00f3n y programas sociales para incentivar la producci\u00f3n y venta.&nbsp;<\/p>\n\n\n\n<p>Tambi\u00e9n continuar\u00e1n los programas sociales que implement\u00f3&nbsp;<strong>L\u00f3pez Obrador<\/strong>, como &#8220;Producci\u00f3n para el bienestar&#8221;&nbsp;y &#8220;Fertilizantes del bienestar&#8221;, con m\u00e1s de dos millones de beneficiarios cada uno.&nbsp;<\/p>\n\n\n\n<p>Asimismo, el secretario prometi\u00f3 un plan para &#8220;producir m\u00e1s con menos impacto ambiental&#8221;, al reconocer que el 75 % del agua del pa\u00eds se destina a agricultura.<\/p>\n\n\n\n<p>Con informaci\u00f3n de EFE<\/p>\n","protected":false},"excerpt":{"rendered":"<p>Por Redacci\u00f3n QP Julio Berdegu\u00e9, secretario de Agricultura y Desarrollo Rural, coment\u00f3 que invitar\u00e1n a&#8230;<\/p>\n","protected":false},"author":2,"featured_media":113206,"comment_status":"open","ping_status":"open","sticky":false,"template":"","format":"standard","meta":{"_monsterinsights_skip_tracking":false,"_monsterinsights_sitenote_active":false,"_monsterinsights_sitenote_note":"","_monsterinsights_sitenote_category":0,"footnotes":""},"categories":[56],"tags":[],"class_list":["post-113205","post","type-post","status-publish","format-standard","has-post-thumbnail","hentry","category-economia"],"yoast_head":"<!-- This site is optimized with the Yoast SEO plugin v27.3 - https:\/\/yoast.com\/product\/yoast-seo-wordpress\/ -->\n<title>Claudia Sheinbaum buscar\u00e1 garantizar reducir en 10% el precio de la\u00a0tortilla de ma\u00edz, producto b\u00e1sico en la dieta mexicana -<\/title>\n<meta name=\"robots\" content=\"index, follow, max-snippet:-1, max-image-preview:large, max-video-preview:-1\" \/>\n<link rel=\"canonical\" href=\"https:\/\/quehacerpolitico.mx\/?p=113205\" \/>\n<meta property=\"og:locale\" content=\"es_MX\" \/>\n<meta property=\"og:type\" content=\"article\" \/>\n<meta property=\"og:title\" content=\"Claudia Sheinbaum buscar\u00e1 garantizar reducir en 10% el precio de la\u00a0tortilla de ma\u00edz, producto b\u00e1sico en la dieta mexicana -\" \/>\n<meta property=\"og:description\" content=\"Por Redacci\u00f3n QP Julio Berdegu\u00e9, secretario de Agricultura y Desarrollo Rural, coment\u00f3 que invitar\u00e1n a...\" \/>\n<meta property=\"og:url\" content=\"https:\/\/quehacerpolitico.mx\/?p=113205\" \/>\n<meta property=\"article:published_time\" content=\"2024-10-22T18:23:20+00:00\" \/>\n<meta property=\"article:modified_time\" content=\"2024-10-22T18:23:23+00:00\" \/>\n<meta property=\"og:image\" content=\"https:\/\/quehacerpolitico.mx\/wp-content\/uploads\/2024\/10\/IMG_8733.jpeg\" \/>\n\t<meta property=\"og:image:width\" content=\"1200\" \/>\n\t<meta property=\"og:image:height\" content=\"795\" \/>\n\t<meta property=\"og:image:type\" content=\"image\/jpeg\" \/>\n<meta name=\"author\" content=\"Redacci\u00f3n QP\" \/>\n<meta name=\"twitter:card\" content=\"summary_large_image\" \/>\n<meta name=\"twitter:label1\" content=\"Escrito por\" \/>\n\t<meta name=\"twitter:data1\" content=\"Redacci\u00f3n QP\" \/>\n\t<meta name=\"twitter:label2\" content=\"Tiempo de lectura\" \/>\n\t<meta name=\"twitter:data2\" content=\"3 minutos\" \/>\n<script type=\"application\/ld+json\" class=\"yoast-schema-graph\">{\"@context\":\"https:\\\/\\\/schema.org\",\"@graph\":[{\"@type\":\"Article\",\"@id\":\"https:\\\/\\\/quehacerpolitico.mx\\\/?p=113205#article\",\"isPartOf\":{\"@id\":\"https:\\\/\\\/quehacerpolitico.mx\\\/?p=113205\"},\"author\":{\"name\":\"Redacci\u00f3n QP\",\"@id\":\"https:\\\/\\\/quehacerpolitico.mx\\\/#\\\/schema\\\/person\\\/496d8ad2d1d3f8036101dca7ee39e585\"},\"headline\":\"Claudia Sheinbaum buscar\u00e1 garantizar reducir en 10% el precio de la\u00a0tortilla de ma\u00edz, producto b\u00e1sico en la dieta mexicana\",\"datePublished\":\"2024-10-22T18:23:20+00:00\",\"dateModified\":\"2024-10-22T18:23:23+00:00\",\"mainEntityOfPage\":{\"@id\":\"https:\\\/\\\/quehacerpolitico.mx\\\/?p=113205\"},\"wordCount\":551,\"commentCount\":0,\"image\":{\"@id\":\"https:\\\/\\\/quehacerpolitico.mx\\\/?p=113205#primaryimage\"},\"thumbnailUrl\":\"https:\\\/\\\/quehacerpolitico.mx\\\/wp-content\\\/uploads\\\/2024\\\/10\\\/IMG_8733.jpeg\",\"articleSection\":[\"Econom\u00eda\"],\"inLanguage\":\"es\",\"potentialAction\":[{\"@type\":\"CommentAction\",\"name\":\"Comment\",\"target\":[\"https:\\\/\\\/quehacerpolitico.mx\\\/?p=113205#respond\"]}]},{\"@type\":\"WebPage\",\"@id\":\"https:\\\/\\\/quehacerpolitico.mx\\\/?p=113205\",\"url\":\"https:\\\/\\\/quehacerpolitico.mx\\\/?p=113205\",\"name\":\"Claudia Sheinbaum buscar\u00e1 garantizar reducir en 10% el precio de la\u00a0tortilla de ma\u00edz, producto b\u00e1sico en la dieta mexicana -\",\"isPartOf\":{\"@id\":\"https:\\\/\\\/quehacerpolitico.mx\\\/#website\"},\"primaryImageOfPage\":{\"@id\":\"https:\\\/\\\/quehacerpolitico.mx\\\/?p=113205#primaryimage\"},\"image\":{\"@id\":\"https:\\\/\\\/quehacerpolitico.mx\\\/?p=113205#primaryimage\"},\"thumbnailUrl\":\"https:\\\/\\\/quehacerpolitico.mx\\\/wp-content\\\/uploads\\\/2024\\\/10\\\/IMG_8733.jpeg\",\"datePublished\":\"2024-10-22T18:23:20+00:00\",\"dateModified\":\"2024-10-22T18:23:23+00:00\",\"author\":{\"@id\":\"https:\\\/\\\/quehacerpolitico.mx\\\/#\\\/schema\\\/person\\\/496d8ad2d1d3f8036101dca7ee39e585\"},\"breadcrumb\":{\"@id\":\"https:\\\/\\\/quehacerpolitico.mx\\\/?p=113205#breadcrumb\"},\"inLanguage\":\"es\",\"potentialAction\":[{\"@type\":\"ReadAction\",\"target\":[\"https:\\\/\\\/quehacerpolitico.mx\\\/?p=113205\"]}]},{\"@type\":\"ImageObject\",\"inLanguage\":\"es\",\"@id\":\"https:\\\/\\\/quehacerpolitico.mx\\\/?p=113205#primaryimage\",\"url\":\"https:\\\/\\\/quehacerpolitico.mx\\\/wp-content\\\/uploads\\\/2024\\\/10\\\/IMG_8733.jpeg\",\"contentUrl\":\"https:\\\/\\\/quehacerpolitico.mx\\\/wp-content\\\/uploads\\\/2024\\\/10\\\/IMG_8733.jpeg\",\"width\":1200,\"height\":795},{\"@type\":\"BreadcrumbList\",\"@id\":\"https:\\\/\\\/quehacerpolitico.mx\\\/?p=113205#breadcrumb\",\"itemListElement\":[{\"@type\":\"ListItem\",\"position\":1,\"name\":\"Inicio\",\"item\":\"https:\\\/\\\/quehacerpolitico.mx\\\/\"},{\"@type\":\"ListItem\",\"position\":2,\"name\":\"Claudia Sheinbaum buscar\u00e1 garantizar reducir en 10% el precio de la\u00a0tortilla de ma\u00edz, producto b\u00e1sico en la dieta mexicana\"}]},{\"@type\":\"WebSite\",\"@id\":\"https:\\\/\\\/quehacerpolitico.mx\\\/#website\",\"url\":\"https:\\\/\\\/quehacerpolitico.mx\\\/\",\"name\":\"\",\"description\":\"\",\"potentialAction\":[{\"@type\":\"SearchAction\",\"target\":{\"@type\":\"EntryPoint\",\"urlTemplate\":\"https:\\\/\\\/quehacerpolitico.mx\\\/?s={search_term_string}\"},\"query-input\":{\"@type\":\"PropertyValueSpecification\",\"valueRequired\":true,\"valueName\":\"search_term_string\"}}],\"inLanguage\":\"es\"},{\"@type\":\"Person\",\"@id\":\"https:\\\/\\\/quehacerpolitico.mx\\\/#\\\/schema\\\/person\\\/496d8ad2d1d3f8036101dca7ee39e585\",\"name\":\"Redacci\u00f3n QP\",\"image\":{\"@type\":\"ImageObject\",\"inLanguage\":\"es\",\"@id\":\"https:\\\/\\\/secure.gravatar.com\\\/avatar\\\/c7164ed6fdec453195284ad24a5ae5b6e1eed2b848477fa2a4787ba9adf39a41?s=96&d=mm&r=g\",\"url\":\"https:\\\/\\\/secure.gravatar.com\\\/avatar\\\/c7164ed6fdec453195284ad24a5ae5b6e1eed2b848477fa2a4787ba9adf39a41?s=96&d=mm&r=g\",\"contentUrl\":\"https:\\\/\\\/secure.gravatar.com\\\/avatar\\\/c7164ed6fdec453195284ad24a5ae5b6e1eed2b848477fa2a4787ba9adf39a41?s=96&d=mm&r=g\",\"caption\":\"Redacci\u00f3n QP\"},\"url\":\"https:\\\/\\\/quehacerpolitico.mx\\\/?author=2\"}]}<\/script>\n<!-- \/ Yoast SEO plugin. -->","yoast_head_json":{"title":"Claudia Sheinbaum buscar\u00e1 garantizar reducir en 10% el precio de la\u00a0tortilla de ma\u00edz, producto b\u00e1sico en la dieta mexicana -","robots":{"index":"index","follow":"follow","max-snippet":"max-snippet:-1","max-image-preview":"max-image-preview:large","max-video-preview":"max-video-preview:-1"},"canonical":"https:\/\/quehacerpolitico.mx\/?p=113205","og_locale":"es_MX","og_type":"article","og_title":"Claudia Sheinbaum buscar\u00e1 garantizar reducir en 10% el precio de la\u00a0tortilla de ma\u00edz, producto b\u00e1sico en la dieta mexicana -","og_description":"Por Redacci\u00f3n QP Julio Berdegu\u00e9, secretario de Agricultura y Desarrollo Rural, coment\u00f3 que invitar\u00e1n a...","og_url":"https:\/\/quehacerpolitico.mx\/?p=113205","article_published_time":"2024-10-22T18:23:20+00:00","article_modified_time":"2024-10-22T18:23:23+00:00","og_image":[{"width":1200,"height":795,"url":"https:\/\/quehacerpolitico.mx\/wp-content\/uploads\/2024\/10\/IMG_8733.jpeg","type":"image\/jpeg"}],"author":"Redacci\u00f3n QP","twitter_card":"summary_large_image","twitter_misc":{"Escrito por":"Redacci\u00f3n QP","Tiempo de lectura":"3 minutos"},"schema":{"@context":"https:\/\/schema.org","@graph":[{"@type":"Article","@id":"https:\/\/quehacerpolitico.mx\/?p=113205#article","isPartOf":{"@id":"https:\/\/quehacerpolitico.mx\/?p=113205"},"author":{"name":"Redacci\u00f3n QP","@id":"https:\/\/quehacerpolitico.mx\/#\/schema\/person\/496d8ad2d1d3f8036101dca7ee39e585"},"headline":"Claudia Sheinbaum buscar\u00e1 garantizar reducir en 10% el precio de la\u00a0tortilla de ma\u00edz, producto b\u00e1sico en la dieta mexicana","datePublished":"2024-10-22T18:23:20+00:00","dateModified":"2024-10-22T18:23:23+00:00","mainEntityOfPage":{"@id":"https:\/\/quehacerpolitico.mx\/?p=113205"},"wordCount":551,"commentCount":0,"image":{"@id":"https:\/\/quehacerpolitico.mx\/?p=113205#primaryimage"},"thumbnailUrl":"https:\/\/quehacerpolitico.mx\/wp-content\/uploads\/2024\/10\/IMG_8733.jpeg","articleSection":["Econom\u00eda"],"inLanguage":"es","potentialAction":[{"@type":"CommentAction","name":"Comment","target":["https:\/\/quehacerpolitico.mx\/?p=113205#respond"]}]},{"@type":"WebPage","@id":"https:\/\/quehacerpolitico.mx\/?p=113205","url":"https:\/\/quehacerpolitico.mx\/?p=113205","name":"Claudia Sheinbaum buscar\u00e1 garantizar reducir en 10% el precio de la\u00a0tortilla de ma\u00edz, producto b\u00e1sico en la dieta mexicana -","isPartOf":{"@id":"https:\/\/quehacerpolitico.mx\/#website"},"primaryImageOfPage":{"@id":"https:\/\/quehacerpolitico.mx\/?p=113205#primaryimage"},"image":{"@id":"https:\/\/quehacerpolitico.mx\/?p=113205#primaryimage"},"thumbnailUrl":"https:\/\/quehacerpolitico.mx\/wp-content\/uploads\/2024\/10\/IMG_8733.jpeg","datePublished":"2024-10-22T18:23:20+00:00","dateModified":"2024-10-22T18:23:23+00:00","author":{"@id":"https:\/\/quehacerpolitico.mx\/#\/schema\/person\/496d8ad2d1d3f8036101dca7ee39e585"},"breadcrumb":{"@id":"https:\/\/quehacerpolitico.mx\/?p=113205#breadcrumb"},"inLanguage":"es","potentialAction":[{"@type":"ReadAction","target":["https:\/\/quehacerpolitico.mx\/?p=113205"]}]},{"@type":"ImageObject","inLanguage":"es","@id":"https:\/\/quehacerpolitico.mx\/?p=113205#primaryimage","url":"https:\/\/quehacerpolitico.mx\/wp-content\/uploads\/2024\/10\/IMG_8733.jpeg","contentUrl":"https:\/\/quehacerpolitico.mx\/wp-content\/uploads\/2024\/10\/IMG_8733.jpeg","width":1200,"height":795},{"@type":"BreadcrumbList","@id":"https:\/\/quehacerpolitico.mx\/?p=113205#breadcrumb","itemListElement":[{"@type":"ListItem","position":1,"name":"Inicio","item":"https:\/\/quehacerpolitico.mx\/"},{"@type":"ListItem","position":2,"name":"Claudia Sheinbaum buscar\u00e1 garantizar reducir en 10% el precio de la\u00a0tortilla de ma\u00edz, producto b\u00e1sico en la dieta mexicana"}]},{"@type":"WebSite","@id":"https:\/\/quehacerpolitico.mx\/#website","url":"https:\/\/quehacerpolitico.mx\/","name":"","description":"","potentialAction":[{"@type":"SearchAction","target":{"@type":"EntryPoint","urlTemplate":"https:\/\/quehacerpolitico.mx\/?s={search_term_string}"},"query-input":{"@type":"PropertyValueSpecification","valueRequired":true,"valueName":"search_term_string"}}],"inLanguage":"es"},{"@type":"Person","@id":"https:\/\/quehacerpolitico.mx\/#\/schema\/person\/496d8ad2d1d3f8036101dca7ee39e585","name":"Redacci\u00f3n QP","image":{"@type":"ImageObject","inLanguage":"es","@id":"https:\/\/secure.gravatar.com\/avatar\/c7164ed6fdec453195284ad24a5ae5b6e1eed2b848477fa2a4787ba9adf39a41?s=96&d=mm&r=g","url":"https:\/\/secure.gravatar.com\/avatar\/c7164ed6fdec453195284ad24a5ae5b6e1eed2b848477fa2a4787ba9adf39a41?s=96&d=mm&r=g","contentUrl":"https:\/\/secure.gravatar.com\/avatar\/c7164ed6fdec453195284ad24a5ae5b6e1eed2b848477fa2a4787ba9adf39a41?s=96&d=mm&r=g","caption":"Redacci\u00f3n QP"},"url":"https:\/\/quehacerpolitico.mx\/?author=2"}]}},"featured_image_urls":{"full":["https:\/\/quehacerpolitico.mx\/wp-content\/uploads\/2024\/10\/IMG_8733.jpeg",1200,795,false],"thumbnail":["https:\/\/quehacerpolitico.mx\/wp-content\/uploads\/2024\/10\/IMG_8733-150x150.jpeg",150,150,true],"medium":["https:\/\/quehacerpolitico.mx\/wp-content\/uploads\/2024\/10\/IMG_8733-300x199.jpeg",300,199,true],"medium_large":["https:\/\/quehacerpolitico.mx\/wp-content\/uploads\/2024\/10\/IMG_8733-768x509.jpeg",640,424,true],"large":["https:\/\/quehacerpolitico.mx\/wp-content\/uploads\/2024\/10\/IMG_8733-1024x678.jpeg",640,424,true],"1536x1536":["https:\/\/quehacerpolitico.mx\/wp-content\/uploads\/2024\/10\/IMG_8733.jpeg",1200,795,false],"2048x2048":["https:\/\/quehacerpolitico.mx\/wp-content\/uploads\/2024\/10\/IMG_8733.jpeg",1200,795,false],"covernews-featured":["https:\/\/quehacerpolitico.mx\/wp-content\/uploads\/2024\/10\/IMG_8733-1024x678.jpeg",1024,678,true],"covernews-medium":["https:\/\/quehacerpolitico.mx\/wp-content\/uploads\/2024\/10\/IMG_8733-540x340.jpeg",540,340,true]},"author_info":{"display_name":"Redacci\u00f3n QP","author_link":"https:\/\/quehacerpolitico.mx\/?author=2"},"category_info":"<a href=\"https:\/\/quehacerpolitico.mx\/?cat=56\" rel=\"category\">Econom\u00eda<\/a>","tag_info":"Econom\u00eda","comment_count":"0","_links":{"self":[{"href":"https:\/\/quehacerpolitico.mx\/index.php?rest_route=\/wp\/v2\/posts\/113205","targetHints":{"allow":["GET"]}}],"collection":[{"href":"https:\/\/quehacerpolitico.mx\/index.php?rest_route=\/wp\/v2\/posts"}],"about":[{"href":"https:\/\/quehacerpolitico.mx\/index.php?rest_route=\/wp\/v2\/types\/post"}],"author":[{"embeddable":true,"href":"https:\/\/quehacerpolitico.mx\/index.php?rest_route=\/wp\/v2\/users\/2"}],"replies":[{"embeddable":true,"href":"https:\/\/quehacerpolitico.mx\/index.php?rest_route=%2Fwp%2Fv2%2Fcomments&post=113205"}],"version-history":[{"count":1,"href":"https:\/\/quehacerpolitico.mx\/index.php?rest_route=\/wp\/v2\/posts\/113205\/revisions"}],"predecessor-version":[{"id":113207,"href":"https:\/\/quehacerpolitico.mx\/index.php?rest_route=\/wp\/v2\/posts\/113205\/revisions\/113207"}],"wp:featuredmedia":[{"embeddable":true,"href":"https:\/\/quehacerpolitico.mx\/index.php?rest_route=\/wp\/v2\/media\/113206"}],"wp:attachment":[{"href":"https:\/\/quehacerpolitico.mx\/index.php?rest_route=%2Fwp%2Fv2%2Fmedia&parent=113205"}],"wp:term":[{"taxonomy":"category","embeddable":true,"href":"https:\/\/quehacerpolitico.mx\/index.php?rest_route=%2Fwp%2Fv2%2Fcategories&post=113205"},{"taxonomy":"post_tag","embeddable":true,"href":"https:\/\/quehacerpolitico.mx\/index.php?rest_route=%2Fwp%2Fv2%2Ftags&post=113205"}],"curies":[{"name":"wp","href":"https:\/\/api.w.org\/{rel}","templated":true}]}}