{"id":113161,"date":"2024-10-19T09:10:54","date_gmt":"2024-10-19T15:10:54","guid":{"rendered":"https:\/\/quehacerpolitico.mx\/?p=113161"},"modified":"2024-10-19T09:11:05","modified_gmt":"2024-10-19T15:11:05","slug":"morelia-abre-su-festival-de-cine-con-la-proyeccion-de-emilia-perez","status":"publish","type":"post","link":"https:\/\/quehacerpolitico.mx\/?p=113161","title":{"rendered":"Morelia abre su Festival de Cine con la proyecci\u00f3n de &#8216;Emilia P\u00e9rez&#8217;"},"content":{"rendered":"\n<p>Por Redacci\u00f3n QP<\/p>\n\n\n\n<p><strong>El Festival Internacional de Cine de Morelia&nbsp;<\/strong>(FICM), el m\u00e1s destacado en M\u00e9xico,&nbsp;<strong>dio inicio este viernes a su 22\u00aa edici\u00f3n con la proyecci\u00f3n de la pel\u00edcula &#8216;Emilia P\u00e9rez&#8217;<\/strong>, ofreciendo un homenaje a la comunidad LGTBI y abordando nuevas perspectivas sobre el narcotr\u00e1fico y los desaparecidos en M\u00e9xico.<\/p>\n\n\n\n<p><strong>El director franc\u00e9s&nbsp;<\/strong><mark><strong>Jacques Audiard<\/strong><\/mark>, responsable de la cinta inaugural,<mark><strong>&nbsp;fue distinguido con el Premio a la Excelencia Art\u00edstica<\/strong><\/mark>&nbsp;en reconocimiento a su enfoque cinematogr\u00e1fico y su compromiso humanista, seg\u00fan destacaron los fundadores del FICM.<\/p>\n\n\n\n<figure class=\"wp-block-image size-large\"><img loading=\"lazy\" decoding=\"async\" width=\"1024\" height=\"683\" src=\"https:\/\/quehacerpolitico.mx\/wp-content\/uploads\/2024\/10\/image-29-1024x683.jpeg\" alt=\"\" class=\"wp-image-113162\" srcset=\"https:\/\/quehacerpolitico.mx\/wp-content\/uploads\/2024\/10\/image-29-1024x683.jpeg 1024w, https:\/\/quehacerpolitico.mx\/wp-content\/uploads\/2024\/10\/image-29-300x200.jpeg 300w, https:\/\/quehacerpolitico.mx\/wp-content\/uploads\/2024\/10\/image-29-768x512.jpeg 768w, https:\/\/quehacerpolitico.mx\/wp-content\/uploads\/2024\/10\/image-29.jpeg 1200w\" sizes=\"auto, (max-width: 1024px) 100vw, 1024px\" \/><\/figure>\n\n\n\n<p>&#8220;Estoy impactado por la promesa de imaginarme una \u00e9poca en donde presentar\u00eda una pel\u00edcula exagerada, musical e interesante en espa\u00f1ol, una lengua que no hablo. Estoy muy contento de emprender este viaje a la casa de Emilia, de ustedes mexicanos, \u00a1Qu\u00e9 viva el cine, \u00a1qu\u00e9 viva M\u00e9xico!&#8221;, exclam\u00f3 el cineasta antes de la proyecci\u00f3n de su pel\u00edcula.<\/p>\n\n\n\n<figure class=\"wp-block-embed is-type-video is-provider-youtube wp-block-embed-youtube wp-embed-aspect-16-9 wp-has-aspect-ratio\"><div class=\"wp-block-embed__wrapper\">\n<iframe loading=\"lazy\" title=\"Inicia la edici\u00f3n 22 del Festival Internacional de Cine de Morelia\" width=\"640\" height=\"360\" src=\"https:\/\/www.youtube.com\/embed\/uAO7tE-vPfA?feature=oembed\" frameborder=\"0\" allow=\"accelerometer; autoplay; clipboard-write; encrypted-media; gyroscope; picture-in-picture; web-share\" referrerpolicy=\"strict-origin-when-cross-origin\" allowfullscreen><\/iframe>\n<\/div><\/figure>\n\n\n\n<p>Como ya es tradici\u00f3n,<strong>&nbsp;uno de los encargados de abrir la ceremonia fue Cuauht\u00e9moc C\u00e1rdenas Batel, vicepresidente del FICM<\/strong>, quien cit\u00f3 a los poetas espa\u00f1oles Federico Garc\u00eda Lorca y Antonio Machado para defender la importancia de la cultura y del s\u00e9ptimo arte.<\/p>\n\n\n\n<p>&#8220;Creemos que es necesario poner a la cultura como una de las prioridades del estado y del Gobierno, sacarla del rezago presupuestal en el que se encuentra y acercarla de manera paulatina y sostenida a las recomendaciones presupuestales m\u00ednimas que dicta la UNESCO, mientras haga falta seguiremos insistiendo en ello&#8221;, defendi\u00f3 C\u00e1rdenas en el arranque del festival tras la alfombra roja.<\/p>\n\n\n\n<h2 class=\"wp-block-heading\">Alfombra roja y condecoraciones<\/h2>\n\n\n\n<p>Esta gran fiesta del cine mexicano tambi\u00e9n cont\u00f3 con una alfombra roja en la que desfilaron artistas como&nbsp;<strong>Liv Tyler, Rodrigo Prieto, Yalitza Aparicio, Karla Sof\u00eda Gasc\u00f3n o Adriana Paz.<\/strong><\/p>\n\n\n\n<p>La actriz espa\u00f1ola<strong>&nbsp;Karla Sof\u00eda Gasc\u00f3n<\/strong>, protagonista de &#8216;Emilia P\u00e9rez&#8217;, recomend\u00f3 disfrutar del largometraje y asegur\u00f3 que es el p\u00fablico nacional el que &#8220;tiene la potestad&#8221; sobre aquello que sucede en lo rodado.<\/p>\n\n\n\n<p>Durante el festival, adem\u00e1s del cineasta franc\u00e9s, el reconocido director Francis Ford Coppola recibir\u00e1 a sus 85 a\u00f1os la medalla Filmoteca UNAM (Universidad Nacional Aut\u00f3noma de M\u00e9xico) y el Premio a la Excelencia Art\u00edstica por el reconocimiento a su carrera y tras el preestreno en M\u00e9xico. de su \u00faltimo largometraje &#8216;Megal\u00f3polis&#8217;.<\/p>\n\n\n\n<figure class=\"wp-block-embed is-type-video is-provider-youtube wp-block-embed-youtube wp-embed-aspect-16-9 wp-has-aspect-ratio\"><div class=\"wp-block-embed__wrapper\">\n<iframe loading=\"lazy\" title=\"Conferencia de prensa &quot;Emilia P\u00e9rez&quot;, en el Festival de Cine de Morelia\" width=\"640\" height=\"360\" src=\"https:\/\/www.youtube.com\/embed\/Rrm9MH9v3jw?feature=oembed\" frameborder=\"0\" allow=\"accelerometer; autoplay; clipboard-write; encrypted-media; gyroscope; picture-in-picture; web-share\" referrerpolicy=\"strict-origin-when-cross-origin\" allowfullscreen><\/iframe>\n<\/div><\/figure>\n\n\n\n<p>Asimismo,<mark>&nbsp;el director y guionista Alexander Payne recibir\u00e1 la Medalla de la UNAM<\/mark>, al igual que la recibi\u00f3 el a\u00f1o pasado la actriz estadounidense Jodie Foster.<\/p>\n\n\n\n<p>Otros artistas invitados ser\u00e1n el director franc\u00e9s L\u00e9o Carax, quien presentar\u00e1 la a\u00fan no proyectada &#8216;C&#8217;est pas moi&#8217;; la cineasta nominada al \u00d3scar Ava DuVernay con su nueva ficci\u00f3n &#8216;Origin&#8217;; o el reconocido James Ivory que har\u00e1 un repaso a su carrera con su documental &#8216;Merchant Ivory&#8217;.<\/p>\n\n\n\n<p>El evento cuenta con los profesionales m\u00e1s importantes del cine de M\u00e9xico, quienes se reunir\u00e1n desde este viernes hasta el 27 de octubre con el fin de seguir promocionando las producciones nacionales por todo el mundo.<\/p>\n\n\n\n<p><strong>Este a\u00f1o los largometrajes que participar\u00e1n en la competencia oficial a mejor pel\u00edcula mexicana son:<\/strong>&#8216;Chicharras&#8217;, de Luna Mar\u00e1n; &#8216;La cocina&#8217;, de Alonso Ruizpalacios; &#8216;Un cuento de pescadores&#8217;, de Edgar Nito; &#8216;El hijo de su padre&#8217;, de Aar\u00f3n Fern\u00e1ndez, as\u00ed como &#8216;Hombres \u00edntegros&#8217;, de Alejandro Andrade Pease.<\/p>\n\n\n\n<p>Tambi\u00e9n &#8216;L\u00e1zaro de noche&#8217;, de Nicol\u00e1s Pereda; &#8216;La raya&#8217;, de Yolanda Cruz; &#8216;Sujo&#8217;, de Fernanda Valadez y Astrid Rondero; y &#8216;Violentas mariposas&#8217;, de Adolfo D\u00e1vila.<\/p>\n\n\n\n<p>Con informaci\u00f3n de EFE<\/p>\n","protected":false},"excerpt":{"rendered":"<p>Por Redacci\u00f3n QP El Festival Internacional de Cine de Morelia&nbsp;(FICM), el m\u00e1s destacado en M\u00e9xico,&nbsp;dio&#8230;<\/p>\n","protected":false},"author":2,"featured_media":113163,"comment_status":"open","ping_status":"open","sticky":false,"template":"","format":"standard","meta":{"_monsterinsights_skip_tracking":false,"_monsterinsights_sitenote_active":false,"_monsterinsights_sitenote_note":"","_monsterinsights_sitenote_category":0,"footnotes":""},"categories":[58],"tags":[],"class_list":["post-113161","post","type-post","status-publish","format-standard","has-post-thumbnail","hentry","category-cultura"],"yoast_head":"<!-- This site is optimized with the Yoast SEO plugin v27.3 - https:\/\/yoast.com\/product\/yoast-seo-wordpress\/ -->\n<title>Morelia abre su Festival de Cine con la proyecci\u00f3n de &#039;Emilia P\u00e9rez&#039; -<\/title>\n<meta name=\"robots\" content=\"index, follow, max-snippet:-1, max-image-preview:large, max-video-preview:-1\" \/>\n<link rel=\"canonical\" href=\"https:\/\/quehacerpolitico.mx\/?p=113161\" \/>\n<meta property=\"og:locale\" content=\"es_MX\" \/>\n<meta property=\"og:type\" content=\"article\" \/>\n<meta property=\"og:title\" content=\"Morelia abre su Festival de Cine con la proyecci\u00f3n de &#039;Emilia P\u00e9rez&#039; -\" \/>\n<meta property=\"og:description\" content=\"Por Redacci\u00f3n QP El Festival Internacional de Cine de Morelia&nbsp;(FICM), el m\u00e1s destacado en M\u00e9xico,&nbsp;dio...\" \/>\n<meta property=\"og:url\" content=\"https:\/\/quehacerpolitico.mx\/?p=113161\" \/>\n<meta property=\"article:published_time\" content=\"2024-10-19T15:10:54+00:00\" \/>\n<meta property=\"article:modified_time\" content=\"2024-10-19T15:11:05+00:00\" \/>\n<meta property=\"og:image\" content=\"https:\/\/quehacerpolitico.mx\/wp-content\/uploads\/2024\/10\/IMG_8681.jpeg\" \/>\n\t<meta property=\"og:image:width\" content=\"678\" \/>\n\t<meta property=\"og:image:height\" content=\"452\" \/>\n\t<meta property=\"og:image:type\" content=\"image\/jpeg\" \/>\n<meta name=\"author\" content=\"Redacci\u00f3n QP\" \/>\n<meta name=\"twitter:card\" content=\"summary_large_image\" \/>\n<meta name=\"twitter:label1\" content=\"Escrito por\" \/>\n\t<meta name=\"twitter:data1\" content=\"Redacci\u00f3n QP\" \/>\n\t<meta name=\"twitter:label2\" content=\"Tiempo de lectura\" \/>\n\t<meta name=\"twitter:data2\" content=\"3 minutos\" \/>\n<script type=\"application\/ld+json\" class=\"yoast-schema-graph\">{\"@context\":\"https:\\\/\\\/schema.org\",\"@graph\":[{\"@type\":\"Article\",\"@id\":\"https:\\\/\\\/quehacerpolitico.mx\\\/?p=113161#article\",\"isPartOf\":{\"@id\":\"https:\\\/\\\/quehacerpolitico.mx\\\/?p=113161\"},\"author\":{\"name\":\"Redacci\u00f3n QP\",\"@id\":\"https:\\\/\\\/quehacerpolitico.mx\\\/#\\\/schema\\\/person\\\/496d8ad2d1d3f8036101dca7ee39e585\"},\"headline\":\"Morelia abre su Festival de Cine con la proyecci\u00f3n de &#8216;Emilia P\u00e9rez&#8217;\",\"datePublished\":\"2024-10-19T15:10:54+00:00\",\"dateModified\":\"2024-10-19T15:11:05+00:00\",\"mainEntityOfPage\":{\"@id\":\"https:\\\/\\\/quehacerpolitico.mx\\\/?p=113161\"},\"wordCount\":656,\"commentCount\":0,\"image\":{\"@id\":\"https:\\\/\\\/quehacerpolitico.mx\\\/?p=113161#primaryimage\"},\"thumbnailUrl\":\"https:\\\/\\\/quehacerpolitico.mx\\\/wp-content\\\/uploads\\\/2024\\\/10\\\/IMG_8681.jpeg\",\"articleSection\":[\"Cultura y Entretenimiento\"],\"inLanguage\":\"es\",\"potentialAction\":[{\"@type\":\"CommentAction\",\"name\":\"Comment\",\"target\":[\"https:\\\/\\\/quehacerpolitico.mx\\\/?p=113161#respond\"]}]},{\"@type\":\"WebPage\",\"@id\":\"https:\\\/\\\/quehacerpolitico.mx\\\/?p=113161\",\"url\":\"https:\\\/\\\/quehacerpolitico.mx\\\/?p=113161\",\"name\":\"Morelia abre su Festival de Cine con la proyecci\u00f3n de 'Emilia P\u00e9rez' -\",\"isPartOf\":{\"@id\":\"https:\\\/\\\/quehacerpolitico.mx\\\/#website\"},\"primaryImageOfPage\":{\"@id\":\"https:\\\/\\\/quehacerpolitico.mx\\\/?p=113161#primaryimage\"},\"image\":{\"@id\":\"https:\\\/\\\/quehacerpolitico.mx\\\/?p=113161#primaryimage\"},\"thumbnailUrl\":\"https:\\\/\\\/quehacerpolitico.mx\\\/wp-content\\\/uploads\\\/2024\\\/10\\\/IMG_8681.jpeg\",\"datePublished\":\"2024-10-19T15:10:54+00:00\",\"dateModified\":\"2024-10-19T15:11:05+00:00\",\"author\":{\"@id\":\"https:\\\/\\\/quehacerpolitico.mx\\\/#\\\/schema\\\/person\\\/496d8ad2d1d3f8036101dca7ee39e585\"},\"breadcrumb\":{\"@id\":\"https:\\\/\\\/quehacerpolitico.mx\\\/?p=113161#breadcrumb\"},\"inLanguage\":\"es\",\"potentialAction\":[{\"@type\":\"ReadAction\",\"target\":[\"https:\\\/\\\/quehacerpolitico.mx\\\/?p=113161\"]}]},{\"@type\":\"ImageObject\",\"inLanguage\":\"es\",\"@id\":\"https:\\\/\\\/quehacerpolitico.mx\\\/?p=113161#primaryimage\",\"url\":\"https:\\\/\\\/quehacerpolitico.mx\\\/wp-content\\\/uploads\\\/2024\\\/10\\\/IMG_8681.jpeg\",\"contentUrl\":\"https:\\\/\\\/quehacerpolitico.mx\\\/wp-content\\\/uploads\\\/2024\\\/10\\\/IMG_8681.jpeg\",\"width\":678,\"height\":452},{\"@type\":\"BreadcrumbList\",\"@id\":\"https:\\\/\\\/quehacerpolitico.mx\\\/?p=113161#breadcrumb\",\"itemListElement\":[{\"@type\":\"ListItem\",\"position\":1,\"name\":\"Inicio\",\"item\":\"https:\\\/\\\/quehacerpolitico.mx\\\/\"},{\"@type\":\"ListItem\",\"position\":2,\"name\":\"Morelia abre su Festival de Cine con la proyecci\u00f3n de &#8216;Emilia P\u00e9rez&#8217;\"}]},{\"@type\":\"WebSite\",\"@id\":\"https:\\\/\\\/quehacerpolitico.mx\\\/#website\",\"url\":\"https:\\\/\\\/quehacerpolitico.mx\\\/\",\"name\":\"\",\"description\":\"\",\"potentialAction\":[{\"@type\":\"SearchAction\",\"target\":{\"@type\":\"EntryPoint\",\"urlTemplate\":\"https:\\\/\\\/quehacerpolitico.mx\\\/?s={search_term_string}\"},\"query-input\":{\"@type\":\"PropertyValueSpecification\",\"valueRequired\":true,\"valueName\":\"search_term_string\"}}],\"inLanguage\":\"es\"},{\"@type\":\"Person\",\"@id\":\"https:\\\/\\\/quehacerpolitico.mx\\\/#\\\/schema\\\/person\\\/496d8ad2d1d3f8036101dca7ee39e585\",\"name\":\"Redacci\u00f3n QP\",\"image\":{\"@type\":\"ImageObject\",\"inLanguage\":\"es\",\"@id\":\"https:\\\/\\\/secure.gravatar.com\\\/avatar\\\/c7164ed6fdec453195284ad24a5ae5b6e1eed2b848477fa2a4787ba9adf39a41?s=96&d=mm&r=g\",\"url\":\"https:\\\/\\\/secure.gravatar.com\\\/avatar\\\/c7164ed6fdec453195284ad24a5ae5b6e1eed2b848477fa2a4787ba9adf39a41?s=96&d=mm&r=g\",\"contentUrl\":\"https:\\\/\\\/secure.gravatar.com\\\/avatar\\\/c7164ed6fdec453195284ad24a5ae5b6e1eed2b848477fa2a4787ba9adf39a41?s=96&d=mm&r=g\",\"caption\":\"Redacci\u00f3n QP\"},\"url\":\"https:\\\/\\\/quehacerpolitico.mx\\\/?author=2\"}]}<\/script>\n<!-- \/ Yoast SEO plugin. -->","yoast_head_json":{"title":"Morelia abre su Festival de Cine con la proyecci\u00f3n de 'Emilia P\u00e9rez' -","robots":{"index":"index","follow":"follow","max-snippet":"max-snippet:-1","max-image-preview":"max-image-preview:large","max-video-preview":"max-video-preview:-1"},"canonical":"https:\/\/quehacerpolitico.mx\/?p=113161","og_locale":"es_MX","og_type":"article","og_title":"Morelia abre su Festival de Cine con la proyecci\u00f3n de 'Emilia P\u00e9rez' -","og_description":"Por Redacci\u00f3n QP El Festival Internacional de Cine de Morelia&nbsp;(FICM), el m\u00e1s destacado en M\u00e9xico,&nbsp;dio...","og_url":"https:\/\/quehacerpolitico.mx\/?p=113161","article_published_time":"2024-10-19T15:10:54+00:00","article_modified_time":"2024-10-19T15:11:05+00:00","og_image":[{"width":678,"height":452,"url":"https:\/\/quehacerpolitico.mx\/wp-content\/uploads\/2024\/10\/IMG_8681.jpeg","type":"image\/jpeg"}],"author":"Redacci\u00f3n QP","twitter_card":"summary_large_image","twitter_misc":{"Escrito por":"Redacci\u00f3n QP","Tiempo de lectura":"3 minutos"},"schema":{"@context":"https:\/\/schema.org","@graph":[{"@type":"Article","@id":"https:\/\/quehacerpolitico.mx\/?p=113161#article","isPartOf":{"@id":"https:\/\/quehacerpolitico.mx\/?p=113161"},"author":{"name":"Redacci\u00f3n QP","@id":"https:\/\/quehacerpolitico.mx\/#\/schema\/person\/496d8ad2d1d3f8036101dca7ee39e585"},"headline":"Morelia abre su Festival de Cine con la proyecci\u00f3n de &#8216;Emilia P\u00e9rez&#8217;","datePublished":"2024-10-19T15:10:54+00:00","dateModified":"2024-10-19T15:11:05+00:00","mainEntityOfPage":{"@id":"https:\/\/quehacerpolitico.mx\/?p=113161"},"wordCount":656,"commentCount":0,"image":{"@id":"https:\/\/quehacerpolitico.mx\/?p=113161#primaryimage"},"thumbnailUrl":"https:\/\/quehacerpolitico.mx\/wp-content\/uploads\/2024\/10\/IMG_8681.jpeg","articleSection":["Cultura y Entretenimiento"],"inLanguage":"es","potentialAction":[{"@type":"CommentAction","name":"Comment","target":["https:\/\/quehacerpolitico.mx\/?p=113161#respond"]}]},{"@type":"WebPage","@id":"https:\/\/quehacerpolitico.mx\/?p=113161","url":"https:\/\/quehacerpolitico.mx\/?p=113161","name":"Morelia abre su Festival de Cine con la proyecci\u00f3n de 'Emilia P\u00e9rez' -","isPartOf":{"@id":"https:\/\/quehacerpolitico.mx\/#website"},"primaryImageOfPage":{"@id":"https:\/\/quehacerpolitico.mx\/?p=113161#primaryimage"},"image":{"@id":"https:\/\/quehacerpolitico.mx\/?p=113161#primaryimage"},"thumbnailUrl":"https:\/\/quehacerpolitico.mx\/wp-content\/uploads\/2024\/10\/IMG_8681.jpeg","datePublished":"2024-10-19T15:10:54+00:00","dateModified":"2024-10-19T15:11:05+00:00","author":{"@id":"https:\/\/quehacerpolitico.mx\/#\/schema\/person\/496d8ad2d1d3f8036101dca7ee39e585"},"breadcrumb":{"@id":"https:\/\/quehacerpolitico.mx\/?p=113161#breadcrumb"},"inLanguage":"es","potentialAction":[{"@type":"ReadAction","target":["https:\/\/quehacerpolitico.mx\/?p=113161"]}]},{"@type":"ImageObject","inLanguage":"es","@id":"https:\/\/quehacerpolitico.mx\/?p=113161#primaryimage","url":"https:\/\/quehacerpolitico.mx\/wp-content\/uploads\/2024\/10\/IMG_8681.jpeg","contentUrl":"https:\/\/quehacerpolitico.mx\/wp-content\/uploads\/2024\/10\/IMG_8681.jpeg","width":678,"height":452},{"@type":"BreadcrumbList","@id":"https:\/\/quehacerpolitico.mx\/?p=113161#breadcrumb","itemListElement":[{"@type":"ListItem","position":1,"name":"Inicio","item":"https:\/\/quehacerpolitico.mx\/"},{"@type":"ListItem","position":2,"name":"Morelia abre su Festival de Cine con la proyecci\u00f3n de &#8216;Emilia P\u00e9rez&#8217;"}]},{"@type":"WebSite","@id":"https:\/\/quehacerpolitico.mx\/#website","url":"https:\/\/quehacerpolitico.mx\/","name":"","description":"","potentialAction":[{"@type":"SearchAction","target":{"@type":"EntryPoint","urlTemplate":"https:\/\/quehacerpolitico.mx\/?s={search_term_string}"},"query-input":{"@type":"PropertyValueSpecification","valueRequired":true,"valueName":"search_term_string"}}],"inLanguage":"es"},{"@type":"Person","@id":"https:\/\/quehacerpolitico.mx\/#\/schema\/person\/496d8ad2d1d3f8036101dca7ee39e585","name":"Redacci\u00f3n QP","image":{"@type":"ImageObject","inLanguage":"es","@id":"https:\/\/secure.gravatar.com\/avatar\/c7164ed6fdec453195284ad24a5ae5b6e1eed2b848477fa2a4787ba9adf39a41?s=96&d=mm&r=g","url":"https:\/\/secure.gravatar.com\/avatar\/c7164ed6fdec453195284ad24a5ae5b6e1eed2b848477fa2a4787ba9adf39a41?s=96&d=mm&r=g","contentUrl":"https:\/\/secure.gravatar.com\/avatar\/c7164ed6fdec453195284ad24a5ae5b6e1eed2b848477fa2a4787ba9adf39a41?s=96&d=mm&r=g","caption":"Redacci\u00f3n QP"},"url":"https:\/\/quehacerpolitico.mx\/?author=2"}]}},"featured_image_urls":{"full":["https:\/\/quehacerpolitico.mx\/wp-content\/uploads\/2024\/10\/IMG_8681.jpeg",678,452,false],"thumbnail":["https:\/\/quehacerpolitico.mx\/wp-content\/uploads\/2024\/10\/IMG_8681-150x150.jpeg",150,150,true],"medium":["https:\/\/quehacerpolitico.mx\/wp-content\/uploads\/2024\/10\/IMG_8681-300x200.jpeg",300,200,true],"medium_large":["https:\/\/quehacerpolitico.mx\/wp-content\/uploads\/2024\/10\/IMG_8681.jpeg",640,427,false],"large":["https:\/\/quehacerpolitico.mx\/wp-content\/uploads\/2024\/10\/IMG_8681.jpeg",640,427,false],"1536x1536":["https:\/\/quehacerpolitico.mx\/wp-content\/uploads\/2024\/10\/IMG_8681.jpeg",678,452,false],"2048x2048":["https:\/\/quehacerpolitico.mx\/wp-content\/uploads\/2024\/10\/IMG_8681.jpeg",678,452,false],"covernews-featured":["https:\/\/quehacerpolitico.mx\/wp-content\/uploads\/2024\/10\/IMG_8681.jpeg",678,452,false],"covernews-medium":["https:\/\/quehacerpolitico.mx\/wp-content\/uploads\/2024\/10\/IMG_8681-540x340.jpeg",540,340,true]},"author_info":{"display_name":"Redacci\u00f3n QP","author_link":"https:\/\/quehacerpolitico.mx\/?author=2"},"category_info":"<a href=\"https:\/\/quehacerpolitico.mx\/?cat=58\" rel=\"category\">Cultura y Entretenimiento<\/a>","tag_info":"Cultura y Entretenimiento","comment_count":"0","_links":{"self":[{"href":"https:\/\/quehacerpolitico.mx\/index.php?rest_route=\/wp\/v2\/posts\/113161","targetHints":{"allow":["GET"]}}],"collection":[{"href":"https:\/\/quehacerpolitico.mx\/index.php?rest_route=\/wp\/v2\/posts"}],"about":[{"href":"https:\/\/quehacerpolitico.mx\/index.php?rest_route=\/wp\/v2\/types\/post"}],"author":[{"embeddable":true,"href":"https:\/\/quehacerpolitico.mx\/index.php?rest_route=\/wp\/v2\/users\/2"}],"replies":[{"embeddable":true,"href":"https:\/\/quehacerpolitico.mx\/index.php?rest_route=%2Fwp%2Fv2%2Fcomments&post=113161"}],"version-history":[{"count":1,"href":"https:\/\/quehacerpolitico.mx\/index.php?rest_route=\/wp\/v2\/posts\/113161\/revisions"}],"predecessor-version":[{"id":113164,"href":"https:\/\/quehacerpolitico.mx\/index.php?rest_route=\/wp\/v2\/posts\/113161\/revisions\/113164"}],"wp:featuredmedia":[{"embeddable":true,"href":"https:\/\/quehacerpolitico.mx\/index.php?rest_route=\/wp\/v2\/media\/113163"}],"wp:attachment":[{"href":"https:\/\/quehacerpolitico.mx\/index.php?rest_route=%2Fwp%2Fv2%2Fmedia&parent=113161"}],"wp:term":[{"taxonomy":"category","embeddable":true,"href":"https:\/\/quehacerpolitico.mx\/index.php?rest_route=%2Fwp%2Fv2%2Fcategories&post=113161"},{"taxonomy":"post_tag","embeddable":true,"href":"https:\/\/quehacerpolitico.mx\/index.php?rest_route=%2Fwp%2Fv2%2Ftags&post=113161"}],"curies":[{"name":"wp","href":"https:\/\/api.w.org\/{rel}","templated":true}]}}