{"id":11304,"date":"2018-12-09T16:16:15","date_gmt":"2018-12-09T16:16:15","guid":{"rendered":"http:\/\/quehacerpolitico.mx\/internacionales-carolina-alonso-romei-tras-meses-de-tensiones-trump-despide-a-su-jefe-de-gabinete\/"},"modified":"2018-12-09T16:16:15","modified_gmt":"2018-12-09T16:16:15","slug":"internacionales-carolina-alonso-romei-tras-meses-de-tensiones-trump-despide-a-su-jefe-de-gabinete","status":"publish","type":"post","link":"https:\/\/quehacerpolitico.mx\/?p=11304","title":{"rendered":"Internacionales\/\/\/Carolina Alonso Romei\/\/\/Tras meses de tensiones, Trump despide a su jefe de gabinete"},"content":{"rendered":"<h1 class=\"news-title\">Tras meses de tensiones, Trump despide a su jefe de gabinete<\/h1>\n<p>Por Carolina Alonso Romei<\/p>\n<p>Internacionalista<\/p>\n<header class=\"news-header\">\n<div class=\"news-subtitle\">\n<p>El mandatario contin\u00faa con la remodelaci\u00f3n de su equipo luego de las legislativas de noviembre<\/p>\n<\/div>\n<\/header>\n<div class=\"news-content\">\n<div class=\"news-body row\">\n<p>El presidente de Estados Unidos, Donald Trump, anunci\u00f3 que su jefe de gabinete, John Kelly, dejar\u00e1 su cargo al terminar el a\u00f1o despu\u00e9s de meses de tensiones entre ambos, y que nominar\u00e1 al general Mark Milley para asesorarlo en temas militares, como nuevo jefe del Estado Mayor Conjunto.<\/p>\n<p><strong>Los anuncios de Trump se enmarcan en la remodelaci\u00f3n de su equipo que inici\u00f3 tras las elecciones legislativas de noviembre, y que tom\u00f3 forma el viernes con la nominaci\u00f3n de BillBarr como nuevo fiscal general y de la portavoz del Departamento de Estado, HeatherNauert, como embajadora ante la ONU. \u201cJohnKelly se ir\u00e1 hacia finales de a\u00f1o\u201d, dijo Trump.<\/strong><\/p>\n<p>Trump describi\u00f3 a Kelly como \u201cun gran tipo\u201d y subray\u00f3 que aprecia \u201cmucho su servicio\u201d durante el \u00faltimo a\u00f1o y medio al frente de la oficina presidencial de la Casa Blanca. \u201cAnunciar\u00e9 qui\u00e9n reemplazar\u00e1 a John, probablemente de forma interina, en el pr\u00f3ximo d\u00eda o dos\u201d.<\/p>\n<p><strong>Como jefe de gabinete, el trabajo de Kellyconsist\u00eda en ejercer de \u201cguardi\u00e1n\u201d manejando la agenda y reuniones de Trump, dirigiendo negociaciones legislativas y asegur\u00e1ndose de que sus medidas se ajustaban a sus objetivos pol\u00edticos<\/strong>.<\/p>\n<p>En enero, su relaci\u00f3n con Trump lleg\u00f3 a un pico de tensi\u00f3n, despu\u00e9s de que Kelly dijera a un grupo de legisladores que el presidente no estaba \u201ccompletamente informado\u201d sobre inmigraci\u00f3n cuando hizo sus promesas de campa\u00f1a relativas al muro con M\u00e9xico.<\/p>\n<blockquote>\n<p>&#8220;John Kelly se estar\u00e1 yendo. No s\u00e9 si puedo decir que se jubilar\u00e1, pero es un tipo estupendo&#8221;. Donald Trump.<\/p>\n<\/blockquote>\n<p>Seg\u00fan varios medios, Trump se puso \u201cfurioso\u201d cuando se enter\u00f3 de las declaraciones de Kelly, y las peleas entre ambos se volvieron frecuentes, pero el general sigui\u00f3 firme y hace unos meses se comprometi\u00f3 con el presidente a seguir en su cargo hasta 2020.<\/p>\n<p>Pero Trump, cada vez m\u00e1s preocupado por la campa\u00f1a de reelecci\u00f3n en la que tendr\u00e1 que embarcarse dentro de un a\u00f1o, comenz\u00f3 a decir a sus confidentes que Kelly no ten\u00eda un enfoque lo suficientemente \u201cpol\u00edtico\u201d, de acuerdo con el diario The Washington Post.<\/p>\n<p><strong>El presidente quiere que su sustituto sea NickAyers, el jefe de gabinete del vicepresidente estadounidense, Mike Pence, aunque ese funcionario de 36 a\u00f1os s\u00f3lo se ha comprometido de momento a ejercer el cargo hasta la primavera<\/strong>, cuando quiere regresar al Estado de Georgia con su familia, seg\u00fan The New York Times.\u00a0<\/p>\n<h3>Perfil\u00a0<\/h3>\n<p><strong>Quiso poner orden en la Casa Blanca<\/strong><\/p>\n<p>John Kelly lleg\u00f3 a la Casa Blanca convencido de que su disciplina castrense lograr\u00eda contener los esc\u00e1ndalos diarios en ese lugar. En<strong>tr\u00f3 en el gabinete de Trump como secretario de Seguridad Nacional y se convirti\u00f3 en el rostro de su pol\u00e9mica pol\u00edtica migratoria, pero seis meses m\u00e1s tarde abandon\u00f3 esa tarea para trabajar en la Casa Blanca, en julio de 2017.<\/strong>Antes de entrar al Gobierno de Donald Trump, dirigi\u00f3 el Comando Sur entre 2012 y 2016, donde fue responsable de supervisar el aumento de fuerzas especiales en Am\u00e9rica Latina y de manejar la inteligencia en la lucha contra el narcotr\u00e1fico y la inmigraci\u00f3n ilegal. Kelly se convirti\u00f3 en 2010 en el militar de m\u00e1s alto rango en perder a un v\u00e1stago en el terreno de batalla; su hijo Robert falleci\u00f3 tras pisar una mina en Afganist\u00e1n.\u00a0<\/p>\n<\/div>\n<\/div>\n","protected":false},"excerpt":{"rendered":"<p>Tras meses de tensiones, Trump despide a su jefe de gabinete<br \/>\nPor Carolina Alonso Romei<br \/>\nInternacionalista<\/p>\n","protected":false},"author":2,"featured_media":11303,"comment_status":"open","ping_status":"open","sticky":false,"template":"","format":"standard","meta":{"_monsterinsights_skip_tracking":false,"_monsterinsights_sitenote_active":false,"_monsterinsights_sitenote_note":"","_monsterinsights_sitenote_category":0,"footnotes":""},"categories":[1],"tags":[],"class_list":["post-11304","post","type-post","status-publish","format-standard","has-post-thumbnail","hentry","category-sin-categoria"],"yoast_head":"<!-- This site is optimized with the Yoast SEO plugin v27.3 - https:\/\/yoast.com\/product\/yoast-seo-wordpress\/ -->\n<title>Internacionales\/\/\/Carolina Alonso Romei\/\/\/Tras meses de tensiones, Trump despide a su jefe de gabinete -<\/title>\n<meta name=\"robots\" content=\"index, follow, max-snippet:-1, max-image-preview:large, max-video-preview:-1\" \/>\n<link rel=\"canonical\" href=\"https:\/\/quehacerpolitico.mx\/?p=11304\" \/>\n<meta property=\"og:locale\" content=\"es_MX\" \/>\n<meta property=\"og:type\" content=\"article\" \/>\n<meta property=\"og:title\" content=\"Internacionales\/\/\/Carolina Alonso Romei\/\/\/Tras meses de tensiones, Trump despide a su jefe de gabinete -\" \/>\n<meta property=\"og:description\" content=\"Tras meses de tensiones, Trump despide a su jefe de gabinete Por Carolina Alonso Romei Internacionalista\" \/>\n<meta property=\"og:url\" content=\"https:\/\/quehacerpolitico.mx\/?p=11304\" \/>\n<meta property=\"article:published_time\" content=\"2018-12-09T16:16:15+00:00\" \/>\n<meta name=\"author\" content=\"Redacci\u00f3n QP\" \/>\n<meta name=\"twitter:card\" content=\"summary_large_image\" \/>\n<meta name=\"twitter:label1\" content=\"Escrito por\" \/>\n\t<meta name=\"twitter:data1\" content=\"Redacci\u00f3n QP\" \/>\n\t<meta name=\"twitter:label2\" content=\"Tiempo de lectura\" \/>\n\t<meta name=\"twitter:data2\" content=\"3 minutos\" \/>\n<script type=\"application\/ld+json\" class=\"yoast-schema-graph\">{\"@context\":\"https:\\\/\\\/schema.org\",\"@graph\":[{\"@type\":\"Article\",\"@id\":\"https:\\\/\\\/quehacerpolitico.mx\\\/?p=11304#article\",\"isPartOf\":{\"@id\":\"https:\\\/\\\/quehacerpolitico.mx\\\/?p=11304\"},\"author\":{\"name\":\"Redacci\u00f3n QP\",\"@id\":\"https:\\\/\\\/quehacerpolitico.mx\\\/#\\\/schema\\\/person\\\/496d8ad2d1d3f8036101dca7ee39e585\"},\"headline\":\"Internacionales\\\/\\\/\\\/Carolina Alonso Romei\\\/\\\/\\\/Tras meses de tensiones, Trump despide a su jefe de gabinete\",\"datePublished\":\"2018-12-09T16:16:15+00:00\",\"mainEntityOfPage\":{\"@id\":\"https:\\\/\\\/quehacerpolitico.mx\\\/?p=11304\"},\"wordCount\":614,\"commentCount\":0,\"image\":{\"@id\":\"https:\\\/\\\/quehacerpolitico.mx\\\/?p=11304#primaryimage\"},\"thumbnailUrl\":\"\",\"articleSection\":[\"Internacionales\"],\"inLanguage\":\"es\",\"potentialAction\":[{\"@type\":\"CommentAction\",\"name\":\"Comment\",\"target\":[\"https:\\\/\\\/quehacerpolitico.mx\\\/?p=11304#respond\"]}]},{\"@type\":\"WebPage\",\"@id\":\"https:\\\/\\\/quehacerpolitico.mx\\\/?p=11304\",\"url\":\"https:\\\/\\\/quehacerpolitico.mx\\\/?p=11304\",\"name\":\"Internacionales\\\/\\\/\\\/Carolina Alonso Romei\\\/\\\/\\\/Tras meses de tensiones, Trump despide a su jefe de gabinete -\",\"isPartOf\":{\"@id\":\"https:\\\/\\\/quehacerpolitico.mx\\\/#website\"},\"primaryImageOfPage\":{\"@id\":\"https:\\\/\\\/quehacerpolitico.mx\\\/?p=11304#primaryimage\"},\"image\":{\"@id\":\"https:\\\/\\\/quehacerpolitico.mx\\\/?p=11304#primaryimage\"},\"thumbnailUrl\":\"\",\"datePublished\":\"2018-12-09T16:16:15+00:00\",\"author\":{\"@id\":\"https:\\\/\\\/quehacerpolitico.mx\\\/#\\\/schema\\\/person\\\/496d8ad2d1d3f8036101dca7ee39e585\"},\"breadcrumb\":{\"@id\":\"https:\\\/\\\/quehacerpolitico.mx\\\/?p=11304#breadcrumb\"},\"inLanguage\":\"es\",\"potentialAction\":[{\"@type\":\"ReadAction\",\"target\":[\"https:\\\/\\\/quehacerpolitico.mx\\\/?p=11304\"]}]},{\"@type\":\"ImageObject\",\"inLanguage\":\"es\",\"@id\":\"https:\\\/\\\/quehacerpolitico.mx\\\/?p=11304#primaryimage\",\"url\":\"\",\"contentUrl\":\"\"},{\"@type\":\"BreadcrumbList\",\"@id\":\"https:\\\/\\\/quehacerpolitico.mx\\\/?p=11304#breadcrumb\",\"itemListElement\":[{\"@type\":\"ListItem\",\"position\":1,\"name\":\"Inicio\",\"item\":\"https:\\\/\\\/quehacerpolitico.mx\\\/\"},{\"@type\":\"ListItem\",\"position\":2,\"name\":\"Internacionales\\\/\\\/\\\/Carolina Alonso Romei\\\/\\\/\\\/Tras meses de tensiones, Trump despide a su jefe de gabinete\"}]},{\"@type\":\"WebSite\",\"@id\":\"https:\\\/\\\/quehacerpolitico.mx\\\/#website\",\"url\":\"https:\\\/\\\/quehacerpolitico.mx\\\/\",\"name\":\"\",\"description\":\"\",\"potentialAction\":[{\"@type\":\"SearchAction\",\"target\":{\"@type\":\"EntryPoint\",\"urlTemplate\":\"https:\\\/\\\/quehacerpolitico.mx\\\/?s={search_term_string}\"},\"query-input\":{\"@type\":\"PropertyValueSpecification\",\"valueRequired\":true,\"valueName\":\"search_term_string\"}}],\"inLanguage\":\"es\"},{\"@type\":\"Person\",\"@id\":\"https:\\\/\\\/quehacerpolitico.mx\\\/#\\\/schema\\\/person\\\/496d8ad2d1d3f8036101dca7ee39e585\",\"name\":\"Redacci\u00f3n QP\",\"image\":{\"@type\":\"ImageObject\",\"inLanguage\":\"es\",\"@id\":\"https:\\\/\\\/secure.gravatar.com\\\/avatar\\\/c7164ed6fdec453195284ad24a5ae5b6e1eed2b848477fa2a4787ba9adf39a41?s=96&d=mm&r=g\",\"url\":\"https:\\\/\\\/secure.gravatar.com\\\/avatar\\\/c7164ed6fdec453195284ad24a5ae5b6e1eed2b848477fa2a4787ba9adf39a41?s=96&d=mm&r=g\",\"contentUrl\":\"https:\\\/\\\/secure.gravatar.com\\\/avatar\\\/c7164ed6fdec453195284ad24a5ae5b6e1eed2b848477fa2a4787ba9adf39a41?s=96&d=mm&r=g\",\"caption\":\"Redacci\u00f3n QP\"},\"url\":\"https:\\\/\\\/quehacerpolitico.mx\\\/?author=2\"}]}<\/script>\n<!-- \/ Yoast SEO plugin. -->","yoast_head_json":{"title":"Internacionales\/\/\/Carolina Alonso Romei\/\/\/Tras meses de tensiones, Trump despide a su jefe de gabinete -","robots":{"index":"index","follow":"follow","max-snippet":"max-snippet:-1","max-image-preview":"max-image-preview:large","max-video-preview":"max-video-preview:-1"},"canonical":"https:\/\/quehacerpolitico.mx\/?p=11304","og_locale":"es_MX","og_type":"article","og_title":"Internacionales\/\/\/Carolina Alonso Romei\/\/\/Tras meses de tensiones, Trump despide a su jefe de gabinete -","og_description":"Tras meses de tensiones, Trump despide a su jefe de gabinete Por Carolina Alonso Romei Internacionalista","og_url":"https:\/\/quehacerpolitico.mx\/?p=11304","article_published_time":"2018-12-09T16:16:15+00:00","author":"Redacci\u00f3n QP","twitter_card":"summary_large_image","twitter_misc":{"Escrito por":"Redacci\u00f3n QP","Tiempo de lectura":"3 minutos"},"schema":{"@context":"https:\/\/schema.org","@graph":[{"@type":"Article","@id":"https:\/\/quehacerpolitico.mx\/?p=11304#article","isPartOf":{"@id":"https:\/\/quehacerpolitico.mx\/?p=11304"},"author":{"name":"Redacci\u00f3n QP","@id":"https:\/\/quehacerpolitico.mx\/#\/schema\/person\/496d8ad2d1d3f8036101dca7ee39e585"},"headline":"Internacionales\/\/\/Carolina Alonso Romei\/\/\/Tras meses de tensiones, Trump despide a su jefe de gabinete","datePublished":"2018-12-09T16:16:15+00:00","mainEntityOfPage":{"@id":"https:\/\/quehacerpolitico.mx\/?p=11304"},"wordCount":614,"commentCount":0,"image":{"@id":"https:\/\/quehacerpolitico.mx\/?p=11304#primaryimage"},"thumbnailUrl":"","articleSection":["Internacionales"],"inLanguage":"es","potentialAction":[{"@type":"CommentAction","name":"Comment","target":["https:\/\/quehacerpolitico.mx\/?p=11304#respond"]}]},{"@type":"WebPage","@id":"https:\/\/quehacerpolitico.mx\/?p=11304","url":"https:\/\/quehacerpolitico.mx\/?p=11304","name":"Internacionales\/\/\/Carolina Alonso Romei\/\/\/Tras meses de tensiones, Trump despide a su jefe de gabinete -","isPartOf":{"@id":"https:\/\/quehacerpolitico.mx\/#website"},"primaryImageOfPage":{"@id":"https:\/\/quehacerpolitico.mx\/?p=11304#primaryimage"},"image":{"@id":"https:\/\/quehacerpolitico.mx\/?p=11304#primaryimage"},"thumbnailUrl":"","datePublished":"2018-12-09T16:16:15+00:00","author":{"@id":"https:\/\/quehacerpolitico.mx\/#\/schema\/person\/496d8ad2d1d3f8036101dca7ee39e585"},"breadcrumb":{"@id":"https:\/\/quehacerpolitico.mx\/?p=11304#breadcrumb"},"inLanguage":"es","potentialAction":[{"@type":"ReadAction","target":["https:\/\/quehacerpolitico.mx\/?p=11304"]}]},{"@type":"ImageObject","inLanguage":"es","@id":"https:\/\/quehacerpolitico.mx\/?p=11304#primaryimage","url":"","contentUrl":""},{"@type":"BreadcrumbList","@id":"https:\/\/quehacerpolitico.mx\/?p=11304#breadcrumb","itemListElement":[{"@type":"ListItem","position":1,"name":"Inicio","item":"https:\/\/quehacerpolitico.mx\/"},{"@type":"ListItem","position":2,"name":"Internacionales\/\/\/Carolina Alonso Romei\/\/\/Tras meses de tensiones, Trump despide a su jefe de gabinete"}]},{"@type":"WebSite","@id":"https:\/\/quehacerpolitico.mx\/#website","url":"https:\/\/quehacerpolitico.mx\/","name":"","description":"","potentialAction":[{"@type":"SearchAction","target":{"@type":"EntryPoint","urlTemplate":"https:\/\/quehacerpolitico.mx\/?s={search_term_string}"},"query-input":{"@type":"PropertyValueSpecification","valueRequired":true,"valueName":"search_term_string"}}],"inLanguage":"es"},{"@type":"Person","@id":"https:\/\/quehacerpolitico.mx\/#\/schema\/person\/496d8ad2d1d3f8036101dca7ee39e585","name":"Redacci\u00f3n QP","image":{"@type":"ImageObject","inLanguage":"es","@id":"https:\/\/secure.gravatar.com\/avatar\/c7164ed6fdec453195284ad24a5ae5b6e1eed2b848477fa2a4787ba9adf39a41?s=96&d=mm&r=g","url":"https:\/\/secure.gravatar.com\/avatar\/c7164ed6fdec453195284ad24a5ae5b6e1eed2b848477fa2a4787ba9adf39a41?s=96&d=mm&r=g","contentUrl":"https:\/\/secure.gravatar.com\/avatar\/c7164ed6fdec453195284ad24a5ae5b6e1eed2b848477fa2a4787ba9adf39a41?s=96&d=mm&r=g","caption":"Redacci\u00f3n QP"},"url":"https:\/\/quehacerpolitico.mx\/?author=2"}]}},"featured_image_urls":{"full":"","thumbnail":"","medium":"","medium_large":"","large":"","1536x1536":"","2048x2048":"","covernews-featured":"","covernews-medium":""},"author_info":{"display_name":"Redacci\u00f3n QP","author_link":"https:\/\/quehacerpolitico.mx\/?author=2"},"category_info":"<a href=\"https:\/\/quehacerpolitico.mx\/?cat=1\" rel=\"category\">Internacionales<\/a>","tag_info":"Internacionales","comment_count":"0","_links":{"self":[{"href":"https:\/\/quehacerpolitico.mx\/index.php?rest_route=\/wp\/v2\/posts\/11304","targetHints":{"allow":["GET"]}}],"collection":[{"href":"https:\/\/quehacerpolitico.mx\/index.php?rest_route=\/wp\/v2\/posts"}],"about":[{"href":"https:\/\/quehacerpolitico.mx\/index.php?rest_route=\/wp\/v2\/types\/post"}],"author":[{"embeddable":true,"href":"https:\/\/quehacerpolitico.mx\/index.php?rest_route=\/wp\/v2\/users\/2"}],"replies":[{"embeddable":true,"href":"https:\/\/quehacerpolitico.mx\/index.php?rest_route=%2Fwp%2Fv2%2Fcomments&post=11304"}],"version-history":[{"count":0,"href":"https:\/\/quehacerpolitico.mx\/index.php?rest_route=\/wp\/v2\/posts\/11304\/revisions"}],"wp:featuredmedia":[{"embeddable":true,"href":"https:\/\/quehacerpolitico.mx\/index.php?rest_route=\/"}],"wp:attachment":[{"href":"https:\/\/quehacerpolitico.mx\/index.php?rest_route=%2Fwp%2Fv2%2Fmedia&parent=11304"}],"wp:term":[{"taxonomy":"category","embeddable":true,"href":"https:\/\/quehacerpolitico.mx\/index.php?rest_route=%2Fwp%2Fv2%2Fcategories&post=11304"},{"taxonomy":"post_tag","embeddable":true,"href":"https:\/\/quehacerpolitico.mx\/index.php?rest_route=%2Fwp%2Fv2%2Ftags&post=11304"}],"curies":[{"name":"wp","href":"https:\/\/api.w.org\/{rel}","templated":true}]}}