{"id":11302,"date":"2018-12-09T16:03:27","date_gmt":"2018-12-09T16:03:27","guid":{"rendered":"http:\/\/quehacerpolitico.mx\/lopez-obrador-anuncia-una-auditoria-en-la-cfe\/"},"modified":"2018-12-09T16:03:27","modified_gmt":"2018-12-09T16:03:27","slug":"lopez-obrador-anuncia-una-auditoria-en-la-cfe","status":"publish","type":"post","link":"https:\/\/quehacerpolitico.mx\/?p=11302","title":{"rendered":"L\u00f3pez Obrador anuncia una auditor\u00eda en la CFE"},"content":{"rendered":"<h1 class=\"news-title\">L\u00f3pez Obrador anuncia una auditor\u00eda en la CFE<\/h1>\n<p>Por Redacci\u00f3n QP<\/p>\n<header class=\"news-header\">\n<div class=\"news-subtitle\">\n<p>Una meticulosa revisi\u00f3n de la CFE,\u00a0 la construcci\u00f3n de una refiner\u00eda e inversi\u00f3n en energ\u00eda limpia son los puntos en materia energ\u00e9tica del nuevo gobierno<\/p>\n<\/div>\n<\/header>\n<div class=\"news-content\">\n<div class=\"news-body row\">\n<p>El Presidente Andr\u00e9s Manuel L\u00f3pez Obrador (AMLO) present\u00f3 el Programa Nacional de Electricidad en Chiapas, donde detall\u00f3 que la propuesta para generar m\u00e1s energ\u00eda de ese tipo es, primero, acabar con la corrupci\u00f3n mediante una auditor\u00eda a la Comisi\u00f3n Federal de Electricidad (CFE).<\/p>\n<p><strong>L\u00f3pez Obrador asegur\u00f3 que fue debido a que el \u201cneoliberalismo signific\u00f3 un programa de desmantelamiento de la Comisi\u00f3n Federal de Electricidad, de cerrar las plantas p\u00fablicas, para darle preferencia a las empresas extranjeras que venden la energ\u00eda el\u00e9ctrica\u201d.<\/strong><\/p>\n<div id=\"div-pos-2\">Se\u00f1al\u00f3 que \u201cese es el meollo\u201d del problema para el mercado que comenz\u00f3, agreg\u00f3, desde la reforma a una ley secundaria en 1992. \u201cEmpezaron a entregar las concesiones a empresas particulares y \u00e9ramos entonces autosuficentes, y ahora se tiene que comprar la mitad de la energ\u00eda el\u00e9ctrica que se consume a precios elevad\u00edsimos\u201d.<\/div>\n<p><strong>\u201cMuchos piensan, y de esto no se habla lo suficiente, de que el subsidio es para el consumidor. No, se est\u00e1 subsidiando a las empresas particulares y esto no sucede en ninguna parte del mundo. Una cosa es comprarles energ\u00eda y otra cosa es que adem\u00e1s de comprarles la energ\u00eda a precio de mercado se les d\u00e9 un subsidio. Eso no, eso se va terminar\u201d, afirm\u00f3 y agreg\u00f3 que ante esto corresponder\u00e1 a los directivos y t\u00e9cnicos de la CFE hacer una auditor\u00eda t\u00e9cnica y administrativa a ese organismo.<\/strong><\/p>\n<p>Asegur\u00f3 que con el fortalecimiento de la CFE se impulsar\u00e1 la generaci\u00f3n de energ\u00eda, lo que resultar\u00e1 en beneficio de los consumidores del pa\u00eds y reiter\u00f3 su cr\u00edtica al modelo neoliberal, pero sostuvo: \u201cCon lo que nos dejaron vamos a rescatar al pa\u00eds\u201d.<\/p>\n<h4>Dependencia para rato<\/h4>\n<p>El Mandatario reconoci\u00f3 que en el corto plazo no podr\u00e1 revertirse la dependencia de la compra de energ\u00eda el\u00e9ctrica, pero se debe elaborar un plan para ir hacia la autosuficiencia, como era antes cuando CFE era una empresa ejemplar que abastec\u00eda a todo el pa\u00eds.<\/p>\n<p>\u201cEso es lo que tenemos qu\u00e9 pensar. Y en el proceso, en el camino, se va generando la competencia para que as\u00ed a quienes se les compra la energ\u00eda tambi\u00e9n se les diga: nosotros tambi\u00e9n estamos produciendo y somos eficientes y vamos a competir en buena lid y nos tienes que bajar los precios, y los consumidores van a ganar con esta pol\u00edtica que vamos a llevar a cabo\u201d, de fortalecer a la Comisi\u00f3n, apunt\u00f3 en Chiapas.<\/p>\n<h4>Energ\u00eda limpia<\/h4>\n<p>El Presidente Andr\u00e9s Manuel L\u00f3pez Obrador asegur\u00f3 que se modernizar\u00e1n las hidroel\u00e9ctricas del pa\u00eds y se producir\u00e1 energ\u00eda limpia, ya que ser\u00eda \u201cmuy dif\u00edcil, muy complejo, estar pensando en construir nuevas\u201d, enfatiz\u00f3.<\/p>\n<p>Apost\u00f3 a la modernizaci\u00f3n de esas plantas y que se frene el desmantelamiento de la Comisi\u00f3n Federal de Electricidad. <strong>\u201cNo se va cerrar una sola planta m\u00e1s, se acaba la pol\u00edtica de estar cerrando las plantas de generaci\u00f3n de energ\u00eda el\u00e9ctrica. Tambi\u00e9n si hay competencia, libre mercado, que quienes se encargan de la distribuci\u00f3n de la energ\u00eda act\u00faen con rectitud, parejo\u201d.<\/strong><\/p>\n<h3>Van por m\u00e1s producci\u00f3n y fibra \u00f3ptica<\/h3>\n<div>\n<figure class=\"image\"><img decoding=\"async\" title=\"\" src=\"https:\/\/www.informador.mx\/export\/sites\/elinformador\/img\/2018\/12\/09\/rs1068529__mgl7787.jpg_347421144.jpg\" alt=\"\" hspace=\"5\" vspace=\"5\" data-height=\"466\" data-size=\"w:4896,h:3264\" data-width=\"700\" \/><figcaption>Entre los planes que se tienen para la CFE, est\u00e1 sacar provecho de la red de 47 mil kil\u00f3metros de fibra \u00f3ptica que ya hay por el territorio nacional<\/figcaption><\/figure>\n<\/div>\n<p>La Comisi\u00f3n Federal de Electricidad (CFE) fortalecer\u00e1 su capacidad de inversi\u00f3n para frenar la compra creciente de energ\u00eda y producir la propia, <strong>adem\u00e1s de que se utilizar\u00e1n los 47 mil kil\u00f3metros ya instalados de fibra \u00f3ptica, anunci\u00f3 su director general Manuel Bartlett.<\/strong><\/p>\n<p>En el marco de la presentaci\u00f3n del Programa Nacional de Electricidad en la Central Hidroel\u00e9ctrica de Malpaso, expuso que este a\u00f1o, con el \u201ccambio de r\u00e9gimen pol\u00edtico\u201d, esa empresa se apresta a superar la situaci\u00f3n de abandono y falta de dinamismo en la que se encuentra.<\/p>\n<p>Ante las dificultades financieras, \u201ccon esfuerzos extraordinarios de eficiencia y austeridad la CFE fortalecer\u00e1 su capacidad de inversi\u00f3n para frenar la compra creciente de electricidad y producir la propia\u201d, explic\u00f3.<\/p>\n<p><strong>Adem\u00e1s se utilizar\u00e1n los 47 mil kil\u00f3metros ya instalados de fibra \u00f3ptica conducida por las redes de transmisi\u00f3n y distribuci\u00f3n, \u201csistemas que ustedes han desarrollado; es sabido que el sistema de transmisi\u00f3n y de distribuci\u00f3n es una joya y no se tiene en ninguna otra parte del mund<\/strong>o\u201d.<\/p>\n<h3>Inicia construcci\u00f3n de la refiner\u00eda en el Puerto Dos Bocas<\/h3>\n<div>\n<figure class=\"image\"><img decoding=\"async\" title=\"\" src=\"https:\/\/www.informador.mx\/export\/sites\/elinformador\/img\/2018\/12\/09\/rs390083_59869807.jpg_563170562.jpg\" alt=\"\" hspace=\"5\" vspace=\"5\" data-height=\"570\" data-size=\"w:1068,h:870\" data-width=\"700\" \/><figcaption>La obra tendr\u00e1 una inversi\u00f3n aproximada de 155 mil millones de pesos ( MDP). ARCHIVO \/ PEMEX<\/figcaption><\/figure>\n<\/div>\n<p><strong>Con una inversi\u00f3n de 155 mil millones de pesos (MDP), se prev\u00e9 que hoy el Presidente Andr\u00e9s Manuel L\u00f3pez Obrador coloque la primera piedra para que inicie la construcci\u00f3n de la refiner\u00eda en el Puerto de Dos Bocas<\/strong>, su primer gran proyecto anunciado para la tierra de donde es originario.<\/p>\n<p>De acuerdo con el gobernador Arturo N\u00fa\u00f1ez Jim\u00e9nez, en el arranque de esa obra estar\u00e1n los mandatarios estatales donde hay actividad petrolera, entre ellos los de Chiapas, Campeche, Veracruz, Tamaulipas e Hidalgo, porque ser\u00e1 tambi\u00e9n desde Tabasco donde se d\u00e9 el banderazo inicial a la reactivaci\u00f3n de esa industria.<\/p>\n<p><strong>\u201cEl Presidente vendr\u00e1 a poner la primera piedra de la refiner\u00eda y est\u00e1n convocados los gobernadores de los seis estados donde hay refiner\u00edas; el gobernador de Campeche, donde est\u00e1 la sede de la direcci\u00f3n general de Pemex, para juntos arrancar este proyecto importante que ayudar\u00e1 mucho a la reconstituci\u00f3n de la econom\u00eda tabasque\u00f1a\u201d, inform\u00f3.<\/strong><\/p>\n<p>El mandatario electo, Ad\u00e1n Augusto L\u00f3pez Hern\u00e1ndez, se\u00f1al\u00f3 que pese a que hay voces dentro y fuera del Estado que se han opuesto a ese proyecto, no se detendr\u00e1, incluso revel\u00f3 que ya hay empresas que han levantado la mano para participar en la licitaci\u00f3n, entre ellas: ICA Fluor Daniel, Bechtel, adem\u00e1s de coreanas y europeas.<\/p>\n<p><strong>L\u00f3pez Hern\u00e1ndez precis\u00f3 que en este mes se estar\u00edan licitando las primeras obras de esta refiner\u00eda que se ubicar\u00e1 en un \u00e1rea de 600 hect\u00e1reas en el Puerto de Dos Bocas.<\/strong><\/p>\n<\/div>\n<\/div>\n","protected":false},"excerpt":{"rendered":"<p>L\u00f3pez Obrador anuncia una auditor\u00eda en la CFE<br \/>\nPor Redacci\u00f3n QP<\/p>\n","protected":false},"author":2,"featured_media":11301,"comment_status":"open","ping_status":"open","sticky":false,"template":"","format":"standard","meta":{"_monsterinsights_skip_tracking":false,"_monsterinsights_sitenote_active":false,"_monsterinsights_sitenote_note":"","_monsterinsights_sitenote_category":0,"footnotes":""},"categories":[2],"tags":[],"class_list":["post-11302","post","type-post","status-publish","format-standard","has-post-thumbnail","hentry","category-noticias"],"yoast_head":"<!-- This site is optimized with the Yoast SEO plugin v27.3 - https:\/\/yoast.com\/product\/yoast-seo-wordpress\/ -->\n<title>L\u00f3pez Obrador anuncia una auditor\u00eda en la CFE -<\/title>\n<meta name=\"robots\" content=\"index, follow, max-snippet:-1, max-image-preview:large, max-video-preview:-1\" \/>\n<link rel=\"canonical\" href=\"https:\/\/quehacerpolitico.mx\/?p=11302\" \/>\n<meta property=\"og:locale\" content=\"es_MX\" \/>\n<meta property=\"og:type\" content=\"article\" \/>\n<meta property=\"og:title\" content=\"L\u00f3pez Obrador anuncia una auditor\u00eda en la CFE -\" \/>\n<meta property=\"og:description\" content=\"L\u00f3pez Obrador anuncia una auditor\u00eda en la CFE Por Redacci\u00f3n QP\" \/>\n<meta property=\"og:url\" content=\"https:\/\/quehacerpolitico.mx\/?p=11302\" \/>\n<meta property=\"article:published_time\" content=\"2018-12-09T16:03:27+00:00\" \/>\n<meta name=\"author\" content=\"Redacci\u00f3n QP\" \/>\n<meta name=\"twitter:card\" content=\"summary_large_image\" \/>\n<meta name=\"twitter:label1\" content=\"Escrito por\" \/>\n\t<meta name=\"twitter:data1\" content=\"Redacci\u00f3n QP\" \/>\n\t<meta name=\"twitter:label2\" content=\"Tiempo de lectura\" \/>\n\t<meta name=\"twitter:data2\" content=\"5 minutos\" \/>\n<script type=\"application\/ld+json\" class=\"yoast-schema-graph\">{\"@context\":\"https:\\\/\\\/schema.org\",\"@graph\":[{\"@type\":\"Article\",\"@id\":\"https:\\\/\\\/quehacerpolitico.mx\\\/?p=11302#article\",\"isPartOf\":{\"@id\":\"https:\\\/\\\/quehacerpolitico.mx\\\/?p=11302\"},\"author\":{\"name\":\"Redacci\u00f3n QP\",\"@id\":\"https:\\\/\\\/quehacerpolitico.mx\\\/#\\\/schema\\\/person\\\/496d8ad2d1d3f8036101dca7ee39e585\"},\"headline\":\"L\u00f3pez Obrador anuncia una auditor\u00eda en la CFE\",\"datePublished\":\"2018-12-09T16:03:27+00:00\",\"mainEntityOfPage\":{\"@id\":\"https:\\\/\\\/quehacerpolitico.mx\\\/?p=11302\"},\"wordCount\":1111,\"commentCount\":0,\"image\":{\"@id\":\"https:\\\/\\\/quehacerpolitico.mx\\\/?p=11302#primaryimage\"},\"thumbnailUrl\":\"\",\"articleSection\":[\"Noticias\"],\"inLanguage\":\"es\",\"potentialAction\":[{\"@type\":\"CommentAction\",\"name\":\"Comment\",\"target\":[\"https:\\\/\\\/quehacerpolitico.mx\\\/?p=11302#respond\"]}]},{\"@type\":\"WebPage\",\"@id\":\"https:\\\/\\\/quehacerpolitico.mx\\\/?p=11302\",\"url\":\"https:\\\/\\\/quehacerpolitico.mx\\\/?p=11302\",\"name\":\"L\u00f3pez Obrador anuncia una auditor\u00eda en la CFE -\",\"isPartOf\":{\"@id\":\"https:\\\/\\\/quehacerpolitico.mx\\\/#website\"},\"primaryImageOfPage\":{\"@id\":\"https:\\\/\\\/quehacerpolitico.mx\\\/?p=11302#primaryimage\"},\"image\":{\"@id\":\"https:\\\/\\\/quehacerpolitico.mx\\\/?p=11302#primaryimage\"},\"thumbnailUrl\":\"\",\"datePublished\":\"2018-12-09T16:03:27+00:00\",\"author\":{\"@id\":\"https:\\\/\\\/quehacerpolitico.mx\\\/#\\\/schema\\\/person\\\/496d8ad2d1d3f8036101dca7ee39e585\"},\"breadcrumb\":{\"@id\":\"https:\\\/\\\/quehacerpolitico.mx\\\/?p=11302#breadcrumb\"},\"inLanguage\":\"es\",\"potentialAction\":[{\"@type\":\"ReadAction\",\"target\":[\"https:\\\/\\\/quehacerpolitico.mx\\\/?p=11302\"]}]},{\"@type\":\"ImageObject\",\"inLanguage\":\"es\",\"@id\":\"https:\\\/\\\/quehacerpolitico.mx\\\/?p=11302#primaryimage\",\"url\":\"\",\"contentUrl\":\"\"},{\"@type\":\"BreadcrumbList\",\"@id\":\"https:\\\/\\\/quehacerpolitico.mx\\\/?p=11302#breadcrumb\",\"itemListElement\":[{\"@type\":\"ListItem\",\"position\":1,\"name\":\"Inicio\",\"item\":\"https:\\\/\\\/quehacerpolitico.mx\\\/\"},{\"@type\":\"ListItem\",\"position\":2,\"name\":\"L\u00f3pez Obrador anuncia una auditor\u00eda en la CFE\"}]},{\"@type\":\"WebSite\",\"@id\":\"https:\\\/\\\/quehacerpolitico.mx\\\/#website\",\"url\":\"https:\\\/\\\/quehacerpolitico.mx\\\/\",\"name\":\"\",\"description\":\"\",\"potentialAction\":[{\"@type\":\"SearchAction\",\"target\":{\"@type\":\"EntryPoint\",\"urlTemplate\":\"https:\\\/\\\/quehacerpolitico.mx\\\/?s={search_term_string}\"},\"query-input\":{\"@type\":\"PropertyValueSpecification\",\"valueRequired\":true,\"valueName\":\"search_term_string\"}}],\"inLanguage\":\"es\"},{\"@type\":\"Person\",\"@id\":\"https:\\\/\\\/quehacerpolitico.mx\\\/#\\\/schema\\\/person\\\/496d8ad2d1d3f8036101dca7ee39e585\",\"name\":\"Redacci\u00f3n QP\",\"image\":{\"@type\":\"ImageObject\",\"inLanguage\":\"es\",\"@id\":\"https:\\\/\\\/secure.gravatar.com\\\/avatar\\\/c7164ed6fdec453195284ad24a5ae5b6e1eed2b848477fa2a4787ba9adf39a41?s=96&d=mm&r=g\",\"url\":\"https:\\\/\\\/secure.gravatar.com\\\/avatar\\\/c7164ed6fdec453195284ad24a5ae5b6e1eed2b848477fa2a4787ba9adf39a41?s=96&d=mm&r=g\",\"contentUrl\":\"https:\\\/\\\/secure.gravatar.com\\\/avatar\\\/c7164ed6fdec453195284ad24a5ae5b6e1eed2b848477fa2a4787ba9adf39a41?s=96&d=mm&r=g\",\"caption\":\"Redacci\u00f3n QP\"},\"url\":\"https:\\\/\\\/quehacerpolitico.mx\\\/?author=2\"}]}<\/script>\n<!-- \/ Yoast SEO plugin. -->","yoast_head_json":{"title":"L\u00f3pez Obrador anuncia una auditor\u00eda en la CFE -","robots":{"index":"index","follow":"follow","max-snippet":"max-snippet:-1","max-image-preview":"max-image-preview:large","max-video-preview":"max-video-preview:-1"},"canonical":"https:\/\/quehacerpolitico.mx\/?p=11302","og_locale":"es_MX","og_type":"article","og_title":"L\u00f3pez Obrador anuncia una auditor\u00eda en la CFE -","og_description":"L\u00f3pez Obrador anuncia una auditor\u00eda en la CFE Por Redacci\u00f3n QP","og_url":"https:\/\/quehacerpolitico.mx\/?p=11302","article_published_time":"2018-12-09T16:03:27+00:00","author":"Redacci\u00f3n QP","twitter_card":"summary_large_image","twitter_misc":{"Escrito por":"Redacci\u00f3n QP","Tiempo de lectura":"5 minutos"},"schema":{"@context":"https:\/\/schema.org","@graph":[{"@type":"Article","@id":"https:\/\/quehacerpolitico.mx\/?p=11302#article","isPartOf":{"@id":"https:\/\/quehacerpolitico.mx\/?p=11302"},"author":{"name":"Redacci\u00f3n QP","@id":"https:\/\/quehacerpolitico.mx\/#\/schema\/person\/496d8ad2d1d3f8036101dca7ee39e585"},"headline":"L\u00f3pez Obrador anuncia una auditor\u00eda en la CFE","datePublished":"2018-12-09T16:03:27+00:00","mainEntityOfPage":{"@id":"https:\/\/quehacerpolitico.mx\/?p=11302"},"wordCount":1111,"commentCount":0,"image":{"@id":"https:\/\/quehacerpolitico.mx\/?p=11302#primaryimage"},"thumbnailUrl":"","articleSection":["Noticias"],"inLanguage":"es","potentialAction":[{"@type":"CommentAction","name":"Comment","target":["https:\/\/quehacerpolitico.mx\/?p=11302#respond"]}]},{"@type":"WebPage","@id":"https:\/\/quehacerpolitico.mx\/?p=11302","url":"https:\/\/quehacerpolitico.mx\/?p=11302","name":"L\u00f3pez Obrador anuncia una auditor\u00eda en la CFE -","isPartOf":{"@id":"https:\/\/quehacerpolitico.mx\/#website"},"primaryImageOfPage":{"@id":"https:\/\/quehacerpolitico.mx\/?p=11302#primaryimage"},"image":{"@id":"https:\/\/quehacerpolitico.mx\/?p=11302#primaryimage"},"thumbnailUrl":"","datePublished":"2018-12-09T16:03:27+00:00","author":{"@id":"https:\/\/quehacerpolitico.mx\/#\/schema\/person\/496d8ad2d1d3f8036101dca7ee39e585"},"breadcrumb":{"@id":"https:\/\/quehacerpolitico.mx\/?p=11302#breadcrumb"},"inLanguage":"es","potentialAction":[{"@type":"ReadAction","target":["https:\/\/quehacerpolitico.mx\/?p=11302"]}]},{"@type":"ImageObject","inLanguage":"es","@id":"https:\/\/quehacerpolitico.mx\/?p=11302#primaryimage","url":"","contentUrl":""},{"@type":"BreadcrumbList","@id":"https:\/\/quehacerpolitico.mx\/?p=11302#breadcrumb","itemListElement":[{"@type":"ListItem","position":1,"name":"Inicio","item":"https:\/\/quehacerpolitico.mx\/"},{"@type":"ListItem","position":2,"name":"L\u00f3pez Obrador anuncia una auditor\u00eda en la CFE"}]},{"@type":"WebSite","@id":"https:\/\/quehacerpolitico.mx\/#website","url":"https:\/\/quehacerpolitico.mx\/","name":"","description":"","potentialAction":[{"@type":"SearchAction","target":{"@type":"EntryPoint","urlTemplate":"https:\/\/quehacerpolitico.mx\/?s={search_term_string}"},"query-input":{"@type":"PropertyValueSpecification","valueRequired":true,"valueName":"search_term_string"}}],"inLanguage":"es"},{"@type":"Person","@id":"https:\/\/quehacerpolitico.mx\/#\/schema\/person\/496d8ad2d1d3f8036101dca7ee39e585","name":"Redacci\u00f3n QP","image":{"@type":"ImageObject","inLanguage":"es","@id":"https:\/\/secure.gravatar.com\/avatar\/c7164ed6fdec453195284ad24a5ae5b6e1eed2b848477fa2a4787ba9adf39a41?s=96&d=mm&r=g","url":"https:\/\/secure.gravatar.com\/avatar\/c7164ed6fdec453195284ad24a5ae5b6e1eed2b848477fa2a4787ba9adf39a41?s=96&d=mm&r=g","contentUrl":"https:\/\/secure.gravatar.com\/avatar\/c7164ed6fdec453195284ad24a5ae5b6e1eed2b848477fa2a4787ba9adf39a41?s=96&d=mm&r=g","caption":"Redacci\u00f3n QP"},"url":"https:\/\/quehacerpolitico.mx\/?author=2"}]}},"featured_image_urls":{"full":"","thumbnail":"","medium":"","medium_large":"","large":"","1536x1536":"","2048x2048":"","covernews-featured":"","covernews-medium":""},"author_info":{"display_name":"Redacci\u00f3n QP","author_link":"https:\/\/quehacerpolitico.mx\/?author=2"},"category_info":"<a href=\"https:\/\/quehacerpolitico.mx\/?cat=2\" rel=\"category\">Noticias<\/a>","tag_info":"Noticias","comment_count":"0","_links":{"self":[{"href":"https:\/\/quehacerpolitico.mx\/index.php?rest_route=\/wp\/v2\/posts\/11302","targetHints":{"allow":["GET"]}}],"collection":[{"href":"https:\/\/quehacerpolitico.mx\/index.php?rest_route=\/wp\/v2\/posts"}],"about":[{"href":"https:\/\/quehacerpolitico.mx\/index.php?rest_route=\/wp\/v2\/types\/post"}],"author":[{"embeddable":true,"href":"https:\/\/quehacerpolitico.mx\/index.php?rest_route=\/wp\/v2\/users\/2"}],"replies":[{"embeddable":true,"href":"https:\/\/quehacerpolitico.mx\/index.php?rest_route=%2Fwp%2Fv2%2Fcomments&post=11302"}],"version-history":[{"count":0,"href":"https:\/\/quehacerpolitico.mx\/index.php?rest_route=\/wp\/v2\/posts\/11302\/revisions"}],"wp:featuredmedia":[{"embeddable":true,"href":"https:\/\/quehacerpolitico.mx\/index.php?rest_route=\/"}],"wp:attachment":[{"href":"https:\/\/quehacerpolitico.mx\/index.php?rest_route=%2Fwp%2Fv2%2Fmedia&parent=11302"}],"wp:term":[{"taxonomy":"category","embeddable":true,"href":"https:\/\/quehacerpolitico.mx\/index.php?rest_route=%2Fwp%2Fv2%2Fcategories&post=11302"},{"taxonomy":"post_tag","embeddable":true,"href":"https:\/\/quehacerpolitico.mx\/index.php?rest_route=%2Fwp%2Fv2%2Ftags&post=11302"}],"curies":[{"name":"wp","href":"https:\/\/api.w.org\/{rel}","templated":true}]}}