{"id":11300,"date":"2018-12-09T15:56:46","date_gmt":"2018-12-09T15:56:46","guid":{"rendered":"http:\/\/quehacerpolitico.mx\/teleton-supera-meta-al-recaudar-mas-de-367-millones-de-pesos\/"},"modified":"2018-12-09T15:56:46","modified_gmt":"2018-12-09T15:56:46","slug":"teleton-supera-meta-al-recaudar-mas-de-367-millones-de-pesos","status":"publish","type":"post","link":"https:\/\/quehacerpolitico.mx\/?p=11300","title":{"rendered":"Telet\u00f3n supera meta al recaudar m\u00e1s de 367 millones de pesos"},"content":{"rendered":"<h1 class=\"news-title\">Telet\u00f3n supera meta al recaudar m\u00e1s de 367 millones de pesos<\/h1>\n<p>Por Redacci\u00f3n QP<\/p>\n<header class=\"news-header\">\n<div class=\"news-subtitle\">\n<p>Lo recaudado en este a\u00f1o permitir\u00e1 la atenci\u00f3n de 27 mil ni\u00f1os con discapacidad<\/p>\n<\/div>\n<\/header>\n<div class=\"news-content\">\n<div class=\"news-body row\">\n<p>En un ambiente festivo en el CRIT Estado de M\u00e9xico, el presidente de la Fundaci\u00f3n Telet\u00f3n M\u00e9xico, Fernando Landeros, anunci\u00f3 que se super\u00f3 la meta de 2018 al recaudar 367 millones 190 mil 205 pesos.<\/p>\n<p>Los asistentes en el Centro de Rehabilitaci\u00f3n e Inclusi\u00f3n Infantil Telet\u00f3n estallaron en j\u00fabilo al darse a conocer que, con la suma de contribuciones de millones de mexicanos, <strong>la meta de 364 millones 097 mil 181 pesos, alcanzada en la emisi\u00f3n pasada, se super\u00f3 a la 1:45 horas de este domingo<\/strong>.<\/p>\n<blockquote class=\"twitter-tweet\" data-width=\"550\" data-dnt=\"true\">\n<p lang=\"es\" dir=\"ltr\">\u00a1Lo logramos M\u00e9xico! \u00a1Superamos la meta! Muchas gracias por ser parte de este gran sue\u00f1o. <a href=\"https:\/\/twitter.com\/hashtag\/GraciasM%C3%A9xico?src=hash&amp;ref_src=twsrc%5Etfw\">#GraciasM\u00e9xico<\/a> <a href=\"https:\/\/twitter.com\/hashtag\/ATiQueTeGustaHacer?src=hash&amp;ref_src=twsrc%5Etfw\">#ATiQueTeGustaHacer<\/a> <a href=\"https:\/\/t.co\/ef2nZszAa5\">pic.twitter.com\/ef2nZszAa5<\/a><\/p>\n<p>&mdash; Telet\u00f3n M\u00e9xico (@TeletonMexico) <a href=\"https:\/\/twitter.com\/TeletonMexico\/status\/1071679445671559168?ref_src=twsrc%5Etfw\">December 9, 2018<\/a><\/p><\/blockquote>\n<p><script async src=\"https:\/\/platform.twitter.com\/widgets.js\" charset=\"utf-8\"><\/script><\/p>\n<p>Con el lema <strong><a href=\"https:\/\/twitter.com\/hashtag\/ATiQueTeGustaHacer?src=hash\" target=\"_blank\" rel=\"noopener\">&#8220;#ATiQu\u00e9TeGustaHacer&#8221;<\/a><\/strong>, en este a\u00f1o se invit\u00f3 a los mexicanos a juntar dinero a partir de sus actividades favoritas, asimismo se recolect\u00f3 fondos a partir de 32 desaf\u00edos realizados en todo el pa\u00eds.<\/p>\n<p>\u00a0Acompa\u00f1ado de Marco Antonio Regil, Andr\u00e9 Mar\u00edn, Galilea Montijo, In\u00e9s G\u00f3mez Mont, Claudia Lizaldi, Pedro Prieto, entre otros, Fernando Landeros Verdugo recibi\u00f3 el sobre con la cifra impresa y festej\u00f3 que se haya superado el monto esperado.<\/p>\n<blockquote>\n<p>&#8220;A los mexicanos nos gusta cantar y bailar pero lo que m\u00e1s nos gusta es ayudar, solo puedo decir bendito M\u00e9xico, felicidades a todos porque s\u00ed se pudo&#8221;, se\u00f1al\u00f3.<\/p>\n<\/blockquote>\n<p>Landeros Verdugo, quien agradeci\u00f3 a todas las personas que participaron para hacer posible el Telet\u00f3n, <strong>indic\u00f3 que con lo recaudado en este a\u00f1o permitir\u00e1 la atenci\u00f3n de 27 mil ni\u00f1os con discapacidad<\/strong>.<\/p>\n<p>&#8220;Gracias a todos ustedes, porque a lo largo de todo el a\u00f1o dejan su coraz\u00f3n, sudor y l\u00e1grimas en ese proyecto, gracias por llenar de luz, por ayudarnos a todos los mexicanos a creer en nosotros mismos y en qu\u00e9 nada es imposible, estamos rodeados de puro campe\u00f3n&#8221;, destac\u00f3.<\/p>\n<p>En su intervenci\u00f3n, la conductora Claudia Lizaldi reconoci\u00f3 el trabajo del director de Fundaci\u00f3n Telet\u00f3n; &#8220;gracias Fernando porque has transformado este pa\u00eds&#8221;.<\/p>\n<p>Tras el anuncio que la meta fue superada, el cantante Pedro Fern\u00e1ndez continu\u00f3 con el ambiente festivo e interpret\u00f3 &#8220;M\u00e9xico lindo y querido&#8221; &#8220;Yo no fui&#8221; y &#8220;El aventurero&#8221;.<\/p>\n<p>https:\/\/www.instagram.com\/p\/BrKWKFrh3sI\/?utm_source=ig_web_copy_link<\/p>\n<\/div>\n<\/div>\n","protected":false},"excerpt":{"rendered":"<p>Telet\u00f3n supera meta al recaudar m\u00e1s de 367 millones de pesos<br \/>\nPor Redacci\u00f3n QP<\/p>\n","protected":false},"author":2,"featured_media":11299,"comment_status":"open","ping_status":"open","sticky":false,"template":"","format":"standard","meta":{"_monsterinsights_skip_tracking":false,"_monsterinsights_sitenote_active":false,"_monsterinsights_sitenote_note":"","_monsterinsights_sitenote_category":0,"footnotes":""},"categories":[58],"tags":[],"class_list":["post-11300","post","type-post","status-publish","format-standard","has-post-thumbnail","hentry","category-cultura"],"yoast_head":"<!-- This site is optimized with the Yoast SEO plugin v27.3 - https:\/\/yoast.com\/product\/yoast-seo-wordpress\/ -->\n<title>Telet\u00f3n supera meta al recaudar m\u00e1s de 367 millones de pesos -<\/title>\n<meta name=\"robots\" content=\"index, follow, max-snippet:-1, max-image-preview:large, max-video-preview:-1\" \/>\n<link rel=\"canonical\" href=\"https:\/\/quehacerpolitico.mx\/?p=11300\" \/>\n<meta property=\"og:locale\" content=\"es_MX\" \/>\n<meta property=\"og:type\" content=\"article\" \/>\n<meta property=\"og:title\" content=\"Telet\u00f3n supera meta al recaudar m\u00e1s de 367 millones de pesos -\" \/>\n<meta property=\"og:description\" content=\"Telet\u00f3n supera meta al recaudar m\u00e1s de 367 millones de pesos Por Redacci\u00f3n QP\" \/>\n<meta property=\"og:url\" content=\"https:\/\/quehacerpolitico.mx\/?p=11300\" \/>\n<meta property=\"article:published_time\" content=\"2018-12-09T15:56:46+00:00\" \/>\n<meta name=\"author\" content=\"Redacci\u00f3n QP\" \/>\n<meta name=\"twitter:card\" content=\"summary_large_image\" \/>\n<meta name=\"twitter:label1\" content=\"Escrito por\" \/>\n\t<meta name=\"twitter:data1\" content=\"Redacci\u00f3n QP\" \/>\n\t<meta name=\"twitter:label2\" content=\"Tiempo de lectura\" \/>\n\t<meta name=\"twitter:data2\" content=\"2 minutos\" \/>\n<script type=\"application\/ld+json\" class=\"yoast-schema-graph\">{\"@context\":\"https:\\\/\\\/schema.org\",\"@graph\":[{\"@type\":\"Article\",\"@id\":\"https:\\\/\\\/quehacerpolitico.mx\\\/?p=11300#article\",\"isPartOf\":{\"@id\":\"https:\\\/\\\/quehacerpolitico.mx\\\/?p=11300\"},\"author\":{\"name\":\"Redacci\u00f3n QP\",\"@id\":\"https:\\\/\\\/quehacerpolitico.mx\\\/#\\\/schema\\\/person\\\/496d8ad2d1d3f8036101dca7ee39e585\"},\"headline\":\"Telet\u00f3n supera meta al recaudar m\u00e1s de 367 millones de pesos\",\"datePublished\":\"2018-12-09T15:56:46+00:00\",\"mainEntityOfPage\":{\"@id\":\"https:\\\/\\\/quehacerpolitico.mx\\\/?p=11300\"},\"wordCount\":406,\"commentCount\":0,\"image\":{\"@id\":\"https:\\\/\\\/quehacerpolitico.mx\\\/?p=11300#primaryimage\"},\"thumbnailUrl\":\"\",\"articleSection\":[\"Cultura y Entretenimiento\"],\"inLanguage\":\"es\",\"potentialAction\":[{\"@type\":\"CommentAction\",\"name\":\"Comment\",\"target\":[\"https:\\\/\\\/quehacerpolitico.mx\\\/?p=11300#respond\"]}]},{\"@type\":\"WebPage\",\"@id\":\"https:\\\/\\\/quehacerpolitico.mx\\\/?p=11300\",\"url\":\"https:\\\/\\\/quehacerpolitico.mx\\\/?p=11300\",\"name\":\"Telet\u00f3n supera meta al recaudar m\u00e1s de 367 millones de pesos -\",\"isPartOf\":{\"@id\":\"https:\\\/\\\/quehacerpolitico.mx\\\/#website\"},\"primaryImageOfPage\":{\"@id\":\"https:\\\/\\\/quehacerpolitico.mx\\\/?p=11300#primaryimage\"},\"image\":{\"@id\":\"https:\\\/\\\/quehacerpolitico.mx\\\/?p=11300#primaryimage\"},\"thumbnailUrl\":\"\",\"datePublished\":\"2018-12-09T15:56:46+00:00\",\"author\":{\"@id\":\"https:\\\/\\\/quehacerpolitico.mx\\\/#\\\/schema\\\/person\\\/496d8ad2d1d3f8036101dca7ee39e585\"},\"breadcrumb\":{\"@id\":\"https:\\\/\\\/quehacerpolitico.mx\\\/?p=11300#breadcrumb\"},\"inLanguage\":\"es\",\"potentialAction\":[{\"@type\":\"ReadAction\",\"target\":[\"https:\\\/\\\/quehacerpolitico.mx\\\/?p=11300\"]}]},{\"@type\":\"ImageObject\",\"inLanguage\":\"es\",\"@id\":\"https:\\\/\\\/quehacerpolitico.mx\\\/?p=11300#primaryimage\",\"url\":\"\",\"contentUrl\":\"\"},{\"@type\":\"BreadcrumbList\",\"@id\":\"https:\\\/\\\/quehacerpolitico.mx\\\/?p=11300#breadcrumb\",\"itemListElement\":[{\"@type\":\"ListItem\",\"position\":1,\"name\":\"Inicio\",\"item\":\"https:\\\/\\\/quehacerpolitico.mx\\\/\"},{\"@type\":\"ListItem\",\"position\":2,\"name\":\"Telet\u00f3n supera meta al recaudar m\u00e1s de 367 millones de pesos\"}]},{\"@type\":\"WebSite\",\"@id\":\"https:\\\/\\\/quehacerpolitico.mx\\\/#website\",\"url\":\"https:\\\/\\\/quehacerpolitico.mx\\\/\",\"name\":\"\",\"description\":\"\",\"potentialAction\":[{\"@type\":\"SearchAction\",\"target\":{\"@type\":\"EntryPoint\",\"urlTemplate\":\"https:\\\/\\\/quehacerpolitico.mx\\\/?s={search_term_string}\"},\"query-input\":{\"@type\":\"PropertyValueSpecification\",\"valueRequired\":true,\"valueName\":\"search_term_string\"}}],\"inLanguage\":\"es\"},{\"@type\":\"Person\",\"@id\":\"https:\\\/\\\/quehacerpolitico.mx\\\/#\\\/schema\\\/person\\\/496d8ad2d1d3f8036101dca7ee39e585\",\"name\":\"Redacci\u00f3n QP\",\"image\":{\"@type\":\"ImageObject\",\"inLanguage\":\"es\",\"@id\":\"https:\\\/\\\/secure.gravatar.com\\\/avatar\\\/c7164ed6fdec453195284ad24a5ae5b6e1eed2b848477fa2a4787ba9adf39a41?s=96&d=mm&r=g\",\"url\":\"https:\\\/\\\/secure.gravatar.com\\\/avatar\\\/c7164ed6fdec453195284ad24a5ae5b6e1eed2b848477fa2a4787ba9adf39a41?s=96&d=mm&r=g\",\"contentUrl\":\"https:\\\/\\\/secure.gravatar.com\\\/avatar\\\/c7164ed6fdec453195284ad24a5ae5b6e1eed2b848477fa2a4787ba9adf39a41?s=96&d=mm&r=g\",\"caption\":\"Redacci\u00f3n QP\"},\"url\":\"https:\\\/\\\/quehacerpolitico.mx\\\/?author=2\"}]}<\/script>\n<!-- \/ Yoast SEO plugin. -->","yoast_head_json":{"title":"Telet\u00f3n supera meta al recaudar m\u00e1s de 367 millones de pesos -","robots":{"index":"index","follow":"follow","max-snippet":"max-snippet:-1","max-image-preview":"max-image-preview:large","max-video-preview":"max-video-preview:-1"},"canonical":"https:\/\/quehacerpolitico.mx\/?p=11300","og_locale":"es_MX","og_type":"article","og_title":"Telet\u00f3n supera meta al recaudar m\u00e1s de 367 millones de pesos -","og_description":"Telet\u00f3n supera meta al recaudar m\u00e1s de 367 millones de pesos Por Redacci\u00f3n QP","og_url":"https:\/\/quehacerpolitico.mx\/?p=11300","article_published_time":"2018-12-09T15:56:46+00:00","author":"Redacci\u00f3n QP","twitter_card":"summary_large_image","twitter_misc":{"Escrito por":"Redacci\u00f3n QP","Tiempo de lectura":"2 minutos"},"schema":{"@context":"https:\/\/schema.org","@graph":[{"@type":"Article","@id":"https:\/\/quehacerpolitico.mx\/?p=11300#article","isPartOf":{"@id":"https:\/\/quehacerpolitico.mx\/?p=11300"},"author":{"name":"Redacci\u00f3n QP","@id":"https:\/\/quehacerpolitico.mx\/#\/schema\/person\/496d8ad2d1d3f8036101dca7ee39e585"},"headline":"Telet\u00f3n supera meta al recaudar m\u00e1s de 367 millones de pesos","datePublished":"2018-12-09T15:56:46+00:00","mainEntityOfPage":{"@id":"https:\/\/quehacerpolitico.mx\/?p=11300"},"wordCount":406,"commentCount":0,"image":{"@id":"https:\/\/quehacerpolitico.mx\/?p=11300#primaryimage"},"thumbnailUrl":"","articleSection":["Cultura y Entretenimiento"],"inLanguage":"es","potentialAction":[{"@type":"CommentAction","name":"Comment","target":["https:\/\/quehacerpolitico.mx\/?p=11300#respond"]}]},{"@type":"WebPage","@id":"https:\/\/quehacerpolitico.mx\/?p=11300","url":"https:\/\/quehacerpolitico.mx\/?p=11300","name":"Telet\u00f3n supera meta al recaudar m\u00e1s de 367 millones de pesos -","isPartOf":{"@id":"https:\/\/quehacerpolitico.mx\/#website"},"primaryImageOfPage":{"@id":"https:\/\/quehacerpolitico.mx\/?p=11300#primaryimage"},"image":{"@id":"https:\/\/quehacerpolitico.mx\/?p=11300#primaryimage"},"thumbnailUrl":"","datePublished":"2018-12-09T15:56:46+00:00","author":{"@id":"https:\/\/quehacerpolitico.mx\/#\/schema\/person\/496d8ad2d1d3f8036101dca7ee39e585"},"breadcrumb":{"@id":"https:\/\/quehacerpolitico.mx\/?p=11300#breadcrumb"},"inLanguage":"es","potentialAction":[{"@type":"ReadAction","target":["https:\/\/quehacerpolitico.mx\/?p=11300"]}]},{"@type":"ImageObject","inLanguage":"es","@id":"https:\/\/quehacerpolitico.mx\/?p=11300#primaryimage","url":"","contentUrl":""},{"@type":"BreadcrumbList","@id":"https:\/\/quehacerpolitico.mx\/?p=11300#breadcrumb","itemListElement":[{"@type":"ListItem","position":1,"name":"Inicio","item":"https:\/\/quehacerpolitico.mx\/"},{"@type":"ListItem","position":2,"name":"Telet\u00f3n supera meta al recaudar m\u00e1s de 367 millones de pesos"}]},{"@type":"WebSite","@id":"https:\/\/quehacerpolitico.mx\/#website","url":"https:\/\/quehacerpolitico.mx\/","name":"","description":"","potentialAction":[{"@type":"SearchAction","target":{"@type":"EntryPoint","urlTemplate":"https:\/\/quehacerpolitico.mx\/?s={search_term_string}"},"query-input":{"@type":"PropertyValueSpecification","valueRequired":true,"valueName":"search_term_string"}}],"inLanguage":"es"},{"@type":"Person","@id":"https:\/\/quehacerpolitico.mx\/#\/schema\/person\/496d8ad2d1d3f8036101dca7ee39e585","name":"Redacci\u00f3n QP","image":{"@type":"ImageObject","inLanguage":"es","@id":"https:\/\/secure.gravatar.com\/avatar\/c7164ed6fdec453195284ad24a5ae5b6e1eed2b848477fa2a4787ba9adf39a41?s=96&d=mm&r=g","url":"https:\/\/secure.gravatar.com\/avatar\/c7164ed6fdec453195284ad24a5ae5b6e1eed2b848477fa2a4787ba9adf39a41?s=96&d=mm&r=g","contentUrl":"https:\/\/secure.gravatar.com\/avatar\/c7164ed6fdec453195284ad24a5ae5b6e1eed2b848477fa2a4787ba9adf39a41?s=96&d=mm&r=g","caption":"Redacci\u00f3n QP"},"url":"https:\/\/quehacerpolitico.mx\/?author=2"}]}},"featured_image_urls":{"full":"","thumbnail":"","medium":"","medium_large":"","large":"","1536x1536":"","2048x2048":"","covernews-featured":"","covernews-medium":""},"author_info":{"display_name":"Redacci\u00f3n QP","author_link":"https:\/\/quehacerpolitico.mx\/?author=2"},"category_info":"<a href=\"https:\/\/quehacerpolitico.mx\/?cat=58\" rel=\"category\">Cultura y Entretenimiento<\/a>","tag_info":"Cultura y Entretenimiento","comment_count":"0","_links":{"self":[{"href":"https:\/\/quehacerpolitico.mx\/index.php?rest_route=\/wp\/v2\/posts\/11300","targetHints":{"allow":["GET"]}}],"collection":[{"href":"https:\/\/quehacerpolitico.mx\/index.php?rest_route=\/wp\/v2\/posts"}],"about":[{"href":"https:\/\/quehacerpolitico.mx\/index.php?rest_route=\/wp\/v2\/types\/post"}],"author":[{"embeddable":true,"href":"https:\/\/quehacerpolitico.mx\/index.php?rest_route=\/wp\/v2\/users\/2"}],"replies":[{"embeddable":true,"href":"https:\/\/quehacerpolitico.mx\/index.php?rest_route=%2Fwp%2Fv2%2Fcomments&post=11300"}],"version-history":[{"count":0,"href":"https:\/\/quehacerpolitico.mx\/index.php?rest_route=\/wp\/v2\/posts\/11300\/revisions"}],"wp:featuredmedia":[{"embeddable":true,"href":"https:\/\/quehacerpolitico.mx\/index.php?rest_route=\/"}],"wp:attachment":[{"href":"https:\/\/quehacerpolitico.mx\/index.php?rest_route=%2Fwp%2Fv2%2Fmedia&parent=11300"}],"wp:term":[{"taxonomy":"category","embeddable":true,"href":"https:\/\/quehacerpolitico.mx\/index.php?rest_route=%2Fwp%2Fv2%2Fcategories&post=11300"},{"taxonomy":"post_tag","embeddable":true,"href":"https:\/\/quehacerpolitico.mx\/index.php?rest_route=%2Fwp%2Fv2%2Ftags&post=11300"}],"curies":[{"name":"wp","href":"https:\/\/api.w.org\/{rel}","templated":true}]}}