{"id":112992,"date":"2024-10-09T08:46:32","date_gmt":"2024-10-09T14:46:32","guid":{"rendered":"https:\/\/quehacerpolitico.mx\/?p=112992"},"modified":"2024-10-09T08:46:34","modified_gmt":"2024-10-09T14:46:34","slug":"el-quehacer-politico-a-traves-de-la-expresion-libre-mtra-julia-herrera-aristeo-no-mentir-no-robar-no-traicionar-primero-los-pobres-algunos-de-los-presupuestos-que-refrenda-para-gobernar-l","status":"publish","type":"post","link":"https:\/\/quehacerpolitico.mx\/?p=112992","title":{"rendered":"El Quehacer Pol\u00edtico a trav\u00e9s de la expresi\u00f3n libre\/\/\/Mtra Julia Herrera Aristeo\/\/\/NO MENTIR, NO ROBAR, NO TRAICIONAR,\u00a0PRIMERO LOS POBRES, ALGUNOS DE LOS PRESUPUESTOS QUE REFRENDA PARA GOBERNAR LA\u00a0PRIMER MUJER\u00a0PRESIDENTA\u00a0DE\u00a0LOS ESTADOS UNIDOS MEXICANOS,\u00a0DRA. CLAUDIA SHEINMBAUM PARDO"},"content":{"rendered":"\n<p>Por Mtra Julia Herrera Aristeo<\/p>\n\n\n\n<p>Analista<\/p>\n\n\n\n<p><strong>\u201cLa democracia no es solamente el derecho a votar, es el derecho de vivir en dignidad\u201dNaomi Klein.<\/strong><\/p>\n\n\n\n<p><br>El \u00faltimo trimestre del a\u00f1o ha estado marcado por diversos eventos &nbsp;inusuales&nbsp;en&nbsp;el pa\u00eds; uno de \u00e9stos son las manifestaciones de inconformidad por la aprobada&nbsp;reforma judicial,&nbsp;ya que&nbsp;a la fecha&nbsp;los trabajadores del&nbsp;Poder&nbsp;Judicial de la Federaci\u00f3n&nbsp;mantienen&nbsp;una disminuci\u00f3n de labores,&nbsp;al atender \u00fanicamente cuestiones urgentes, a su vez, mantienen una serie de&nbsp;movilizaciones, a las que&nbsp;en su momento se&nbsp;sumaron&nbsp;trabajadores de&nbsp;poderes judiciales locales, como es el caso del de&nbsp;la Ciudad de M\u00e9xico,&nbsp;y algunos otros de manera institucional; asimismo,&nbsp;estudiantes de diversas Universidades p\u00fablicas y privadas, &nbsp;organizaciones de la sociedad civil y ciudadanos;&nbsp;todos bajo las consignas en defensa de la divisi\u00f3n de poderes, autonom\u00eda e independencia del poder judicial, la prevalencia de los efectos generales de las sentencias &nbsp;que se dicten en los juicios de amparo &nbsp;que resuelvan la inconstitucionalidad de normas generales, y la carrera judicial, entre otras.<\/p>\n\n\n\n<p>Luego, en&nbsp;circunstancias por dem\u00e1s complejas,&nbsp;el 10 de septiembre,&nbsp;al ser sorprendidos los senadores en la sede de la calle de Reforma por diversos manifestantes, de manera inmediata se trasladaron a la sede de la calle de Xicot\u00e9ncatl, en donde entre descalificaciones y ofensas mutuas de las bancadas de los oficialistas y la oposici\u00f3n,&nbsp;la ausencia del Senador&nbsp;Francisco Daniel Barreda Pav\u00f3n&nbsp;del partido MC&nbsp;(supuestamente impedido para presentarse por la detenci\u00f3n de su padre)&nbsp;dio&nbsp;mayor\u00eda calificada a la 4T. As\u00ed como&nbsp;el sorpresivos arribo del&nbsp;panista &nbsp;Miguel\u00c1ngel Yunes, cuyo voto a favor de tal reforma hicieron posible que pese a las manifestaciones que prevalec\u00edan a las afueras del recinto, en la madrugada del 11 de septiembre&nbsp;del presente a\u00f1o&nbsp;la misma fuera aprobada.<\/p>\n\n\n\n<p>Seguidamente la mayor\u00eda de los Congresos locales aprobaron la reforma, que finalmente fue publicada en el diario oficial de la federaci\u00f3n el 15 de septiembre de 2024.<\/p>\n\n\n\n<p>El&nbsp;contenido de la&nbsp;reforma &nbsp;judicial, los resultados obtenidos durante los foros&nbsp;y la rapidez con que se aprob\u00f3&nbsp;la misma&nbsp;han&nbsp;sido objeto de sendos cuestionamientos por los estudiosos del Derecho,&nbsp;empresarios, Universidades p\u00fablicas y privadas, &nbsp;catedr\u00e1ticos, gremios de abogados, sociedad civil &nbsp;e incluso de los socios comerciales de M\u00e9xico, particularmente de Estados Unidos.<\/p>\n\n\n\n<p>Otra circunstancia que ha generado a\u00fan m\u00e1s tensi\u00f3n&nbsp;en relaci\u00f3n a la citada reforma, y que ha generado una franca&nbsp;preocupaci\u00f3n en torno al respeto del Estado de Derecho, es que&nbsp;a pesar de&nbsp;que&nbsp;dos &nbsp;Juecesde Distrito, de &nbsp;Morelos y Chiapas, en los juicios de Amparo 1251\/2024 y 1190\/2024, respectivamente,&nbsp;concedieron&nbsp;suspensi\u00f3n&nbsp;para que no se continuara con el proceso legislativo, tal proceso continu\u00f3 su curso hasta la Aprobaci\u00f3n de la reforma en la c\u00e1mara de Senadores.&nbsp;<\/p>\n\n\n\n<p>Incluso,&nbsp;en&nbsp;un diverso&nbsp;Juicio de Amparo&nbsp;bajo el n\u00famero&nbsp;1125\/2024-VIII, un Juez de Colima, otorg\u00f3 suspensi\u00f3n a&nbsp;fin de que no se realizara la&nbsp;publicaci\u00f3n de la reforma judicial en el Diario Oficial de la Federaci\u00f3n, sin embargo, como ya se dijo, el 16 de septiembre se realiz\u00f3 dicha publicaci\u00f3n.<\/p>\n\n\n\n<p>Lo anterior bajo la \u00f3ptica de los legisladores oficialistas y del entonces titular del ejecutivo, de que eran improcedentes los amparos y suspensiones contra las reformas constitucionales, y sin prejuzgar al respecto, en estricto respeto a las instituciones vigentes correspond\u00eda al poder judicial determinar&nbsp;mediante resoluciones emitidas en los procesos previamente establecidos&nbsp;la procedencia o no de tales juicios y las suspensiones &nbsp;ah\u00ed concedidas&nbsp;y a las autoridades se\u00f1aladas como responsables acatar seguir por los cauces legales.<\/p>\n\n\n\n<p>Otra&nbsp;hecho que&nbsp;igualmente ha causado revuelo&nbsp;en el pa\u00eds, es la&nbsp;reforma&nbsp;relativa a la guardia nacional, que b\u00e1sicamente incorpora a la Secretar\u00eda de la Defensa Nacional,&nbsp;y por ende se les reconoce el fuero militar,a los integrantes de la citada guardia nacional; faculta al presidente de la Rep\u00fablica, como jefe de las fuerzas&nbsp;armadas a disponer del Ej\u00e9rcito, la Fuerza A\u00e9rea, la Guardia Nacional y la Armada de M\u00e9xico en tareas de apoyo a la seguridad p\u00fablica de manera ordinaria; con lo que la Guardia Nacional est\u00e1 facultada para investigar bajo la conducci\u00f3n del Ministerio P\u00fablico.<\/p>\n\n\n\n<p>Reforma que no solo es cuestionable porque en esencia&nbsp;el expresidente&nbsp;Andr\u00e9s Manuel L\u00f3pez Obrador, antes de asumir la presidencia afirmaba que los soldados deber\u00edan regresar a los cuarteles e incluso, que de llegar a la presidencia regresar\u00eda a los soldados a los cuarteles en la medida que se fuera profesionalizando la polic\u00eda;&nbsp;sino adem\u00e1s, porque la propia instituci\u00f3n del ej\u00e9rcito una y otra vez han dado gala de lo negativa e inadecuada que es su participaci\u00f3n en esas tareas,&nbsp;tal como qued\u00f3 de manifiesto en el periodo calderonista.<\/p>\n\n\n\n<p>De igual forma, la actual presidenta inicia su gobierno con&nbsp;inconformidad &nbsp;de&nbsp;sectores de la sociedad&nbsp;ante&nbsp;las deficiencias en los servicios de salud que brinda el Estado, la ca\u00edda de los indicadores en torno a la educaci\u00f3n,&nbsp;el&nbsp;incremento de la&nbsp;inseguridad&nbsp;y de la impunidad rampante.<\/p>\n\n\n\n<p>Retomando las tareas de seguridad que ahora estar\u00e1n a cargo del ej\u00e9rcito, no podemos dejar de mencionar que luego de&nbsp;la detenci\u00f3n&nbsp;del \u201cMayo Zambada\u201d y Joaqu\u00edn Guzm\u00e1n L\u00f3pez, hijo de&nbsp;\u201cEl Chapo\u201d, que en circunstancias particulares se efectu\u00f3 en Estados Unidos,&nbsp;en&nbsp;el mes de septiembre se llevaron a cabos diversos enfrentamientos&nbsp;entre los grupos delictivos a los que pertenecen cada uno de los capos mencionados, lo que ocasion\u00f3 que incluso se suspendieran las clases en las escuelas; tales acontecimientos han sido objeto de diversas notas period\u00edsticas y mesas de opini\u00f3n y an\u00e1lisis en los medios de comunicaci\u00f3n, pero del mismo modo,&nbsp;la manifestaci\u00f3n del General de Divisi\u00f3n Francisco Jes\u00fas&nbsp;Leana&nbsp;Ojeda, &nbsp;una de las m\u00e1ximas autoridades en Sinaloa, &nbsp;quien al ser cuestionado por un reportero luego del desfile militar y en rueda de prensa en la que tambi\u00e9n se encontraba, entre otro, el gobernador de dicho estado, el citado general dio a conocer que el cese de&nbsp;los enfrentamientos no dependen del ej\u00e9rcito &nbsp;sino de que los grupos contendientes dejen de hacerlo, lo que da lugar a cuestionamientos sobre la reforma a la guarda nacional. &nbsp;<\/p>\n\n\n\n<p>Es destacable tambi\u00e9n que&nbsp;los&nbsp;diversos&nbsp;y complejos problemas sociales por los que transita el pa\u00eds son percibidos por&nbsp;desde una \u00f3ptica plural, a saber, desde el oficialismo, de los seguidores de la 4T, &nbsp;de la oposici\u00f3n,&nbsp;de &nbsp;gremios de la academia,&nbsp;abogados, estudiantes,&nbsp;las organizaciones&nbsp;de la sociedad&nbsp;civiles&nbsp;e incluso desde el exterior;&nbsp;pues mientras los&nbsp;integrantes del oficialismo y los&nbsp;seguidores de la 4T celebran la aprobaci\u00f3n de las reformas&nbsp;judicial y de la guardia nacional, los restantes&nbsp;aseveran&nbsp;lo contrario.&nbsp;<\/p>\n\n\n\n<p>Es incuestionable que la poblaci\u00f3n seguidora de la 4T&nbsp;al emitir el voto a favor de&nbsp;MORENA y sus aliados&nbsp;no solo tienen aceptaci\u00f3n por las pol\u00edticas del gobierno saliente, sino adem\u00e1s fuerte repudio por la oposici\u00f3n, quien a pulso &nbsp;se ha ido demeritando no solo por la deleznable corrupci\u00f3n, sino tambi\u00e9n porque sus pol\u00edticas escasamente favorec\u00edan a los ciudadanos con quienes se ha identificado el actual oficialismo,&nbsp;asimismo,&nbsp;dada la &nbsp;falta de proyecto de naci\u00f3n de la derecha, as\u00ed como&nbsp;&nbsp;con motivo de&nbsp;los&nbsp;peculiares&nbsp;candidatos.<\/p>\n\n\n\n<p>Bajo tal panorama&nbsp;los seguidores de la 4T&nbsp;no solo&nbsp;han sido&nbsp;dotados de&nbsp;apoyos sociales, sino que tambi\u00e9n han sido&nbsp;empoderados, al adquirir conciencia de&nbsp;la trascendencia&nbsp;que detentan v\u00eda el voto,&nbsp;pero&nbsp;adem\u00e1s, con una fe irreflexiva a todo lo que represente la 4T y en la misma proporci\u00f3n, un total rechazo que raya en agresividad a todo lo que contradiga a dicha corriente pol\u00edtica.&nbsp;<\/p>\n\n\n\n<p>Esta polarizaci\u00f3n determinada por los actores pol\u00edticos y las pol\u00edticas en desarrollo ha llevado sistem\u00e1tica e invariablemente la discusi\u00f3n sobre los temas relevantes&nbsp;al &nbsp;terreno&nbsp;de la descalificaci\u00f3n y exposici\u00f3n de ideas vanas&nbsp;y hasta&nbsp;hilarantes; &nbsp;incluso,y lo m\u00e1s grave, en&nbsp;los propios&nbsp;recintos&nbsp;legislativos&nbsp;y dem\u00e1s foros de&nbsp;discusi\u00f3n, dejando a una lado el an\u00e1lisis y&nbsp;reflexi\u00f3n&nbsp;sustancial de temas relevantes para la&nbsp;Rep\u00fablica.<\/p>\n\n\n\n<p>Ahora bien, d\u00e9cadas de lucha a favor del reconocimiento de los derechos pol\u00edticos de las mujeres, ven materializados sus frutos el d\u00eda de hoy, 1 de octubre de 2024, en que&nbsp;en un evento sin precedente&nbsp;la Doctora Claudia&nbsp;Sehinbaum&nbsp;Pardo&nbsp;ha asumido el cargo de&nbsp;Presidenta&nbsp;electa&nbsp;de&nbsp;los Estados Unidos Mexicanos&nbsp;que ejercer\u00e1 durante los pr\u00f3ximos seis a\u00f1os.<\/p>\n\n\n\n<p>La presidenta&nbsp;Claudia&nbsp;Sehinbaum&nbsp;Pardo, desde su candidatura&nbsp;refrend\u00f3&nbsp;en su discurso,&nbsp;entre otros,&nbsp;los postulados de su antecesor, el Licenciado Andr\u00e9s Manuel L\u00f3pez Obrador,&nbsp;de&nbsp;<strong>NO MENTIR, NO ROBAR, NO TRAICIONAR, PRIMERO LOS POBRES<\/strong>, que adem\u00e1s de conformar parte&nbsp;del &nbsp;documentodenominado Gu\u00eda \u00c9tica para la Transformaci\u00f3n de M\u00e9xico, constituyen una franca y leg\u00edtima aspiraci\u00f3n de los electores que votaron por la continuidad de la cuarta Transformaci\u00f3n de la Vida P\u00fablica de M\u00e9xico.&nbsp;<\/p>\n\n\n\n<p>Cabe recordar que el&nbsp;hoy&nbsp;expresidente&nbsp;AMLO&nbsp;al 2 de septiembre del presente a\u00f1o contaba con&nbsp;una &nbsp;aprobaci\u00f3n&nbsp;de 71%&nbsp;a nivel nacional y de 59%&nbsp;a nivel mundial, coloc\u00e1ndolo en esta \u00faltima medici\u00f3n en un tercer lugar; por lo que se&nbsp;retir\u00f3&nbsp;con una considerable aceptaci\u00f3n. Por su parte,&nbsp;la actual presidenta de la Rep\u00fablica inicia su&nbsp;gobierno&nbsp;tambi\u00e9n cobijada&nbsp;delapoyo popular, al representar la continuidad de la 4Tiniciada por su antecesor.<\/p>\n\n\n\n<p>Cabe precisar que la Doctora Claudia Sheinbaum, obtuvo el triunfo de la Presidencia de la &nbsp;Rep\u00fablica luego de ganar la elecci\u00f3n presidencial con&nbsp;33,226,602 &nbsp;votos&nbsp;que equivale al&nbsp;59.7% de&nbsp;las personas que votaron, en el contexto de que atento a la informaci\u00f3n del INE, la lista nominal, que contiene&nbsp;a toda la poblaci\u00f3n que solicit\u00f3 su inscripci\u00f3n al Padr\u00f3n en territorio nacional y extranjero y cuentan&nbsp;ya con su credencial para votar vigente, consta de&nbsp;98,347,946 ciudadanos, de los cuales solo&nbsp;ejercieron&nbsp;el&nbsp;voto 60.9% de las personas registradas en la lista nominal.<\/p>\n\n\n\n<p>El inicio del sexenio de la Doctora Claudia Sheinbaum Pardo&nbsp;augura una disminuci\u00f3n en la tensi\u00f3n del pa\u00eds a nivel nacional e internacional, &nbsp;pues&nbsp;si bien,&nbsp;implica la continuidad de la 4T,&nbsp;cuyas reformas y pol\u00edticas colocan al pa\u00eds en las condiciones que los recibe la actual presidenta,&nbsp;quien&nbsp;ha&nbsp;dado muestras claras de ser&nbsp;una mujer&nbsp;cuya lucha se encamin\u00f3&nbsp;desde&nbsp;sus inicios en los movimientos estudiantiles en&nbsp;contra imposiciones arbitrarias&nbsp;del gobierno que&nbsp;agraviabanal pueblo, tal como se &nbsp;aprecia de su participaci\u00f3n activa como universitaria.<\/p>\n\n\n\n<p>Incluso, un ejemplo claro de su autodeterminaci\u00f3n y car\u00e1cter se&nbsp;puso de manifiesto&nbsp;durante la pandemia&nbsp;de Covid-19, pues &nbsp;siendo presidente de la Rep\u00fablica el Presidente Andr\u00e9s &nbsp;Manuel L\u00f3pez Obrador y Claudia&nbsp;&nbsp;Sheinbaum Pardo Jefa de Gobierno de la Ciudad de M\u00e9xico, &nbsp;esta \u00faltima instrument\u00f3&nbsp;diversas pol\u00edticas en materia fiscal, social y sanitaria&nbsp;en referencia con el gobierno federal.<\/p>\n\n\n\n<p>Otra circunstancia que da cuenta de la autonom\u00eda de la Presidenta constitucional es que&nbsp;durante la celebraci\u00f3n del Congreso Nacional Extraordinario de MORENA, la presidenta electa &nbsp;destac\u00f3 la importancia de mantener distancia&nbsp;entre el&nbsp;partido de referencia y el gobierno; por lo que es claro que&nbsp;reconociendo su obligaci\u00f3n de gobernar para todos los mexicanos y no solo para sus votantes,&nbsp;solicit\u00f3&nbsp;licencia como militante del partido oficialista&nbsp;para desempe\u00f1ar el cargo para el que fue electa, lo cual es plausible dado queefectivamente, la poblaci\u00f3n a la que gobernar\u00e1 es superior a los votantes que le dieron su confianza, ya que&nbsp;conforme al INE, el padr\u00f3n electoral&nbsp;(<em>que se compone de&nbsp;<\/em><em>toda la poblaci\u00f3n que solicit\u00f3 su inscripci\u00f3n al mismo en territorio nacional y extranjero,&nbsp;<\/em><em>para&nbsp;<\/em><em>obtener su&nbsp;<\/em><em>c<\/em><em>redencial para&nbsp;<\/em><em>v<\/em><em>otar con fotograf\u00eda&nbsp;<\/em><em>y votar<\/em>), consta de&nbsp;99,961,341 ciudadanos.<\/p>\n\n\n\n<p>Por lo que se espera que&nbsp;renovada la administraci\u00f3n&nbsp;p\u00fablica federal&nbsp;y teniendo&nbsp;su titular&nbsp;como experiencia de la continuidad el trayecto de su antecesor, dando muestra de la capacidad y temple de las mujeres,&nbsp;la&nbsp;Presidenta&nbsp;Claudia Sheinbaum Pardo llevara a cabo pol\u00edticas&nbsp;id\u00f3neas para que preservando el Estado de Derecho, la democracia y la divisi\u00f3n de poderes, se combatan los temas de pendiente resoluci\u00f3n&nbsp;a fin de respetar la dignidad humana del pueblo.<\/p>\n\n\n\n<p>De igual forma debe hacerse&nbsp;eco en toda \u00e1rea del servicio p\u00fablico sobre la exigencia del cumplimiento de los postulados&nbsp;de&nbsp;NO MENTIR, NO ROBAR, NO TRAICIONAR,&nbsp;con lo que sin duda se favorecer\u00e1 a la poblaci\u00f3n en general&nbsp;y no solo a los pobres, contribuyendo con ello&nbsp;a una verdadera transformaci\u00f3n y no solo un intercambio de actores en los \u00f3rganos de gobierno que sigan perpetuando las&nbsp;pr\u00e1cticas &nbsp;nefastas&nbsp;que han llevado a&nbsp;la descomposici\u00f3n de las instituciones de nuestro pa\u00eds.<\/p>\n","protected":false},"excerpt":{"rendered":"<p>Por Mtra Julia Herrera Aristeo Analista \u201cLa democracia no es solamente el derecho a votar,&#8230;<\/p>\n","protected":false},"author":2,"featured_media":112993,"comment_status":"open","ping_status":"open","sticky":false,"template":"","format":"standard","meta":{"_monsterinsights_skip_tracking":false,"_monsterinsights_sitenote_active":false,"_monsterinsights_sitenote_note":"","_monsterinsights_sitenote_category":0,"footnotes":""},"categories":[2],"tags":[],"class_list":["post-112992","post","type-post","status-publish","format-standard","has-post-thumbnail","hentry","category-noticias"],"yoast_head":"<!-- This site is optimized with the Yoast SEO plugin v27.3 - https:\/\/yoast.com\/product\/yoast-seo-wordpress\/ -->\n<title>El Quehacer Pol\u00edtico a trav\u00e9s de la expresi\u00f3n libre\/\/\/Mtra Julia Herrera Aristeo\/\/\/NO MENTIR, NO ROBAR, NO TRAICIONAR,\u00a0PRIMERO LOS POBRES, ALGUNOS DE LOS PRESUPUESTOS QUE REFRENDA PARA GOBERNAR LA\u00a0PRIMER MUJER\u00a0PRESIDENTA\u00a0DE\u00a0LOS ESTADOS UNIDOS MEXICANOS,\u00a0DRA. CLAUDIA SHEINMBAUM PARDO -<\/title>\n<meta name=\"robots\" content=\"index, follow, max-snippet:-1, max-image-preview:large, max-video-preview:-1\" \/>\n<link rel=\"canonical\" href=\"https:\/\/quehacerpolitico.mx\/?p=112992\" \/>\n<meta property=\"og:locale\" content=\"es_MX\" \/>\n<meta property=\"og:type\" content=\"article\" \/>\n<meta property=\"og:title\" content=\"El Quehacer Pol\u00edtico a trav\u00e9s de la expresi\u00f3n libre\/\/\/Mtra Julia Herrera Aristeo\/\/\/NO MENTIR, NO ROBAR, NO TRAICIONAR,\u00a0PRIMERO LOS POBRES, ALGUNOS DE LOS PRESUPUESTOS QUE REFRENDA PARA GOBERNAR LA\u00a0PRIMER MUJER\u00a0PRESIDENTA\u00a0DE\u00a0LOS ESTADOS UNIDOS MEXICANOS,\u00a0DRA. CLAUDIA SHEINMBAUM PARDO -\" \/>\n<meta property=\"og:description\" content=\"Por Mtra Julia Herrera Aristeo Analista \u201cLa democracia no es solamente el derecho a votar,...\" \/>\n<meta property=\"og:url\" content=\"https:\/\/quehacerpolitico.mx\/?p=112992\" \/>\n<meta property=\"article:published_time\" content=\"2024-10-09T14:46:32+00:00\" \/>\n<meta property=\"article:modified_time\" content=\"2024-10-09T14:46:34+00:00\" \/>\n<meta property=\"og:image\" content=\"https:\/\/quehacerpolitico.mx\/wp-content\/uploads\/2024\/10\/63383448-d829-46e2-b902-f38ebf4d20eb.jpeg\" \/>\n\t<meta property=\"og:image:width\" content=\"963\" \/>\n\t<meta property=\"og:image:height\" content=\"493\" \/>\n\t<meta property=\"og:image:type\" content=\"image\/jpeg\" \/>\n<meta name=\"author\" content=\"Redacci\u00f3n QP\" \/>\n<meta name=\"twitter:card\" content=\"summary_large_image\" \/>\n<meta name=\"twitter:label1\" content=\"Escrito por\" \/>\n\t<meta name=\"twitter:data1\" content=\"Redacci\u00f3n QP\" \/>\n\t<meta name=\"twitter:label2\" content=\"Tiempo de lectura\" \/>\n\t<meta name=\"twitter:data2\" content=\"12 minutos\" \/>\n<script type=\"application\/ld+json\" class=\"yoast-schema-graph\">{\"@context\":\"https:\\\/\\\/schema.org\",\"@graph\":[{\"@type\":\"Article\",\"@id\":\"https:\\\/\\\/quehacerpolitico.mx\\\/?p=112992#article\",\"isPartOf\":{\"@id\":\"https:\\\/\\\/quehacerpolitico.mx\\\/?p=112992\"},\"author\":{\"name\":\"Redacci\u00f3n QP\",\"@id\":\"https:\\\/\\\/quehacerpolitico.mx\\\/#\\\/schema\\\/person\\\/496d8ad2d1d3f8036101dca7ee39e585\"},\"headline\":\"El Quehacer Pol\u00edtico a trav\u00e9s de la expresi\u00f3n libre\\\/\\\/\\\/Mtra Julia Herrera Aristeo\\\/\\\/\\\/NO MENTIR, NO ROBAR, NO TRAICIONAR,\u00a0PRIMERO LOS POBRES, ALGUNOS DE LOS PRESUPUESTOS QUE REFRENDA PARA GOBERNAR LA\u00a0PRIMER MUJER\u00a0PRESIDENTA\u00a0DE\u00a0LOS ESTADOS UNIDOS MEXICANOS,\u00a0DRA. CLAUDIA SHEINMBAUM PARDO\",\"datePublished\":\"2024-10-09T14:46:32+00:00\",\"dateModified\":\"2024-10-09T14:46:34+00:00\",\"mainEntityOfPage\":{\"@id\":\"https:\\\/\\\/quehacerpolitico.mx\\\/?p=112992\"},\"wordCount\":2529,\"commentCount\":0,\"image\":{\"@id\":\"https:\\\/\\\/quehacerpolitico.mx\\\/?p=112992#primaryimage\"},\"thumbnailUrl\":\"https:\\\/\\\/quehacerpolitico.mx\\\/wp-content\\\/uploads\\\/2024\\\/10\\\/63383448-d829-46e2-b902-f38ebf4d20eb.jpeg\",\"articleSection\":[\"Noticias\"],\"inLanguage\":\"es\",\"potentialAction\":[{\"@type\":\"CommentAction\",\"name\":\"Comment\",\"target\":[\"https:\\\/\\\/quehacerpolitico.mx\\\/?p=112992#respond\"]}]},{\"@type\":\"WebPage\",\"@id\":\"https:\\\/\\\/quehacerpolitico.mx\\\/?p=112992\",\"url\":\"https:\\\/\\\/quehacerpolitico.mx\\\/?p=112992\",\"name\":\"El Quehacer Pol\u00edtico a trav\u00e9s de la expresi\u00f3n libre\\\/\\\/\\\/Mtra Julia Herrera Aristeo\\\/\\\/\\\/NO MENTIR, NO ROBAR, NO TRAICIONAR,\u00a0PRIMERO LOS POBRES, ALGUNOS DE LOS PRESUPUESTOS QUE REFRENDA PARA GOBERNAR LA\u00a0PRIMER MUJER\u00a0PRESIDENTA\u00a0DE\u00a0LOS ESTADOS UNIDOS MEXICANOS,\u00a0DRA. CLAUDIA SHEINMBAUM PARDO -\",\"isPartOf\":{\"@id\":\"https:\\\/\\\/quehacerpolitico.mx\\\/#website\"},\"primaryImageOfPage\":{\"@id\":\"https:\\\/\\\/quehacerpolitico.mx\\\/?p=112992#primaryimage\"},\"image\":{\"@id\":\"https:\\\/\\\/quehacerpolitico.mx\\\/?p=112992#primaryimage\"},\"thumbnailUrl\":\"https:\\\/\\\/quehacerpolitico.mx\\\/wp-content\\\/uploads\\\/2024\\\/10\\\/63383448-d829-46e2-b902-f38ebf4d20eb.jpeg\",\"datePublished\":\"2024-10-09T14:46:32+00:00\",\"dateModified\":\"2024-10-09T14:46:34+00:00\",\"author\":{\"@id\":\"https:\\\/\\\/quehacerpolitico.mx\\\/#\\\/schema\\\/person\\\/496d8ad2d1d3f8036101dca7ee39e585\"},\"breadcrumb\":{\"@id\":\"https:\\\/\\\/quehacerpolitico.mx\\\/?p=112992#breadcrumb\"},\"inLanguage\":\"es\",\"potentialAction\":[{\"@type\":\"ReadAction\",\"target\":[\"https:\\\/\\\/quehacerpolitico.mx\\\/?p=112992\"]}]},{\"@type\":\"ImageObject\",\"inLanguage\":\"es\",\"@id\":\"https:\\\/\\\/quehacerpolitico.mx\\\/?p=112992#primaryimage\",\"url\":\"https:\\\/\\\/quehacerpolitico.mx\\\/wp-content\\\/uploads\\\/2024\\\/10\\\/63383448-d829-46e2-b902-f38ebf4d20eb.jpeg\",\"contentUrl\":\"https:\\\/\\\/quehacerpolitico.mx\\\/wp-content\\\/uploads\\\/2024\\\/10\\\/63383448-d829-46e2-b902-f38ebf4d20eb.jpeg\",\"width\":963,\"height\":493},{\"@type\":\"BreadcrumbList\",\"@id\":\"https:\\\/\\\/quehacerpolitico.mx\\\/?p=112992#breadcrumb\",\"itemListElement\":[{\"@type\":\"ListItem\",\"position\":1,\"name\":\"Inicio\",\"item\":\"https:\\\/\\\/quehacerpolitico.mx\\\/\"},{\"@type\":\"ListItem\",\"position\":2,\"name\":\"El Quehacer Pol\u00edtico a trav\u00e9s de la expresi\u00f3n libre\\\/\\\/\\\/Mtra Julia Herrera Aristeo\\\/\\\/\\\/NO MENTIR, NO ROBAR, NO TRAICIONAR,\u00a0PRIMERO LOS POBRES, ALGUNOS DE LOS PRESUPUESTOS QUE REFRENDA PARA GOBERNAR LA\u00a0PRIMER MUJER\u00a0PRESIDENTA\u00a0DE\u00a0LOS ESTADOS UNIDOS MEXICANOS,\u00a0DRA. CLAUDIA SHEINMBAUM PARDO\"}]},{\"@type\":\"WebSite\",\"@id\":\"https:\\\/\\\/quehacerpolitico.mx\\\/#website\",\"url\":\"https:\\\/\\\/quehacerpolitico.mx\\\/\",\"name\":\"\",\"description\":\"\",\"potentialAction\":[{\"@type\":\"SearchAction\",\"target\":{\"@type\":\"EntryPoint\",\"urlTemplate\":\"https:\\\/\\\/quehacerpolitico.mx\\\/?s={search_term_string}\"},\"query-input\":{\"@type\":\"PropertyValueSpecification\",\"valueRequired\":true,\"valueName\":\"search_term_string\"}}],\"inLanguage\":\"es\"},{\"@type\":\"Person\",\"@id\":\"https:\\\/\\\/quehacerpolitico.mx\\\/#\\\/schema\\\/person\\\/496d8ad2d1d3f8036101dca7ee39e585\",\"name\":\"Redacci\u00f3n QP\",\"image\":{\"@type\":\"ImageObject\",\"inLanguage\":\"es\",\"@id\":\"https:\\\/\\\/secure.gravatar.com\\\/avatar\\\/c7164ed6fdec453195284ad24a5ae5b6e1eed2b848477fa2a4787ba9adf39a41?s=96&d=mm&r=g\",\"url\":\"https:\\\/\\\/secure.gravatar.com\\\/avatar\\\/c7164ed6fdec453195284ad24a5ae5b6e1eed2b848477fa2a4787ba9adf39a41?s=96&d=mm&r=g\",\"contentUrl\":\"https:\\\/\\\/secure.gravatar.com\\\/avatar\\\/c7164ed6fdec453195284ad24a5ae5b6e1eed2b848477fa2a4787ba9adf39a41?s=96&d=mm&r=g\",\"caption\":\"Redacci\u00f3n QP\"},\"url\":\"https:\\\/\\\/quehacerpolitico.mx\\\/?author=2\"}]}<\/script>\n<!-- \/ Yoast SEO plugin. -->","yoast_head_json":{"title":"El Quehacer Pol\u00edtico a trav\u00e9s de la expresi\u00f3n libre\/\/\/Mtra Julia Herrera Aristeo\/\/\/NO MENTIR, NO ROBAR, NO TRAICIONAR,\u00a0PRIMERO LOS POBRES, ALGUNOS DE LOS PRESUPUESTOS QUE REFRENDA PARA GOBERNAR LA\u00a0PRIMER MUJER\u00a0PRESIDENTA\u00a0DE\u00a0LOS ESTADOS UNIDOS MEXICANOS,\u00a0DRA. CLAUDIA SHEINMBAUM PARDO -","robots":{"index":"index","follow":"follow","max-snippet":"max-snippet:-1","max-image-preview":"max-image-preview:large","max-video-preview":"max-video-preview:-1"},"canonical":"https:\/\/quehacerpolitico.mx\/?p=112992","og_locale":"es_MX","og_type":"article","og_title":"El Quehacer Pol\u00edtico a trav\u00e9s de la expresi\u00f3n libre\/\/\/Mtra Julia Herrera Aristeo\/\/\/NO MENTIR, NO ROBAR, NO TRAICIONAR,\u00a0PRIMERO LOS POBRES, ALGUNOS DE LOS PRESUPUESTOS QUE REFRENDA PARA GOBERNAR LA\u00a0PRIMER MUJER\u00a0PRESIDENTA\u00a0DE\u00a0LOS ESTADOS UNIDOS MEXICANOS,\u00a0DRA. CLAUDIA SHEINMBAUM PARDO -","og_description":"Por Mtra Julia Herrera Aristeo Analista \u201cLa democracia no es solamente el derecho a votar,...","og_url":"https:\/\/quehacerpolitico.mx\/?p=112992","article_published_time":"2024-10-09T14:46:32+00:00","article_modified_time":"2024-10-09T14:46:34+00:00","og_image":[{"width":963,"height":493,"url":"https:\/\/quehacerpolitico.mx\/wp-content\/uploads\/2024\/10\/63383448-d829-46e2-b902-f38ebf4d20eb.jpeg","type":"image\/jpeg"}],"author":"Redacci\u00f3n QP","twitter_card":"summary_large_image","twitter_misc":{"Escrito por":"Redacci\u00f3n QP","Tiempo de lectura":"12 minutos"},"schema":{"@context":"https:\/\/schema.org","@graph":[{"@type":"Article","@id":"https:\/\/quehacerpolitico.mx\/?p=112992#article","isPartOf":{"@id":"https:\/\/quehacerpolitico.mx\/?p=112992"},"author":{"name":"Redacci\u00f3n QP","@id":"https:\/\/quehacerpolitico.mx\/#\/schema\/person\/496d8ad2d1d3f8036101dca7ee39e585"},"headline":"El Quehacer Pol\u00edtico a trav\u00e9s de la expresi\u00f3n libre\/\/\/Mtra Julia Herrera Aristeo\/\/\/NO MENTIR, NO ROBAR, NO TRAICIONAR,\u00a0PRIMERO LOS POBRES, ALGUNOS DE LOS PRESUPUESTOS QUE REFRENDA PARA GOBERNAR LA\u00a0PRIMER MUJER\u00a0PRESIDENTA\u00a0DE\u00a0LOS ESTADOS UNIDOS MEXICANOS,\u00a0DRA. CLAUDIA SHEINMBAUM PARDO","datePublished":"2024-10-09T14:46:32+00:00","dateModified":"2024-10-09T14:46:34+00:00","mainEntityOfPage":{"@id":"https:\/\/quehacerpolitico.mx\/?p=112992"},"wordCount":2529,"commentCount":0,"image":{"@id":"https:\/\/quehacerpolitico.mx\/?p=112992#primaryimage"},"thumbnailUrl":"https:\/\/quehacerpolitico.mx\/wp-content\/uploads\/2024\/10\/63383448-d829-46e2-b902-f38ebf4d20eb.jpeg","articleSection":["Noticias"],"inLanguage":"es","potentialAction":[{"@type":"CommentAction","name":"Comment","target":["https:\/\/quehacerpolitico.mx\/?p=112992#respond"]}]},{"@type":"WebPage","@id":"https:\/\/quehacerpolitico.mx\/?p=112992","url":"https:\/\/quehacerpolitico.mx\/?p=112992","name":"El Quehacer Pol\u00edtico a trav\u00e9s de la expresi\u00f3n libre\/\/\/Mtra Julia Herrera Aristeo\/\/\/NO MENTIR, NO ROBAR, NO TRAICIONAR,\u00a0PRIMERO LOS POBRES, ALGUNOS DE LOS PRESUPUESTOS QUE REFRENDA PARA GOBERNAR LA\u00a0PRIMER MUJER\u00a0PRESIDENTA\u00a0DE\u00a0LOS ESTADOS UNIDOS MEXICANOS,\u00a0DRA. CLAUDIA SHEINMBAUM PARDO -","isPartOf":{"@id":"https:\/\/quehacerpolitico.mx\/#website"},"primaryImageOfPage":{"@id":"https:\/\/quehacerpolitico.mx\/?p=112992#primaryimage"},"image":{"@id":"https:\/\/quehacerpolitico.mx\/?p=112992#primaryimage"},"thumbnailUrl":"https:\/\/quehacerpolitico.mx\/wp-content\/uploads\/2024\/10\/63383448-d829-46e2-b902-f38ebf4d20eb.jpeg","datePublished":"2024-10-09T14:46:32+00:00","dateModified":"2024-10-09T14:46:34+00:00","author":{"@id":"https:\/\/quehacerpolitico.mx\/#\/schema\/person\/496d8ad2d1d3f8036101dca7ee39e585"},"breadcrumb":{"@id":"https:\/\/quehacerpolitico.mx\/?p=112992#breadcrumb"},"inLanguage":"es","potentialAction":[{"@type":"ReadAction","target":["https:\/\/quehacerpolitico.mx\/?p=112992"]}]},{"@type":"ImageObject","inLanguage":"es","@id":"https:\/\/quehacerpolitico.mx\/?p=112992#primaryimage","url":"https:\/\/quehacerpolitico.mx\/wp-content\/uploads\/2024\/10\/63383448-d829-46e2-b902-f38ebf4d20eb.jpeg","contentUrl":"https:\/\/quehacerpolitico.mx\/wp-content\/uploads\/2024\/10\/63383448-d829-46e2-b902-f38ebf4d20eb.jpeg","width":963,"height":493},{"@type":"BreadcrumbList","@id":"https:\/\/quehacerpolitico.mx\/?p=112992#breadcrumb","itemListElement":[{"@type":"ListItem","position":1,"name":"Inicio","item":"https:\/\/quehacerpolitico.mx\/"},{"@type":"ListItem","position":2,"name":"El Quehacer Pol\u00edtico a trav\u00e9s de la expresi\u00f3n libre\/\/\/Mtra Julia Herrera Aristeo\/\/\/NO MENTIR, NO ROBAR, NO TRAICIONAR,\u00a0PRIMERO LOS POBRES, ALGUNOS DE LOS PRESUPUESTOS QUE REFRENDA PARA GOBERNAR LA\u00a0PRIMER MUJER\u00a0PRESIDENTA\u00a0DE\u00a0LOS ESTADOS UNIDOS MEXICANOS,\u00a0DRA. CLAUDIA SHEINMBAUM PARDO"}]},{"@type":"WebSite","@id":"https:\/\/quehacerpolitico.mx\/#website","url":"https:\/\/quehacerpolitico.mx\/","name":"","description":"","potentialAction":[{"@type":"SearchAction","target":{"@type":"EntryPoint","urlTemplate":"https:\/\/quehacerpolitico.mx\/?s={search_term_string}"},"query-input":{"@type":"PropertyValueSpecification","valueRequired":true,"valueName":"search_term_string"}}],"inLanguage":"es"},{"@type":"Person","@id":"https:\/\/quehacerpolitico.mx\/#\/schema\/person\/496d8ad2d1d3f8036101dca7ee39e585","name":"Redacci\u00f3n QP","image":{"@type":"ImageObject","inLanguage":"es","@id":"https:\/\/secure.gravatar.com\/avatar\/c7164ed6fdec453195284ad24a5ae5b6e1eed2b848477fa2a4787ba9adf39a41?s=96&d=mm&r=g","url":"https:\/\/secure.gravatar.com\/avatar\/c7164ed6fdec453195284ad24a5ae5b6e1eed2b848477fa2a4787ba9adf39a41?s=96&d=mm&r=g","contentUrl":"https:\/\/secure.gravatar.com\/avatar\/c7164ed6fdec453195284ad24a5ae5b6e1eed2b848477fa2a4787ba9adf39a41?s=96&d=mm&r=g","caption":"Redacci\u00f3n QP"},"url":"https:\/\/quehacerpolitico.mx\/?author=2"}]}},"featured_image_urls":{"full":["https:\/\/quehacerpolitico.mx\/wp-content\/uploads\/2024\/10\/63383448-d829-46e2-b902-f38ebf4d20eb.jpeg",963,493,false],"thumbnail":["https:\/\/quehacerpolitico.mx\/wp-content\/uploads\/2024\/10\/63383448-d829-46e2-b902-f38ebf4d20eb-150x150.jpeg",150,150,true],"medium":["https:\/\/quehacerpolitico.mx\/wp-content\/uploads\/2024\/10\/63383448-d829-46e2-b902-f38ebf4d20eb-300x154.jpeg",300,154,true],"medium_large":["https:\/\/quehacerpolitico.mx\/wp-content\/uploads\/2024\/10\/63383448-d829-46e2-b902-f38ebf4d20eb-768x393.jpeg",640,328,true],"large":["https:\/\/quehacerpolitico.mx\/wp-content\/uploads\/2024\/10\/63383448-d829-46e2-b902-f38ebf4d20eb.jpeg",640,328,false],"1536x1536":["https:\/\/quehacerpolitico.mx\/wp-content\/uploads\/2024\/10\/63383448-d829-46e2-b902-f38ebf4d20eb.jpeg",963,493,false],"2048x2048":["https:\/\/quehacerpolitico.mx\/wp-content\/uploads\/2024\/10\/63383448-d829-46e2-b902-f38ebf4d20eb.jpeg",963,493,false],"covernews-featured":["https:\/\/quehacerpolitico.mx\/wp-content\/uploads\/2024\/10\/63383448-d829-46e2-b902-f38ebf4d20eb.jpeg",963,493,false],"covernews-medium":["https:\/\/quehacerpolitico.mx\/wp-content\/uploads\/2024\/10\/63383448-d829-46e2-b902-f38ebf4d20eb-540x340.jpeg",540,340,true]},"author_info":{"display_name":"Redacci\u00f3n QP","author_link":"https:\/\/quehacerpolitico.mx\/?author=2"},"category_info":"<a href=\"https:\/\/quehacerpolitico.mx\/?cat=2\" rel=\"category\">Noticias<\/a>","tag_info":"Noticias","comment_count":"0","_links":{"self":[{"href":"https:\/\/quehacerpolitico.mx\/index.php?rest_route=\/wp\/v2\/posts\/112992","targetHints":{"allow":["GET"]}}],"collection":[{"href":"https:\/\/quehacerpolitico.mx\/index.php?rest_route=\/wp\/v2\/posts"}],"about":[{"href":"https:\/\/quehacerpolitico.mx\/index.php?rest_route=\/wp\/v2\/types\/post"}],"author":[{"embeddable":true,"href":"https:\/\/quehacerpolitico.mx\/index.php?rest_route=\/wp\/v2\/users\/2"}],"replies":[{"embeddable":true,"href":"https:\/\/quehacerpolitico.mx\/index.php?rest_route=%2Fwp%2Fv2%2Fcomments&post=112992"}],"version-history":[{"count":1,"href":"https:\/\/quehacerpolitico.mx\/index.php?rest_route=\/wp\/v2\/posts\/112992\/revisions"}],"predecessor-version":[{"id":112994,"href":"https:\/\/quehacerpolitico.mx\/index.php?rest_route=\/wp\/v2\/posts\/112992\/revisions\/112994"}],"wp:featuredmedia":[{"embeddable":true,"href":"https:\/\/quehacerpolitico.mx\/index.php?rest_route=\/wp\/v2\/media\/112993"}],"wp:attachment":[{"href":"https:\/\/quehacerpolitico.mx\/index.php?rest_route=%2Fwp%2Fv2%2Fmedia&parent=112992"}],"wp:term":[{"taxonomy":"category","embeddable":true,"href":"https:\/\/quehacerpolitico.mx\/index.php?rest_route=%2Fwp%2Fv2%2Fcategories&post=112992"},{"taxonomy":"post_tag","embeddable":true,"href":"https:\/\/quehacerpolitico.mx\/index.php?rest_route=%2Fwp%2Fv2%2Ftags&post=112992"}],"curies":[{"name":"wp","href":"https:\/\/api.w.org\/{rel}","templated":true}]}}