{"id":112973,"date":"2024-10-09T07:56:52","date_gmt":"2024-10-09T13:56:52","guid":{"rendered":"https:\/\/quehacerpolitico.mx\/?p=112973"},"modified":"2024-10-09T07:56:54","modified_gmt":"2024-10-09T13:56:54","slug":"asume-octavio-romero-oropeza-direccion-general-del-infonavit","status":"publish","type":"post","link":"https:\/\/quehacerpolitico.mx\/?p=112973","title":{"rendered":"ASUME OCTAVIO ROMERO OROPEZA DIRECCI\u00d3N GENERAL DEL INFONAVIT"},"content":{"rendered":"\n<p>Por Redacci\u00f3n NotiExpress | La Revista del Sector Inmobiliario<\/p>\n\n\n\n<ul class=\"wp-block-list\">\n<li><strong>Su nombramiento fue aprobado por unanimidad durante la sesi\u00f3n extraordinaria 130 de la Asamblea General del Instituto.<\/strong><\/li>\n<\/ul>\n\n\n\n<p>El ingeniero Octavio Romero Oropeza asumi\u00f3 la Direcci\u00f3n General del Instituto del Fondo Nacional de la Vivienda para los Trabajadores (Infonavit), luego de que su nombramiento fuera aprobado por unanimidad durante la sesi\u00f3n extraordinaria 130 de la Asamblea General del Instituto.<\/p>\n\n\n\n<figure class=\"wp-block-image size-large\"><img loading=\"lazy\" decoding=\"async\" width=\"1024\" height=\"781\" src=\"https:\/\/quehacerpolitico.mx\/wp-content\/uploads\/2024\/10\/image-16-1024x781.jpeg\" alt=\"\" class=\"wp-image-112978\" srcset=\"https:\/\/quehacerpolitico.mx\/wp-content\/uploads\/2024\/10\/image-16-1024x781.jpeg 1024w, https:\/\/quehacerpolitico.mx\/wp-content\/uploads\/2024\/10\/image-16-300x229.jpeg 300w, https:\/\/quehacerpolitico.mx\/wp-content\/uploads\/2024\/10\/image-16-768x586.jpeg 768w, https:\/\/quehacerpolitico.mx\/wp-content\/uploads\/2024\/10\/image-16-1536x1171.jpeg 1536w, https:\/\/quehacerpolitico.mx\/wp-content\/uploads\/2024\/10\/image-16.jpeg 1600w\" sizes=\"auto, (max-width: 1024px) 100vw, 1024px\" \/><\/figure>\n\n\n\n<p><a>Al rendir protesta como nuevo titular, agradeci\u00f3 a la Presidenta de M\u00e9xico, Claudia Sheinbaum Pardo, por proponerlo para esta encomienda, con el encargo de concretar una de sus principales acciones de gobierno, consistente en la construcci\u00f3n de al menos un mill\u00f3n de viviendas. Agreg\u00f3 que esta tarea se realizar\u00e1 sin menoscabo de todas las operaciones de financiamiento para la adquisici\u00f3n y mejoramiento de vivienda que cotidianamente se llevan a cabo en el Infonavit.&nbsp;<\/a><\/p>\n\n\n\n<p>Se\u00f1al\u00f3 que es prioritario que el Instituto se integre de manera inmediata a los programas de Bienestar, impulsados por la Presidencia de la Rep\u00fablica.<\/p>\n\n\n\n<figure class=\"wp-block-image size-large\"><img loading=\"lazy\" decoding=\"async\" width=\"1024\" height=\"647\" src=\"https:\/\/quehacerpolitico.mx\/wp-content\/uploads\/2024\/10\/image-15-1024x647.jpeg\" alt=\"\" class=\"wp-image-112977\" srcset=\"https:\/\/quehacerpolitico.mx\/wp-content\/uploads\/2024\/10\/image-15-1024x647.jpeg 1024w, https:\/\/quehacerpolitico.mx\/wp-content\/uploads\/2024\/10\/image-15-300x190.jpeg 300w, https:\/\/quehacerpolitico.mx\/wp-content\/uploads\/2024\/10\/image-15-768x485.jpeg 768w, https:\/\/quehacerpolitico.mx\/wp-content\/uploads\/2024\/10\/image-15-540x340.jpeg 540w, https:\/\/quehacerpolitico.mx\/wp-content\/uploads\/2024\/10\/image-15.jpeg 1280w\" sizes=\"auto, (max-width: 1024px) 100vw, 1024px\" \/><\/figure>\n\n\n\n<p>Durante su mensaje, Romero Oropeza estableci\u00f3 su compromiso de trabajar con los tres sectores que componen los \u00f3rganos colegiados del Instituto con profesionalismo, transparencia y comunicaci\u00f3n.<\/p>\n\n\n\n<p>Aprovech\u00f3 para enviar un saludo a quienes ser\u00e1n sus compa\u00f1eras y compa\u00f1eros con quienes trabajar\u00e1 de la mano para cumplir con estos retos, en l\u00ednea con la instrucci\u00f3n de la Presidenta Claudia Sheinbaum.<\/p>\n\n\n\n<p>Se\u00f1al\u00f3 que se van a preservar los derechos laborales de las y los trabajadores del Infonavit con lo que se garantizar\u00e1n la operaci\u00f3n y los procesos sustantivos del Instituto.<\/p>\n\n\n\n<figure class=\"wp-block-image size-large\"><img loading=\"lazy\" decoding=\"async\" width=\"1024\" height=\"819\" src=\"https:\/\/quehacerpolitico.mx\/wp-content\/uploads\/2024\/10\/image-14-1024x819.jpeg\" alt=\"\" class=\"wp-image-112976\" srcset=\"https:\/\/quehacerpolitico.mx\/wp-content\/uploads\/2024\/10\/image-14-1024x819.jpeg 1024w, https:\/\/quehacerpolitico.mx\/wp-content\/uploads\/2024\/10\/image-14-300x240.jpeg 300w, https:\/\/quehacerpolitico.mx\/wp-content\/uploads\/2024\/10\/image-14-768x614.jpeg 768w, https:\/\/quehacerpolitico.mx\/wp-content\/uploads\/2024\/10\/image-14.jpeg 1280w\" sizes=\"auto, (max-width: 1024px) 100vw, 1024px\" \/><\/figure>\n\n\n\n<p>No se te olvide que?<\/p>\n\n\n\n<p>En&nbsp;NotiExpress | La Revista del Sector Inmobiliario nos ocupamos en la difusi\u00f3n de la industria inmobiliaria generamos contenidos que te ayudar\u00e1n a mantenerte a la vanguardia en tecnolog\u00eda y en tendencias del sector inmobiliario para que puedas ofrecer el mejor servicio y generar m\u00e1s clientes.<\/p>\n\n\n\n<p>\u00c9chale una miradita a nuestra revista mensual donde encontrar\u00e1s la informaci\u00f3n precisa y oportuna con todo lo relacionado al sector inmobiliario aqu\u00ed \ud83d\udc49\u00a0<a href=\"https:\/\/issuu.com\/notiexpressmx\/docs\/notiexpress_07\">https:\/\/issuu.com\/notiexpressmx\/docs\/notiexpress_07\u00a0<\/a>\u00a0NotiExpress | La Revista del Sector Inmobiliario<\/p>\n\n\n\n<figure class=\"wp-block-image size-large\"><img loading=\"lazy\" decoding=\"async\" width=\"1024\" height=\"378\" src=\"https:\/\/quehacerpolitico.mx\/wp-content\/uploads\/2024\/10\/image-13-1024x378.jpeg\" alt=\"\" class=\"wp-image-112974\" srcset=\"https:\/\/quehacerpolitico.mx\/wp-content\/uploads\/2024\/10\/image-13-1024x378.jpeg 1024w, https:\/\/quehacerpolitico.mx\/wp-content\/uploads\/2024\/10\/image-13-300x111.jpeg 300w, https:\/\/quehacerpolitico.mx\/wp-content\/uploads\/2024\/10\/image-13-768x284.jpeg 768w, https:\/\/quehacerpolitico.mx\/wp-content\/uploads\/2024\/10\/image-13.jpeg 1280w\" sizes=\"auto, (max-width: 1024px) 100vw, 1024px\" \/><\/figure>\n","protected":false},"excerpt":{"rendered":"<p>Por Redacci\u00f3n NotiExpress | La Revista del Sector Inmobiliario El ingeniero Octavio Romero Oropeza asumi\u00f3&#8230;<\/p>\n","protected":false},"author":2,"featured_media":112975,"comment_status":"open","ping_status":"open","sticky":false,"template":"","format":"standard","meta":{"_monsterinsights_skip_tracking":false,"_monsterinsights_sitenote_active":false,"_monsterinsights_sitenote_note":"","_monsterinsights_sitenote_category":0,"footnotes":""},"categories":[56],"tags":[],"class_list":["post-112973","post","type-post","status-publish","format-standard","has-post-thumbnail","hentry","category-economia"],"yoast_head":"<!-- This site is optimized with the Yoast SEO plugin v27.3 - https:\/\/yoast.com\/product\/yoast-seo-wordpress\/ -->\n<title>ASUME OCTAVIO ROMERO OROPEZA DIRECCI\u00d3N GENERAL DEL INFONAVIT -<\/title>\n<meta name=\"robots\" content=\"index, follow, max-snippet:-1, max-image-preview:large, max-video-preview:-1\" \/>\n<link rel=\"canonical\" href=\"https:\/\/quehacerpolitico.mx\/?p=112973\" \/>\n<meta property=\"og:locale\" content=\"es_MX\" \/>\n<meta property=\"og:type\" content=\"article\" \/>\n<meta property=\"og:title\" content=\"ASUME OCTAVIO ROMERO OROPEZA DIRECCI\u00d3N GENERAL DEL INFONAVIT -\" \/>\n<meta property=\"og:description\" content=\"Por Redacci\u00f3n NotiExpress | La Revista del Sector Inmobiliario El ingeniero Octavio Romero Oropeza asumi\u00f3...\" \/>\n<meta property=\"og:url\" content=\"https:\/\/quehacerpolitico.mx\/?p=112973\" \/>\n<meta property=\"article:published_time\" content=\"2024-10-09T13:56:52+00:00\" \/>\n<meta property=\"article:modified_time\" content=\"2024-10-09T13:56:54+00:00\" \/>\n<meta property=\"og:image\" content=\"https:\/\/quehacerpolitico.mx\/wp-content\/uploads\/2024\/10\/photo-output.jpeg\" \/>\n\t<meta property=\"og:image:width\" content=\"2046\" \/>\n\t<meta property=\"og:image:height\" content=\"1396\" \/>\n\t<meta property=\"og:image:type\" content=\"image\/jpeg\" \/>\n<meta name=\"author\" content=\"Redacci\u00f3n QP\" \/>\n<meta name=\"twitter:card\" content=\"summary_large_image\" \/>\n<meta name=\"twitter:label1\" content=\"Escrito por\" \/>\n\t<meta name=\"twitter:data1\" content=\"Redacci\u00f3n QP\" \/>\n\t<meta name=\"twitter:label2\" content=\"Tiempo de lectura\" \/>\n\t<meta name=\"twitter:data2\" content=\"2 minutos\" \/>\n<script type=\"application\/ld+json\" class=\"yoast-schema-graph\">{\"@context\":\"https:\\\/\\\/schema.org\",\"@graph\":[{\"@type\":\"Article\",\"@id\":\"https:\\\/\\\/quehacerpolitico.mx\\\/?p=112973#article\",\"isPartOf\":{\"@id\":\"https:\\\/\\\/quehacerpolitico.mx\\\/?p=112973\"},\"author\":{\"name\":\"Redacci\u00f3n QP\",\"@id\":\"https:\\\/\\\/quehacerpolitico.mx\\\/#\\\/schema\\\/person\\\/496d8ad2d1d3f8036101dca7ee39e585\"},\"headline\":\"ASUME OCTAVIO ROMERO OROPEZA DIRECCI\u00d3N GENERAL DEL INFONAVIT\",\"datePublished\":\"2024-10-09T13:56:52+00:00\",\"dateModified\":\"2024-10-09T13:56:54+00:00\",\"mainEntityOfPage\":{\"@id\":\"https:\\\/\\\/quehacerpolitico.mx\\\/?p=112973\"},\"wordCount\":369,\"commentCount\":0,\"image\":{\"@id\":\"https:\\\/\\\/quehacerpolitico.mx\\\/?p=112973#primaryimage\"},\"thumbnailUrl\":\"https:\\\/\\\/quehacerpolitico.mx\\\/wp-content\\\/uploads\\\/2024\\\/10\\\/photo-output.jpeg\",\"articleSection\":[\"Econom\u00eda\"],\"inLanguage\":\"es\",\"potentialAction\":[{\"@type\":\"CommentAction\",\"name\":\"Comment\",\"target\":[\"https:\\\/\\\/quehacerpolitico.mx\\\/?p=112973#respond\"]}]},{\"@type\":\"WebPage\",\"@id\":\"https:\\\/\\\/quehacerpolitico.mx\\\/?p=112973\",\"url\":\"https:\\\/\\\/quehacerpolitico.mx\\\/?p=112973\",\"name\":\"ASUME OCTAVIO ROMERO OROPEZA DIRECCI\u00d3N GENERAL DEL INFONAVIT -\",\"isPartOf\":{\"@id\":\"https:\\\/\\\/quehacerpolitico.mx\\\/#website\"},\"primaryImageOfPage\":{\"@id\":\"https:\\\/\\\/quehacerpolitico.mx\\\/?p=112973#primaryimage\"},\"image\":{\"@id\":\"https:\\\/\\\/quehacerpolitico.mx\\\/?p=112973#primaryimage\"},\"thumbnailUrl\":\"https:\\\/\\\/quehacerpolitico.mx\\\/wp-content\\\/uploads\\\/2024\\\/10\\\/photo-output.jpeg\",\"datePublished\":\"2024-10-09T13:56:52+00:00\",\"dateModified\":\"2024-10-09T13:56:54+00:00\",\"author\":{\"@id\":\"https:\\\/\\\/quehacerpolitico.mx\\\/#\\\/schema\\\/person\\\/496d8ad2d1d3f8036101dca7ee39e585\"},\"breadcrumb\":{\"@id\":\"https:\\\/\\\/quehacerpolitico.mx\\\/?p=112973#breadcrumb\"},\"inLanguage\":\"es\",\"potentialAction\":[{\"@type\":\"ReadAction\",\"target\":[\"https:\\\/\\\/quehacerpolitico.mx\\\/?p=112973\"]}]},{\"@type\":\"ImageObject\",\"inLanguage\":\"es\",\"@id\":\"https:\\\/\\\/quehacerpolitico.mx\\\/?p=112973#primaryimage\",\"url\":\"https:\\\/\\\/quehacerpolitico.mx\\\/wp-content\\\/uploads\\\/2024\\\/10\\\/photo-output.jpeg\",\"contentUrl\":\"https:\\\/\\\/quehacerpolitico.mx\\\/wp-content\\\/uploads\\\/2024\\\/10\\\/photo-output.jpeg\",\"width\":2046,\"height\":1396},{\"@type\":\"BreadcrumbList\",\"@id\":\"https:\\\/\\\/quehacerpolitico.mx\\\/?p=112973#breadcrumb\",\"itemListElement\":[{\"@type\":\"ListItem\",\"position\":1,\"name\":\"Inicio\",\"item\":\"https:\\\/\\\/quehacerpolitico.mx\\\/\"},{\"@type\":\"ListItem\",\"position\":2,\"name\":\"ASUME OCTAVIO ROMERO OROPEZA DIRECCI\u00d3N GENERAL DEL INFONAVIT\"}]},{\"@type\":\"WebSite\",\"@id\":\"https:\\\/\\\/quehacerpolitico.mx\\\/#website\",\"url\":\"https:\\\/\\\/quehacerpolitico.mx\\\/\",\"name\":\"\",\"description\":\"\",\"potentialAction\":[{\"@type\":\"SearchAction\",\"target\":{\"@type\":\"EntryPoint\",\"urlTemplate\":\"https:\\\/\\\/quehacerpolitico.mx\\\/?s={search_term_string}\"},\"query-input\":{\"@type\":\"PropertyValueSpecification\",\"valueRequired\":true,\"valueName\":\"search_term_string\"}}],\"inLanguage\":\"es\"},{\"@type\":\"Person\",\"@id\":\"https:\\\/\\\/quehacerpolitico.mx\\\/#\\\/schema\\\/person\\\/496d8ad2d1d3f8036101dca7ee39e585\",\"name\":\"Redacci\u00f3n QP\",\"image\":{\"@type\":\"ImageObject\",\"inLanguage\":\"es\",\"@id\":\"https:\\\/\\\/secure.gravatar.com\\\/avatar\\\/c7164ed6fdec453195284ad24a5ae5b6e1eed2b848477fa2a4787ba9adf39a41?s=96&d=mm&r=g\",\"url\":\"https:\\\/\\\/secure.gravatar.com\\\/avatar\\\/c7164ed6fdec453195284ad24a5ae5b6e1eed2b848477fa2a4787ba9adf39a41?s=96&d=mm&r=g\",\"contentUrl\":\"https:\\\/\\\/secure.gravatar.com\\\/avatar\\\/c7164ed6fdec453195284ad24a5ae5b6e1eed2b848477fa2a4787ba9adf39a41?s=96&d=mm&r=g\",\"caption\":\"Redacci\u00f3n QP\"},\"url\":\"https:\\\/\\\/quehacerpolitico.mx\\\/?author=2\"}]}<\/script>\n<!-- \/ Yoast SEO plugin. -->","yoast_head_json":{"title":"ASUME OCTAVIO ROMERO OROPEZA DIRECCI\u00d3N GENERAL DEL INFONAVIT -","robots":{"index":"index","follow":"follow","max-snippet":"max-snippet:-1","max-image-preview":"max-image-preview:large","max-video-preview":"max-video-preview:-1"},"canonical":"https:\/\/quehacerpolitico.mx\/?p=112973","og_locale":"es_MX","og_type":"article","og_title":"ASUME OCTAVIO ROMERO OROPEZA DIRECCI\u00d3N GENERAL DEL INFONAVIT -","og_description":"Por Redacci\u00f3n NotiExpress | La Revista del Sector Inmobiliario El ingeniero Octavio Romero Oropeza asumi\u00f3...","og_url":"https:\/\/quehacerpolitico.mx\/?p=112973","article_published_time":"2024-10-09T13:56:52+00:00","article_modified_time":"2024-10-09T13:56:54+00:00","og_image":[{"width":2046,"height":1396,"url":"https:\/\/quehacerpolitico.mx\/wp-content\/uploads\/2024\/10\/photo-output.jpeg","type":"image\/jpeg"}],"author":"Redacci\u00f3n QP","twitter_card":"summary_large_image","twitter_misc":{"Escrito por":"Redacci\u00f3n QP","Tiempo de lectura":"2 minutos"},"schema":{"@context":"https:\/\/schema.org","@graph":[{"@type":"Article","@id":"https:\/\/quehacerpolitico.mx\/?p=112973#article","isPartOf":{"@id":"https:\/\/quehacerpolitico.mx\/?p=112973"},"author":{"name":"Redacci\u00f3n QP","@id":"https:\/\/quehacerpolitico.mx\/#\/schema\/person\/496d8ad2d1d3f8036101dca7ee39e585"},"headline":"ASUME OCTAVIO ROMERO OROPEZA DIRECCI\u00d3N GENERAL DEL INFONAVIT","datePublished":"2024-10-09T13:56:52+00:00","dateModified":"2024-10-09T13:56:54+00:00","mainEntityOfPage":{"@id":"https:\/\/quehacerpolitico.mx\/?p=112973"},"wordCount":369,"commentCount":0,"image":{"@id":"https:\/\/quehacerpolitico.mx\/?p=112973#primaryimage"},"thumbnailUrl":"https:\/\/quehacerpolitico.mx\/wp-content\/uploads\/2024\/10\/photo-output.jpeg","articleSection":["Econom\u00eda"],"inLanguage":"es","potentialAction":[{"@type":"CommentAction","name":"Comment","target":["https:\/\/quehacerpolitico.mx\/?p=112973#respond"]}]},{"@type":"WebPage","@id":"https:\/\/quehacerpolitico.mx\/?p=112973","url":"https:\/\/quehacerpolitico.mx\/?p=112973","name":"ASUME OCTAVIO ROMERO OROPEZA DIRECCI\u00d3N GENERAL DEL INFONAVIT -","isPartOf":{"@id":"https:\/\/quehacerpolitico.mx\/#website"},"primaryImageOfPage":{"@id":"https:\/\/quehacerpolitico.mx\/?p=112973#primaryimage"},"image":{"@id":"https:\/\/quehacerpolitico.mx\/?p=112973#primaryimage"},"thumbnailUrl":"https:\/\/quehacerpolitico.mx\/wp-content\/uploads\/2024\/10\/photo-output.jpeg","datePublished":"2024-10-09T13:56:52+00:00","dateModified":"2024-10-09T13:56:54+00:00","author":{"@id":"https:\/\/quehacerpolitico.mx\/#\/schema\/person\/496d8ad2d1d3f8036101dca7ee39e585"},"breadcrumb":{"@id":"https:\/\/quehacerpolitico.mx\/?p=112973#breadcrumb"},"inLanguage":"es","potentialAction":[{"@type":"ReadAction","target":["https:\/\/quehacerpolitico.mx\/?p=112973"]}]},{"@type":"ImageObject","inLanguage":"es","@id":"https:\/\/quehacerpolitico.mx\/?p=112973#primaryimage","url":"https:\/\/quehacerpolitico.mx\/wp-content\/uploads\/2024\/10\/photo-output.jpeg","contentUrl":"https:\/\/quehacerpolitico.mx\/wp-content\/uploads\/2024\/10\/photo-output.jpeg","width":2046,"height":1396},{"@type":"BreadcrumbList","@id":"https:\/\/quehacerpolitico.mx\/?p=112973#breadcrumb","itemListElement":[{"@type":"ListItem","position":1,"name":"Inicio","item":"https:\/\/quehacerpolitico.mx\/"},{"@type":"ListItem","position":2,"name":"ASUME OCTAVIO ROMERO OROPEZA DIRECCI\u00d3N GENERAL DEL INFONAVIT"}]},{"@type":"WebSite","@id":"https:\/\/quehacerpolitico.mx\/#website","url":"https:\/\/quehacerpolitico.mx\/","name":"","description":"","potentialAction":[{"@type":"SearchAction","target":{"@type":"EntryPoint","urlTemplate":"https:\/\/quehacerpolitico.mx\/?s={search_term_string}"},"query-input":{"@type":"PropertyValueSpecification","valueRequired":true,"valueName":"search_term_string"}}],"inLanguage":"es"},{"@type":"Person","@id":"https:\/\/quehacerpolitico.mx\/#\/schema\/person\/496d8ad2d1d3f8036101dca7ee39e585","name":"Redacci\u00f3n QP","image":{"@type":"ImageObject","inLanguage":"es","@id":"https:\/\/secure.gravatar.com\/avatar\/c7164ed6fdec453195284ad24a5ae5b6e1eed2b848477fa2a4787ba9adf39a41?s=96&d=mm&r=g","url":"https:\/\/secure.gravatar.com\/avatar\/c7164ed6fdec453195284ad24a5ae5b6e1eed2b848477fa2a4787ba9adf39a41?s=96&d=mm&r=g","contentUrl":"https:\/\/secure.gravatar.com\/avatar\/c7164ed6fdec453195284ad24a5ae5b6e1eed2b848477fa2a4787ba9adf39a41?s=96&d=mm&r=g","caption":"Redacci\u00f3n QP"},"url":"https:\/\/quehacerpolitico.mx\/?author=2"}]}},"featured_image_urls":{"full":["https:\/\/quehacerpolitico.mx\/wp-content\/uploads\/2024\/10\/photo-output.jpeg",2046,1396,false],"thumbnail":["https:\/\/quehacerpolitico.mx\/wp-content\/uploads\/2024\/10\/photo-output-150x150.jpeg",150,150,true],"medium":["https:\/\/quehacerpolitico.mx\/wp-content\/uploads\/2024\/10\/photo-output-300x205.jpeg",300,205,true],"medium_large":["https:\/\/quehacerpolitico.mx\/wp-content\/uploads\/2024\/10\/photo-output-768x524.jpeg",640,437,true],"large":["https:\/\/quehacerpolitico.mx\/wp-content\/uploads\/2024\/10\/photo-output-1024x699.jpeg",640,437,true],"1536x1536":["https:\/\/quehacerpolitico.mx\/wp-content\/uploads\/2024\/10\/photo-output-1536x1048.jpeg",1536,1048,true],"2048x2048":["https:\/\/quehacerpolitico.mx\/wp-content\/uploads\/2024\/10\/photo-output.jpeg",2046,1396,false],"covernews-featured":["https:\/\/quehacerpolitico.mx\/wp-content\/uploads\/2024\/10\/photo-output-1024x699.jpeg",1024,699,true],"covernews-medium":["https:\/\/quehacerpolitico.mx\/wp-content\/uploads\/2024\/10\/photo-output-540x340.jpeg",540,340,true]},"author_info":{"display_name":"Redacci\u00f3n QP","author_link":"https:\/\/quehacerpolitico.mx\/?author=2"},"category_info":"<a href=\"https:\/\/quehacerpolitico.mx\/?cat=56\" rel=\"category\">Econom\u00eda<\/a>","tag_info":"Econom\u00eda","comment_count":"0","_links":{"self":[{"href":"https:\/\/quehacerpolitico.mx\/index.php?rest_route=\/wp\/v2\/posts\/112973","targetHints":{"allow":["GET"]}}],"collection":[{"href":"https:\/\/quehacerpolitico.mx\/index.php?rest_route=\/wp\/v2\/posts"}],"about":[{"href":"https:\/\/quehacerpolitico.mx\/index.php?rest_route=\/wp\/v2\/types\/post"}],"author":[{"embeddable":true,"href":"https:\/\/quehacerpolitico.mx\/index.php?rest_route=\/wp\/v2\/users\/2"}],"replies":[{"embeddable":true,"href":"https:\/\/quehacerpolitico.mx\/index.php?rest_route=%2Fwp%2Fv2%2Fcomments&post=112973"}],"version-history":[{"count":1,"href":"https:\/\/quehacerpolitico.mx\/index.php?rest_route=\/wp\/v2\/posts\/112973\/revisions"}],"predecessor-version":[{"id":112979,"href":"https:\/\/quehacerpolitico.mx\/index.php?rest_route=\/wp\/v2\/posts\/112973\/revisions\/112979"}],"wp:featuredmedia":[{"embeddable":true,"href":"https:\/\/quehacerpolitico.mx\/index.php?rest_route=\/wp\/v2\/media\/112975"}],"wp:attachment":[{"href":"https:\/\/quehacerpolitico.mx\/index.php?rest_route=%2Fwp%2Fv2%2Fmedia&parent=112973"}],"wp:term":[{"taxonomy":"category","embeddable":true,"href":"https:\/\/quehacerpolitico.mx\/index.php?rest_route=%2Fwp%2Fv2%2Fcategories&post=112973"},{"taxonomy":"post_tag","embeddable":true,"href":"https:\/\/quehacerpolitico.mx\/index.php?rest_route=%2Fwp%2Fv2%2Ftags&post=112973"}],"curies":[{"name":"wp","href":"https:\/\/api.w.org\/{rel}","templated":true}]}}