{"id":112956,"date":"2024-10-09T00:09:06","date_gmt":"2024-10-09T06:09:06","guid":{"rendered":"https:\/\/quehacerpolitico.mx\/?p=112956"},"modified":"2024-10-09T00:09:08","modified_gmt":"2024-10-09T06:09:08","slug":"el-tri-se-reporta-listo-y-con-equipo-completo","status":"publish","type":"post","link":"https:\/\/quehacerpolitico.mx\/?p=112956","title":{"rendered":"El TRI se reporta listo y con equipo completo"},"content":{"rendered":"\n<p>Por Redacci\u00f3n QP<\/p>\n\n\n\n<p>Con los 27 futbolistas, el cuerpo t\u00e9cnico realiz\u00f3 una sesi\u00f3n de entrenamiento que dur\u00f3 cerca de hora y media<\/p>\n\n\n\n<p><strong>La Selecci\u00f3n Mexicana de futbol contin\u00faa con su concentraci\u00f3n en el Centro de Alto Rendimiento (CAR) en Toluca<\/strong>, de cara a los partidos de la Fecha FIFA de octubre y fue hasta este martes, cuando el equipo del \u201cVasco\u201d Javier Aguirre pudo entrenar con todos sus elementos, y es que&nbsp;finalmente se presentaron&nbsp;Johan&nbsp;V\u00e1squez, C\u00e9sar Montes y Rodrigo&nbsp;Huescas.<\/p>\n\n\n\n<p>As\u00ed,&nbsp;<strong>con los 27 futbolistas, el cuerpo t\u00e9cnico realiz\u00f3 una sesi\u00f3n de entrenamiento la cual dur\u00f3 cerca de hora y media<\/strong>, el cual fue abierto para unos 200 aficionados que presenciaron la pr\u00e1ctica y participaron en activaciones con algunos jugadores, de quienes recibieron obsequios, fotograf\u00edas y aut\u00f3grafos.<\/p>\n\n\n\n<figure class=\"wp-block-embed is-type-rich is-provider-twitter wp-block-embed-twitter\"><div class=\"wp-block-embed__wrapper\">\n<blockquote class=\"twitter-tweet\" data-width=\"550\" data-dnt=\"true\"><p lang=\"qme\" dir=\"ltr\"><a href=\"https:\/\/twitter.com\/hashtag\/ElD%C3%ADaTricolor?src=hash&amp;ref_src=twsrc%5Etfw\">#ElD\u00edaTricolor<\/a> \ud83c\uddf2\ud83c\uddfd<a href=\"https:\/\/twitter.com\/hashtag\/PorM%C3%A9xicoTodo?src=hash&amp;ref_src=twsrc%5Etfw\">#PorM\u00e9xicoTodo<\/a> \ud83d\udc4a <a href=\"https:\/\/t.co\/HO2lGobWuS\">pic.twitter.com\/HO2lGobWuS<\/a><\/p>&mdash; Selecci\u00f3n Nacional (@miseleccionmx) <a href=\"https:\/\/twitter.com\/miseleccionmx\/status\/1843851287361945695?ref_src=twsrc%5Etfw\">October 9, 2024<\/a><\/blockquote><script async src=\"https:\/\/platform.twitter.com\/widgets.js\" charset=\"utf-8\"><\/script>\n<\/div><\/figure>\n\n\n\n<p>El entrenamiento consisti\u00f3 en trabajo de gimnasio, activaci\u00f3n y mejora de t\u00e9cnica individual y colectiva, mejoras en la posesi\u00f3n del bal\u00f3n, despliegues de ataque a defensa y para finalizar, futbol en espacios reducidos.<\/p>\n\n\n\n<p>Ser\u00e1 este mi\u00e9rcoles cuando el Tricolor se encierre de manera definitiva para entrenar en el CAR bajo el mando de Javier&nbsp;Aguirre&nbsp;y Rafael M\u00e1rquez, y hacerlo a conciencia, con una alineaci\u00f3n tentativa que usar\u00edan el pr\u00f3ximo fin de semana, en donde se habla que lo har\u00edan con equipo alterno al que en teor\u00eda podr\u00eda ser el estelar.<\/p>\n\n\n\n<figure class=\"wp-block-embed is-type-rich is-provider-twitter wp-block-embed-twitter\"><div class=\"wp-block-embed__wrapper\">\n<blockquote class=\"twitter-tweet\" data-width=\"550\" data-dnt=\"true\"><p lang=\"qme\" dir=\"ltr\"><a href=\"https:\/\/twitter.com\/hashtag\/ElD%C3%ADaTricolor?src=hash&amp;ref_src=twsrc%5Etfw\">#ElD\u00edaTricolor<\/a> \ud83d\udd25<a href=\"https:\/\/twitter.com\/hashtag\/PorM%C3%A9xicoTodo?src=hash&amp;ref_src=twsrc%5Etfw\">#PorM\u00e9xicoTodo<\/a> \ud83e\udef6 <a href=\"https:\/\/t.co\/2Idf4vItUj\">pic.twitter.com\/2Idf4vItUj<\/a><\/p>&mdash; Selecci\u00f3n Nacional (@miseleccionmx) <a href=\"https:\/\/twitter.com\/miseleccionmx\/status\/1843851354143687157?ref_src=twsrc%5Etfw\">October 9, 2024<\/a><\/blockquote><script async src=\"https:\/\/platform.twitter.com\/widgets.js\" charset=\"utf-8\"><\/script>\n<\/div><\/figure>\n\n\n\n<p>El equipo mexicano se enfrentar\u00e1&nbsp;<strong>al Valencia de Espa\u00f1a este s\u00e1bado 12 de octubre en el Estadio Cuauht\u00e9moc de Puebla<\/strong>&nbsp;y a&nbsp;<strong>los Estados Unidos el martes 15 de octubre en el Estadio Akron de Zapopan<\/strong>, Jalisco, casa del Guadalajara.<\/p>\n\n\n\n<p>Adem\u00e1s,&nbsp;se espera que los pr\u00f3ximos partidos de las Fechas&nbsp;FIFA&nbsp;sean ante rivales de m\u00e1s envergadura que el propio Valencia, es por eso que una comitiva de la FMF, entre ellos Duilio Davino, se encuentran en Buenos Aires, buscando que el Tricolor se mida ante cuadros como Boca Juniors o River Plate.<\/p>\n\n\n\n<figure class=\"wp-block-embed is-type-rich is-provider-twitter wp-block-embed-twitter\"><div class=\"wp-block-embed__wrapper\">\n<blockquote class=\"twitter-tweet\" data-width=\"550\" data-dnt=\"true\"><p lang=\"es\" dir=\"ltr\">As\u00ed cuando te sale todo bien en el <a href=\"https:\/\/twitter.com\/hashtag\/FC25?src=hash&amp;ref_src=twsrc%5Etfw\">#FC25<\/a> de <a href=\"https:\/\/twitter.com\/easportsfclatam?ref_src=twsrc%5Etfw\">@easportsfclatam<\/a> y presionas \ud83c\udfae:<br><br>\u274c-\u274c-\ud83d\udd3a-\u274c-\u2b55\ufe0f<a href=\"https:\/\/twitter.com\/hashtag\/PorM%C3%A9xicoTodo?src=hash&amp;ref_src=twsrc%5Etfw\">#PorM\u00e9xicoTodo<\/a> \ud83e\udd29 <a href=\"https:\/\/t.co\/R1zN2FWaQc\">pic.twitter.com\/R1zN2FWaQc<\/a><\/p>&mdash; Selecci\u00f3n Nacional (@miseleccionmx) <a href=\"https:\/\/twitter.com\/miseleccionmx\/status\/1843819104203092456?ref_src=twsrc%5Etfw\">October 9, 2024<\/a><\/blockquote><script async src=\"https:\/\/platform.twitter.com\/widgets.js\" charset=\"utf-8\"><\/script>\n<\/div><\/figure>\n\n\n\n<p>Y es que de cara a la Copa del Mundo de 2026,&nbsp;<strong>el equipo mexicano, que no tendr\u00e1 actividad de eliminatorias, ver\u00e1 complicaciones para enfrentar a selecciones<\/strong>&nbsp;que s\u00ed deben clasificarse en sus respectivas \u00e1reas.<\/p>\n","protected":false},"excerpt":{"rendered":"<p>Por Redacci\u00f3n QP Con los 27 futbolistas, el cuerpo t\u00e9cnico realiz\u00f3 una sesi\u00f3n de entrenamiento&#8230;<\/p>\n","protected":false},"author":2,"featured_media":112957,"comment_status":"open","ping_status":"open","sticky":false,"template":"","format":"standard","meta":{"_monsterinsights_skip_tracking":false,"_monsterinsights_sitenote_active":false,"_monsterinsights_sitenote_note":"","_monsterinsights_sitenote_category":0,"footnotes":""},"categories":[54],"tags":[],"class_list":["post-112956","post","type-post","status-publish","format-standard","has-post-thumbnail","hentry","category-deportes"],"yoast_head":"<!-- This site is optimized with the Yoast SEO plugin v27.3 - https:\/\/yoast.com\/product\/yoast-seo-wordpress\/ -->\n<title>El TRI se reporta listo y con equipo completo -<\/title>\n<meta name=\"robots\" content=\"index, follow, max-snippet:-1, max-image-preview:large, max-video-preview:-1\" \/>\n<link rel=\"canonical\" href=\"https:\/\/quehacerpolitico.mx\/?p=112956\" \/>\n<meta property=\"og:locale\" content=\"es_MX\" \/>\n<meta property=\"og:type\" content=\"article\" \/>\n<meta property=\"og:title\" content=\"El TRI se reporta listo y con equipo completo -\" \/>\n<meta property=\"og:description\" content=\"Por Redacci\u00f3n QP Con los 27 futbolistas, el cuerpo t\u00e9cnico realiz\u00f3 una sesi\u00f3n de entrenamiento...\" \/>\n<meta property=\"og:url\" content=\"https:\/\/quehacerpolitico.mx\/?p=112956\" \/>\n<meta property=\"article:published_time\" content=\"2024-10-09T06:09:06+00:00\" \/>\n<meta property=\"article:modified_time\" content=\"2024-10-09T06:09:08+00:00\" \/>\n<meta property=\"og:image\" content=\"https:\/\/quehacerpolitico.mx\/wp-content\/uploads\/2024\/10\/IMG_8420.jpeg\" \/>\n\t<meta property=\"og:image:width\" content=\"1079\" \/>\n\t<meta property=\"og:image:height\" content=\"925\" \/>\n\t<meta property=\"og:image:type\" content=\"image\/jpeg\" \/>\n<meta name=\"author\" content=\"Redacci\u00f3n QP\" \/>\n<meta name=\"twitter:card\" content=\"summary_large_image\" \/>\n<meta name=\"twitter:label1\" content=\"Escrito por\" \/>\n\t<meta name=\"twitter:data1\" content=\"Redacci\u00f3n QP\" \/>\n\t<meta name=\"twitter:label2\" content=\"Tiempo de lectura\" \/>\n\t<meta name=\"twitter:data2\" content=\"2 minutos\" \/>\n<script type=\"application\/ld+json\" class=\"yoast-schema-graph\">{\"@context\":\"https:\\\/\\\/schema.org\",\"@graph\":[{\"@type\":\"Article\",\"@id\":\"https:\\\/\\\/quehacerpolitico.mx\\\/?p=112956#article\",\"isPartOf\":{\"@id\":\"https:\\\/\\\/quehacerpolitico.mx\\\/?p=112956\"},\"author\":{\"name\":\"Redacci\u00f3n QP\",\"@id\":\"https:\\\/\\\/quehacerpolitico.mx\\\/#\\\/schema\\\/person\\\/496d8ad2d1d3f8036101dca7ee39e585\"},\"headline\":\"El TRI se reporta listo y con equipo completo\",\"datePublished\":\"2024-10-09T06:09:06+00:00\",\"dateModified\":\"2024-10-09T06:09:08+00:00\",\"mainEntityOfPage\":{\"@id\":\"https:\\\/\\\/quehacerpolitico.mx\\\/?p=112956\"},\"wordCount\":430,\"commentCount\":0,\"image\":{\"@id\":\"https:\\\/\\\/quehacerpolitico.mx\\\/?p=112956#primaryimage\"},\"thumbnailUrl\":\"https:\\\/\\\/quehacerpolitico.mx\\\/wp-content\\\/uploads\\\/2024\\\/10\\\/IMG_8420.jpeg\",\"articleSection\":[\"Deportes\"],\"inLanguage\":\"es\",\"potentialAction\":[{\"@type\":\"CommentAction\",\"name\":\"Comment\",\"target\":[\"https:\\\/\\\/quehacerpolitico.mx\\\/?p=112956#respond\"]}]},{\"@type\":\"WebPage\",\"@id\":\"https:\\\/\\\/quehacerpolitico.mx\\\/?p=112956\",\"url\":\"https:\\\/\\\/quehacerpolitico.mx\\\/?p=112956\",\"name\":\"El TRI se reporta listo y con equipo completo -\",\"isPartOf\":{\"@id\":\"https:\\\/\\\/quehacerpolitico.mx\\\/#website\"},\"primaryImageOfPage\":{\"@id\":\"https:\\\/\\\/quehacerpolitico.mx\\\/?p=112956#primaryimage\"},\"image\":{\"@id\":\"https:\\\/\\\/quehacerpolitico.mx\\\/?p=112956#primaryimage\"},\"thumbnailUrl\":\"https:\\\/\\\/quehacerpolitico.mx\\\/wp-content\\\/uploads\\\/2024\\\/10\\\/IMG_8420.jpeg\",\"datePublished\":\"2024-10-09T06:09:06+00:00\",\"dateModified\":\"2024-10-09T06:09:08+00:00\",\"author\":{\"@id\":\"https:\\\/\\\/quehacerpolitico.mx\\\/#\\\/schema\\\/person\\\/496d8ad2d1d3f8036101dca7ee39e585\"},\"breadcrumb\":{\"@id\":\"https:\\\/\\\/quehacerpolitico.mx\\\/?p=112956#breadcrumb\"},\"inLanguage\":\"es\",\"potentialAction\":[{\"@type\":\"ReadAction\",\"target\":[\"https:\\\/\\\/quehacerpolitico.mx\\\/?p=112956\"]}]},{\"@type\":\"ImageObject\",\"inLanguage\":\"es\",\"@id\":\"https:\\\/\\\/quehacerpolitico.mx\\\/?p=112956#primaryimage\",\"url\":\"https:\\\/\\\/quehacerpolitico.mx\\\/wp-content\\\/uploads\\\/2024\\\/10\\\/IMG_8420.jpeg\",\"contentUrl\":\"https:\\\/\\\/quehacerpolitico.mx\\\/wp-content\\\/uploads\\\/2024\\\/10\\\/IMG_8420.jpeg\",\"width\":1079,\"height\":925},{\"@type\":\"BreadcrumbList\",\"@id\":\"https:\\\/\\\/quehacerpolitico.mx\\\/?p=112956#breadcrumb\",\"itemListElement\":[{\"@type\":\"ListItem\",\"position\":1,\"name\":\"Inicio\",\"item\":\"https:\\\/\\\/quehacerpolitico.mx\\\/\"},{\"@type\":\"ListItem\",\"position\":2,\"name\":\"El TRI se reporta listo y con equipo completo\"}]},{\"@type\":\"WebSite\",\"@id\":\"https:\\\/\\\/quehacerpolitico.mx\\\/#website\",\"url\":\"https:\\\/\\\/quehacerpolitico.mx\\\/\",\"name\":\"\",\"description\":\"\",\"potentialAction\":[{\"@type\":\"SearchAction\",\"target\":{\"@type\":\"EntryPoint\",\"urlTemplate\":\"https:\\\/\\\/quehacerpolitico.mx\\\/?s={search_term_string}\"},\"query-input\":{\"@type\":\"PropertyValueSpecification\",\"valueRequired\":true,\"valueName\":\"search_term_string\"}}],\"inLanguage\":\"es\"},{\"@type\":\"Person\",\"@id\":\"https:\\\/\\\/quehacerpolitico.mx\\\/#\\\/schema\\\/person\\\/496d8ad2d1d3f8036101dca7ee39e585\",\"name\":\"Redacci\u00f3n QP\",\"image\":{\"@type\":\"ImageObject\",\"inLanguage\":\"es\",\"@id\":\"https:\\\/\\\/secure.gravatar.com\\\/avatar\\\/c7164ed6fdec453195284ad24a5ae5b6e1eed2b848477fa2a4787ba9adf39a41?s=96&d=mm&r=g\",\"url\":\"https:\\\/\\\/secure.gravatar.com\\\/avatar\\\/c7164ed6fdec453195284ad24a5ae5b6e1eed2b848477fa2a4787ba9adf39a41?s=96&d=mm&r=g\",\"contentUrl\":\"https:\\\/\\\/secure.gravatar.com\\\/avatar\\\/c7164ed6fdec453195284ad24a5ae5b6e1eed2b848477fa2a4787ba9adf39a41?s=96&d=mm&r=g\",\"caption\":\"Redacci\u00f3n QP\"},\"url\":\"https:\\\/\\\/quehacerpolitico.mx\\\/?author=2\"}]}<\/script>\n<!-- \/ Yoast SEO plugin. -->","yoast_head_json":{"title":"El TRI se reporta listo y con equipo completo -","robots":{"index":"index","follow":"follow","max-snippet":"max-snippet:-1","max-image-preview":"max-image-preview:large","max-video-preview":"max-video-preview:-1"},"canonical":"https:\/\/quehacerpolitico.mx\/?p=112956","og_locale":"es_MX","og_type":"article","og_title":"El TRI se reporta listo y con equipo completo -","og_description":"Por Redacci\u00f3n QP Con los 27 futbolistas, el cuerpo t\u00e9cnico realiz\u00f3 una sesi\u00f3n de entrenamiento...","og_url":"https:\/\/quehacerpolitico.mx\/?p=112956","article_published_time":"2024-10-09T06:09:06+00:00","article_modified_time":"2024-10-09T06:09:08+00:00","og_image":[{"width":1079,"height":925,"url":"https:\/\/quehacerpolitico.mx\/wp-content\/uploads\/2024\/10\/IMG_8420.jpeg","type":"image\/jpeg"}],"author":"Redacci\u00f3n QP","twitter_card":"summary_large_image","twitter_misc":{"Escrito por":"Redacci\u00f3n QP","Tiempo de lectura":"2 minutos"},"schema":{"@context":"https:\/\/schema.org","@graph":[{"@type":"Article","@id":"https:\/\/quehacerpolitico.mx\/?p=112956#article","isPartOf":{"@id":"https:\/\/quehacerpolitico.mx\/?p=112956"},"author":{"name":"Redacci\u00f3n QP","@id":"https:\/\/quehacerpolitico.mx\/#\/schema\/person\/496d8ad2d1d3f8036101dca7ee39e585"},"headline":"El TRI se reporta listo y con equipo completo","datePublished":"2024-10-09T06:09:06+00:00","dateModified":"2024-10-09T06:09:08+00:00","mainEntityOfPage":{"@id":"https:\/\/quehacerpolitico.mx\/?p=112956"},"wordCount":430,"commentCount":0,"image":{"@id":"https:\/\/quehacerpolitico.mx\/?p=112956#primaryimage"},"thumbnailUrl":"https:\/\/quehacerpolitico.mx\/wp-content\/uploads\/2024\/10\/IMG_8420.jpeg","articleSection":["Deportes"],"inLanguage":"es","potentialAction":[{"@type":"CommentAction","name":"Comment","target":["https:\/\/quehacerpolitico.mx\/?p=112956#respond"]}]},{"@type":"WebPage","@id":"https:\/\/quehacerpolitico.mx\/?p=112956","url":"https:\/\/quehacerpolitico.mx\/?p=112956","name":"El TRI se reporta listo y con equipo completo -","isPartOf":{"@id":"https:\/\/quehacerpolitico.mx\/#website"},"primaryImageOfPage":{"@id":"https:\/\/quehacerpolitico.mx\/?p=112956#primaryimage"},"image":{"@id":"https:\/\/quehacerpolitico.mx\/?p=112956#primaryimage"},"thumbnailUrl":"https:\/\/quehacerpolitico.mx\/wp-content\/uploads\/2024\/10\/IMG_8420.jpeg","datePublished":"2024-10-09T06:09:06+00:00","dateModified":"2024-10-09T06:09:08+00:00","author":{"@id":"https:\/\/quehacerpolitico.mx\/#\/schema\/person\/496d8ad2d1d3f8036101dca7ee39e585"},"breadcrumb":{"@id":"https:\/\/quehacerpolitico.mx\/?p=112956#breadcrumb"},"inLanguage":"es","potentialAction":[{"@type":"ReadAction","target":["https:\/\/quehacerpolitico.mx\/?p=112956"]}]},{"@type":"ImageObject","inLanguage":"es","@id":"https:\/\/quehacerpolitico.mx\/?p=112956#primaryimage","url":"https:\/\/quehacerpolitico.mx\/wp-content\/uploads\/2024\/10\/IMG_8420.jpeg","contentUrl":"https:\/\/quehacerpolitico.mx\/wp-content\/uploads\/2024\/10\/IMG_8420.jpeg","width":1079,"height":925},{"@type":"BreadcrumbList","@id":"https:\/\/quehacerpolitico.mx\/?p=112956#breadcrumb","itemListElement":[{"@type":"ListItem","position":1,"name":"Inicio","item":"https:\/\/quehacerpolitico.mx\/"},{"@type":"ListItem","position":2,"name":"El TRI se reporta listo y con equipo completo"}]},{"@type":"WebSite","@id":"https:\/\/quehacerpolitico.mx\/#website","url":"https:\/\/quehacerpolitico.mx\/","name":"","description":"","potentialAction":[{"@type":"SearchAction","target":{"@type":"EntryPoint","urlTemplate":"https:\/\/quehacerpolitico.mx\/?s={search_term_string}"},"query-input":{"@type":"PropertyValueSpecification","valueRequired":true,"valueName":"search_term_string"}}],"inLanguage":"es"},{"@type":"Person","@id":"https:\/\/quehacerpolitico.mx\/#\/schema\/person\/496d8ad2d1d3f8036101dca7ee39e585","name":"Redacci\u00f3n QP","image":{"@type":"ImageObject","inLanguage":"es","@id":"https:\/\/secure.gravatar.com\/avatar\/c7164ed6fdec453195284ad24a5ae5b6e1eed2b848477fa2a4787ba9adf39a41?s=96&d=mm&r=g","url":"https:\/\/secure.gravatar.com\/avatar\/c7164ed6fdec453195284ad24a5ae5b6e1eed2b848477fa2a4787ba9adf39a41?s=96&d=mm&r=g","contentUrl":"https:\/\/secure.gravatar.com\/avatar\/c7164ed6fdec453195284ad24a5ae5b6e1eed2b848477fa2a4787ba9adf39a41?s=96&d=mm&r=g","caption":"Redacci\u00f3n QP"},"url":"https:\/\/quehacerpolitico.mx\/?author=2"}]}},"featured_image_urls":{"full":["https:\/\/quehacerpolitico.mx\/wp-content\/uploads\/2024\/10\/IMG_8420.jpeg",1079,925,false],"thumbnail":["https:\/\/quehacerpolitico.mx\/wp-content\/uploads\/2024\/10\/IMG_8420-150x150.jpeg",150,150,true],"medium":["https:\/\/quehacerpolitico.mx\/wp-content\/uploads\/2024\/10\/IMG_8420-300x257.jpeg",300,257,true],"medium_large":["https:\/\/quehacerpolitico.mx\/wp-content\/uploads\/2024\/10\/IMG_8420-768x658.jpeg",640,548,true],"large":["https:\/\/quehacerpolitico.mx\/wp-content\/uploads\/2024\/10\/IMG_8420-1024x878.jpeg",640,549,true],"1536x1536":["https:\/\/quehacerpolitico.mx\/wp-content\/uploads\/2024\/10\/IMG_8420.jpeg",1079,925,false],"2048x2048":["https:\/\/quehacerpolitico.mx\/wp-content\/uploads\/2024\/10\/IMG_8420.jpeg",1079,925,false],"covernews-featured":["https:\/\/quehacerpolitico.mx\/wp-content\/uploads\/2024\/10\/IMG_8420-1024x878.jpeg",1024,878,true],"covernews-medium":["https:\/\/quehacerpolitico.mx\/wp-content\/uploads\/2024\/10\/IMG_8420-540x340.jpeg",540,340,true]},"author_info":{"display_name":"Redacci\u00f3n QP","author_link":"https:\/\/quehacerpolitico.mx\/?author=2"},"category_info":"<a href=\"https:\/\/quehacerpolitico.mx\/?cat=54\" rel=\"category\">Deportes<\/a>","tag_info":"Deportes","comment_count":"0","_links":{"self":[{"href":"https:\/\/quehacerpolitico.mx\/index.php?rest_route=\/wp\/v2\/posts\/112956","targetHints":{"allow":["GET"]}}],"collection":[{"href":"https:\/\/quehacerpolitico.mx\/index.php?rest_route=\/wp\/v2\/posts"}],"about":[{"href":"https:\/\/quehacerpolitico.mx\/index.php?rest_route=\/wp\/v2\/types\/post"}],"author":[{"embeddable":true,"href":"https:\/\/quehacerpolitico.mx\/index.php?rest_route=\/wp\/v2\/users\/2"}],"replies":[{"embeddable":true,"href":"https:\/\/quehacerpolitico.mx\/index.php?rest_route=%2Fwp%2Fv2%2Fcomments&post=112956"}],"version-history":[{"count":1,"href":"https:\/\/quehacerpolitico.mx\/index.php?rest_route=\/wp\/v2\/posts\/112956\/revisions"}],"predecessor-version":[{"id":112958,"href":"https:\/\/quehacerpolitico.mx\/index.php?rest_route=\/wp\/v2\/posts\/112956\/revisions\/112958"}],"wp:featuredmedia":[{"embeddable":true,"href":"https:\/\/quehacerpolitico.mx\/index.php?rest_route=\/wp\/v2\/media\/112957"}],"wp:attachment":[{"href":"https:\/\/quehacerpolitico.mx\/index.php?rest_route=%2Fwp%2Fv2%2Fmedia&parent=112956"}],"wp:term":[{"taxonomy":"category","embeddable":true,"href":"https:\/\/quehacerpolitico.mx\/index.php?rest_route=%2Fwp%2Fv2%2Fcategories&post=112956"},{"taxonomy":"post_tag","embeddable":true,"href":"https:\/\/quehacerpolitico.mx\/index.php?rest_route=%2Fwp%2Fv2%2Ftags&post=112956"}],"curies":[{"name":"wp","href":"https:\/\/api.w.org\/{rel}","templated":true}]}}