{"id":11294,"date":"2018-12-09T04:31:45","date_gmt":"2018-12-09T04:31:45","guid":{"rendered":"http:\/\/quehacerpolitico.mx\/en-punto-nancy-herrera-guerrero-la-policia-tiene-preparado-el-operativo-peregrino-2018\/"},"modified":"2018-12-09T04:31:45","modified_gmt":"2018-12-09T04:31:45","slug":"en-punto-nancy-herrera-guerrero-la-policia-tiene-preparado-el-operativo-peregrino-2018","status":"publish","type":"post","link":"https:\/\/quehacerpolitico.mx\/?p=11294","title":{"rendered":"En Punto\/\/\/Nancy Herrera Guerrero\/\/\/LA POLIC\u00cdA TIENE PREPARADO EL OPERATIVO PEREGRINO 2018"},"content":{"rendered":"<h3 class=\"post-title entry-title\">LA POLIC\u00cdA TIENE PREPARADO EL OPERATIVO PEREGRINO 2018<\/h3>\n<p>Por Nancy Herrera Guerrero<\/p>\n<p class=\"yiv1094706457MsoNormal\"><span id=\"yMail_cursorElementTracker_1544309378282\" lang=\"ES\">Esta ma\u00f1ana, el maestro Jes\u00fas Orta Mart\u00ednez, secretario de Seguridad de la Ciudad de M\u00e9xico, present\u00f3 en la sala de prensa Francisco Zarco, ubicada en el Antiguo Palacio del Ayuntamiento, la estrategia del operativo Peregrino 2018, que la polic\u00eda capitalina desplegar\u00e1 a partir del primer minuto de este domingo 9 de diciembre. Participar\u00e1n m\u00e1s de 6 mil oficiales.\u00a0 \u00a0<\/span><\/p>\n<p class=\"yiv1094706457MsoNormal\"><span id=\"yMail_cursorElementTracker_1544309376257\" lang=\"ES\">En su intervenci\u00f3n en la conferencia de prensa, el jefe de la polic\u00eda enfatiz\u00f3 que la misi\u00f3n de los uniformados durante el operativo es proteger a todos los peregrinos y a todos los visitantes a la Bas\u00edlica de Guadalupe, desde que ingresan a la ciudad y por ello se pone en marcha el operativo para recibir a las peregrinaciones que arribar\u00e1n por distintos medios de transporte.<\/span><\/p>\n<p class=\"yiv1094706457MsoNormal\"><span id=\"yMail_cursorElementTracker_1544309374284\" lang=\"ES\">Durante la conferencia de prensa matutina que encabez\u00f3 la Jefa de Gobierno de la Ciudad de M\u00e9xico, doctora Claudia Sheinbaum, en el Antiguo Palacio del Ayuntamiento, dijo que como parte de este dispositivo, m\u00e1s de 2 mil 400 polic\u00edas\u00a0\u00a0acompa\u00f1ar\u00e1n a las peregrinaciones para llegar al recinto religioso.<\/span><\/p>\n<p class=\"yiv1094706457MsoNormal\"><span id=\"yMail_cursorElementTracker_1544309372180\" lang=\"ES\">Asimismo, se establecer\u00e1n seis pol\u00edgonos de seguridad y seis pol\u00edgonos viales entorno a la Bas\u00edlica de Guadalupe, donde se desplegar\u00e1n mil polic\u00edas de proximidad, mil de agrupamientos, 600 de Tr\u00e1nsito, 500 de la Polic\u00eda Auxiliar y 500 de la Polic\u00eda Bancaria e Industrial, quienes garantizar\u00e1n la seguridad de los peregrinos y agilizar\u00e1n la vialidad en la zona del Cerro del Tepeyac.<\/span><\/p>\n<p class=\"yiv1094706457MsoNormal\"><span id=\"yMail_cursorElementTracker_1544309369926\" lang=\"ES\">La SSP capitalina exhorta a los automovilistas y ciudadan\u00eda en general a que extremen sus precauciones en torno a la Bas\u00edlica de Guadalupe y en las importantes v\u00edas de acceso al sito como la avenida de los Insurgentes, calzada de Guadalupe, calzada de los Misterios, avenida Ferrocarril Hidalgo, entre otras.<\/span><\/p>\n<p class=\"yiv1094706457MsoNormal\"><span id=\"yMail_cursorElementTracker_1544309366377\" lang=\"ES\">Al anuncio del dispositivo asisti\u00f3 la secretaria de Gobierno, licenciada Rosa Icela Rodr\u00edguez Velazquez, el alcalde de Gustavo A. Madero, licenciado Francisco Ch\u00edguil Figueroa, la procuradora de Justicia capitalina, licenciada Ernestina Godoy Ramos, entre otros funcionarios.<\/span><\/p>\n<p class=\"yiv1094706457MsoNormal\"><span id=\"yMail_cursorElementTracker_1544309364548\" lang=\"ES\">Prevenir y salvaguardar la integridad de los ciudadanos es el compromiso de la SSP capitalina, por lo que, pone a sus \u00f3rdenes el 911, la aplicaci\u00f3n para tel\u00e9fonos inteligentes &#8220;Mi Polic\u00eda&#8221; y el n\u00famero 52089898, para solicitar apoyo en materia de seguridad.<\/span><\/p>\n<blockquote class=\"twitter-tweet\" data-width=\"550\" data-dnt=\"true\">\n<p lang=\"es\" dir=\"ltr\">Esta ma\u00f1ana de s\u00e1bado tuvimos reuni\u00f3n de gabinete de seguridad y, junto con el alcalde <a href=\"https:\/\/twitter.com\/fchiguil?ref_src=twsrc%5Etfw\">@fchiguil<\/a>, anunciamos el operativo Bienvenido Peregrino 2018. <a href=\"https:\/\/t.co\/tMGWYIVgfB\">pic.twitter.com\/tMGWYIVgfB<\/a><\/p>\n<p>&mdash; Claudia Sheinbaum Pardo (@Claudiashein) <a href=\"https:\/\/twitter.com\/Claudiashein\/status\/1071450225351507968?ref_src=twsrc%5Etfw\">December 8, 2018<\/a><\/p><\/blockquote>\n<p><script async src=\"https:\/\/platform.twitter.com\/widgets.js\" charset=\"utf-8\"><\/script><\/p>\n","protected":false},"excerpt":{"rendered":"<p>LA POLIC\u00cdA TIENE PREPARADO EL OPERATIVO PEREGRINO 2018<br \/>\nPor Nancy Herrera Guerrero<\/p>\n","protected":false},"author":2,"featured_media":11293,"comment_status":"open","ping_status":"open","sticky":false,"template":"","format":"standard","meta":{"_monsterinsights_skip_tracking":false,"_monsterinsights_sitenote_active":false,"_monsterinsights_sitenote_note":"","_monsterinsights_sitenote_category":0,"footnotes":""},"categories":[55],"tags":[],"class_list":["post-11294","post","type-post","status-publish","format-standard","has-post-thumbnail","hentry","category-cdmx"],"yoast_head":"<!-- This site is optimized with the Yoast SEO plugin v27.3 - https:\/\/yoast.com\/product\/yoast-seo-wordpress\/ -->\n<title>En Punto\/\/\/Nancy Herrera Guerrero\/\/\/LA POLIC\u00cdA TIENE PREPARADO EL OPERATIVO PEREGRINO 2018 -<\/title>\n<meta name=\"robots\" content=\"index, follow, max-snippet:-1, max-image-preview:large, max-video-preview:-1\" \/>\n<link rel=\"canonical\" href=\"https:\/\/quehacerpolitico.mx\/?p=11294\" \/>\n<meta property=\"og:locale\" content=\"es_MX\" \/>\n<meta property=\"og:type\" content=\"article\" \/>\n<meta property=\"og:title\" content=\"En Punto\/\/\/Nancy Herrera Guerrero\/\/\/LA POLIC\u00cdA TIENE PREPARADO EL OPERATIVO PEREGRINO 2018 -\" \/>\n<meta property=\"og:description\" content=\"LA POLIC\u00cdA TIENE PREPARADO EL OPERATIVO PEREGRINO 2018 Por Nancy Herrera Guerrero\" \/>\n<meta property=\"og:url\" content=\"https:\/\/quehacerpolitico.mx\/?p=11294\" \/>\n<meta property=\"article:published_time\" content=\"2018-12-09T04:31:45+00:00\" \/>\n<meta name=\"author\" content=\"Redacci\u00f3n QP\" \/>\n<meta name=\"twitter:card\" content=\"summary_large_image\" \/>\n<meta name=\"twitter:label1\" content=\"Escrito por\" \/>\n\t<meta name=\"twitter:data1\" content=\"Redacci\u00f3n QP\" \/>\n\t<meta name=\"twitter:label2\" content=\"Tiempo de lectura\" \/>\n\t<meta name=\"twitter:data2\" content=\"2 minutos\" \/>\n<script type=\"application\/ld+json\" class=\"yoast-schema-graph\">{\"@context\":\"https:\\\/\\\/schema.org\",\"@graph\":[{\"@type\":\"Article\",\"@id\":\"https:\\\/\\\/quehacerpolitico.mx\\\/?p=11294#article\",\"isPartOf\":{\"@id\":\"https:\\\/\\\/quehacerpolitico.mx\\\/?p=11294\"},\"author\":{\"name\":\"Redacci\u00f3n QP\",\"@id\":\"https:\\\/\\\/quehacerpolitico.mx\\\/#\\\/schema\\\/person\\\/496d8ad2d1d3f8036101dca7ee39e585\"},\"headline\":\"En Punto\\\/\\\/\\\/Nancy Herrera Guerrero\\\/\\\/\\\/LA POLIC\u00cdA TIENE PREPARADO EL OPERATIVO PEREGRINO 2018\",\"datePublished\":\"2018-12-09T04:31:45+00:00\",\"mainEntityOfPage\":{\"@id\":\"https:\\\/\\\/quehacerpolitico.mx\\\/?p=11294\"},\"wordCount\":419,\"commentCount\":0,\"image\":{\"@id\":\"https:\\\/\\\/quehacerpolitico.mx\\\/?p=11294#primaryimage\"},\"thumbnailUrl\":\"\",\"articleSection\":[\"CDMX\"],\"inLanguage\":\"es\",\"potentialAction\":[{\"@type\":\"CommentAction\",\"name\":\"Comment\",\"target\":[\"https:\\\/\\\/quehacerpolitico.mx\\\/?p=11294#respond\"]}]},{\"@type\":\"WebPage\",\"@id\":\"https:\\\/\\\/quehacerpolitico.mx\\\/?p=11294\",\"url\":\"https:\\\/\\\/quehacerpolitico.mx\\\/?p=11294\",\"name\":\"En Punto\\\/\\\/\\\/Nancy Herrera Guerrero\\\/\\\/\\\/LA POLIC\u00cdA TIENE PREPARADO EL OPERATIVO PEREGRINO 2018 -\",\"isPartOf\":{\"@id\":\"https:\\\/\\\/quehacerpolitico.mx\\\/#website\"},\"primaryImageOfPage\":{\"@id\":\"https:\\\/\\\/quehacerpolitico.mx\\\/?p=11294#primaryimage\"},\"image\":{\"@id\":\"https:\\\/\\\/quehacerpolitico.mx\\\/?p=11294#primaryimage\"},\"thumbnailUrl\":\"\",\"datePublished\":\"2018-12-09T04:31:45+00:00\",\"author\":{\"@id\":\"https:\\\/\\\/quehacerpolitico.mx\\\/#\\\/schema\\\/person\\\/496d8ad2d1d3f8036101dca7ee39e585\"},\"breadcrumb\":{\"@id\":\"https:\\\/\\\/quehacerpolitico.mx\\\/?p=11294#breadcrumb\"},\"inLanguage\":\"es\",\"potentialAction\":[{\"@type\":\"ReadAction\",\"target\":[\"https:\\\/\\\/quehacerpolitico.mx\\\/?p=11294\"]}]},{\"@type\":\"ImageObject\",\"inLanguage\":\"es\",\"@id\":\"https:\\\/\\\/quehacerpolitico.mx\\\/?p=11294#primaryimage\",\"url\":\"\",\"contentUrl\":\"\"},{\"@type\":\"BreadcrumbList\",\"@id\":\"https:\\\/\\\/quehacerpolitico.mx\\\/?p=11294#breadcrumb\",\"itemListElement\":[{\"@type\":\"ListItem\",\"position\":1,\"name\":\"Inicio\",\"item\":\"https:\\\/\\\/quehacerpolitico.mx\\\/\"},{\"@type\":\"ListItem\",\"position\":2,\"name\":\"En Punto\\\/\\\/\\\/Nancy Herrera Guerrero\\\/\\\/\\\/LA POLIC\u00cdA TIENE PREPARADO EL OPERATIVO PEREGRINO 2018\"}]},{\"@type\":\"WebSite\",\"@id\":\"https:\\\/\\\/quehacerpolitico.mx\\\/#website\",\"url\":\"https:\\\/\\\/quehacerpolitico.mx\\\/\",\"name\":\"\",\"description\":\"\",\"potentialAction\":[{\"@type\":\"SearchAction\",\"target\":{\"@type\":\"EntryPoint\",\"urlTemplate\":\"https:\\\/\\\/quehacerpolitico.mx\\\/?s={search_term_string}\"},\"query-input\":{\"@type\":\"PropertyValueSpecification\",\"valueRequired\":true,\"valueName\":\"search_term_string\"}}],\"inLanguage\":\"es\"},{\"@type\":\"Person\",\"@id\":\"https:\\\/\\\/quehacerpolitico.mx\\\/#\\\/schema\\\/person\\\/496d8ad2d1d3f8036101dca7ee39e585\",\"name\":\"Redacci\u00f3n QP\",\"image\":{\"@type\":\"ImageObject\",\"inLanguage\":\"es\",\"@id\":\"https:\\\/\\\/secure.gravatar.com\\\/avatar\\\/c7164ed6fdec453195284ad24a5ae5b6e1eed2b848477fa2a4787ba9adf39a41?s=96&d=mm&r=g\",\"url\":\"https:\\\/\\\/secure.gravatar.com\\\/avatar\\\/c7164ed6fdec453195284ad24a5ae5b6e1eed2b848477fa2a4787ba9adf39a41?s=96&d=mm&r=g\",\"contentUrl\":\"https:\\\/\\\/secure.gravatar.com\\\/avatar\\\/c7164ed6fdec453195284ad24a5ae5b6e1eed2b848477fa2a4787ba9adf39a41?s=96&d=mm&r=g\",\"caption\":\"Redacci\u00f3n QP\"},\"url\":\"https:\\\/\\\/quehacerpolitico.mx\\\/?author=2\"}]}<\/script>\n<!-- \/ Yoast SEO plugin. -->","yoast_head_json":{"title":"En Punto\/\/\/Nancy Herrera Guerrero\/\/\/LA POLIC\u00cdA TIENE PREPARADO EL OPERATIVO PEREGRINO 2018 -","robots":{"index":"index","follow":"follow","max-snippet":"max-snippet:-1","max-image-preview":"max-image-preview:large","max-video-preview":"max-video-preview:-1"},"canonical":"https:\/\/quehacerpolitico.mx\/?p=11294","og_locale":"es_MX","og_type":"article","og_title":"En Punto\/\/\/Nancy Herrera Guerrero\/\/\/LA POLIC\u00cdA TIENE PREPARADO EL OPERATIVO PEREGRINO 2018 -","og_description":"LA POLIC\u00cdA TIENE PREPARADO EL OPERATIVO PEREGRINO 2018 Por Nancy Herrera Guerrero","og_url":"https:\/\/quehacerpolitico.mx\/?p=11294","article_published_time":"2018-12-09T04:31:45+00:00","author":"Redacci\u00f3n QP","twitter_card":"summary_large_image","twitter_misc":{"Escrito por":"Redacci\u00f3n QP","Tiempo de lectura":"2 minutos"},"schema":{"@context":"https:\/\/schema.org","@graph":[{"@type":"Article","@id":"https:\/\/quehacerpolitico.mx\/?p=11294#article","isPartOf":{"@id":"https:\/\/quehacerpolitico.mx\/?p=11294"},"author":{"name":"Redacci\u00f3n QP","@id":"https:\/\/quehacerpolitico.mx\/#\/schema\/person\/496d8ad2d1d3f8036101dca7ee39e585"},"headline":"En Punto\/\/\/Nancy Herrera Guerrero\/\/\/LA POLIC\u00cdA TIENE PREPARADO EL OPERATIVO PEREGRINO 2018","datePublished":"2018-12-09T04:31:45+00:00","mainEntityOfPage":{"@id":"https:\/\/quehacerpolitico.mx\/?p=11294"},"wordCount":419,"commentCount":0,"image":{"@id":"https:\/\/quehacerpolitico.mx\/?p=11294#primaryimage"},"thumbnailUrl":"","articleSection":["CDMX"],"inLanguage":"es","potentialAction":[{"@type":"CommentAction","name":"Comment","target":["https:\/\/quehacerpolitico.mx\/?p=11294#respond"]}]},{"@type":"WebPage","@id":"https:\/\/quehacerpolitico.mx\/?p=11294","url":"https:\/\/quehacerpolitico.mx\/?p=11294","name":"En Punto\/\/\/Nancy Herrera Guerrero\/\/\/LA POLIC\u00cdA TIENE PREPARADO EL OPERATIVO PEREGRINO 2018 -","isPartOf":{"@id":"https:\/\/quehacerpolitico.mx\/#website"},"primaryImageOfPage":{"@id":"https:\/\/quehacerpolitico.mx\/?p=11294#primaryimage"},"image":{"@id":"https:\/\/quehacerpolitico.mx\/?p=11294#primaryimage"},"thumbnailUrl":"","datePublished":"2018-12-09T04:31:45+00:00","author":{"@id":"https:\/\/quehacerpolitico.mx\/#\/schema\/person\/496d8ad2d1d3f8036101dca7ee39e585"},"breadcrumb":{"@id":"https:\/\/quehacerpolitico.mx\/?p=11294#breadcrumb"},"inLanguage":"es","potentialAction":[{"@type":"ReadAction","target":["https:\/\/quehacerpolitico.mx\/?p=11294"]}]},{"@type":"ImageObject","inLanguage":"es","@id":"https:\/\/quehacerpolitico.mx\/?p=11294#primaryimage","url":"","contentUrl":""},{"@type":"BreadcrumbList","@id":"https:\/\/quehacerpolitico.mx\/?p=11294#breadcrumb","itemListElement":[{"@type":"ListItem","position":1,"name":"Inicio","item":"https:\/\/quehacerpolitico.mx\/"},{"@type":"ListItem","position":2,"name":"En Punto\/\/\/Nancy Herrera Guerrero\/\/\/LA POLIC\u00cdA TIENE PREPARADO EL OPERATIVO PEREGRINO 2018"}]},{"@type":"WebSite","@id":"https:\/\/quehacerpolitico.mx\/#website","url":"https:\/\/quehacerpolitico.mx\/","name":"","description":"","potentialAction":[{"@type":"SearchAction","target":{"@type":"EntryPoint","urlTemplate":"https:\/\/quehacerpolitico.mx\/?s={search_term_string}"},"query-input":{"@type":"PropertyValueSpecification","valueRequired":true,"valueName":"search_term_string"}}],"inLanguage":"es"},{"@type":"Person","@id":"https:\/\/quehacerpolitico.mx\/#\/schema\/person\/496d8ad2d1d3f8036101dca7ee39e585","name":"Redacci\u00f3n QP","image":{"@type":"ImageObject","inLanguage":"es","@id":"https:\/\/secure.gravatar.com\/avatar\/c7164ed6fdec453195284ad24a5ae5b6e1eed2b848477fa2a4787ba9adf39a41?s=96&d=mm&r=g","url":"https:\/\/secure.gravatar.com\/avatar\/c7164ed6fdec453195284ad24a5ae5b6e1eed2b848477fa2a4787ba9adf39a41?s=96&d=mm&r=g","contentUrl":"https:\/\/secure.gravatar.com\/avatar\/c7164ed6fdec453195284ad24a5ae5b6e1eed2b848477fa2a4787ba9adf39a41?s=96&d=mm&r=g","caption":"Redacci\u00f3n QP"},"url":"https:\/\/quehacerpolitico.mx\/?author=2"}]}},"featured_image_urls":{"full":"","thumbnail":"","medium":"","medium_large":"","large":"","1536x1536":"","2048x2048":"","covernews-featured":"","covernews-medium":""},"author_info":{"display_name":"Redacci\u00f3n QP","author_link":"https:\/\/quehacerpolitico.mx\/?author=2"},"category_info":"<a href=\"https:\/\/quehacerpolitico.mx\/?cat=55\" rel=\"category\">CDMX<\/a>","tag_info":"CDMX","comment_count":"0","_links":{"self":[{"href":"https:\/\/quehacerpolitico.mx\/index.php?rest_route=\/wp\/v2\/posts\/11294","targetHints":{"allow":["GET"]}}],"collection":[{"href":"https:\/\/quehacerpolitico.mx\/index.php?rest_route=\/wp\/v2\/posts"}],"about":[{"href":"https:\/\/quehacerpolitico.mx\/index.php?rest_route=\/wp\/v2\/types\/post"}],"author":[{"embeddable":true,"href":"https:\/\/quehacerpolitico.mx\/index.php?rest_route=\/wp\/v2\/users\/2"}],"replies":[{"embeddable":true,"href":"https:\/\/quehacerpolitico.mx\/index.php?rest_route=%2Fwp%2Fv2%2Fcomments&post=11294"}],"version-history":[{"count":0,"href":"https:\/\/quehacerpolitico.mx\/index.php?rest_route=\/wp\/v2\/posts\/11294\/revisions"}],"wp:featuredmedia":[{"embeddable":true,"href":"https:\/\/quehacerpolitico.mx\/index.php?rest_route=\/"}],"wp:attachment":[{"href":"https:\/\/quehacerpolitico.mx\/index.php?rest_route=%2Fwp%2Fv2%2Fmedia&parent=11294"}],"wp:term":[{"taxonomy":"category","embeddable":true,"href":"https:\/\/quehacerpolitico.mx\/index.php?rest_route=%2Fwp%2Fv2%2Fcategories&post=11294"},{"taxonomy":"post_tag","embeddable":true,"href":"https:\/\/quehacerpolitico.mx\/index.php?rest_route=%2Fwp%2Fv2%2Ftags&post=11294"}],"curies":[{"name":"wp","href":"https:\/\/api.w.org\/{rel}","templated":true}]}}