{"id":11288,"date":"2018-12-09T04:00:44","date_gmt":"2018-12-09T04:00:44","guid":{"rendered":"http:\/\/quehacerpolitico.mx\/advierte-marko-cortes-que-pan-defendera-la-division-de-poderes-contra-planes-de-amlo\/"},"modified":"2018-12-09T04:00:44","modified_gmt":"2018-12-09T04:00:44","slug":"advierte-marko-cortes-que-pan-defendera-la-division-de-poderes-contra-planes-de-amlo","status":"publish","type":"post","link":"https:\/\/quehacerpolitico.mx\/?p=11288","title":{"rendered":"Advierte Marko C\u00f3rtes que PAN defender\u00e1 la divisi\u00f3n de Poderes contra planes de AMLO"},"content":{"rendered":"<h3 class=\"mtitle\">Advierte Marko C\u00f3rtes que PAN defender\u00e1 la divisi\u00f3n de Poderes contra planes de AMLO<\/h3>\n<p>Por Redacci\u00f3n QP<\/p>\n<div class=\"sumary single\">\n<p>Cort\u00e9s se\u00f1al\u00f3 que el PAN vigilar\u00e1 que no se debilite a los Poderes ni a los \u00f3rganos internos de control, tal como lo pretende AMLO.<\/p>\n<\/div>\n<div class=\"singleNote\">\n<p>El dirigente nacional del Partido Acci\u00f3n Nacional (PAN),\u00a0<strong>Marko Cort\u00e9s<\/strong>, indic\u00f3 que los panistas estar\u00e1 a favor de la austeridad.<\/p>\n<p>Se\u00f1al\u00f3 que apoyar\u00e1 la misma siempre y cuando, <strong>no se debilite<\/strong> a los Poderes ni a los \u00f3rganos internos de control.<\/p>\n<p>En el marco de la sesi\u00f3n extraordinaria del <strong>Consejo Nacional del PAN<\/strong>, indic\u00f3 que defiende el equilibrio de poderes para que M\u00e9xico siga siendo de poderes equilibrios.<\/p>\n<blockquote>\n<p>\u201cLo digo con total claridad, Acci\u00f3n Nacional est\u00e1 a favor de la austeridad, sin el debilitamiento de los poderes ni de los \u00f3rganos de control\u201d asever\u00f3.<\/p>\n<\/blockquote>\n<p>Dio a conocer que presentar\u00e1n dos acciones de <strong>inconstitucionalidad<\/strong> como lo es defender la autonom\u00eda del<strong> Poder Judicial<\/strong>.<\/p>\n<p>Se\u00f1al\u00f3 que la otra, que ser\u00e1 presentada la pr\u00f3xima semana, es contra<strong> la Ley Org\u00e1nica de la Administraci\u00f3n P\u00fablica Federal<\/strong>.<\/p>\n<p>Indic\u00f3 que con ello buscar\u00e1n defender <strong>el federalismo, la soberan\u00eda de los estados y la libertad<\/strong> de cada uno de los municipios.<\/p>\n<p>En la sesi\u00f3n estuvo presente <strong>Martha Erika Alonso<\/strong>, cuyo triunfo en la gubernatura de Puebla est\u00e1 pendiente<\/p>\n<p>Cort\u00e9s reiter\u00f3 su respaldo luego de afirmar que conf\u00eda <strong>plenamente en la Sala Superior del Tribunal Electoral del Poder Judicial de la Federaci\u00f3n.<\/strong><\/p>\n<p>Dijo estar seguro que valorar\u00e1n los m\u00e1s de 100 mil votos de <strong>diferencia a su favor<\/strong>.<\/p>\n<\/div>\n","protected":false},"excerpt":{"rendered":"<p>Advierte Marko C\u00f3rtes que PAN defender\u00e1 la divisi\u00f3n de Poderes contra planes de AMLO<br \/>\nPor Redacci\u00f3n QP<\/p>\n","protected":false},"author":2,"featured_media":11287,"comment_status":"open","ping_status":"open","sticky":false,"template":"","format":"standard","meta":{"_monsterinsights_skip_tracking":false,"_monsterinsights_sitenote_active":false,"_monsterinsights_sitenote_note":"","_monsterinsights_sitenote_category":0,"footnotes":""},"categories":[2],"tags":[],"class_list":["post-11288","post","type-post","status-publish","format-standard","has-post-thumbnail","hentry","category-noticias"],"yoast_head":"<!-- This site is optimized with the Yoast SEO plugin v27.3 - https:\/\/yoast.com\/product\/yoast-seo-wordpress\/ -->\n<title>Advierte Marko C\u00f3rtes que PAN defender\u00e1 la divisi\u00f3n de Poderes contra planes de AMLO -<\/title>\n<meta name=\"robots\" content=\"index, follow, max-snippet:-1, max-image-preview:large, max-video-preview:-1\" \/>\n<link rel=\"canonical\" href=\"https:\/\/quehacerpolitico.mx\/?p=11288\" \/>\n<meta property=\"og:locale\" content=\"es_MX\" \/>\n<meta property=\"og:type\" content=\"article\" \/>\n<meta property=\"og:title\" content=\"Advierte Marko C\u00f3rtes que PAN defender\u00e1 la divisi\u00f3n de Poderes contra planes de AMLO -\" \/>\n<meta property=\"og:description\" content=\"Advierte Marko C\u00f3rtes que PAN defender\u00e1 la divisi\u00f3n de Poderes contra planes de AMLO Por Redacci\u00f3n QP\" \/>\n<meta property=\"og:url\" content=\"https:\/\/quehacerpolitico.mx\/?p=11288\" \/>\n<meta property=\"article:published_time\" content=\"2018-12-09T04:00:44+00:00\" \/>\n<meta name=\"author\" content=\"Redacci\u00f3n QP\" \/>\n<meta name=\"twitter:card\" content=\"summary_large_image\" \/>\n<meta name=\"twitter:label1\" content=\"Escrito por\" \/>\n\t<meta name=\"twitter:data1\" content=\"Redacci\u00f3n QP\" \/>\n\t<meta name=\"twitter:label2\" content=\"Tiempo de lectura\" \/>\n\t<meta name=\"twitter:data2\" content=\"1 minuto\" \/>\n<script type=\"application\/ld+json\" class=\"yoast-schema-graph\">{\"@context\":\"https:\\\/\\\/schema.org\",\"@graph\":[{\"@type\":\"Article\",\"@id\":\"https:\\\/\\\/quehacerpolitico.mx\\\/?p=11288#article\",\"isPartOf\":{\"@id\":\"https:\\\/\\\/quehacerpolitico.mx\\\/?p=11288\"},\"author\":{\"name\":\"Redacci\u00f3n QP\",\"@id\":\"https:\\\/\\\/quehacerpolitico.mx\\\/#\\\/schema\\\/person\\\/496d8ad2d1d3f8036101dca7ee39e585\"},\"headline\":\"Advierte Marko C\u00f3rtes que PAN defender\u00e1 la divisi\u00f3n de Poderes contra planes de AMLO\",\"datePublished\":\"2018-12-09T04:00:44+00:00\",\"mainEntityOfPage\":{\"@id\":\"https:\\\/\\\/quehacerpolitico.mx\\\/?p=11288\"},\"wordCount\":293,\"commentCount\":0,\"image\":{\"@id\":\"https:\\\/\\\/quehacerpolitico.mx\\\/?p=11288#primaryimage\"},\"thumbnailUrl\":\"\",\"articleSection\":[\"Noticias\"],\"inLanguage\":\"es\",\"potentialAction\":[{\"@type\":\"CommentAction\",\"name\":\"Comment\",\"target\":[\"https:\\\/\\\/quehacerpolitico.mx\\\/?p=11288#respond\"]}]},{\"@type\":\"WebPage\",\"@id\":\"https:\\\/\\\/quehacerpolitico.mx\\\/?p=11288\",\"url\":\"https:\\\/\\\/quehacerpolitico.mx\\\/?p=11288\",\"name\":\"Advierte Marko C\u00f3rtes que PAN defender\u00e1 la divisi\u00f3n de Poderes contra planes de AMLO -\",\"isPartOf\":{\"@id\":\"https:\\\/\\\/quehacerpolitico.mx\\\/#website\"},\"primaryImageOfPage\":{\"@id\":\"https:\\\/\\\/quehacerpolitico.mx\\\/?p=11288#primaryimage\"},\"image\":{\"@id\":\"https:\\\/\\\/quehacerpolitico.mx\\\/?p=11288#primaryimage\"},\"thumbnailUrl\":\"\",\"datePublished\":\"2018-12-09T04:00:44+00:00\",\"author\":{\"@id\":\"https:\\\/\\\/quehacerpolitico.mx\\\/#\\\/schema\\\/person\\\/496d8ad2d1d3f8036101dca7ee39e585\"},\"breadcrumb\":{\"@id\":\"https:\\\/\\\/quehacerpolitico.mx\\\/?p=11288#breadcrumb\"},\"inLanguage\":\"es\",\"potentialAction\":[{\"@type\":\"ReadAction\",\"target\":[\"https:\\\/\\\/quehacerpolitico.mx\\\/?p=11288\"]}]},{\"@type\":\"ImageObject\",\"inLanguage\":\"es\",\"@id\":\"https:\\\/\\\/quehacerpolitico.mx\\\/?p=11288#primaryimage\",\"url\":\"\",\"contentUrl\":\"\"},{\"@type\":\"BreadcrumbList\",\"@id\":\"https:\\\/\\\/quehacerpolitico.mx\\\/?p=11288#breadcrumb\",\"itemListElement\":[{\"@type\":\"ListItem\",\"position\":1,\"name\":\"Inicio\",\"item\":\"https:\\\/\\\/quehacerpolitico.mx\\\/\"},{\"@type\":\"ListItem\",\"position\":2,\"name\":\"Advierte Marko C\u00f3rtes que PAN defender\u00e1 la divisi\u00f3n de Poderes contra planes de AMLO\"}]},{\"@type\":\"WebSite\",\"@id\":\"https:\\\/\\\/quehacerpolitico.mx\\\/#website\",\"url\":\"https:\\\/\\\/quehacerpolitico.mx\\\/\",\"name\":\"\",\"description\":\"\",\"potentialAction\":[{\"@type\":\"SearchAction\",\"target\":{\"@type\":\"EntryPoint\",\"urlTemplate\":\"https:\\\/\\\/quehacerpolitico.mx\\\/?s={search_term_string}\"},\"query-input\":{\"@type\":\"PropertyValueSpecification\",\"valueRequired\":true,\"valueName\":\"search_term_string\"}}],\"inLanguage\":\"es\"},{\"@type\":\"Person\",\"@id\":\"https:\\\/\\\/quehacerpolitico.mx\\\/#\\\/schema\\\/person\\\/496d8ad2d1d3f8036101dca7ee39e585\",\"name\":\"Redacci\u00f3n QP\",\"image\":{\"@type\":\"ImageObject\",\"inLanguage\":\"es\",\"@id\":\"https:\\\/\\\/secure.gravatar.com\\\/avatar\\\/c7164ed6fdec453195284ad24a5ae5b6e1eed2b848477fa2a4787ba9adf39a41?s=96&d=mm&r=g\",\"url\":\"https:\\\/\\\/secure.gravatar.com\\\/avatar\\\/c7164ed6fdec453195284ad24a5ae5b6e1eed2b848477fa2a4787ba9adf39a41?s=96&d=mm&r=g\",\"contentUrl\":\"https:\\\/\\\/secure.gravatar.com\\\/avatar\\\/c7164ed6fdec453195284ad24a5ae5b6e1eed2b848477fa2a4787ba9adf39a41?s=96&d=mm&r=g\",\"caption\":\"Redacci\u00f3n QP\"},\"url\":\"https:\\\/\\\/quehacerpolitico.mx\\\/?author=2\"}]}<\/script>\n<!-- \/ Yoast SEO plugin. -->","yoast_head_json":{"title":"Advierte Marko C\u00f3rtes que PAN defender\u00e1 la divisi\u00f3n de Poderes contra planes de AMLO -","robots":{"index":"index","follow":"follow","max-snippet":"max-snippet:-1","max-image-preview":"max-image-preview:large","max-video-preview":"max-video-preview:-1"},"canonical":"https:\/\/quehacerpolitico.mx\/?p=11288","og_locale":"es_MX","og_type":"article","og_title":"Advierte Marko C\u00f3rtes que PAN defender\u00e1 la divisi\u00f3n de Poderes contra planes de AMLO -","og_description":"Advierte Marko C\u00f3rtes que PAN defender\u00e1 la divisi\u00f3n de Poderes contra planes de AMLO Por Redacci\u00f3n QP","og_url":"https:\/\/quehacerpolitico.mx\/?p=11288","article_published_time":"2018-12-09T04:00:44+00:00","author":"Redacci\u00f3n QP","twitter_card":"summary_large_image","twitter_misc":{"Escrito por":"Redacci\u00f3n QP","Tiempo de lectura":"1 minuto"},"schema":{"@context":"https:\/\/schema.org","@graph":[{"@type":"Article","@id":"https:\/\/quehacerpolitico.mx\/?p=11288#article","isPartOf":{"@id":"https:\/\/quehacerpolitico.mx\/?p=11288"},"author":{"name":"Redacci\u00f3n QP","@id":"https:\/\/quehacerpolitico.mx\/#\/schema\/person\/496d8ad2d1d3f8036101dca7ee39e585"},"headline":"Advierte Marko C\u00f3rtes que PAN defender\u00e1 la divisi\u00f3n de Poderes contra planes de AMLO","datePublished":"2018-12-09T04:00:44+00:00","mainEntityOfPage":{"@id":"https:\/\/quehacerpolitico.mx\/?p=11288"},"wordCount":293,"commentCount":0,"image":{"@id":"https:\/\/quehacerpolitico.mx\/?p=11288#primaryimage"},"thumbnailUrl":"","articleSection":["Noticias"],"inLanguage":"es","potentialAction":[{"@type":"CommentAction","name":"Comment","target":["https:\/\/quehacerpolitico.mx\/?p=11288#respond"]}]},{"@type":"WebPage","@id":"https:\/\/quehacerpolitico.mx\/?p=11288","url":"https:\/\/quehacerpolitico.mx\/?p=11288","name":"Advierte Marko C\u00f3rtes que PAN defender\u00e1 la divisi\u00f3n de Poderes contra planes de AMLO -","isPartOf":{"@id":"https:\/\/quehacerpolitico.mx\/#website"},"primaryImageOfPage":{"@id":"https:\/\/quehacerpolitico.mx\/?p=11288#primaryimage"},"image":{"@id":"https:\/\/quehacerpolitico.mx\/?p=11288#primaryimage"},"thumbnailUrl":"","datePublished":"2018-12-09T04:00:44+00:00","author":{"@id":"https:\/\/quehacerpolitico.mx\/#\/schema\/person\/496d8ad2d1d3f8036101dca7ee39e585"},"breadcrumb":{"@id":"https:\/\/quehacerpolitico.mx\/?p=11288#breadcrumb"},"inLanguage":"es","potentialAction":[{"@type":"ReadAction","target":["https:\/\/quehacerpolitico.mx\/?p=11288"]}]},{"@type":"ImageObject","inLanguage":"es","@id":"https:\/\/quehacerpolitico.mx\/?p=11288#primaryimage","url":"","contentUrl":""},{"@type":"BreadcrumbList","@id":"https:\/\/quehacerpolitico.mx\/?p=11288#breadcrumb","itemListElement":[{"@type":"ListItem","position":1,"name":"Inicio","item":"https:\/\/quehacerpolitico.mx\/"},{"@type":"ListItem","position":2,"name":"Advierte Marko C\u00f3rtes que PAN defender\u00e1 la divisi\u00f3n de Poderes contra planes de AMLO"}]},{"@type":"WebSite","@id":"https:\/\/quehacerpolitico.mx\/#website","url":"https:\/\/quehacerpolitico.mx\/","name":"","description":"","potentialAction":[{"@type":"SearchAction","target":{"@type":"EntryPoint","urlTemplate":"https:\/\/quehacerpolitico.mx\/?s={search_term_string}"},"query-input":{"@type":"PropertyValueSpecification","valueRequired":true,"valueName":"search_term_string"}}],"inLanguage":"es"},{"@type":"Person","@id":"https:\/\/quehacerpolitico.mx\/#\/schema\/person\/496d8ad2d1d3f8036101dca7ee39e585","name":"Redacci\u00f3n QP","image":{"@type":"ImageObject","inLanguage":"es","@id":"https:\/\/secure.gravatar.com\/avatar\/c7164ed6fdec453195284ad24a5ae5b6e1eed2b848477fa2a4787ba9adf39a41?s=96&d=mm&r=g","url":"https:\/\/secure.gravatar.com\/avatar\/c7164ed6fdec453195284ad24a5ae5b6e1eed2b848477fa2a4787ba9adf39a41?s=96&d=mm&r=g","contentUrl":"https:\/\/secure.gravatar.com\/avatar\/c7164ed6fdec453195284ad24a5ae5b6e1eed2b848477fa2a4787ba9adf39a41?s=96&d=mm&r=g","caption":"Redacci\u00f3n QP"},"url":"https:\/\/quehacerpolitico.mx\/?author=2"}]}},"featured_image_urls":{"full":"","thumbnail":"","medium":"","medium_large":"","large":"","1536x1536":"","2048x2048":"","covernews-featured":"","covernews-medium":""},"author_info":{"display_name":"Redacci\u00f3n QP","author_link":"https:\/\/quehacerpolitico.mx\/?author=2"},"category_info":"<a href=\"https:\/\/quehacerpolitico.mx\/?cat=2\" rel=\"category\">Noticias<\/a>","tag_info":"Noticias","comment_count":"0","_links":{"self":[{"href":"https:\/\/quehacerpolitico.mx\/index.php?rest_route=\/wp\/v2\/posts\/11288","targetHints":{"allow":["GET"]}}],"collection":[{"href":"https:\/\/quehacerpolitico.mx\/index.php?rest_route=\/wp\/v2\/posts"}],"about":[{"href":"https:\/\/quehacerpolitico.mx\/index.php?rest_route=\/wp\/v2\/types\/post"}],"author":[{"embeddable":true,"href":"https:\/\/quehacerpolitico.mx\/index.php?rest_route=\/wp\/v2\/users\/2"}],"replies":[{"embeddable":true,"href":"https:\/\/quehacerpolitico.mx\/index.php?rest_route=%2Fwp%2Fv2%2Fcomments&post=11288"}],"version-history":[{"count":0,"href":"https:\/\/quehacerpolitico.mx\/index.php?rest_route=\/wp\/v2\/posts\/11288\/revisions"}],"wp:featuredmedia":[{"embeddable":true,"href":"https:\/\/quehacerpolitico.mx\/index.php?rest_route=\/"}],"wp:attachment":[{"href":"https:\/\/quehacerpolitico.mx\/index.php?rest_route=%2Fwp%2Fv2%2Fmedia&parent=11288"}],"wp:term":[{"taxonomy":"category","embeddable":true,"href":"https:\/\/quehacerpolitico.mx\/index.php?rest_route=%2Fwp%2Fv2%2Fcategories&post=11288"},{"taxonomy":"post_tag","embeddable":true,"href":"https:\/\/quehacerpolitico.mx\/index.php?rest_route=%2Fwp%2Fv2%2Ftags&post=11288"}],"curies":[{"name":"wp","href":"https:\/\/api.w.org\/{rel}","templated":true}]}}