{"id":11286,"date":"2018-12-09T01:10:07","date_gmt":"2018-12-09T01:10:07","guid":{"rendered":"http:\/\/quehacerpolitico.mx\/en-punto-nancy-herrera-guerrero-a-jenny-la-citaron-por-facebook-y-desaparecio-en-cdmx-la-familia-teme-que-sea-ya-victima-de-trata\/"},"modified":"2018-12-09T01:10:07","modified_gmt":"2018-12-09T01:10:07","slug":"en-punto-nancy-herrera-guerrero-a-jenny-la-citaron-por-facebook-y-desaparecio-en-cdmx-la-familia-teme-que-sea-ya-victima-de-trata","status":"publish","type":"post","link":"https:\/\/quehacerpolitico.mx\/?p=11286","title":{"rendered":"En Punto\/\/\/Nancy Herrera Guerrero\/\/\/A Jenny la citaron por Facebook y desapareci\u00f3 en CdMx; la familia teme que sea ya v\u00edctima de trata"},"content":{"rendered":"<h1>A Jenny la citaron por Facebook y desapareci\u00f3 en CdMx; la familia teme que sea ya v\u00edctima de trata<\/h1>\n<p>Por Nancy Herrera Guerrero<\/p>\n<p>Hoy se cumple un mes de la <strong>desaparici\u00f3n de Jenny,<\/strong> quien sali\u00f3 de San Pedro Xalostoc a encontrarse en la<strong> Ciudad de M\u00e9xico<\/strong> con un sujeto que conoci\u00f3 a trav\u00e9s de las redes sociales. Ahora sus hermanas temen sea <strong>v\u00edctima de trata<\/strong>.<\/p>\n<p>El pasado 2 de noviembre que<strong> Jenny Alan\u00eds Trejo Ochoa<\/strong>, de 18 a\u00f1os, sali\u00f3 de su casa en San Pedro Xalostoc, <strong>cerca de las 06:30 de la ma\u00f1ana<\/strong>, rumbo a la Bas\u00edlica, donde ver\u00eda a un desconocido que conoci\u00f3 en Facebook y que le <strong>dejar\u00eda dos gatos<\/strong>.<\/p>\n<blockquote>\n<p>Jenny viv\u00eda con sus hermanas desde que falleci\u00f3 su madre. <strong>Desde su desaparici\u00f3n<\/strong>, las Trejo Ochoa se han dedicado a buscar a la joven, incluso <strong>autoridades de la Ciudad de M\u00e9xico<\/strong> les permitieron ver los v\u00eddeos del lugar y alrededores donde <strong>se encontrar\u00eda con el sujeto<\/strong>, aunque sin \u00e9xito.<\/p>\n<\/blockquote>\n<p>Las hermanas recordaron que Jenny, quien quer\u00eda entrar a la escuela militar, era una chica que no ten\u00eda amigos y a la que no le gustaba salir a fiestas. Por eso se preocuparon al ver que no regres\u00f3 a casa.<\/p>\n<p>S\u00f3lo tuvieron contacto con ella a trav\u00e9s de una dos llamadas telef\u00f3nicas. La primera vez, el d\u00eda que desapareci\u00f3. Dijo que estaba con un hombre en el Z\u00f3calo que prometi\u00f3 llevarla a casa. En otra ocasi\u00f3n, la joven contest\u00f3 el tel\u00e9fono y asegur\u00f3 que estaba bien. La familia cree que es v\u00edctima de trata.<\/p>\n<blockquote>\n<p>Hoy s\u00f3lo saben que el sujeto con el que platicaba a trav\u00e9s de Facebook se llama Gabriel.<\/p>\n<\/blockquote>\n<p>Las hermanas ya ampliaron su declaraci\u00f3n en la demanda, que ahora qued\u00f3 por el delito de trata.<\/p>\n<p>Las mujeres est\u00e1n preocupadas por la seguridad de Jenny. Temen que est\u00e9 amenazada. Insistieron que seguir\u00e1n su b\u00fasqueda hasta encontrarla y al hombre con el que se presume se ver\u00eda.<\/p>\n<p>Las hermana creen que el sujeto se la llev\u00f3 bajo enga\u00f1os y temen que est\u00e9 en peligro, porque de otra manera aseguraron que Jenny ya se hubiera presentado hablar con ellas, por lo menos para decirles que se encuentra bien.<\/p>\n<p>Exhortan a la ciudadan\u00eda para mirar a sus alrededores y en caso de tener informaci\u00f3n sobre ella piden llamar al tel\u00e9fono de ODISEA <a href=\"tel:01-800-89-02940\">01-800-89-02940<\/a>.<\/p>\n<p>Con Informaci\u00f3n de A Fondo EdoMex\u00a0<\/p>\n","protected":false},"excerpt":{"rendered":"<p>A Jenny la citaron por Facebook y desapareci\u00f3 en CdMx; la familia teme que sea ya v\u00edctima de trata<br \/>\nPor Nancy Herrera Guerrero<\/p>\n","protected":false},"author":2,"featured_media":11285,"comment_status":"open","ping_status":"open","sticky":false,"template":"","format":"standard","meta":{"_monsterinsights_skip_tracking":false,"_monsterinsights_sitenote_active":false,"_monsterinsights_sitenote_note":"","_monsterinsights_sitenote_category":0,"footnotes":""},"categories":[55],"tags":[],"class_list":["post-11286","post","type-post","status-publish","format-standard","has-post-thumbnail","hentry","category-cdmx"],"yoast_head":"<!-- This site is optimized with the Yoast SEO plugin v27.3 - https:\/\/yoast.com\/product\/yoast-seo-wordpress\/ -->\n<title>En Punto\/\/\/Nancy Herrera Guerrero\/\/\/A Jenny la citaron por Facebook y desapareci\u00f3 en CdMx; la familia teme que sea ya v\u00edctima de trata -<\/title>\n<meta name=\"robots\" content=\"index, follow, max-snippet:-1, max-image-preview:large, max-video-preview:-1\" \/>\n<link rel=\"canonical\" href=\"https:\/\/quehacerpolitico.mx\/?p=11286\" \/>\n<meta property=\"og:locale\" content=\"es_MX\" \/>\n<meta property=\"og:type\" content=\"article\" \/>\n<meta property=\"og:title\" content=\"En Punto\/\/\/Nancy Herrera Guerrero\/\/\/A Jenny la citaron por Facebook y desapareci\u00f3 en CdMx; la familia teme que sea ya v\u00edctima de trata -\" \/>\n<meta property=\"og:description\" content=\"A Jenny la citaron por Facebook y desapareci\u00f3 en CdMx; la familia teme que sea ya v\u00edctima de trata Por Nancy Herrera Guerrero\" \/>\n<meta property=\"og:url\" content=\"https:\/\/quehacerpolitico.mx\/?p=11286\" \/>\n<meta property=\"article:published_time\" content=\"2018-12-09T01:10:07+00:00\" \/>\n<meta name=\"author\" content=\"Redacci\u00f3n QP\" \/>\n<meta name=\"twitter:card\" content=\"summary_large_image\" \/>\n<meta name=\"twitter:label1\" content=\"Escrito por\" \/>\n\t<meta name=\"twitter:data1\" content=\"Redacci\u00f3n QP\" \/>\n\t<meta name=\"twitter:label2\" content=\"Tiempo de lectura\" \/>\n\t<meta name=\"twitter:data2\" content=\"2 minutos\" \/>\n<script type=\"application\/ld+json\" class=\"yoast-schema-graph\">{\"@context\":\"https:\\\/\\\/schema.org\",\"@graph\":[{\"@type\":\"Article\",\"@id\":\"https:\\\/\\\/quehacerpolitico.mx\\\/?p=11286#article\",\"isPartOf\":{\"@id\":\"https:\\\/\\\/quehacerpolitico.mx\\\/?p=11286\"},\"author\":{\"name\":\"Redacci\u00f3n QP\",\"@id\":\"https:\\\/\\\/quehacerpolitico.mx\\\/#\\\/schema\\\/person\\\/496d8ad2d1d3f8036101dca7ee39e585\"},\"headline\":\"En Punto\\\/\\\/\\\/Nancy Herrera Guerrero\\\/\\\/\\\/A Jenny la citaron por Facebook y desapareci\u00f3 en CdMx; la familia teme que sea ya v\u00edctima de trata\",\"datePublished\":\"2018-12-09T01:10:07+00:00\",\"mainEntityOfPage\":{\"@id\":\"https:\\\/\\\/quehacerpolitico.mx\\\/?p=11286\"},\"wordCount\":451,\"commentCount\":0,\"image\":{\"@id\":\"https:\\\/\\\/quehacerpolitico.mx\\\/?p=11286#primaryimage\"},\"thumbnailUrl\":\"\",\"articleSection\":[\"CDMX\"],\"inLanguage\":\"es\",\"potentialAction\":[{\"@type\":\"CommentAction\",\"name\":\"Comment\",\"target\":[\"https:\\\/\\\/quehacerpolitico.mx\\\/?p=11286#respond\"]}]},{\"@type\":\"WebPage\",\"@id\":\"https:\\\/\\\/quehacerpolitico.mx\\\/?p=11286\",\"url\":\"https:\\\/\\\/quehacerpolitico.mx\\\/?p=11286\",\"name\":\"En Punto\\\/\\\/\\\/Nancy Herrera Guerrero\\\/\\\/\\\/A Jenny la citaron por Facebook y desapareci\u00f3 en CdMx; la familia teme que sea ya v\u00edctima de trata -\",\"isPartOf\":{\"@id\":\"https:\\\/\\\/quehacerpolitico.mx\\\/#website\"},\"primaryImageOfPage\":{\"@id\":\"https:\\\/\\\/quehacerpolitico.mx\\\/?p=11286#primaryimage\"},\"image\":{\"@id\":\"https:\\\/\\\/quehacerpolitico.mx\\\/?p=11286#primaryimage\"},\"thumbnailUrl\":\"\",\"datePublished\":\"2018-12-09T01:10:07+00:00\",\"author\":{\"@id\":\"https:\\\/\\\/quehacerpolitico.mx\\\/#\\\/schema\\\/person\\\/496d8ad2d1d3f8036101dca7ee39e585\"},\"breadcrumb\":{\"@id\":\"https:\\\/\\\/quehacerpolitico.mx\\\/?p=11286#breadcrumb\"},\"inLanguage\":\"es\",\"potentialAction\":[{\"@type\":\"ReadAction\",\"target\":[\"https:\\\/\\\/quehacerpolitico.mx\\\/?p=11286\"]}]},{\"@type\":\"ImageObject\",\"inLanguage\":\"es\",\"@id\":\"https:\\\/\\\/quehacerpolitico.mx\\\/?p=11286#primaryimage\",\"url\":\"\",\"contentUrl\":\"\"},{\"@type\":\"BreadcrumbList\",\"@id\":\"https:\\\/\\\/quehacerpolitico.mx\\\/?p=11286#breadcrumb\",\"itemListElement\":[{\"@type\":\"ListItem\",\"position\":1,\"name\":\"Inicio\",\"item\":\"https:\\\/\\\/quehacerpolitico.mx\\\/\"},{\"@type\":\"ListItem\",\"position\":2,\"name\":\"En Punto\\\/\\\/\\\/Nancy Herrera Guerrero\\\/\\\/\\\/A Jenny la citaron por Facebook y desapareci\u00f3 en CdMx; la familia teme que sea ya v\u00edctima de trata\"}]},{\"@type\":\"WebSite\",\"@id\":\"https:\\\/\\\/quehacerpolitico.mx\\\/#website\",\"url\":\"https:\\\/\\\/quehacerpolitico.mx\\\/\",\"name\":\"\",\"description\":\"\",\"potentialAction\":[{\"@type\":\"SearchAction\",\"target\":{\"@type\":\"EntryPoint\",\"urlTemplate\":\"https:\\\/\\\/quehacerpolitico.mx\\\/?s={search_term_string}\"},\"query-input\":{\"@type\":\"PropertyValueSpecification\",\"valueRequired\":true,\"valueName\":\"search_term_string\"}}],\"inLanguage\":\"es\"},{\"@type\":\"Person\",\"@id\":\"https:\\\/\\\/quehacerpolitico.mx\\\/#\\\/schema\\\/person\\\/496d8ad2d1d3f8036101dca7ee39e585\",\"name\":\"Redacci\u00f3n QP\",\"image\":{\"@type\":\"ImageObject\",\"inLanguage\":\"es\",\"@id\":\"https:\\\/\\\/secure.gravatar.com\\\/avatar\\\/c7164ed6fdec453195284ad24a5ae5b6e1eed2b848477fa2a4787ba9adf39a41?s=96&d=mm&r=g\",\"url\":\"https:\\\/\\\/secure.gravatar.com\\\/avatar\\\/c7164ed6fdec453195284ad24a5ae5b6e1eed2b848477fa2a4787ba9adf39a41?s=96&d=mm&r=g\",\"contentUrl\":\"https:\\\/\\\/secure.gravatar.com\\\/avatar\\\/c7164ed6fdec453195284ad24a5ae5b6e1eed2b848477fa2a4787ba9adf39a41?s=96&d=mm&r=g\",\"caption\":\"Redacci\u00f3n QP\"},\"url\":\"https:\\\/\\\/quehacerpolitico.mx\\\/?author=2\"}]}<\/script>\n<!-- \/ Yoast SEO plugin. -->","yoast_head_json":{"title":"En Punto\/\/\/Nancy Herrera Guerrero\/\/\/A Jenny la citaron por Facebook y desapareci\u00f3 en CdMx; la familia teme que sea ya v\u00edctima de trata -","robots":{"index":"index","follow":"follow","max-snippet":"max-snippet:-1","max-image-preview":"max-image-preview:large","max-video-preview":"max-video-preview:-1"},"canonical":"https:\/\/quehacerpolitico.mx\/?p=11286","og_locale":"es_MX","og_type":"article","og_title":"En Punto\/\/\/Nancy Herrera Guerrero\/\/\/A Jenny la citaron por Facebook y desapareci\u00f3 en CdMx; la familia teme que sea ya v\u00edctima de trata -","og_description":"A Jenny la citaron por Facebook y desapareci\u00f3 en CdMx; la familia teme que sea ya v\u00edctima de trata Por Nancy Herrera Guerrero","og_url":"https:\/\/quehacerpolitico.mx\/?p=11286","article_published_time":"2018-12-09T01:10:07+00:00","author":"Redacci\u00f3n QP","twitter_card":"summary_large_image","twitter_misc":{"Escrito por":"Redacci\u00f3n QP","Tiempo de lectura":"2 minutos"},"schema":{"@context":"https:\/\/schema.org","@graph":[{"@type":"Article","@id":"https:\/\/quehacerpolitico.mx\/?p=11286#article","isPartOf":{"@id":"https:\/\/quehacerpolitico.mx\/?p=11286"},"author":{"name":"Redacci\u00f3n QP","@id":"https:\/\/quehacerpolitico.mx\/#\/schema\/person\/496d8ad2d1d3f8036101dca7ee39e585"},"headline":"En Punto\/\/\/Nancy Herrera Guerrero\/\/\/A Jenny la citaron por Facebook y desapareci\u00f3 en CdMx; la familia teme que sea ya v\u00edctima de trata","datePublished":"2018-12-09T01:10:07+00:00","mainEntityOfPage":{"@id":"https:\/\/quehacerpolitico.mx\/?p=11286"},"wordCount":451,"commentCount":0,"image":{"@id":"https:\/\/quehacerpolitico.mx\/?p=11286#primaryimage"},"thumbnailUrl":"","articleSection":["CDMX"],"inLanguage":"es","potentialAction":[{"@type":"CommentAction","name":"Comment","target":["https:\/\/quehacerpolitico.mx\/?p=11286#respond"]}]},{"@type":"WebPage","@id":"https:\/\/quehacerpolitico.mx\/?p=11286","url":"https:\/\/quehacerpolitico.mx\/?p=11286","name":"En Punto\/\/\/Nancy Herrera Guerrero\/\/\/A Jenny la citaron por Facebook y desapareci\u00f3 en CdMx; la familia teme que sea ya v\u00edctima de trata -","isPartOf":{"@id":"https:\/\/quehacerpolitico.mx\/#website"},"primaryImageOfPage":{"@id":"https:\/\/quehacerpolitico.mx\/?p=11286#primaryimage"},"image":{"@id":"https:\/\/quehacerpolitico.mx\/?p=11286#primaryimage"},"thumbnailUrl":"","datePublished":"2018-12-09T01:10:07+00:00","author":{"@id":"https:\/\/quehacerpolitico.mx\/#\/schema\/person\/496d8ad2d1d3f8036101dca7ee39e585"},"breadcrumb":{"@id":"https:\/\/quehacerpolitico.mx\/?p=11286#breadcrumb"},"inLanguage":"es","potentialAction":[{"@type":"ReadAction","target":["https:\/\/quehacerpolitico.mx\/?p=11286"]}]},{"@type":"ImageObject","inLanguage":"es","@id":"https:\/\/quehacerpolitico.mx\/?p=11286#primaryimage","url":"","contentUrl":""},{"@type":"BreadcrumbList","@id":"https:\/\/quehacerpolitico.mx\/?p=11286#breadcrumb","itemListElement":[{"@type":"ListItem","position":1,"name":"Inicio","item":"https:\/\/quehacerpolitico.mx\/"},{"@type":"ListItem","position":2,"name":"En Punto\/\/\/Nancy Herrera Guerrero\/\/\/A Jenny la citaron por Facebook y desapareci\u00f3 en CdMx; la familia teme que sea ya v\u00edctima de trata"}]},{"@type":"WebSite","@id":"https:\/\/quehacerpolitico.mx\/#website","url":"https:\/\/quehacerpolitico.mx\/","name":"","description":"","potentialAction":[{"@type":"SearchAction","target":{"@type":"EntryPoint","urlTemplate":"https:\/\/quehacerpolitico.mx\/?s={search_term_string}"},"query-input":{"@type":"PropertyValueSpecification","valueRequired":true,"valueName":"search_term_string"}}],"inLanguage":"es"},{"@type":"Person","@id":"https:\/\/quehacerpolitico.mx\/#\/schema\/person\/496d8ad2d1d3f8036101dca7ee39e585","name":"Redacci\u00f3n QP","image":{"@type":"ImageObject","inLanguage":"es","@id":"https:\/\/secure.gravatar.com\/avatar\/c7164ed6fdec453195284ad24a5ae5b6e1eed2b848477fa2a4787ba9adf39a41?s=96&d=mm&r=g","url":"https:\/\/secure.gravatar.com\/avatar\/c7164ed6fdec453195284ad24a5ae5b6e1eed2b848477fa2a4787ba9adf39a41?s=96&d=mm&r=g","contentUrl":"https:\/\/secure.gravatar.com\/avatar\/c7164ed6fdec453195284ad24a5ae5b6e1eed2b848477fa2a4787ba9adf39a41?s=96&d=mm&r=g","caption":"Redacci\u00f3n QP"},"url":"https:\/\/quehacerpolitico.mx\/?author=2"}]}},"featured_image_urls":{"full":"","thumbnail":"","medium":"","medium_large":"","large":"","1536x1536":"","2048x2048":"","covernews-featured":"","covernews-medium":""},"author_info":{"display_name":"Redacci\u00f3n QP","author_link":"https:\/\/quehacerpolitico.mx\/?author=2"},"category_info":"<a href=\"https:\/\/quehacerpolitico.mx\/?cat=55\" rel=\"category\">CDMX<\/a>","tag_info":"CDMX","comment_count":"0","_links":{"self":[{"href":"https:\/\/quehacerpolitico.mx\/index.php?rest_route=\/wp\/v2\/posts\/11286","targetHints":{"allow":["GET"]}}],"collection":[{"href":"https:\/\/quehacerpolitico.mx\/index.php?rest_route=\/wp\/v2\/posts"}],"about":[{"href":"https:\/\/quehacerpolitico.mx\/index.php?rest_route=\/wp\/v2\/types\/post"}],"author":[{"embeddable":true,"href":"https:\/\/quehacerpolitico.mx\/index.php?rest_route=\/wp\/v2\/users\/2"}],"replies":[{"embeddable":true,"href":"https:\/\/quehacerpolitico.mx\/index.php?rest_route=%2Fwp%2Fv2%2Fcomments&post=11286"}],"version-history":[{"count":0,"href":"https:\/\/quehacerpolitico.mx\/index.php?rest_route=\/wp\/v2\/posts\/11286\/revisions"}],"wp:featuredmedia":[{"embeddable":true,"href":"https:\/\/quehacerpolitico.mx\/index.php?rest_route=\/"}],"wp:attachment":[{"href":"https:\/\/quehacerpolitico.mx\/index.php?rest_route=%2Fwp%2Fv2%2Fmedia&parent=11286"}],"wp:term":[{"taxonomy":"category","embeddable":true,"href":"https:\/\/quehacerpolitico.mx\/index.php?rest_route=%2Fwp%2Fv2%2Fcategories&post=11286"},{"taxonomy":"post_tag","embeddable":true,"href":"https:\/\/quehacerpolitico.mx\/index.php?rest_route=%2Fwp%2Fv2%2Ftags&post=11286"}],"curies":[{"name":"wp","href":"https:\/\/api.w.org\/{rel}","templated":true}]}}