{"id":112840,"date":"2024-10-08T15:16:21","date_gmt":"2024-10-08T15:16:21","guid":{"rendered":"https:\/\/quehacerpolitico.mx\/?p=112840"},"modified":"2024-10-08T15:16:25","modified_gmt":"2024-10-08T15:16:25","slug":"el-quehacer-politico-en-las-finanzas-desentranando-los-movimientos-del-mercado-a-traves-pedro-tiburcio-un-presidente-que-elevo-el-estandar","status":"publish","type":"post","link":"https:\/\/quehacerpolitico.mx\/?p=112840","title":{"rendered":"El Quehacer Pol\u00edtico en las Finanzas Desentra\u00f1ando los movimientos del mercado a trav\u00e9s\/\/\/Pedro Tiburcio\/\/\/Un\u00a0Presidente\u00a0que Elev\u00f3 el Est\u00e1ndar"},"content":{"rendered":"\n<p>Por Pedro Tiburcio<\/p>\n\n\n\n<p>Analista Financiero <\/p>\n\n\n\n<p>Con el cierre del sexenio de Andr\u00e9s Manuel L\u00f3pez Obrador, la polarizaci\u00f3n entre sus opositores y seguidores ha sido evidente. Sin embargo, muchas de las cr\u00edticas que inicialmente auguraban un panorama apocal\u00edptico se han disipado. Al observar los resultados de su gobierno, es claro que la narrativa catastrofista qued\u00f3 en segundo plano, mientras algunos de los vaticinios m\u00e1s alarmistas nunca se materializaron. Entre las predicciones m\u00e1s notables que quedaron en el aire, se encuentran:<\/p>\n\n\n\n<p>1. El d\u00f3lar a $35 pesos.<\/p>\n\n\n\n<p>2. Inflaci\u00f3n al 24%.<\/p>\n\n\n\n<p>3. Una ca\u00edda de la inversi\u00f3n extranjera directa al 5%.<\/p>\n\n\n\n<p>4. Una reducci\u00f3n del turismo en un 7%.<\/p>\n\n\n\n<p>5. El peor arranque de sexenio en 70 a\u00f1os.<\/p>\n\n\n\n<p>6. La incapacidad de sostener los subsidios a j\u00f3venes y ancianos.<\/p>\n\n\n\n<p>7. Un desplome en la capacidad de pago de la deuda.<\/p>\n\n\n\n<p>8. Un endurecimiento de las condiciones crediticias de los bancos extranjeros.<\/p>\n\n\n\n<p>9. Devaluaci\u00f3n masiva y desempleo.<\/p>\n\n\n\n<p>10. Una popularidad presidencial hist\u00f3ricamente baja.<\/p>\n\n\n\n<p>11. Modificaciones constitucionales para perpetuar su mandato.<\/p>\n\n\n\n<p>12. Una desaparici\u00f3n del 30% de la clase media.<\/p>\n\n\n\n<p>Lo que se percibe ahora, sin embargo, es un pueblo agradecido y un reconocimiento hist\u00f3rico al presidente, que no parece que vuelva a repetirse pronto. En retrospectiva, el sexenio de AMLO enfrent\u00f3 desaf\u00edos globales importantes, como lo fue la pandemia de COVID-19 y las fluctuaciones en los mercados internacionales, que llevaron al tipo de cambio USD\/MXN a un m\u00e1ximo de 25.7782. A pesar de ello, el peso mexicano no solo mostr\u00f3 estabilidad, sino que tambi\u00e9n se fortaleci\u00f3, sorprendiendo a muchos observadores.<\/p>\n\n\n\n<figure class=\"wp-block-image size-full\"><img loading=\"lazy\" decoding=\"async\" width=\"922\" height=\"512\" src=\"https:\/\/quehacerpolitico.mx\/wp-content\/uploads\/2024\/10\/image-1.jpeg\" alt=\"\" class=\"wp-image-112841\" srcset=\"https:\/\/quehacerpolitico.mx\/wp-content\/uploads\/2024\/10\/image-1.jpeg 922w, https:\/\/quehacerpolitico.mx\/wp-content\/uploads\/2024\/10\/image-1-300x167.jpeg 300w, https:\/\/quehacerpolitico.mx\/wp-content\/uploads\/2024\/10\/image-1-768x426.jpeg 768w, https:\/\/quehacerpolitico.mx\/wp-content\/uploads\/2024\/10\/image-1-260x144.jpeg 260w, https:\/\/quehacerpolitico.mx\/wp-content\/uploads\/2024\/10\/image-1-50x28.jpeg 50w, https:\/\/quehacerpolitico.mx\/wp-content\/uploads\/2024\/10\/image-1-135x75.jpeg 135w\" sizes=\"auto, (max-width: 922px) 100vw, 922px\" \/><figcaption class=\"wp-element-caption\">Screenshot<\/figcaption><\/figure>\n\n\n\n<p><a href=\"https:\/\/www.tradingview.com\/x\/8uIWe5r7\">https:\/\/www.tradingview.com\/x\/8uIWe5r7<\/a><\/p>\n\n\n\n<p>De manera inesperada, el d\u00f3lar lleg\u00f3 a cotizar en un m\u00ednimo hist\u00f3rico de 16.2598, consolidando al peso como uno de los activos m\u00e1s fuertes en el mercado cambiario y gan\u00e1ndose el sobrenombre de &#8220;FORTACH\u00d3N PESO MEXICANO&#8221;.&nbsp;<\/p>\n\n\n\n<p>El presidente AMLO recibi\u00f3 el tipo de cambio en 20.3924 y lo deja en 19.6768, representando una disminuci\u00f3n del 3.72%. Este resultado es notable, considerando los m\u00faltiples factores adversos que marcaron el contexto global y nacional durante su mandato. En comparaci\u00f3n con administraciones anteriores, este logro es sobresaliente.<\/p>\n\n\n\n<p>Lecciones para el Mercado<\/p>\n\n\n\n<p>Una de las lecciones m\u00e1s importantes que han aprendido los participantes del mercado es la necesidad de ignorar a los &#8220;agoreros del desastre&#8221; y evitar tomar decisiones financieras con base en fobias pol\u00edticas. La realidad es que, independientemente de las opiniones polarizadas sobre el presidente, los mercados financieros mexicanos mostraron una notable capacidad de adaptaci\u00f3n y crecimiento durante este per\u00edodo&nbsp;y esto no fue precisamente por una falta de confianza.<\/p>\n\n\n\n<p>En cuanto a la Bolsa Mexicana de Valores (BMV), ya se ha mencionado en&nbsp;<a href=\"https:\/\/issuu.com\/qprevista\/docs\/qp_87_junio_2024_web_la_buena\/32\">an\u00e1lisis anteriores<\/a>&nbsp;los grandes rendimientos que ha ofrecido a lo largo del tiempo, independientemente de qui\u00e9n&nbsp;gobierne. Cabe destacar que, bajo la administraci\u00f3n de Enrique Pe\u00f1a Nieto, la BMV fue la excepci\u00f3n con resultados decepcionantes.&nbsp;<\/p>\n\n\n\n<p>Sin embargo, el desempe\u00f1o de la bolsa durante el sexenio de AMLO ha sido positivo. Un excelente ejemplo de esto es el an\u00e1lisis realizado por un miembro de la comunidad de&nbsp;traders&nbsp;en M\u00e9xico, conocido bajo el seud\u00f3nimo @GruTraderMX en X (antes Twitter). En su an\u00e1lisis, presenta el rendimiento de las acciones de la BMV ajustadas por dividendos desde el 30 de noviembre de 2018 hasta el 30 de septiembre de 2024. Los resultados son impresionantes, con algunos valores alcanzando rendimientos superiores al 300%. Esto, a pesar de que el mercado mexicano anticip\u00f3 una toma de ganancias desde febrero de 2024, cuando se alcanz\u00f3 el m\u00e1ximo hist\u00f3rico.<\/p>\n\n\n\n<figure class=\"wp-block-image size-large\"><img loading=\"lazy\" decoding=\"async\" width=\"1024\" height=\"1006\" src=\"https:\/\/quehacerpolitico.mx\/wp-content\/uploads\/2024\/10\/image-2-1024x1006.jpeg\" alt=\"\" class=\"wp-image-112842\" srcset=\"https:\/\/quehacerpolitico.mx\/wp-content\/uploads\/2024\/10\/image-2-1024x1006.jpeg 1024w, https:\/\/quehacerpolitico.mx\/wp-content\/uploads\/2024\/10\/image-2-300x295.jpeg 300w, https:\/\/quehacerpolitico.mx\/wp-content\/uploads\/2024\/10\/image-2-768x755.jpeg 768w, https:\/\/quehacerpolitico.mx\/wp-content\/uploads\/2024\/10\/image-2-149x146.jpeg 149w, https:\/\/quehacerpolitico.mx\/wp-content\/uploads\/2024\/10\/image-2-50x50.jpeg 50w, https:\/\/quehacerpolitico.mx\/wp-content\/uploads\/2024\/10\/image-2-76x75.jpeg 76w, https:\/\/quehacerpolitico.mx\/wp-content\/uploads\/2024\/10\/image-2-85x85.jpeg 85w, https:\/\/quehacerpolitico.mx\/wp-content\/uploads\/2024\/10\/image-2-80x80.jpeg 80w, https:\/\/quehacerpolitico.mx\/wp-content\/uploads\/2024\/10\/image-2.jpeg 1284w\" sizes=\"auto, (max-width: 1024px) 100vw, 1024px\" \/><figcaption class=\"wp-element-caption\">Screenshot<\/figcaption><\/figure>\n\n\n\n<p>Hacia una Nueva Era<\/p>\n\n\n\n<p>Con el cierre de este cap\u00edtulo hist\u00f3rico, M\u00e9xico se prepara para una nueva etapa en su historia pol\u00edtica, en la que una mujer ser\u00e1 la protagonista. Esta transici\u00f3n marca un hito importante en la lucha por la igualdad de g\u00e9nero. Sin embargo, tambi\u00e9n es un momento que pone a prueba a la sociedad mexicana, y queda por ver si el machismo arraigado lograr\u00e1 ser superado.&nbsp;<\/p>\n\n\n\n<p>Es el tiempo de las mujeres, y con ello, el pa\u00eds avanza hacia un futuro m\u00e1s inclusivo, en el que el liderazgo femenino no solo sea una posibilidad, sino una realidad. La esperanza es que esta nueva era traiga consigo oportunidades renovadas para el progreso econ\u00f3mico y social de M\u00e9xico.<\/p>\n\n\n\n<p>As\u00ed el Quehacer Pol\u00edtico en los mercados financieros a trav\u00e9s del an\u00e1lisis t\u00e9cnico con Pedro Tiburcio, desentra\u00f1ando los movimientos del mercado, 44 a\u00f1os inquiriendo en la pol\u00edtica de M\u00e9xico, cuestionando, exponiendo, revelando y razonando.Es cuanto.<\/p>\n\n\n\n<p>Que tengas una excelente semana de trading y recuerda:&nbsp;<\/p>\n\n\n\n<p>\u00a1Nos vemos en los mercados!&nbsp;<\/p>\n\n\n\n<p>Hasta la pr\u00f3xima.<\/p>\n\n\n\n<p>Gr\u00e1ficas cortes\u00eda de&nbsp;<a href=\"https:\/\/www.tradingview.com\/?aff_id=17896\">TradingView<\/a>.<\/p>\n\n\n\n<p>Pedro Tiburcio<\/p>\n\n\n\n<p>Analista de Elliott Wave M\u00e9xico<\/p>\n","protected":false},"excerpt":{"rendered":"<p>Por Pedro Tiburcio Analista Financiero Con el cierre del sexenio de Andr\u00e9s Manuel L\u00f3pez Obrador,&#8230;<\/p>\n","protected":false},"author":2,"featured_media":112843,"comment_status":"open","ping_status":"open","sticky":false,"template":"","format":"standard","meta":{"_monsterinsights_skip_tracking":false,"_monsterinsights_sitenote_active":false,"_monsterinsights_sitenote_note":"","_monsterinsights_sitenote_category":0,"footnotes":""},"categories":[56],"tags":[],"class_list":["post-112840","post","type-post","status-publish","format-standard","has-post-thumbnail","hentry","category-economia"],"yoast_head":"<!-- This site is optimized with the Yoast SEO plugin v27.3 - https:\/\/yoast.com\/product\/yoast-seo-wordpress\/ -->\n<title>El Quehacer Pol\u00edtico en las Finanzas Desentra\u00f1ando los movimientos del mercado a trav\u00e9s\/\/\/Pedro Tiburcio\/\/\/Un\u00a0Presidente\u00a0que Elev\u00f3 el Est\u00e1ndar -<\/title>\n<meta name=\"robots\" content=\"index, follow, max-snippet:-1, max-image-preview:large, max-video-preview:-1\" \/>\n<link rel=\"canonical\" href=\"https:\/\/quehacerpolitico.mx\/?p=112840\" \/>\n<meta property=\"og:locale\" content=\"es_MX\" \/>\n<meta property=\"og:type\" content=\"article\" \/>\n<meta property=\"og:title\" content=\"El Quehacer Pol\u00edtico en las Finanzas Desentra\u00f1ando los movimientos del mercado a trav\u00e9s\/\/\/Pedro Tiburcio\/\/\/Un\u00a0Presidente\u00a0que Elev\u00f3 el Est\u00e1ndar -\" \/>\n<meta property=\"og:description\" content=\"Por Pedro Tiburcio Analista Financiero Con el cierre del sexenio de Andr\u00e9s Manuel L\u00f3pez Obrador,...\" \/>\n<meta property=\"og:url\" content=\"https:\/\/quehacerpolitico.mx\/?p=112840\" \/>\n<meta property=\"article:published_time\" content=\"2024-10-08T15:16:21+00:00\" \/>\n<meta property=\"article:modified_time\" content=\"2024-10-08T15:16:25+00:00\" \/>\n<meta property=\"og:image\" content=\"https:\/\/quehacerpolitico.mx\/wp-content\/uploads\/2024\/10\/31805cf3-46d8-4ee8-940e-a4ac66b7fd01.jpeg\" \/>\n\t<meta property=\"og:image:width\" content=\"963\" \/>\n\t<meta property=\"og:image:height\" content=\"493\" \/>\n\t<meta property=\"og:image:type\" content=\"image\/jpeg\" \/>\n<meta name=\"author\" content=\"Redacci\u00f3n QP\" \/>\n<meta name=\"twitter:card\" content=\"summary_large_image\" \/>\n<meta name=\"twitter:label1\" content=\"Escrito por\" \/>\n\t<meta name=\"twitter:data1\" content=\"Redacci\u00f3n QP\" \/>\n\t<meta name=\"twitter:label2\" content=\"Tiempo de lectura\" \/>\n\t<meta name=\"twitter:data2\" content=\"4 minutos\" \/>\n<script type=\"application\/ld+json\" class=\"yoast-schema-graph\">{\"@context\":\"https:\\\/\\\/schema.org\",\"@graph\":[{\"@type\":\"Article\",\"@id\":\"https:\\\/\\\/quehacerpolitico.mx\\\/?p=112840#article\",\"isPartOf\":{\"@id\":\"https:\\\/\\\/quehacerpolitico.mx\\\/?p=112840\"},\"author\":{\"name\":\"Redacci\u00f3n QP\",\"@id\":\"https:\\\/\\\/quehacerpolitico.mx\\\/#\\\/schema\\\/person\\\/496d8ad2d1d3f8036101dca7ee39e585\"},\"headline\":\"El Quehacer Pol\u00edtico en las Finanzas Desentra\u00f1ando los movimientos del mercado a trav\u00e9s\\\/\\\/\\\/Pedro Tiburcio\\\/\\\/\\\/Un\u00a0Presidente\u00a0que Elev\u00f3 el Est\u00e1ndar\",\"datePublished\":\"2024-10-08T15:16:21+00:00\",\"dateModified\":\"2024-10-08T15:16:25+00:00\",\"mainEntityOfPage\":{\"@id\":\"https:\\\/\\\/quehacerpolitico.mx\\\/?p=112840\"},\"wordCount\":840,\"commentCount\":0,\"image\":{\"@id\":\"https:\\\/\\\/quehacerpolitico.mx\\\/?p=112840#primaryimage\"},\"thumbnailUrl\":\"https:\\\/\\\/quehacerpolitico.mx\\\/wp-content\\\/uploads\\\/2024\\\/10\\\/31805cf3-46d8-4ee8-940e-a4ac66b7fd01.jpeg\",\"articleSection\":[\"Econom\u00eda\"],\"inLanguage\":\"es\",\"potentialAction\":[{\"@type\":\"CommentAction\",\"name\":\"Comment\",\"target\":[\"https:\\\/\\\/quehacerpolitico.mx\\\/?p=112840#respond\"]}]},{\"@type\":\"WebPage\",\"@id\":\"https:\\\/\\\/quehacerpolitico.mx\\\/?p=112840\",\"url\":\"https:\\\/\\\/quehacerpolitico.mx\\\/?p=112840\",\"name\":\"El Quehacer Pol\u00edtico en las Finanzas Desentra\u00f1ando los movimientos del mercado a trav\u00e9s\\\/\\\/\\\/Pedro Tiburcio\\\/\\\/\\\/Un\u00a0Presidente\u00a0que Elev\u00f3 el Est\u00e1ndar -\",\"isPartOf\":{\"@id\":\"https:\\\/\\\/quehacerpolitico.mx\\\/#website\"},\"primaryImageOfPage\":{\"@id\":\"https:\\\/\\\/quehacerpolitico.mx\\\/?p=112840#primaryimage\"},\"image\":{\"@id\":\"https:\\\/\\\/quehacerpolitico.mx\\\/?p=112840#primaryimage\"},\"thumbnailUrl\":\"https:\\\/\\\/quehacerpolitico.mx\\\/wp-content\\\/uploads\\\/2024\\\/10\\\/31805cf3-46d8-4ee8-940e-a4ac66b7fd01.jpeg\",\"datePublished\":\"2024-10-08T15:16:21+00:00\",\"dateModified\":\"2024-10-08T15:16:25+00:00\",\"author\":{\"@id\":\"https:\\\/\\\/quehacerpolitico.mx\\\/#\\\/schema\\\/person\\\/496d8ad2d1d3f8036101dca7ee39e585\"},\"breadcrumb\":{\"@id\":\"https:\\\/\\\/quehacerpolitico.mx\\\/?p=112840#breadcrumb\"},\"inLanguage\":\"es\",\"potentialAction\":[{\"@type\":\"ReadAction\",\"target\":[\"https:\\\/\\\/quehacerpolitico.mx\\\/?p=112840\"]}]},{\"@type\":\"ImageObject\",\"inLanguage\":\"es\",\"@id\":\"https:\\\/\\\/quehacerpolitico.mx\\\/?p=112840#primaryimage\",\"url\":\"https:\\\/\\\/quehacerpolitico.mx\\\/wp-content\\\/uploads\\\/2024\\\/10\\\/31805cf3-46d8-4ee8-940e-a4ac66b7fd01.jpeg\",\"contentUrl\":\"https:\\\/\\\/quehacerpolitico.mx\\\/wp-content\\\/uploads\\\/2024\\\/10\\\/31805cf3-46d8-4ee8-940e-a4ac66b7fd01.jpeg\",\"width\":963,\"height\":493},{\"@type\":\"BreadcrumbList\",\"@id\":\"https:\\\/\\\/quehacerpolitico.mx\\\/?p=112840#breadcrumb\",\"itemListElement\":[{\"@type\":\"ListItem\",\"position\":1,\"name\":\"Inicio\",\"item\":\"https:\\\/\\\/quehacerpolitico.mx\\\/\"},{\"@type\":\"ListItem\",\"position\":2,\"name\":\"El Quehacer Pol\u00edtico en las Finanzas Desentra\u00f1ando los movimientos del mercado a trav\u00e9s\\\/\\\/\\\/Pedro Tiburcio\\\/\\\/\\\/Un\u00a0Presidente\u00a0que Elev\u00f3 el Est\u00e1ndar\"}]},{\"@type\":\"WebSite\",\"@id\":\"https:\\\/\\\/quehacerpolitico.mx\\\/#website\",\"url\":\"https:\\\/\\\/quehacerpolitico.mx\\\/\",\"name\":\"\",\"description\":\"\",\"potentialAction\":[{\"@type\":\"SearchAction\",\"target\":{\"@type\":\"EntryPoint\",\"urlTemplate\":\"https:\\\/\\\/quehacerpolitico.mx\\\/?s={search_term_string}\"},\"query-input\":{\"@type\":\"PropertyValueSpecification\",\"valueRequired\":true,\"valueName\":\"search_term_string\"}}],\"inLanguage\":\"es\"},{\"@type\":\"Person\",\"@id\":\"https:\\\/\\\/quehacerpolitico.mx\\\/#\\\/schema\\\/person\\\/496d8ad2d1d3f8036101dca7ee39e585\",\"name\":\"Redacci\u00f3n QP\",\"image\":{\"@type\":\"ImageObject\",\"inLanguage\":\"es\",\"@id\":\"https:\\\/\\\/secure.gravatar.com\\\/avatar\\\/c7164ed6fdec453195284ad24a5ae5b6e1eed2b848477fa2a4787ba9adf39a41?s=96&d=mm&r=g\",\"url\":\"https:\\\/\\\/secure.gravatar.com\\\/avatar\\\/c7164ed6fdec453195284ad24a5ae5b6e1eed2b848477fa2a4787ba9adf39a41?s=96&d=mm&r=g\",\"contentUrl\":\"https:\\\/\\\/secure.gravatar.com\\\/avatar\\\/c7164ed6fdec453195284ad24a5ae5b6e1eed2b848477fa2a4787ba9adf39a41?s=96&d=mm&r=g\",\"caption\":\"Redacci\u00f3n QP\"},\"url\":\"https:\\\/\\\/quehacerpolitico.mx\\\/?author=2\"}]}<\/script>\n<!-- \/ Yoast SEO plugin. -->","yoast_head_json":{"title":"El Quehacer Pol\u00edtico en las Finanzas Desentra\u00f1ando los movimientos del mercado a trav\u00e9s\/\/\/Pedro Tiburcio\/\/\/Un\u00a0Presidente\u00a0que Elev\u00f3 el Est\u00e1ndar -","robots":{"index":"index","follow":"follow","max-snippet":"max-snippet:-1","max-image-preview":"max-image-preview:large","max-video-preview":"max-video-preview:-1"},"canonical":"https:\/\/quehacerpolitico.mx\/?p=112840","og_locale":"es_MX","og_type":"article","og_title":"El Quehacer Pol\u00edtico en las Finanzas Desentra\u00f1ando los movimientos del mercado a trav\u00e9s\/\/\/Pedro Tiburcio\/\/\/Un\u00a0Presidente\u00a0que Elev\u00f3 el Est\u00e1ndar -","og_description":"Por Pedro Tiburcio Analista Financiero Con el cierre del sexenio de Andr\u00e9s Manuel L\u00f3pez Obrador,...","og_url":"https:\/\/quehacerpolitico.mx\/?p=112840","article_published_time":"2024-10-08T15:16:21+00:00","article_modified_time":"2024-10-08T15:16:25+00:00","og_image":[{"width":963,"height":493,"url":"https:\/\/quehacerpolitico.mx\/wp-content\/uploads\/2024\/10\/31805cf3-46d8-4ee8-940e-a4ac66b7fd01.jpeg","type":"image\/jpeg"}],"author":"Redacci\u00f3n QP","twitter_card":"summary_large_image","twitter_misc":{"Escrito por":"Redacci\u00f3n QP","Tiempo de lectura":"4 minutos"},"schema":{"@context":"https:\/\/schema.org","@graph":[{"@type":"Article","@id":"https:\/\/quehacerpolitico.mx\/?p=112840#article","isPartOf":{"@id":"https:\/\/quehacerpolitico.mx\/?p=112840"},"author":{"name":"Redacci\u00f3n QP","@id":"https:\/\/quehacerpolitico.mx\/#\/schema\/person\/496d8ad2d1d3f8036101dca7ee39e585"},"headline":"El Quehacer Pol\u00edtico en las Finanzas Desentra\u00f1ando los movimientos del mercado a trav\u00e9s\/\/\/Pedro Tiburcio\/\/\/Un\u00a0Presidente\u00a0que Elev\u00f3 el Est\u00e1ndar","datePublished":"2024-10-08T15:16:21+00:00","dateModified":"2024-10-08T15:16:25+00:00","mainEntityOfPage":{"@id":"https:\/\/quehacerpolitico.mx\/?p=112840"},"wordCount":840,"commentCount":0,"image":{"@id":"https:\/\/quehacerpolitico.mx\/?p=112840#primaryimage"},"thumbnailUrl":"https:\/\/quehacerpolitico.mx\/wp-content\/uploads\/2024\/10\/31805cf3-46d8-4ee8-940e-a4ac66b7fd01.jpeg","articleSection":["Econom\u00eda"],"inLanguage":"es","potentialAction":[{"@type":"CommentAction","name":"Comment","target":["https:\/\/quehacerpolitico.mx\/?p=112840#respond"]}]},{"@type":"WebPage","@id":"https:\/\/quehacerpolitico.mx\/?p=112840","url":"https:\/\/quehacerpolitico.mx\/?p=112840","name":"El Quehacer Pol\u00edtico en las Finanzas Desentra\u00f1ando los movimientos del mercado a trav\u00e9s\/\/\/Pedro Tiburcio\/\/\/Un\u00a0Presidente\u00a0que Elev\u00f3 el Est\u00e1ndar -","isPartOf":{"@id":"https:\/\/quehacerpolitico.mx\/#website"},"primaryImageOfPage":{"@id":"https:\/\/quehacerpolitico.mx\/?p=112840#primaryimage"},"image":{"@id":"https:\/\/quehacerpolitico.mx\/?p=112840#primaryimage"},"thumbnailUrl":"https:\/\/quehacerpolitico.mx\/wp-content\/uploads\/2024\/10\/31805cf3-46d8-4ee8-940e-a4ac66b7fd01.jpeg","datePublished":"2024-10-08T15:16:21+00:00","dateModified":"2024-10-08T15:16:25+00:00","author":{"@id":"https:\/\/quehacerpolitico.mx\/#\/schema\/person\/496d8ad2d1d3f8036101dca7ee39e585"},"breadcrumb":{"@id":"https:\/\/quehacerpolitico.mx\/?p=112840#breadcrumb"},"inLanguage":"es","potentialAction":[{"@type":"ReadAction","target":["https:\/\/quehacerpolitico.mx\/?p=112840"]}]},{"@type":"ImageObject","inLanguage":"es","@id":"https:\/\/quehacerpolitico.mx\/?p=112840#primaryimage","url":"https:\/\/quehacerpolitico.mx\/wp-content\/uploads\/2024\/10\/31805cf3-46d8-4ee8-940e-a4ac66b7fd01.jpeg","contentUrl":"https:\/\/quehacerpolitico.mx\/wp-content\/uploads\/2024\/10\/31805cf3-46d8-4ee8-940e-a4ac66b7fd01.jpeg","width":963,"height":493},{"@type":"BreadcrumbList","@id":"https:\/\/quehacerpolitico.mx\/?p=112840#breadcrumb","itemListElement":[{"@type":"ListItem","position":1,"name":"Inicio","item":"https:\/\/quehacerpolitico.mx\/"},{"@type":"ListItem","position":2,"name":"El Quehacer Pol\u00edtico en las Finanzas Desentra\u00f1ando los movimientos del mercado a trav\u00e9s\/\/\/Pedro Tiburcio\/\/\/Un\u00a0Presidente\u00a0que Elev\u00f3 el Est\u00e1ndar"}]},{"@type":"WebSite","@id":"https:\/\/quehacerpolitico.mx\/#website","url":"https:\/\/quehacerpolitico.mx\/","name":"","description":"","potentialAction":[{"@type":"SearchAction","target":{"@type":"EntryPoint","urlTemplate":"https:\/\/quehacerpolitico.mx\/?s={search_term_string}"},"query-input":{"@type":"PropertyValueSpecification","valueRequired":true,"valueName":"search_term_string"}}],"inLanguage":"es"},{"@type":"Person","@id":"https:\/\/quehacerpolitico.mx\/#\/schema\/person\/496d8ad2d1d3f8036101dca7ee39e585","name":"Redacci\u00f3n QP","image":{"@type":"ImageObject","inLanguage":"es","@id":"https:\/\/secure.gravatar.com\/avatar\/c7164ed6fdec453195284ad24a5ae5b6e1eed2b848477fa2a4787ba9adf39a41?s=96&d=mm&r=g","url":"https:\/\/secure.gravatar.com\/avatar\/c7164ed6fdec453195284ad24a5ae5b6e1eed2b848477fa2a4787ba9adf39a41?s=96&d=mm&r=g","contentUrl":"https:\/\/secure.gravatar.com\/avatar\/c7164ed6fdec453195284ad24a5ae5b6e1eed2b848477fa2a4787ba9adf39a41?s=96&d=mm&r=g","caption":"Redacci\u00f3n QP"},"url":"https:\/\/quehacerpolitico.mx\/?author=2"}]}},"featured_image_urls":{"full":["https:\/\/quehacerpolitico.mx\/wp-content\/uploads\/2024\/10\/31805cf3-46d8-4ee8-940e-a4ac66b7fd01.jpeg",963,493,false],"thumbnail":["https:\/\/quehacerpolitico.mx\/wp-content\/uploads\/2024\/10\/31805cf3-46d8-4ee8-940e-a4ac66b7fd01-150x150.jpeg",150,150,true],"medium":["https:\/\/quehacerpolitico.mx\/wp-content\/uploads\/2024\/10\/31805cf3-46d8-4ee8-940e-a4ac66b7fd01-300x154.jpeg",300,154,true],"medium_large":["https:\/\/quehacerpolitico.mx\/wp-content\/uploads\/2024\/10\/31805cf3-46d8-4ee8-940e-a4ac66b7fd01-768x393.jpeg",640,328,true],"large":["https:\/\/quehacerpolitico.mx\/wp-content\/uploads\/2024\/10\/31805cf3-46d8-4ee8-940e-a4ac66b7fd01.jpeg",640,328,false],"1536x1536":["https:\/\/quehacerpolitico.mx\/wp-content\/uploads\/2024\/10\/31805cf3-46d8-4ee8-940e-a4ac66b7fd01.jpeg",963,493,false],"2048x2048":["https:\/\/quehacerpolitico.mx\/wp-content\/uploads\/2024\/10\/31805cf3-46d8-4ee8-940e-a4ac66b7fd01.jpeg",963,493,false],"covernews-featured":["https:\/\/quehacerpolitico.mx\/wp-content\/uploads\/2024\/10\/31805cf3-46d8-4ee8-940e-a4ac66b7fd01.jpeg",963,493,false],"covernews-medium":["https:\/\/quehacerpolitico.mx\/wp-content\/uploads\/2024\/10\/31805cf3-46d8-4ee8-940e-a4ac66b7fd01.jpeg",540,276,false]},"author_info":{"display_name":"Redacci\u00f3n QP","author_link":"https:\/\/quehacerpolitico.mx\/?author=2"},"category_info":"<a href=\"https:\/\/quehacerpolitico.mx\/?cat=56\" rel=\"category\">Econom\u00eda<\/a>","tag_info":"Econom\u00eda","comment_count":"0","_links":{"self":[{"href":"https:\/\/quehacerpolitico.mx\/index.php?rest_route=\/wp\/v2\/posts\/112840","targetHints":{"allow":["GET"]}}],"collection":[{"href":"https:\/\/quehacerpolitico.mx\/index.php?rest_route=\/wp\/v2\/posts"}],"about":[{"href":"https:\/\/quehacerpolitico.mx\/index.php?rest_route=\/wp\/v2\/types\/post"}],"author":[{"embeddable":true,"href":"https:\/\/quehacerpolitico.mx\/index.php?rest_route=\/wp\/v2\/users\/2"}],"replies":[{"embeddable":true,"href":"https:\/\/quehacerpolitico.mx\/index.php?rest_route=%2Fwp%2Fv2%2Fcomments&post=112840"}],"version-history":[{"count":1,"href":"https:\/\/quehacerpolitico.mx\/index.php?rest_route=\/wp\/v2\/posts\/112840\/revisions"}],"predecessor-version":[{"id":112844,"href":"https:\/\/quehacerpolitico.mx\/index.php?rest_route=\/wp\/v2\/posts\/112840\/revisions\/112844"}],"wp:featuredmedia":[{"embeddable":true,"href":"https:\/\/quehacerpolitico.mx\/index.php?rest_route=\/wp\/v2\/media\/112843"}],"wp:attachment":[{"href":"https:\/\/quehacerpolitico.mx\/index.php?rest_route=%2Fwp%2Fv2%2Fmedia&parent=112840"}],"wp:term":[{"taxonomy":"category","embeddable":true,"href":"https:\/\/quehacerpolitico.mx\/index.php?rest_route=%2Fwp%2Fv2%2Fcategories&post=112840"},{"taxonomy":"post_tag","embeddable":true,"href":"https:\/\/quehacerpolitico.mx\/index.php?rest_route=%2Fwp%2Fv2%2Ftags&post=112840"}],"curies":[{"name":"wp","href":"https:\/\/api.w.org\/{rel}","templated":true}]}}