{"id":112808,"date":"2024-10-03T05:45:14","date_gmt":"2024-10-03T05:45:14","guid":{"rendered":"https:\/\/quehacerpolitico.mx\/?p=112808"},"modified":"2024-10-03T05:45:16","modified_gmt":"2024-10-03T05:45:16","slug":"ricardo-monreal-coordinador-de-los-diputados-de-morena-informo-que-el-dictamen-para-reducir-a-40-las-horas-de-trabajo-fue-desechado","status":"publish","type":"post","link":"https:\/\/quehacerpolitico.mx\/?p=112808","title":{"rendered":"Ricardo Monreal, coordinador de los diputados de MORENA, inform\u00f3 que el dictamen para reducir a 40 las horas de trabajo, fue desechado"},"content":{"rendered":"\n<p>Por Redacci\u00f3n QP<\/p>\n\n\n\n<p>Esta iniciativa hab\u00eda sido aprobado en comisiones hace 18 meses y estaba pendiente en la Mesa Directiva de la C\u00e1mara de Diputados<\/p>\n\n\n\n<p><strong>El 1 de octubre, la presidenta Claudia Sheinbaum Pardo incluy\u00f3 en sus\u00a0100 compromisos<\/strong><strong>\u00a0de gobierno la promesa de aprobar la reforma constitucional para reducir la jornada laboral de 48 a 40 horas en M\u00e9xico.\u00a0<\/strong>Sin embargo, el diputado Ricardo Monreal \u00c1vila aclar\u00f3 que el dictamen fue desechado en la legislatura anterior.<\/p>\n\n\n\n<p>El legislador zacatecano mencion\u00f3 que el proceso legislativo deber\u00e1 comenzar de nuevo y que se deber\u00e1 definir si la iniciativa ser\u00e1 enviada nuevamente por la presidenta de la Rep\u00fablica o si los integrantes de Morena la presentar\u00e1n.&nbsp;<\/p>\n\n\n\n<p><mark>&#8220;Ella ha expresado que comenzaremos a deliberar sobre la semana de 40 horas. Estamos a la espera de si nos env\u00eda la iniciativa o si la formulamos aqu\u00ed, pero es una buena noticia&#8221;<\/mark>, coment\u00f3 Monreal sobre el compromiso de Sheinbaum.<\/p>\n\n\n\n<figure class=\"wp-block-embed is-type-rich is-provider-twitter wp-block-embed-twitter\"><div class=\"wp-block-embed__wrapper\">\n<blockquote class=\"twitter-tweet\" data-width=\"550\" data-dnt=\"true\"><p lang=\"es\" dir=\"ltr\">Ricardo Monreal, coordinador de los diputados de MORENA, inform\u00f3 que el dictamen para reducir a 40 las horas de trabajo, fue desechado <a href=\"https:\/\/t.co\/UCAdz7odB5\">pic.twitter.com\/UCAdz7odB5<\/a><\/p>&mdash; Azucena Uresti (@azucenau) <a href=\"https:\/\/twitter.com\/azucenau\/status\/1841654733704200344?ref_src=twsrc%5Etfw\">October 3, 2024<\/a><\/blockquote><script async src=\"https:\/\/platform.twitter.com\/widgets.js\" charset=\"utf-8\"><\/script>\n<\/div><\/figure>\n\n\n\n<p>En diciembre de 2023, el dictamen para reducir la jornada laboral fue aprobado en la Comisi\u00f3n de Puntos Constitucionales de la C\u00e1mara de Diputados y turnado al Pleno, pero la Mesa Directiva decidi\u00f3 retirarlo tras la sugerencia de Andr\u00e9s Manuel L\u00f3pez Obrador de no apresurarse y abrir el debate con el sector privado y los gremios de trabajadores.<\/p>\n\n\n\n<p><mark><strong>Monreal indic\u00f3 que, al finalizar la LXV Legislatura, todas las iniciativas no aprobadas fueron desechadas, y solo se mantuvo el paquete de 20 reformas propuestas el 5 de febrero por el entonces presidente L\u00f3pez Obrador.<\/strong><\/mark><\/p>\n\n\n\n<p>Sin embargo, el coordinador del grupo parlamentario de Morena asegur\u00f3 que la C\u00e1mara de Diputados trabajar\u00e1 para avanzar en esta reforma laboral, como prometi\u00f3 Sheinbaum durante su discurso en el Z\u00f3calo de la Ciudad de M\u00e9xico.<\/p>\n\n\n\n<p>En su primer d\u00eda como presidenta,&nbsp;<mark><strong>Sheinbaum present\u00f3 en el Z\u00f3calo los 100 compromisos de su administraci\u00f3n, destacando la reducci\u00f3n de la jornada semanal a 40 horas<\/strong><\/mark>, lo que beneficiar\u00e1 a millones de trabajadores. &#8220;Estoy segura de que lo lograremos. En acuerdo con los empleadores, iremos alcanzando gradualmente la semana de 40 horas durante el sexenio&#8221;, afirm\u00f3 ante miles de seguidores.<\/p>\n\n\n\n<p>Adem\u00e1s de la reforma laboral,&nbsp;<strong>Sheinbaum prioriz\u00f3 el aumento del salario m\u00ednimo a partir de 2025.&nbsp;<\/strong>Expres\u00f3 su intenci\u00f3n de que, al finalizar su mandato,&nbsp;<strong>el salario m\u00ednimo permita a las familias comprar 2.6 canastas b\u00e1s<\/strong>icas, en comparaci\u00f3n con las 1.6 que pueden adquirir actualmente.&nbsp;<\/p>\n\n\n\n<p><mark>&#8220;Aumentaremos el salario m\u00ednimo de maestros, enfermeras, soldados y marinos, para que nadie gane menos que el salario m\u00ednimo del IMSS&#8221;<\/mark>, prometi\u00f3 en su primer discurso p\u00fablico.<br><br><br><br><\/p>\n","protected":false},"excerpt":{"rendered":"<p>Por Redacci\u00f3n QP Esta iniciativa hab\u00eda sido aprobado en comisiones hace 18 meses y estaba&#8230;<\/p>\n","protected":false},"author":2,"featured_media":112809,"comment_status":"open","ping_status":"open","sticky":false,"template":"","format":"standard","meta":{"_monsterinsights_skip_tracking":false,"_monsterinsights_sitenote_active":false,"_monsterinsights_sitenote_note":"","_monsterinsights_sitenote_category":0,"footnotes":""},"categories":[2],"tags":[],"class_list":["post-112808","post","type-post","status-publish","format-standard","has-post-thumbnail","hentry","category-noticias"],"yoast_head":"<!-- This site is optimized with the Yoast SEO plugin v27.3 - https:\/\/yoast.com\/product\/yoast-seo-wordpress\/ -->\n<title>Ricardo Monreal, coordinador de los diputados de MORENA, inform\u00f3 que el dictamen para reducir a 40 las horas de trabajo, fue desechado -<\/title>\n<meta name=\"robots\" content=\"index, follow, max-snippet:-1, max-image-preview:large, max-video-preview:-1\" \/>\n<link rel=\"canonical\" href=\"https:\/\/quehacerpolitico.mx\/?p=112808\" \/>\n<meta property=\"og:locale\" content=\"es_MX\" \/>\n<meta property=\"og:type\" content=\"article\" \/>\n<meta property=\"og:title\" content=\"Ricardo Monreal, coordinador de los diputados de MORENA, inform\u00f3 que el dictamen para reducir a 40 las horas de trabajo, fue desechado -\" \/>\n<meta property=\"og:description\" content=\"Por Redacci\u00f3n QP Esta iniciativa hab\u00eda sido aprobado en comisiones hace 18 meses y estaba...\" \/>\n<meta property=\"og:url\" content=\"https:\/\/quehacerpolitico.mx\/?p=112808\" \/>\n<meta property=\"article:published_time\" content=\"2024-10-03T05:45:14+00:00\" \/>\n<meta property=\"article:modified_time\" content=\"2024-10-03T05:45:16+00:00\" \/>\n<meta property=\"og:image\" content=\"https:\/\/quehacerpolitico.mx\/wp-content\/uploads\/2024\/10\/IMG_8330.jpeg\" \/>\n\t<meta property=\"og:image:width\" content=\"1284\" \/>\n\t<meta property=\"og:image:height\" content=\"701\" \/>\n\t<meta property=\"og:image:type\" content=\"image\/jpeg\" \/>\n<meta name=\"author\" content=\"Redacci\u00f3n QP\" \/>\n<meta name=\"twitter:card\" content=\"summary_large_image\" \/>\n<meta name=\"twitter:label1\" content=\"Escrito por\" \/>\n\t<meta name=\"twitter:data1\" content=\"Redacci\u00f3n QP\" \/>\n\t<meta name=\"twitter:label2\" content=\"Tiempo de lectura\" \/>\n\t<meta name=\"twitter:data2\" content=\"2 minutos\" \/>\n<script type=\"application\/ld+json\" class=\"yoast-schema-graph\">{\"@context\":\"https:\\\/\\\/schema.org\",\"@graph\":[{\"@type\":\"Article\",\"@id\":\"https:\\\/\\\/quehacerpolitico.mx\\\/?p=112808#article\",\"isPartOf\":{\"@id\":\"https:\\\/\\\/quehacerpolitico.mx\\\/?p=112808\"},\"author\":{\"name\":\"Redacci\u00f3n QP\",\"@id\":\"https:\\\/\\\/quehacerpolitico.mx\\\/#\\\/schema\\\/person\\\/496d8ad2d1d3f8036101dca7ee39e585\"},\"headline\":\"Ricardo Monreal, coordinador de los diputados de MORENA, inform\u00f3 que el dictamen para reducir a 40 las horas de trabajo, fue desechado\",\"datePublished\":\"2024-10-03T05:45:14+00:00\",\"dateModified\":\"2024-10-03T05:45:16+00:00\",\"mainEntityOfPage\":{\"@id\":\"https:\\\/\\\/quehacerpolitico.mx\\\/?p=112808\"},\"wordCount\":467,\"commentCount\":0,\"image\":{\"@id\":\"https:\\\/\\\/quehacerpolitico.mx\\\/?p=112808#primaryimage\"},\"thumbnailUrl\":\"https:\\\/\\\/quehacerpolitico.mx\\\/wp-content\\\/uploads\\\/2024\\\/10\\\/IMG_8330.jpeg\",\"articleSection\":[\"Noticias\"],\"inLanguage\":\"es\",\"potentialAction\":[{\"@type\":\"CommentAction\",\"name\":\"Comment\",\"target\":[\"https:\\\/\\\/quehacerpolitico.mx\\\/?p=112808#respond\"]}]},{\"@type\":\"WebPage\",\"@id\":\"https:\\\/\\\/quehacerpolitico.mx\\\/?p=112808\",\"url\":\"https:\\\/\\\/quehacerpolitico.mx\\\/?p=112808\",\"name\":\"Ricardo Monreal, coordinador de los diputados de MORENA, inform\u00f3 que el dictamen para reducir a 40 las horas de trabajo, fue desechado -\",\"isPartOf\":{\"@id\":\"https:\\\/\\\/quehacerpolitico.mx\\\/#website\"},\"primaryImageOfPage\":{\"@id\":\"https:\\\/\\\/quehacerpolitico.mx\\\/?p=112808#primaryimage\"},\"image\":{\"@id\":\"https:\\\/\\\/quehacerpolitico.mx\\\/?p=112808#primaryimage\"},\"thumbnailUrl\":\"https:\\\/\\\/quehacerpolitico.mx\\\/wp-content\\\/uploads\\\/2024\\\/10\\\/IMG_8330.jpeg\",\"datePublished\":\"2024-10-03T05:45:14+00:00\",\"dateModified\":\"2024-10-03T05:45:16+00:00\",\"author\":{\"@id\":\"https:\\\/\\\/quehacerpolitico.mx\\\/#\\\/schema\\\/person\\\/496d8ad2d1d3f8036101dca7ee39e585\"},\"breadcrumb\":{\"@id\":\"https:\\\/\\\/quehacerpolitico.mx\\\/?p=112808#breadcrumb\"},\"inLanguage\":\"es\",\"potentialAction\":[{\"@type\":\"ReadAction\",\"target\":[\"https:\\\/\\\/quehacerpolitico.mx\\\/?p=112808\"]}]},{\"@type\":\"ImageObject\",\"inLanguage\":\"es\",\"@id\":\"https:\\\/\\\/quehacerpolitico.mx\\\/?p=112808#primaryimage\",\"url\":\"https:\\\/\\\/quehacerpolitico.mx\\\/wp-content\\\/uploads\\\/2024\\\/10\\\/IMG_8330.jpeg\",\"contentUrl\":\"https:\\\/\\\/quehacerpolitico.mx\\\/wp-content\\\/uploads\\\/2024\\\/10\\\/IMG_8330.jpeg\",\"width\":1284,\"height\":701,\"caption\":\"Screenshot\"},{\"@type\":\"BreadcrumbList\",\"@id\":\"https:\\\/\\\/quehacerpolitico.mx\\\/?p=112808#breadcrumb\",\"itemListElement\":[{\"@type\":\"ListItem\",\"position\":1,\"name\":\"Inicio\",\"item\":\"https:\\\/\\\/quehacerpolitico.mx\\\/\"},{\"@type\":\"ListItem\",\"position\":2,\"name\":\"Ricardo Monreal, coordinador de los diputados de MORENA, inform\u00f3 que el dictamen para reducir a 40 las horas de trabajo, fue desechado\"}]},{\"@type\":\"WebSite\",\"@id\":\"https:\\\/\\\/quehacerpolitico.mx\\\/#website\",\"url\":\"https:\\\/\\\/quehacerpolitico.mx\\\/\",\"name\":\"\",\"description\":\"\",\"potentialAction\":[{\"@type\":\"SearchAction\",\"target\":{\"@type\":\"EntryPoint\",\"urlTemplate\":\"https:\\\/\\\/quehacerpolitico.mx\\\/?s={search_term_string}\"},\"query-input\":{\"@type\":\"PropertyValueSpecification\",\"valueRequired\":true,\"valueName\":\"search_term_string\"}}],\"inLanguage\":\"es\"},{\"@type\":\"Person\",\"@id\":\"https:\\\/\\\/quehacerpolitico.mx\\\/#\\\/schema\\\/person\\\/496d8ad2d1d3f8036101dca7ee39e585\",\"name\":\"Redacci\u00f3n QP\",\"image\":{\"@type\":\"ImageObject\",\"inLanguage\":\"es\",\"@id\":\"https:\\\/\\\/secure.gravatar.com\\\/avatar\\\/c7164ed6fdec453195284ad24a5ae5b6e1eed2b848477fa2a4787ba9adf39a41?s=96&d=mm&r=g\",\"url\":\"https:\\\/\\\/secure.gravatar.com\\\/avatar\\\/c7164ed6fdec453195284ad24a5ae5b6e1eed2b848477fa2a4787ba9adf39a41?s=96&d=mm&r=g\",\"contentUrl\":\"https:\\\/\\\/secure.gravatar.com\\\/avatar\\\/c7164ed6fdec453195284ad24a5ae5b6e1eed2b848477fa2a4787ba9adf39a41?s=96&d=mm&r=g\",\"caption\":\"Redacci\u00f3n QP\"},\"url\":\"https:\\\/\\\/quehacerpolitico.mx\\\/?author=2\"}]}<\/script>\n<!-- \/ Yoast SEO plugin. -->","yoast_head_json":{"title":"Ricardo Monreal, coordinador de los diputados de MORENA, inform\u00f3 que el dictamen para reducir a 40 las horas de trabajo, fue desechado -","robots":{"index":"index","follow":"follow","max-snippet":"max-snippet:-1","max-image-preview":"max-image-preview:large","max-video-preview":"max-video-preview:-1"},"canonical":"https:\/\/quehacerpolitico.mx\/?p=112808","og_locale":"es_MX","og_type":"article","og_title":"Ricardo Monreal, coordinador de los diputados de MORENA, inform\u00f3 que el dictamen para reducir a 40 las horas de trabajo, fue desechado -","og_description":"Por Redacci\u00f3n QP Esta iniciativa hab\u00eda sido aprobado en comisiones hace 18 meses y estaba...","og_url":"https:\/\/quehacerpolitico.mx\/?p=112808","article_published_time":"2024-10-03T05:45:14+00:00","article_modified_time":"2024-10-03T05:45:16+00:00","og_image":[{"width":1284,"height":701,"url":"https:\/\/quehacerpolitico.mx\/wp-content\/uploads\/2024\/10\/IMG_8330.jpeg","type":"image\/jpeg"}],"author":"Redacci\u00f3n QP","twitter_card":"summary_large_image","twitter_misc":{"Escrito por":"Redacci\u00f3n QP","Tiempo de lectura":"2 minutos"},"schema":{"@context":"https:\/\/schema.org","@graph":[{"@type":"Article","@id":"https:\/\/quehacerpolitico.mx\/?p=112808#article","isPartOf":{"@id":"https:\/\/quehacerpolitico.mx\/?p=112808"},"author":{"name":"Redacci\u00f3n QP","@id":"https:\/\/quehacerpolitico.mx\/#\/schema\/person\/496d8ad2d1d3f8036101dca7ee39e585"},"headline":"Ricardo Monreal, coordinador de los diputados de MORENA, inform\u00f3 que el dictamen para reducir a 40 las horas de trabajo, fue desechado","datePublished":"2024-10-03T05:45:14+00:00","dateModified":"2024-10-03T05:45:16+00:00","mainEntityOfPage":{"@id":"https:\/\/quehacerpolitico.mx\/?p=112808"},"wordCount":467,"commentCount":0,"image":{"@id":"https:\/\/quehacerpolitico.mx\/?p=112808#primaryimage"},"thumbnailUrl":"https:\/\/quehacerpolitico.mx\/wp-content\/uploads\/2024\/10\/IMG_8330.jpeg","articleSection":["Noticias"],"inLanguage":"es","potentialAction":[{"@type":"CommentAction","name":"Comment","target":["https:\/\/quehacerpolitico.mx\/?p=112808#respond"]}]},{"@type":"WebPage","@id":"https:\/\/quehacerpolitico.mx\/?p=112808","url":"https:\/\/quehacerpolitico.mx\/?p=112808","name":"Ricardo Monreal, coordinador de los diputados de MORENA, inform\u00f3 que el dictamen para reducir a 40 las horas de trabajo, fue desechado -","isPartOf":{"@id":"https:\/\/quehacerpolitico.mx\/#website"},"primaryImageOfPage":{"@id":"https:\/\/quehacerpolitico.mx\/?p=112808#primaryimage"},"image":{"@id":"https:\/\/quehacerpolitico.mx\/?p=112808#primaryimage"},"thumbnailUrl":"https:\/\/quehacerpolitico.mx\/wp-content\/uploads\/2024\/10\/IMG_8330.jpeg","datePublished":"2024-10-03T05:45:14+00:00","dateModified":"2024-10-03T05:45:16+00:00","author":{"@id":"https:\/\/quehacerpolitico.mx\/#\/schema\/person\/496d8ad2d1d3f8036101dca7ee39e585"},"breadcrumb":{"@id":"https:\/\/quehacerpolitico.mx\/?p=112808#breadcrumb"},"inLanguage":"es","potentialAction":[{"@type":"ReadAction","target":["https:\/\/quehacerpolitico.mx\/?p=112808"]}]},{"@type":"ImageObject","inLanguage":"es","@id":"https:\/\/quehacerpolitico.mx\/?p=112808#primaryimage","url":"https:\/\/quehacerpolitico.mx\/wp-content\/uploads\/2024\/10\/IMG_8330.jpeg","contentUrl":"https:\/\/quehacerpolitico.mx\/wp-content\/uploads\/2024\/10\/IMG_8330.jpeg","width":1284,"height":701,"caption":"Screenshot"},{"@type":"BreadcrumbList","@id":"https:\/\/quehacerpolitico.mx\/?p=112808#breadcrumb","itemListElement":[{"@type":"ListItem","position":1,"name":"Inicio","item":"https:\/\/quehacerpolitico.mx\/"},{"@type":"ListItem","position":2,"name":"Ricardo Monreal, coordinador de los diputados de MORENA, inform\u00f3 que el dictamen para reducir a 40 las horas de trabajo, fue desechado"}]},{"@type":"WebSite","@id":"https:\/\/quehacerpolitico.mx\/#website","url":"https:\/\/quehacerpolitico.mx\/","name":"","description":"","potentialAction":[{"@type":"SearchAction","target":{"@type":"EntryPoint","urlTemplate":"https:\/\/quehacerpolitico.mx\/?s={search_term_string}"},"query-input":{"@type":"PropertyValueSpecification","valueRequired":true,"valueName":"search_term_string"}}],"inLanguage":"es"},{"@type":"Person","@id":"https:\/\/quehacerpolitico.mx\/#\/schema\/person\/496d8ad2d1d3f8036101dca7ee39e585","name":"Redacci\u00f3n QP","image":{"@type":"ImageObject","inLanguage":"es","@id":"https:\/\/secure.gravatar.com\/avatar\/c7164ed6fdec453195284ad24a5ae5b6e1eed2b848477fa2a4787ba9adf39a41?s=96&d=mm&r=g","url":"https:\/\/secure.gravatar.com\/avatar\/c7164ed6fdec453195284ad24a5ae5b6e1eed2b848477fa2a4787ba9adf39a41?s=96&d=mm&r=g","contentUrl":"https:\/\/secure.gravatar.com\/avatar\/c7164ed6fdec453195284ad24a5ae5b6e1eed2b848477fa2a4787ba9adf39a41?s=96&d=mm&r=g","caption":"Redacci\u00f3n QP"},"url":"https:\/\/quehacerpolitico.mx\/?author=2"}]}},"featured_image_urls":{"full":["https:\/\/quehacerpolitico.mx\/wp-content\/uploads\/2024\/10\/IMG_8330.jpeg",1284,701,false],"thumbnail":["https:\/\/quehacerpolitico.mx\/wp-content\/uploads\/2024\/10\/IMG_8330-150x150.jpeg",150,150,true],"medium":["https:\/\/quehacerpolitico.mx\/wp-content\/uploads\/2024\/10\/IMG_8330-300x164.jpeg",300,164,true],"medium_large":["https:\/\/quehacerpolitico.mx\/wp-content\/uploads\/2024\/10\/IMG_8330-768x419.jpeg",640,349,true],"large":["https:\/\/quehacerpolitico.mx\/wp-content\/uploads\/2024\/10\/IMG_8330-1024x559.jpeg",640,349,true],"1536x1536":["https:\/\/quehacerpolitico.mx\/wp-content\/uploads\/2024\/10\/IMG_8330.jpeg",1284,701,false],"2048x2048":["https:\/\/quehacerpolitico.mx\/wp-content\/uploads\/2024\/10\/IMG_8330.jpeg",1284,701,false],"covernews-featured":["https:\/\/quehacerpolitico.mx\/wp-content\/uploads\/2024\/10\/IMG_8330.jpeg",1024,559,false],"covernews-medium":["https:\/\/quehacerpolitico.mx\/wp-content\/uploads\/2024\/10\/IMG_8330.jpeg",540,295,false]},"author_info":{"display_name":"Redacci\u00f3n QP","author_link":"https:\/\/quehacerpolitico.mx\/?author=2"},"category_info":"<a href=\"https:\/\/quehacerpolitico.mx\/?cat=2\" rel=\"category\">Noticias<\/a>","tag_info":"Noticias","comment_count":"0","_links":{"self":[{"href":"https:\/\/quehacerpolitico.mx\/index.php?rest_route=\/wp\/v2\/posts\/112808","targetHints":{"allow":["GET"]}}],"collection":[{"href":"https:\/\/quehacerpolitico.mx\/index.php?rest_route=\/wp\/v2\/posts"}],"about":[{"href":"https:\/\/quehacerpolitico.mx\/index.php?rest_route=\/wp\/v2\/types\/post"}],"author":[{"embeddable":true,"href":"https:\/\/quehacerpolitico.mx\/index.php?rest_route=\/wp\/v2\/users\/2"}],"replies":[{"embeddable":true,"href":"https:\/\/quehacerpolitico.mx\/index.php?rest_route=%2Fwp%2Fv2%2Fcomments&post=112808"}],"version-history":[{"count":1,"href":"https:\/\/quehacerpolitico.mx\/index.php?rest_route=\/wp\/v2\/posts\/112808\/revisions"}],"predecessor-version":[{"id":112810,"href":"https:\/\/quehacerpolitico.mx\/index.php?rest_route=\/wp\/v2\/posts\/112808\/revisions\/112810"}],"wp:featuredmedia":[{"embeddable":true,"href":"https:\/\/quehacerpolitico.mx\/index.php?rest_route=\/wp\/v2\/media\/112809"}],"wp:attachment":[{"href":"https:\/\/quehacerpolitico.mx\/index.php?rest_route=%2Fwp%2Fv2%2Fmedia&parent=112808"}],"wp:term":[{"taxonomy":"category","embeddable":true,"href":"https:\/\/quehacerpolitico.mx\/index.php?rest_route=%2Fwp%2Fv2%2Fcategories&post=112808"},{"taxonomy":"post_tag","embeddable":true,"href":"https:\/\/quehacerpolitico.mx\/index.php?rest_route=%2Fwp%2Fv2%2Ftags&post=112808"}],"curies":[{"name":"wp","href":"https:\/\/api.w.org\/{rel}","templated":true}]}}