{"id":11280,"date":"2018-12-08T23:37:50","date_gmt":"2018-12-08T23:37:50","guid":{"rendered":"http:\/\/quehacerpolitico.mx\/espera-en-urgencias-del-imss-58-7-minutos-en-privado-12-7-la-salud-publica-esta-enferma-coneval\/"},"modified":"2018-12-08T23:37:50","modified_gmt":"2018-12-08T23:37:50","slug":"espera-en-urgencias-del-imss-58-7-minutos-en-privado-12-7-la-salud-publica-esta-enferma-coneval","status":"publish","type":"post","link":"https:\/\/quehacerpolitico.mx\/?p=11280","title":{"rendered":"Espera en urgencias del IMSS, 58.7 minutos; en privado, 12.7. La salud p\u00fablica est\u00e1 enferma: Coneval"},"content":{"rendered":"<h1>Espera en urgencias del IMSS, 58.7 minutos; en privado, 12.7. La salud p\u00fablica est\u00e1 enferma: Coneval<\/h1>\n<p>Por Redacci\u00f3n QP<\/p>\n<p>El<strong> sistema de salud p\u00fablico en M\u00e9xico<\/strong> sigue registrando problemas de cobertura y calidad, por lo que<strong> 19.1 millones de personas presentan carencias<\/strong> por falta de acceso a estos servicios, destinando hasta el <strong>40 por ciento de sus ingresos<\/strong> en adquirir <strong>medicamentos<\/strong> no disponibles o acudir a <strong>hospitales particulares<\/strong>, destac\u00f3 el <strong>Consejo Nacional de Evaluaci\u00f3n de la Pol\u00edtica de Desarrollo Social (Coneval).<\/strong><\/p>\n<p>En su estudio <strong>\u201cDiagn\u00f3stico del derecho a la salud 2018\u201d<\/strong>, el Coneval tambi\u00e9n mencion\u00f3 que los servicios a cargo de los gobiernos estatales y del <strong>Instituto Mexicano del Seguro Social<\/strong> (IMSS) son los que presentan los mayores tiempos reportados para brindar el servicio en las salas de urgencias (56.7 y 51 minutos, respectivamente), mientras que las personas que acuden a las <strong>instituciones privadas<\/strong>\u00a0tardan (12.7 minutos), las que van a instituciones de universidades (13.2 minutos) y de las <strong>Fuerzas Armadas<\/strong> (13.8 minutos).<\/p>\n<p>El Coneval record\u00f3 que M\u00e9xico ocupa el tercer lugar entre los pa\u00edses de la<strong> Organizaci\u00f3n para la Cooperaci\u00f3n y el Desarrollo Econ\u00f3micos<\/strong>(OCDE) con menor <strong>asignaci\u00f3n de recursos para la salud<\/strong>: 5.8 por ciento del Producto Interno Bruto en 2016, contra 9 por ciento como promedio de los pa\u00edses miembros de este organismo.<\/p>\n<blockquote>\n<p>De acuerdo con el organismo encargado de medir la pobreza en M\u00e9xico, en 2018 el 30.9 por ciento del total de las localidades del pa\u00eds (en las que se concentran 3 millones 137 mil 271 personas) se encuentran en condiciones de aislamiento, por lo que se cuenta con un acceso limitado a servicios de salud.<\/p>\n<\/blockquote>\n<div id=\"attachment_3508000\" class=\"wp-caption alignnone\"><img loading=\"lazy\" decoding=\"async\" class=\"size-full wp-image-3508000\" src=\"https:\/\/www.sinembargo.mx\/wp-content\/uploads\/2018\/12\/imss_malas_condiciones_-4.jpg\" sizes=\"auto, (max-width: 700px) 100vw, 700px\" srcset=\"https:\/\/www.sinembargo.mx\/wp-content\/uploads\/2018\/12\/imss_malas_condiciones_-4.jpg 700w, https:\/\/www.sinembargo.mx\/wp-content\/uploads\/2018\/12\/imss_malas_condiciones_-4-300x200.jpg 300w\" alt=\"\" width=\"700\" height=\"466\" \/><\/p>\n<p class=\"wp-caption-text\">En 2017, las entidades con los mayor tiempo de espera promedio en urgencias fueron Aguascalientes, Estado de M\u00e9xico, Hidalgo, Tlaxcala y Baja California Sur. Foto: Cuartoscuro.<\/p>\n<\/div>\n<p>Otros datos del estudio arrojaron que en 2016 el menor tiempo de traslado promedio al sitio donde reciben atenci\u00f3n m\u00e9dica lo registraron las personas que acudieron a consultorios adyacentes a <strong>farmacias<\/strong> (22.8 minutos), seguido de los <strong>centros de salud<\/strong> con 28.8 minutos y, finalmente, los usuarios de hospitales e institutos con 53.4 minutos en promedio.<\/p>\n<p>El jueves pasado, el <strong>Presidente Andr\u00e9s Manuel L\u00f3pez Obrador<\/strong> asegur\u00f3 que el sistema de salud en M\u00e9xico \u201cest\u00e1 peor que el sistema educativo\u201d y detall\u00f3 q que uno de los principales problemas que afectan a la salud es la fragmentado en el IMSS, el ISSSTE, la Secretar\u00eda de Salud federal y las secretar\u00edas estatales, lo que provoca que existan carencias en el servicio.<\/p>\n<blockquote>\n<p>\u201cEl sistema es deficiente: no hay medicinas ni buena atenci\u00f3n m\u00e9dica\u201d, asegur\u00f3 en su conferencia matutina.<\/p>\n<\/blockquote>\n<p>El Coneval coincidi\u00f3 con el Presidente y en su estudio se\u00f1al\u00f3 que \u201cel sistema de salud se encuentra fragmentado, ya que existen diferentes esquemas de aseguramiento que cuentan con su propia estructura de gobierno, y sus afiliados solo tienen acceso a trav\u00e9s de redes independientes de prestadores de servicios que son financiados a trav\u00e9s de esquemas distintos, resultando en una coordinaci\u00f3n limitada para recaudar ingresos adicionales y que garantice la asignaci\u00f3n equitativa entre las distintas instituciones\u201d.<\/p>\n<p>En el informe refiri\u00f3 que el total del gasto en salud registrado en 2016, 41.4 por ciento correspondi\u00f3 a erogaciones directas de las familias mediante gasto de bolsillo y 6.5 por ciento a trav\u00e9s de aseguramiento privado, es decir, la carga financiera se concentra en los hogares, a trav\u00e9s del gasto privado que, para este mismo a\u00f1o, fue el segundo m\u00e1s alto entre los pa\u00edses de la OCDE, s\u00f3lo por debajo del de los Estados Unidos.<\/p>\n<p>\u201cEsto revela la limitada capacidad de respuesta del sistema de salud para proporcionar cobertura efectiva en t\u00e9rminos de financiamiento. Este fen\u00f3meno es fuente de desigualdad en el acceso a la atenci\u00f3n de la salud, ya que excluye a la poblaci\u00f3n m\u00e1s pobre por falta de capacidad de pago\u201d, indic\u00f3 el documento.<\/p>\n<p><strong>MALA CALIDAD DE SERVICIOS<\/strong><\/p>\n<p>En cuanto a la calidad de los servicios, que se mide a trav\u00e9s de indicadores de seguridad, efectividad y centralidad de la atenci\u00f3n en las necesidades de las personas, se observ\u00f3 que para 2017, las entidades con los mayor tiempo de espera promedio en urgencias reportados fueron Aguascalientes (51.3 minutos), Estado de M\u00e9xico (46.9 minutos), Hidalgo (45.7 minutos), Tlaxcala (42.1 minutos) y Baja California Sur (40.7 minutos), persistiendo tambi\u00e9n diferencias en este indicador entre instituciones.<\/p>\n<blockquote>\n<p>El Coneval recomend\u00f3 avanzar en la integraci\u00f3n del sistema p\u00fablico de salud, mejorar la calidad y eficiencia del gasto en salud, aumentar la infraestructura y promover la planeaci\u00f3n de pol\u00edticas p\u00fablicas enfocadas en la prevenci\u00f3n y promoci\u00f3n de la salud con atenci\u00f3n especial a las necesidades de grupos sociales en desventaja, as\u00ed como de regiones prioritarias.<\/p>\n<\/blockquote>\n","protected":false},"excerpt":{"rendered":"<p>Espera en urgencias del IMSS, 58.7 minutos; en privado, 12.7. La salud p\u00fablica est\u00e1 enferma: Coneval<br \/>\nPor Redacci\u00f3n QP<\/p>\n","protected":false},"author":2,"featured_media":11279,"comment_status":"open","ping_status":"open","sticky":false,"template":"","format":"standard","meta":{"_monsterinsights_skip_tracking":false,"_monsterinsights_sitenote_active":false,"_monsterinsights_sitenote_note":"","_monsterinsights_sitenote_category":0,"footnotes":""},"categories":[2],"tags":[],"class_list":["post-11280","post","type-post","status-publish","format-standard","has-post-thumbnail","hentry","category-noticias"],"yoast_head":"<!-- This site is optimized with the Yoast SEO plugin v27.3 - https:\/\/yoast.com\/product\/yoast-seo-wordpress\/ -->\n<title>Espera en urgencias del IMSS, 58.7 minutos; en privado, 12.7. La salud p\u00fablica est\u00e1 enferma: Coneval -<\/title>\n<meta name=\"robots\" content=\"index, follow, max-snippet:-1, max-image-preview:large, max-video-preview:-1\" \/>\n<link rel=\"canonical\" href=\"https:\/\/quehacerpolitico.mx\/?p=11280\" \/>\n<meta property=\"og:locale\" content=\"es_MX\" \/>\n<meta property=\"og:type\" content=\"article\" \/>\n<meta property=\"og:title\" content=\"Espera en urgencias del IMSS, 58.7 minutos; en privado, 12.7. La salud p\u00fablica est\u00e1 enferma: Coneval -\" \/>\n<meta property=\"og:description\" content=\"Espera en urgencias del IMSS, 58.7 minutos; en privado, 12.7. La salud p\u00fablica est\u00e1 enferma: Coneval Por Redacci\u00f3n QP\" \/>\n<meta property=\"og:url\" content=\"https:\/\/quehacerpolitico.mx\/?p=11280\" \/>\n<meta property=\"article:published_time\" content=\"2018-12-08T23:37:50+00:00\" \/>\n<meta name=\"author\" content=\"Redacci\u00f3n QP\" \/>\n<meta name=\"twitter:card\" content=\"summary_large_image\" \/>\n<meta name=\"twitter:label1\" content=\"Escrito por\" \/>\n\t<meta name=\"twitter:data1\" content=\"Redacci\u00f3n QP\" \/>\n\t<meta name=\"twitter:label2\" content=\"Tiempo de lectura\" \/>\n\t<meta name=\"twitter:data2\" content=\"4 minutos\" \/>\n<script type=\"application\/ld+json\" class=\"yoast-schema-graph\">{\"@context\":\"https:\\\/\\\/schema.org\",\"@graph\":[{\"@type\":\"Article\",\"@id\":\"https:\\\/\\\/quehacerpolitico.mx\\\/?p=11280#article\",\"isPartOf\":{\"@id\":\"https:\\\/\\\/quehacerpolitico.mx\\\/?p=11280\"},\"author\":{\"name\":\"Redacci\u00f3n QP\",\"@id\":\"https:\\\/\\\/quehacerpolitico.mx\\\/#\\\/schema\\\/person\\\/496d8ad2d1d3f8036101dca7ee39e585\"},\"headline\":\"Espera en urgencias del IMSS, 58.7 minutos; en privado, 12.7. La salud p\u00fablica est\u00e1 enferma: Coneval\",\"datePublished\":\"2018-12-08T23:37:50+00:00\",\"mainEntityOfPage\":{\"@id\":\"https:\\\/\\\/quehacerpolitico.mx\\\/?p=11280\"},\"wordCount\":807,\"commentCount\":0,\"image\":{\"@id\":\"https:\\\/\\\/quehacerpolitico.mx\\\/?p=11280#primaryimage\"},\"thumbnailUrl\":\"\",\"articleSection\":[\"Noticias\"],\"inLanguage\":\"es\",\"potentialAction\":[{\"@type\":\"CommentAction\",\"name\":\"Comment\",\"target\":[\"https:\\\/\\\/quehacerpolitico.mx\\\/?p=11280#respond\"]}]},{\"@type\":\"WebPage\",\"@id\":\"https:\\\/\\\/quehacerpolitico.mx\\\/?p=11280\",\"url\":\"https:\\\/\\\/quehacerpolitico.mx\\\/?p=11280\",\"name\":\"Espera en urgencias del IMSS, 58.7 minutos; en privado, 12.7. La salud p\u00fablica est\u00e1 enferma: Coneval -\",\"isPartOf\":{\"@id\":\"https:\\\/\\\/quehacerpolitico.mx\\\/#website\"},\"primaryImageOfPage\":{\"@id\":\"https:\\\/\\\/quehacerpolitico.mx\\\/?p=11280#primaryimage\"},\"image\":{\"@id\":\"https:\\\/\\\/quehacerpolitico.mx\\\/?p=11280#primaryimage\"},\"thumbnailUrl\":\"\",\"datePublished\":\"2018-12-08T23:37:50+00:00\",\"author\":{\"@id\":\"https:\\\/\\\/quehacerpolitico.mx\\\/#\\\/schema\\\/person\\\/496d8ad2d1d3f8036101dca7ee39e585\"},\"breadcrumb\":{\"@id\":\"https:\\\/\\\/quehacerpolitico.mx\\\/?p=11280#breadcrumb\"},\"inLanguage\":\"es\",\"potentialAction\":[{\"@type\":\"ReadAction\",\"target\":[\"https:\\\/\\\/quehacerpolitico.mx\\\/?p=11280\"]}]},{\"@type\":\"ImageObject\",\"inLanguage\":\"es\",\"@id\":\"https:\\\/\\\/quehacerpolitico.mx\\\/?p=11280#primaryimage\",\"url\":\"\",\"contentUrl\":\"\"},{\"@type\":\"BreadcrumbList\",\"@id\":\"https:\\\/\\\/quehacerpolitico.mx\\\/?p=11280#breadcrumb\",\"itemListElement\":[{\"@type\":\"ListItem\",\"position\":1,\"name\":\"Inicio\",\"item\":\"https:\\\/\\\/quehacerpolitico.mx\\\/\"},{\"@type\":\"ListItem\",\"position\":2,\"name\":\"Espera en urgencias del IMSS, 58.7 minutos; en privado, 12.7. La salud p\u00fablica est\u00e1 enferma: Coneval\"}]},{\"@type\":\"WebSite\",\"@id\":\"https:\\\/\\\/quehacerpolitico.mx\\\/#website\",\"url\":\"https:\\\/\\\/quehacerpolitico.mx\\\/\",\"name\":\"\",\"description\":\"\",\"potentialAction\":[{\"@type\":\"SearchAction\",\"target\":{\"@type\":\"EntryPoint\",\"urlTemplate\":\"https:\\\/\\\/quehacerpolitico.mx\\\/?s={search_term_string}\"},\"query-input\":{\"@type\":\"PropertyValueSpecification\",\"valueRequired\":true,\"valueName\":\"search_term_string\"}}],\"inLanguage\":\"es\"},{\"@type\":\"Person\",\"@id\":\"https:\\\/\\\/quehacerpolitico.mx\\\/#\\\/schema\\\/person\\\/496d8ad2d1d3f8036101dca7ee39e585\",\"name\":\"Redacci\u00f3n QP\",\"image\":{\"@type\":\"ImageObject\",\"inLanguage\":\"es\",\"@id\":\"https:\\\/\\\/secure.gravatar.com\\\/avatar\\\/c7164ed6fdec453195284ad24a5ae5b6e1eed2b848477fa2a4787ba9adf39a41?s=96&d=mm&r=g\",\"url\":\"https:\\\/\\\/secure.gravatar.com\\\/avatar\\\/c7164ed6fdec453195284ad24a5ae5b6e1eed2b848477fa2a4787ba9adf39a41?s=96&d=mm&r=g\",\"contentUrl\":\"https:\\\/\\\/secure.gravatar.com\\\/avatar\\\/c7164ed6fdec453195284ad24a5ae5b6e1eed2b848477fa2a4787ba9adf39a41?s=96&d=mm&r=g\",\"caption\":\"Redacci\u00f3n QP\"},\"url\":\"https:\\\/\\\/quehacerpolitico.mx\\\/?author=2\"}]}<\/script>\n<!-- \/ Yoast SEO plugin. -->","yoast_head_json":{"title":"Espera en urgencias del IMSS, 58.7 minutos; en privado, 12.7. La salud p\u00fablica est\u00e1 enferma: Coneval -","robots":{"index":"index","follow":"follow","max-snippet":"max-snippet:-1","max-image-preview":"max-image-preview:large","max-video-preview":"max-video-preview:-1"},"canonical":"https:\/\/quehacerpolitico.mx\/?p=11280","og_locale":"es_MX","og_type":"article","og_title":"Espera en urgencias del IMSS, 58.7 minutos; en privado, 12.7. La salud p\u00fablica est\u00e1 enferma: Coneval -","og_description":"Espera en urgencias del IMSS, 58.7 minutos; en privado, 12.7. La salud p\u00fablica est\u00e1 enferma: Coneval Por Redacci\u00f3n QP","og_url":"https:\/\/quehacerpolitico.mx\/?p=11280","article_published_time":"2018-12-08T23:37:50+00:00","author":"Redacci\u00f3n QP","twitter_card":"summary_large_image","twitter_misc":{"Escrito por":"Redacci\u00f3n QP","Tiempo de lectura":"4 minutos"},"schema":{"@context":"https:\/\/schema.org","@graph":[{"@type":"Article","@id":"https:\/\/quehacerpolitico.mx\/?p=11280#article","isPartOf":{"@id":"https:\/\/quehacerpolitico.mx\/?p=11280"},"author":{"name":"Redacci\u00f3n QP","@id":"https:\/\/quehacerpolitico.mx\/#\/schema\/person\/496d8ad2d1d3f8036101dca7ee39e585"},"headline":"Espera en urgencias del IMSS, 58.7 minutos; en privado, 12.7. La salud p\u00fablica est\u00e1 enferma: Coneval","datePublished":"2018-12-08T23:37:50+00:00","mainEntityOfPage":{"@id":"https:\/\/quehacerpolitico.mx\/?p=11280"},"wordCount":807,"commentCount":0,"image":{"@id":"https:\/\/quehacerpolitico.mx\/?p=11280#primaryimage"},"thumbnailUrl":"","articleSection":["Noticias"],"inLanguage":"es","potentialAction":[{"@type":"CommentAction","name":"Comment","target":["https:\/\/quehacerpolitico.mx\/?p=11280#respond"]}]},{"@type":"WebPage","@id":"https:\/\/quehacerpolitico.mx\/?p=11280","url":"https:\/\/quehacerpolitico.mx\/?p=11280","name":"Espera en urgencias del IMSS, 58.7 minutos; en privado, 12.7. La salud p\u00fablica est\u00e1 enferma: Coneval -","isPartOf":{"@id":"https:\/\/quehacerpolitico.mx\/#website"},"primaryImageOfPage":{"@id":"https:\/\/quehacerpolitico.mx\/?p=11280#primaryimage"},"image":{"@id":"https:\/\/quehacerpolitico.mx\/?p=11280#primaryimage"},"thumbnailUrl":"","datePublished":"2018-12-08T23:37:50+00:00","author":{"@id":"https:\/\/quehacerpolitico.mx\/#\/schema\/person\/496d8ad2d1d3f8036101dca7ee39e585"},"breadcrumb":{"@id":"https:\/\/quehacerpolitico.mx\/?p=11280#breadcrumb"},"inLanguage":"es","potentialAction":[{"@type":"ReadAction","target":["https:\/\/quehacerpolitico.mx\/?p=11280"]}]},{"@type":"ImageObject","inLanguage":"es","@id":"https:\/\/quehacerpolitico.mx\/?p=11280#primaryimage","url":"","contentUrl":""},{"@type":"BreadcrumbList","@id":"https:\/\/quehacerpolitico.mx\/?p=11280#breadcrumb","itemListElement":[{"@type":"ListItem","position":1,"name":"Inicio","item":"https:\/\/quehacerpolitico.mx\/"},{"@type":"ListItem","position":2,"name":"Espera en urgencias del IMSS, 58.7 minutos; en privado, 12.7. La salud p\u00fablica est\u00e1 enferma: Coneval"}]},{"@type":"WebSite","@id":"https:\/\/quehacerpolitico.mx\/#website","url":"https:\/\/quehacerpolitico.mx\/","name":"","description":"","potentialAction":[{"@type":"SearchAction","target":{"@type":"EntryPoint","urlTemplate":"https:\/\/quehacerpolitico.mx\/?s={search_term_string}"},"query-input":{"@type":"PropertyValueSpecification","valueRequired":true,"valueName":"search_term_string"}}],"inLanguage":"es"},{"@type":"Person","@id":"https:\/\/quehacerpolitico.mx\/#\/schema\/person\/496d8ad2d1d3f8036101dca7ee39e585","name":"Redacci\u00f3n QP","image":{"@type":"ImageObject","inLanguage":"es","@id":"https:\/\/secure.gravatar.com\/avatar\/c7164ed6fdec453195284ad24a5ae5b6e1eed2b848477fa2a4787ba9adf39a41?s=96&d=mm&r=g","url":"https:\/\/secure.gravatar.com\/avatar\/c7164ed6fdec453195284ad24a5ae5b6e1eed2b848477fa2a4787ba9adf39a41?s=96&d=mm&r=g","contentUrl":"https:\/\/secure.gravatar.com\/avatar\/c7164ed6fdec453195284ad24a5ae5b6e1eed2b848477fa2a4787ba9adf39a41?s=96&d=mm&r=g","caption":"Redacci\u00f3n QP"},"url":"https:\/\/quehacerpolitico.mx\/?author=2"}]}},"featured_image_urls":{"full":"","thumbnail":"","medium":"","medium_large":"","large":"","1536x1536":"","2048x2048":"","covernews-featured":"","covernews-medium":""},"author_info":{"display_name":"Redacci\u00f3n QP","author_link":"https:\/\/quehacerpolitico.mx\/?author=2"},"category_info":"<a href=\"https:\/\/quehacerpolitico.mx\/?cat=2\" rel=\"category\">Noticias<\/a>","tag_info":"Noticias","comment_count":"0","_links":{"self":[{"href":"https:\/\/quehacerpolitico.mx\/index.php?rest_route=\/wp\/v2\/posts\/11280","targetHints":{"allow":["GET"]}}],"collection":[{"href":"https:\/\/quehacerpolitico.mx\/index.php?rest_route=\/wp\/v2\/posts"}],"about":[{"href":"https:\/\/quehacerpolitico.mx\/index.php?rest_route=\/wp\/v2\/types\/post"}],"author":[{"embeddable":true,"href":"https:\/\/quehacerpolitico.mx\/index.php?rest_route=\/wp\/v2\/users\/2"}],"replies":[{"embeddable":true,"href":"https:\/\/quehacerpolitico.mx\/index.php?rest_route=%2Fwp%2Fv2%2Fcomments&post=11280"}],"version-history":[{"count":0,"href":"https:\/\/quehacerpolitico.mx\/index.php?rest_route=\/wp\/v2\/posts\/11280\/revisions"}],"wp:featuredmedia":[{"embeddable":true,"href":"https:\/\/quehacerpolitico.mx\/index.php?rest_route=\/"}],"wp:attachment":[{"href":"https:\/\/quehacerpolitico.mx\/index.php?rest_route=%2Fwp%2Fv2%2Fmedia&parent=11280"}],"wp:term":[{"taxonomy":"category","embeddable":true,"href":"https:\/\/quehacerpolitico.mx\/index.php?rest_route=%2Fwp%2Fv2%2Fcategories&post=11280"},{"taxonomy":"post_tag","embeddable":true,"href":"https:\/\/quehacerpolitico.mx\/index.php?rest_route=%2Fwp%2Fv2%2Ftags&post=11280"}],"curies":[{"name":"wp","href":"https:\/\/api.w.org\/{rel}","templated":true}]}}