{"id":112772,"date":"2024-10-01T05:03:15","date_gmt":"2024-10-01T05:03:15","guid":{"rendered":"https:\/\/quehacerpolitico.mx\/?p=112772"},"modified":"2024-10-01T05:03:18","modified_gmt":"2024-10-01T05:03:18","slug":"la-presidenta-electa-claudia-sheinbaum-ofrecio-una-cena-a-mandatarios-que-la-acompanaran-manana-en-su-toma-de-protesta","status":"publish","type":"post","link":"https:\/\/quehacerpolitico.mx\/?p=112772","title":{"rendered":"La presidenta electa Claudia Sheinbaum ofreci\u00f3 una cena a mandatarios que la acompa\u00f1ar\u00e1n ma\u00f1ana en su toma de protesta"},"content":{"rendered":"\n<p>Por Redacci\u00f3n QP<\/p>\n\n\n\n<p>La cita fue en el Museo de la Ciudad de M\u00e9xico, ubicado en la calle Jos\u00e9 Mar\u00eda Pino Su\u00e1rez, a tres cuadras del Z\u00f3calo capitalino<\/p>\n\n\n\n<p>La noche de este lunes,&nbsp;<strong>Claudia Sheinbaum<\/strong>, presidenta electa, ofreci\u00f3 una&nbsp;<strong>cena<\/strong>&nbsp;para los representantes de los&nbsp;<strong>gobiernos<\/strong><strong>extranjeros<\/strong>&nbsp;que asistir\u00e1n ma\u00f1ana a su toma de posesi\u00f3n.<\/p>\n\n\n\n<p>La cita fue en el&nbsp;<strong>Museo de la Ciudad de M\u00e9xico<\/strong>, ubicado en la calle Jos\u00e9 Mar\u00eda Pino Su\u00e1rez, a tres cuadras del&nbsp;<strong>Z\u00f3calo<\/strong>&nbsp;capitalino.<\/p>\n\n\n\n<p>Sheinbaum lleg\u00f3 minutos despu\u00e9s de las 6:00 de la tarde, en momentos que los que llov\u00eda. Vest\u00eda un&nbsp;<strong>vestido<\/strong>&nbsp;<strong>negro<\/strong>&nbsp;con un bordado dorado en el frente.<\/p>\n\n\n\n<figure class=\"wp-block-embed is-type-rich is-provider-twitter wp-block-embed-twitter\"><div class=\"wp-block-embed__wrapper\">\n<blockquote class=\"twitter-tweet\" data-width=\"550\" data-dnt=\"true\"><p lang=\"es\" dir=\"ltr\">Llega <a href=\"https:\/\/twitter.com\/Claudiashein?ref_src=twsrc%5Etfw\">@Claudiashein<\/a> al Museo de la Ciudad de M\u00e9xico<br><br>Cenar\u00e1 con Jefes de Estado que estar\u00e1n ma\u00f1ana en su investidura<a href=\"https:\/\/t.co\/lfLcQXCNzh\">pic.twitter.com\/lfLcQXCNzh<\/a><\/p>&mdash; Manuel Lopez San Martin (@MLopezSanMartin) <a href=\"https:\/\/twitter.com\/MLopezSanMartin\/status\/1840914559650959523?ref_src=twsrc%5Etfw\">October 1, 2024<\/a><\/blockquote><script async src=\"https:\/\/platform.twitter.com\/widgets.js\" charset=\"utf-8\"><\/script>\n<\/div><\/figure>\n\n\n\n<p>La presidenta electa salud\u00f3 a la gente congregada detr\u00e1s de&nbsp;<strong>vallas<\/strong>&nbsp;<strong>met\u00e1licas<\/strong>&nbsp;que delimitaban su paso.<\/p>\n\n\n\n<p>Los mandatarios comenzaron a llegar una hora despu\u00e9s en medio de un dispositivo de&nbsp;<strong>seguridad<\/strong>&nbsp;en el que participaron elementos de la&nbsp;<strong>Secretar\u00eda de Seguridad Ciudadana<\/strong>(SSC) de la ciudad, integrantes de las&nbsp;<strong>Fuerzas<\/strong>&nbsp;<strong>Armadas<\/strong>&nbsp;y elementos de protecci\u00f3n de los propios invitados.<\/p>\n\n\n\n<p>Resalt\u00f3 la llegada de los presidentes de&nbsp;<strong>Cuba<\/strong>, Miguel D\u00edaz-Canel; de&nbsp;<strong>Brasil<\/strong>, Luiz In\u00e1cio Lula da Silva; de&nbsp;<strong>Chile<\/strong>, Gabriel Boric; de&nbsp;<strong>Honduras<\/strong>, Xiomara Castro; y Gustavo Petro, de&nbsp;<strong>Colombia<\/strong>, quien fue el primero en retirarse poco antes de las 8:30 de la noche.<\/p>\n\n\n\n<p>Otra personalidad que llam\u00f3 la atenci\u00f3n fue&nbsp;<strong>Jill<\/strong>&nbsp;<strong>Biden<\/strong>, primera dama de los&nbsp;<strong>Estados<\/strong><strong>Unidos<\/strong>, designada por el presidente&nbsp;<strong>Joe<\/strong><strong>Biden<\/strong>&nbsp;para encabezar la delegaci\u00f3n de su pa\u00eds que asistir\u00e1 a la toma de posesi\u00f3n de la primera presidenta de M\u00e9xico.<\/p>\n\n\n\n<figure class=\"wp-block-embed is-type-rich is-provider-twitter wp-block-embed-twitter\"><div class=\"wp-block-embed__wrapper\">\n<blockquote class=\"twitter-tweet\" data-width=\"550\" data-dnt=\"true\"><p lang=\"es\" dir=\"ltr\">Jill Biden llega a la cena de jefes de Estado con <a href=\"https:\/\/twitter.com\/Claudiashein?ref_src=twsrc%5Etfw\">@Claudiashein<\/a> <br><br>La primera dama de EU participar\u00e1 en representaci\u00f3n de su esposo, Joe Biden, en la investidura de ma\u00f1ana<a href=\"https:\/\/t.co\/xx90KvAYY5\">pic.twitter.com\/xx90KvAYY5<\/a><\/p>&mdash; Manuel Lopez San Martin (@MLopezSanMartin) <a href=\"https:\/\/twitter.com\/MLopezSanMartin\/status\/1840934743115735053?ref_src=twsrc%5Etfw\">October 1, 2024<\/a><\/blockquote><script async src=\"https:\/\/platform.twitter.com\/widgets.js\" charset=\"utf-8\"><\/script>\n<\/div><\/figure>\n\n\n\n<p>Los invitados comenzaron a salir una hora despu\u00e9s para ser llevados a los\u00a0<strong>hoteles<\/strong> donde fueron hospedados, especialmente en la zona de\u00a0<strong>Polanco<\/strong>, una de las m\u00e1s exclusivas de la capital del pa\u00eds.\u00a0<\/p>\n\n\n\n<p>Este fue el primer acto de tipo diplom\u00e1tico de\u00a0<strong>Claudia<\/strong>\u00a0<strong>Sheinbaum<\/strong>, todav\u00eda en su calidad de presidenta electa.<\/p>\n","protected":false},"excerpt":{"rendered":"<p>Por Redacci\u00f3n QP La cita fue en el Museo de la Ciudad de M\u00e9xico, ubicado&#8230;<\/p>\n","protected":false},"author":2,"featured_media":112773,"comment_status":"open","ping_status":"open","sticky":false,"template":"","format":"standard","meta":{"_monsterinsights_skip_tracking":false,"_monsterinsights_sitenote_active":false,"_monsterinsights_sitenote_note":"","_monsterinsights_sitenote_category":0,"footnotes":""},"categories":[2],"tags":[],"class_list":["post-112772","post","type-post","status-publish","format-standard","has-post-thumbnail","hentry","category-noticias"],"yoast_head":"<!-- This site is optimized with the Yoast SEO plugin v27.3 - https:\/\/yoast.com\/product\/yoast-seo-wordpress\/ -->\n<title>La presidenta electa Claudia Sheinbaum ofreci\u00f3 una cena a mandatarios que la acompa\u00f1ar\u00e1n ma\u00f1ana en su toma de protesta -<\/title>\n<meta name=\"robots\" content=\"index, follow, max-snippet:-1, max-image-preview:large, max-video-preview:-1\" \/>\n<link rel=\"canonical\" href=\"https:\/\/quehacerpolitico.mx\/?p=112772\" \/>\n<meta property=\"og:locale\" content=\"es_MX\" \/>\n<meta property=\"og:type\" content=\"article\" \/>\n<meta property=\"og:title\" content=\"La presidenta electa Claudia Sheinbaum ofreci\u00f3 una cena a mandatarios que la acompa\u00f1ar\u00e1n ma\u00f1ana en su toma de protesta -\" \/>\n<meta property=\"og:description\" content=\"Por Redacci\u00f3n QP La cita fue en el Museo de la Ciudad de M\u00e9xico, ubicado...\" \/>\n<meta property=\"og:url\" content=\"https:\/\/quehacerpolitico.mx\/?p=112772\" \/>\n<meta property=\"article:published_time\" content=\"2024-10-01T05:03:15+00:00\" \/>\n<meta property=\"article:modified_time\" content=\"2024-10-01T05:03:18+00:00\" \/>\n<meta property=\"og:image\" content=\"https:\/\/quehacerpolitico.mx\/wp-content\/uploads\/2024\/10\/IMG_8260.jpeg\" \/>\n\t<meta property=\"og:image:width\" content=\"1284\" \/>\n\t<meta property=\"og:image:height\" content=\"710\" \/>\n\t<meta property=\"og:image:type\" content=\"image\/jpeg\" \/>\n<meta name=\"author\" content=\"Redacci\u00f3n QP\" \/>\n<meta name=\"twitter:card\" content=\"summary_large_image\" \/>\n<meta name=\"twitter:label1\" content=\"Escrito por\" \/>\n\t<meta name=\"twitter:data1\" content=\"Redacci\u00f3n QP\" \/>\n\t<meta name=\"twitter:label2\" content=\"Tiempo de lectura\" \/>\n\t<meta name=\"twitter:data2\" content=\"2 minutos\" \/>\n<script type=\"application\/ld+json\" class=\"yoast-schema-graph\">{\"@context\":\"https:\\\/\\\/schema.org\",\"@graph\":[{\"@type\":\"Article\",\"@id\":\"https:\\\/\\\/quehacerpolitico.mx\\\/?p=112772#article\",\"isPartOf\":{\"@id\":\"https:\\\/\\\/quehacerpolitico.mx\\\/?p=112772\"},\"author\":{\"name\":\"Redacci\u00f3n QP\",\"@id\":\"https:\\\/\\\/quehacerpolitico.mx\\\/#\\\/schema\\\/person\\\/496d8ad2d1d3f8036101dca7ee39e585\"},\"headline\":\"La presidenta electa Claudia Sheinbaum ofreci\u00f3 una cena a mandatarios que la acompa\u00f1ar\u00e1n ma\u00f1ana en su toma de protesta\",\"datePublished\":\"2024-10-01T05:03:15+00:00\",\"dateModified\":\"2024-10-01T05:03:18+00:00\",\"mainEntityOfPage\":{\"@id\":\"https:\\\/\\\/quehacerpolitico.mx\\\/?p=112772\"},\"wordCount\":406,\"commentCount\":0,\"image\":{\"@id\":\"https:\\\/\\\/quehacerpolitico.mx\\\/?p=112772#primaryimage\"},\"thumbnailUrl\":\"https:\\\/\\\/quehacerpolitico.mx\\\/wp-content\\\/uploads\\\/2024\\\/10\\\/IMG_8260.jpeg\",\"articleSection\":[\"Noticias\"],\"inLanguage\":\"es\",\"potentialAction\":[{\"@type\":\"CommentAction\",\"name\":\"Comment\",\"target\":[\"https:\\\/\\\/quehacerpolitico.mx\\\/?p=112772#respond\"]}]},{\"@type\":\"WebPage\",\"@id\":\"https:\\\/\\\/quehacerpolitico.mx\\\/?p=112772\",\"url\":\"https:\\\/\\\/quehacerpolitico.mx\\\/?p=112772\",\"name\":\"La presidenta electa Claudia Sheinbaum ofreci\u00f3 una cena a mandatarios que la acompa\u00f1ar\u00e1n ma\u00f1ana en su toma de protesta -\",\"isPartOf\":{\"@id\":\"https:\\\/\\\/quehacerpolitico.mx\\\/#website\"},\"primaryImageOfPage\":{\"@id\":\"https:\\\/\\\/quehacerpolitico.mx\\\/?p=112772#primaryimage\"},\"image\":{\"@id\":\"https:\\\/\\\/quehacerpolitico.mx\\\/?p=112772#primaryimage\"},\"thumbnailUrl\":\"https:\\\/\\\/quehacerpolitico.mx\\\/wp-content\\\/uploads\\\/2024\\\/10\\\/IMG_8260.jpeg\",\"datePublished\":\"2024-10-01T05:03:15+00:00\",\"dateModified\":\"2024-10-01T05:03:18+00:00\",\"author\":{\"@id\":\"https:\\\/\\\/quehacerpolitico.mx\\\/#\\\/schema\\\/person\\\/496d8ad2d1d3f8036101dca7ee39e585\"},\"breadcrumb\":{\"@id\":\"https:\\\/\\\/quehacerpolitico.mx\\\/?p=112772#breadcrumb\"},\"inLanguage\":\"es\",\"potentialAction\":[{\"@type\":\"ReadAction\",\"target\":[\"https:\\\/\\\/quehacerpolitico.mx\\\/?p=112772\"]}]},{\"@type\":\"ImageObject\",\"inLanguage\":\"es\",\"@id\":\"https:\\\/\\\/quehacerpolitico.mx\\\/?p=112772#primaryimage\",\"url\":\"https:\\\/\\\/quehacerpolitico.mx\\\/wp-content\\\/uploads\\\/2024\\\/10\\\/IMG_8260.jpeg\",\"contentUrl\":\"https:\\\/\\\/quehacerpolitico.mx\\\/wp-content\\\/uploads\\\/2024\\\/10\\\/IMG_8260.jpeg\",\"width\":1284,\"height\":710,\"caption\":\"Screenshot\"},{\"@type\":\"BreadcrumbList\",\"@id\":\"https:\\\/\\\/quehacerpolitico.mx\\\/?p=112772#breadcrumb\",\"itemListElement\":[{\"@type\":\"ListItem\",\"position\":1,\"name\":\"Inicio\",\"item\":\"https:\\\/\\\/quehacerpolitico.mx\\\/\"},{\"@type\":\"ListItem\",\"position\":2,\"name\":\"La presidenta electa Claudia Sheinbaum ofreci\u00f3 una cena a mandatarios que la acompa\u00f1ar\u00e1n ma\u00f1ana en su toma de protesta\"}]},{\"@type\":\"WebSite\",\"@id\":\"https:\\\/\\\/quehacerpolitico.mx\\\/#website\",\"url\":\"https:\\\/\\\/quehacerpolitico.mx\\\/\",\"name\":\"\",\"description\":\"\",\"potentialAction\":[{\"@type\":\"SearchAction\",\"target\":{\"@type\":\"EntryPoint\",\"urlTemplate\":\"https:\\\/\\\/quehacerpolitico.mx\\\/?s={search_term_string}\"},\"query-input\":{\"@type\":\"PropertyValueSpecification\",\"valueRequired\":true,\"valueName\":\"search_term_string\"}}],\"inLanguage\":\"es\"},{\"@type\":\"Person\",\"@id\":\"https:\\\/\\\/quehacerpolitico.mx\\\/#\\\/schema\\\/person\\\/496d8ad2d1d3f8036101dca7ee39e585\",\"name\":\"Redacci\u00f3n QP\",\"image\":{\"@type\":\"ImageObject\",\"inLanguage\":\"es\",\"@id\":\"https:\\\/\\\/secure.gravatar.com\\\/avatar\\\/c7164ed6fdec453195284ad24a5ae5b6e1eed2b848477fa2a4787ba9adf39a41?s=96&d=mm&r=g\",\"url\":\"https:\\\/\\\/secure.gravatar.com\\\/avatar\\\/c7164ed6fdec453195284ad24a5ae5b6e1eed2b848477fa2a4787ba9adf39a41?s=96&d=mm&r=g\",\"contentUrl\":\"https:\\\/\\\/secure.gravatar.com\\\/avatar\\\/c7164ed6fdec453195284ad24a5ae5b6e1eed2b848477fa2a4787ba9adf39a41?s=96&d=mm&r=g\",\"caption\":\"Redacci\u00f3n QP\"},\"url\":\"https:\\\/\\\/quehacerpolitico.mx\\\/?author=2\"}]}<\/script>\n<!-- \/ Yoast SEO plugin. -->","yoast_head_json":{"title":"La presidenta electa Claudia Sheinbaum ofreci\u00f3 una cena a mandatarios que la acompa\u00f1ar\u00e1n ma\u00f1ana en su toma de protesta -","robots":{"index":"index","follow":"follow","max-snippet":"max-snippet:-1","max-image-preview":"max-image-preview:large","max-video-preview":"max-video-preview:-1"},"canonical":"https:\/\/quehacerpolitico.mx\/?p=112772","og_locale":"es_MX","og_type":"article","og_title":"La presidenta electa Claudia Sheinbaum ofreci\u00f3 una cena a mandatarios que la acompa\u00f1ar\u00e1n ma\u00f1ana en su toma de protesta -","og_description":"Por Redacci\u00f3n QP La cita fue en el Museo de la Ciudad de M\u00e9xico, ubicado...","og_url":"https:\/\/quehacerpolitico.mx\/?p=112772","article_published_time":"2024-10-01T05:03:15+00:00","article_modified_time":"2024-10-01T05:03:18+00:00","og_image":[{"width":1284,"height":710,"url":"https:\/\/quehacerpolitico.mx\/wp-content\/uploads\/2024\/10\/IMG_8260.jpeg","type":"image\/jpeg"}],"author":"Redacci\u00f3n QP","twitter_card":"summary_large_image","twitter_misc":{"Escrito por":"Redacci\u00f3n QP","Tiempo de lectura":"2 minutos"},"schema":{"@context":"https:\/\/schema.org","@graph":[{"@type":"Article","@id":"https:\/\/quehacerpolitico.mx\/?p=112772#article","isPartOf":{"@id":"https:\/\/quehacerpolitico.mx\/?p=112772"},"author":{"name":"Redacci\u00f3n QP","@id":"https:\/\/quehacerpolitico.mx\/#\/schema\/person\/496d8ad2d1d3f8036101dca7ee39e585"},"headline":"La presidenta electa Claudia Sheinbaum ofreci\u00f3 una cena a mandatarios que la acompa\u00f1ar\u00e1n ma\u00f1ana en su toma de protesta","datePublished":"2024-10-01T05:03:15+00:00","dateModified":"2024-10-01T05:03:18+00:00","mainEntityOfPage":{"@id":"https:\/\/quehacerpolitico.mx\/?p=112772"},"wordCount":406,"commentCount":0,"image":{"@id":"https:\/\/quehacerpolitico.mx\/?p=112772#primaryimage"},"thumbnailUrl":"https:\/\/quehacerpolitico.mx\/wp-content\/uploads\/2024\/10\/IMG_8260.jpeg","articleSection":["Noticias"],"inLanguage":"es","potentialAction":[{"@type":"CommentAction","name":"Comment","target":["https:\/\/quehacerpolitico.mx\/?p=112772#respond"]}]},{"@type":"WebPage","@id":"https:\/\/quehacerpolitico.mx\/?p=112772","url":"https:\/\/quehacerpolitico.mx\/?p=112772","name":"La presidenta electa Claudia Sheinbaum ofreci\u00f3 una cena a mandatarios que la acompa\u00f1ar\u00e1n ma\u00f1ana en su toma de protesta -","isPartOf":{"@id":"https:\/\/quehacerpolitico.mx\/#website"},"primaryImageOfPage":{"@id":"https:\/\/quehacerpolitico.mx\/?p=112772#primaryimage"},"image":{"@id":"https:\/\/quehacerpolitico.mx\/?p=112772#primaryimage"},"thumbnailUrl":"https:\/\/quehacerpolitico.mx\/wp-content\/uploads\/2024\/10\/IMG_8260.jpeg","datePublished":"2024-10-01T05:03:15+00:00","dateModified":"2024-10-01T05:03:18+00:00","author":{"@id":"https:\/\/quehacerpolitico.mx\/#\/schema\/person\/496d8ad2d1d3f8036101dca7ee39e585"},"breadcrumb":{"@id":"https:\/\/quehacerpolitico.mx\/?p=112772#breadcrumb"},"inLanguage":"es","potentialAction":[{"@type":"ReadAction","target":["https:\/\/quehacerpolitico.mx\/?p=112772"]}]},{"@type":"ImageObject","inLanguage":"es","@id":"https:\/\/quehacerpolitico.mx\/?p=112772#primaryimage","url":"https:\/\/quehacerpolitico.mx\/wp-content\/uploads\/2024\/10\/IMG_8260.jpeg","contentUrl":"https:\/\/quehacerpolitico.mx\/wp-content\/uploads\/2024\/10\/IMG_8260.jpeg","width":1284,"height":710,"caption":"Screenshot"},{"@type":"BreadcrumbList","@id":"https:\/\/quehacerpolitico.mx\/?p=112772#breadcrumb","itemListElement":[{"@type":"ListItem","position":1,"name":"Inicio","item":"https:\/\/quehacerpolitico.mx\/"},{"@type":"ListItem","position":2,"name":"La presidenta electa Claudia Sheinbaum ofreci\u00f3 una cena a mandatarios que la acompa\u00f1ar\u00e1n ma\u00f1ana en su toma de protesta"}]},{"@type":"WebSite","@id":"https:\/\/quehacerpolitico.mx\/#website","url":"https:\/\/quehacerpolitico.mx\/","name":"","description":"","potentialAction":[{"@type":"SearchAction","target":{"@type":"EntryPoint","urlTemplate":"https:\/\/quehacerpolitico.mx\/?s={search_term_string}"},"query-input":{"@type":"PropertyValueSpecification","valueRequired":true,"valueName":"search_term_string"}}],"inLanguage":"es"},{"@type":"Person","@id":"https:\/\/quehacerpolitico.mx\/#\/schema\/person\/496d8ad2d1d3f8036101dca7ee39e585","name":"Redacci\u00f3n QP","image":{"@type":"ImageObject","inLanguage":"es","@id":"https:\/\/secure.gravatar.com\/avatar\/c7164ed6fdec453195284ad24a5ae5b6e1eed2b848477fa2a4787ba9adf39a41?s=96&d=mm&r=g","url":"https:\/\/secure.gravatar.com\/avatar\/c7164ed6fdec453195284ad24a5ae5b6e1eed2b848477fa2a4787ba9adf39a41?s=96&d=mm&r=g","contentUrl":"https:\/\/secure.gravatar.com\/avatar\/c7164ed6fdec453195284ad24a5ae5b6e1eed2b848477fa2a4787ba9adf39a41?s=96&d=mm&r=g","caption":"Redacci\u00f3n QP"},"url":"https:\/\/quehacerpolitico.mx\/?author=2"}]}},"featured_image_urls":{"full":["https:\/\/quehacerpolitico.mx\/wp-content\/uploads\/2024\/10\/IMG_8260.jpeg",1284,710,false],"thumbnail":["https:\/\/quehacerpolitico.mx\/wp-content\/uploads\/2024\/10\/IMG_8260-150x150.jpeg",150,150,true],"medium":["https:\/\/quehacerpolitico.mx\/wp-content\/uploads\/2024\/10\/IMG_8260-300x166.jpeg",300,166,true],"medium_large":["https:\/\/quehacerpolitico.mx\/wp-content\/uploads\/2024\/10\/IMG_8260-768x425.jpeg",640,354,true],"large":["https:\/\/quehacerpolitico.mx\/wp-content\/uploads\/2024\/10\/IMG_8260-1024x566.jpeg",640,354,true],"1536x1536":["https:\/\/quehacerpolitico.mx\/wp-content\/uploads\/2024\/10\/IMG_8260.jpeg",1284,710,false],"2048x2048":["https:\/\/quehacerpolitico.mx\/wp-content\/uploads\/2024\/10\/IMG_8260.jpeg",1284,710,false],"covernews-featured":["https:\/\/quehacerpolitico.mx\/wp-content\/uploads\/2024\/10\/IMG_8260.jpeg",1024,566,false],"covernews-medium":["https:\/\/quehacerpolitico.mx\/wp-content\/uploads\/2024\/10\/IMG_8260.jpeg",540,299,false]},"author_info":{"display_name":"Redacci\u00f3n QP","author_link":"https:\/\/quehacerpolitico.mx\/?author=2"},"category_info":"<a href=\"https:\/\/quehacerpolitico.mx\/?cat=2\" rel=\"category\">Noticias<\/a>","tag_info":"Noticias","comment_count":"0","_links":{"self":[{"href":"https:\/\/quehacerpolitico.mx\/index.php?rest_route=\/wp\/v2\/posts\/112772","targetHints":{"allow":["GET"]}}],"collection":[{"href":"https:\/\/quehacerpolitico.mx\/index.php?rest_route=\/wp\/v2\/posts"}],"about":[{"href":"https:\/\/quehacerpolitico.mx\/index.php?rest_route=\/wp\/v2\/types\/post"}],"author":[{"embeddable":true,"href":"https:\/\/quehacerpolitico.mx\/index.php?rest_route=\/wp\/v2\/users\/2"}],"replies":[{"embeddable":true,"href":"https:\/\/quehacerpolitico.mx\/index.php?rest_route=%2Fwp%2Fv2%2Fcomments&post=112772"}],"version-history":[{"count":1,"href":"https:\/\/quehacerpolitico.mx\/index.php?rest_route=\/wp\/v2\/posts\/112772\/revisions"}],"predecessor-version":[{"id":112774,"href":"https:\/\/quehacerpolitico.mx\/index.php?rest_route=\/wp\/v2\/posts\/112772\/revisions\/112774"}],"wp:featuredmedia":[{"embeddable":true,"href":"https:\/\/quehacerpolitico.mx\/index.php?rest_route=\/wp\/v2\/media\/112773"}],"wp:attachment":[{"href":"https:\/\/quehacerpolitico.mx\/index.php?rest_route=%2Fwp%2Fv2%2Fmedia&parent=112772"}],"wp:term":[{"taxonomy":"category","embeddable":true,"href":"https:\/\/quehacerpolitico.mx\/index.php?rest_route=%2Fwp%2Fv2%2Fcategories&post=112772"},{"taxonomy":"post_tag","embeddable":true,"href":"https:\/\/quehacerpolitico.mx\/index.php?rest_route=%2Fwp%2Fv2%2Ftags&post=112772"}],"curies":[{"name":"wp","href":"https:\/\/api.w.org\/{rel}","templated":true}]}}