{"id":11276,"date":"2018-12-08T23:26:17","date_gmt":"2018-12-08T23:26:17","guid":{"rendered":"http:\/\/quehacerpolitico.mx\/en-punto-nanacy-herrera-guerrero-videos-sheinbaum-se-ensucia-las-manos-en-alvaro-obregon\/"},"modified":"2018-12-08T23:26:17","modified_gmt":"2018-12-08T23:26:17","slug":"en-punto-nanacy-herrera-guerrero-videos-sheinbaum-se-ensucia-las-manos-en-alvaro-obregon","status":"publish","type":"post","link":"https:\/\/quehacerpolitico.mx\/?p=11276","title":{"rendered":"En Punto\/\/\/Nanacy Herrera Guerrero\/\/\/[VIDEOS] Sheinbaum \u2018se ensucia las manos\u2019 en \u00c1lvaro Obreg\u00f3n"},"content":{"rendered":"<h3 class=\"mtitle\">[VIDEOS] Sheinbaum \u2018se ensucia las manos\u2019 en \u00c1lvaro Obreg\u00f3n<\/h3>\n<p>Por Nancy Herrera Guerrero<\/p>\n<p>La jefa de Gobierno, <strong>Claudia Sheinbaum<\/strong>, realiz\u00f3 su primera visita a la alcald\u00eda de <strong>\u00c1lvaro Obreg\u00f3n<\/strong> en la que particip\u00f3 en tareas de limpia.<\/p>\n<p>En la <strong>colonia Barrio Norte, Sheinbaum Pardo<\/strong>lleg\u00f3 poco despu\u00e9s de las 10:30 horas y de inmediato se incorpor\u00f3 a las tareas de limpieza.<\/p>\n<p>En compa\u00f1\u00eda de la alcaldesa<strong> Layda Sansores<\/strong>encabez\u00f3 una jornada en la que adem\u00e1s de limpiar la barranca se efectuaron labores de remozamiento urbano.<\/p>\n<p>Entre ellas se cambiaron luminarias, se pintaron fachadas y se sembraron \u00e1rboles.<\/p>\n<p>Ambas funcionarias recorrieron las calles de la parte alta y se comprometieron a seguir trabajando en la zona.<\/p>\n<div id=\"attachment_274535\" class=\"wp-caption aligncenter\"><img loading=\"lazy\" decoding=\"async\" class=\"size-medium wp-image-274535\" src=\"https:\/\/elbigdata.mx\/wp-content\/uploads\/2018\/12\/sansores-768x576.jpg\" sizes=\"auto, (max-width: 768px) 100vw, 768px\" srcset=\"https:\/\/elbigdata.mx\/wp-content\/uploads\/2018\/12\/sansores-768x576.jpg 768w, https:\/\/elbigdata.mx\/wp-content\/uploads\/2018\/12\/sansores-360x270.jpg 360w, https:\/\/elbigdata.mx\/wp-content\/uploads\/2018\/12\/sansores.jpg 1040w\" alt=\"\" width=\"768\" height=\"576\" \/><\/p>\n<p class=\"wp-caption-text\">Foto: Gonzalo Reyes<\/p>\n<\/div>\n<h3><strong>-Seguridad-<\/strong><\/h3>\n<p>De igual forma se comprometieron a remediar el problema de inseguridad.<\/p>\n<p>Para ello se comprometieron a un mayor n\u00famero de polic\u00edas y modernizaci\u00f3n de los m\u00f3dulos.<\/p>\n<p>Como medida complementaria se llev\u00f3 a cabo el registro de los domicilios que solicitaron la instalaci\u00f3n de una alarma ciudadana.<\/p>\n<p>Estos aparatos est\u00e1n conectados a las estaciones de polic\u00eda para una mejor coordinaci\u00f3n.<\/p>\n<p><strong>La jefa de Gobierno<\/strong> asegur\u00f3 que se seguir\u00e1 trabajando para mejorar el entorno de todas las alcald\u00edas.<\/p>\n<div id=\"attachment_274536\" class=\"wp-caption aligncenter\"><img loading=\"lazy\" decoding=\"async\" class=\"size-medium wp-image-274536\" src=\"https:\/\/elbigdata.mx\/wp-content\/uploads\/2018\/12\/limpia-768x576.jpg\" sizes=\"auto, (max-width: 768px) 100vw, 768px\" srcset=\"https:\/\/elbigdata.mx\/wp-content\/uploads\/2018\/12\/limpia-768x576.jpg 768w, https:\/\/elbigdata.mx\/wp-content\/uploads\/2018\/12\/limpia-360x270.jpg 360w, https:\/\/elbigdata.mx\/wp-content\/uploads\/2018\/12\/limpia.jpg 1040w\" alt=\"\" width=\"768\" height=\"576\" \/><\/p>\n<p class=\"wp-caption-text\">Foto: Gonzalo Reyes<\/p>\n<\/div>\n<p>Indic\u00f3 que la Aguja desaparecer\u00e1 y se har\u00e1 un organismo mejor coordinado.<\/p>\n<p>Coment\u00f3 que este tipo de acciones se efectuaran todos los s\u00e1bados y que cada <strong>dependencia capitalina<\/strong> se encargar\u00e1 de una alcald\u00eda.<\/p>\n<p>En cuesti\u00f3n de <strong>reconstrucci\u00f3n<\/strong> asever\u00f3 que se trabajar\u00e1 en un censo para conocer el estado que guardan las propiedades.<\/p>\n<p>Esto debido a que en muchos casos la gente no cuenta con las escrituras para demostrar la propiedad de los inmuebles.<\/p>\n<p>Adem\u00e1s, en muchas ocasiones fueron heredados y los actuales due\u00f1os no cuentan con los documentos necesarios.<\/p>\n<p>Finalmente indic\u00f3 que las acciones a favor del <strong>medio ambiente<\/strong> ser\u00e1n una prioridad en su administraci\u00f3n.<\/p>\n<p>https:\/\/www.facebook.com\/309693749208493\/posts\/1069112653266595\/<\/p>\n","protected":false},"excerpt":{"rendered":"<p>[VIDEOS] Sheinbaum \u2018se ensucia las manos\u2019 en \u00c1lvaro Obreg\u00f3n<br \/>\nPor Nancy Herrera Guerrero<\/p>\n","protected":false},"author":2,"featured_media":11275,"comment_status":"open","ping_status":"open","sticky":false,"template":"","format":"standard","meta":{"_monsterinsights_skip_tracking":false,"_monsterinsights_sitenote_active":false,"_monsterinsights_sitenote_note":"","_monsterinsights_sitenote_category":0,"footnotes":""},"categories":[55],"tags":[],"class_list":["post-11276","post","type-post","status-publish","format-standard","has-post-thumbnail","hentry","category-cdmx"],"yoast_head":"<!-- This site is optimized with the Yoast SEO plugin v27.3 - https:\/\/yoast.com\/product\/yoast-seo-wordpress\/ -->\n<title>En Punto\/\/\/Nanacy Herrera Guerrero\/\/\/[VIDEOS] Sheinbaum \u2018se ensucia las manos\u2019 en \u00c1lvaro Obreg\u00f3n -<\/title>\n<meta name=\"robots\" content=\"index, follow, max-snippet:-1, max-image-preview:large, max-video-preview:-1\" \/>\n<link rel=\"canonical\" href=\"https:\/\/quehacerpolitico.mx\/?p=11276\" \/>\n<meta property=\"og:locale\" content=\"es_MX\" \/>\n<meta property=\"og:type\" content=\"article\" \/>\n<meta property=\"og:title\" content=\"En Punto\/\/\/Nanacy Herrera Guerrero\/\/\/[VIDEOS] Sheinbaum \u2018se ensucia las manos\u2019 en \u00c1lvaro Obreg\u00f3n -\" \/>\n<meta property=\"og:description\" content=\"[VIDEOS] Sheinbaum \u2018se ensucia las manos\u2019 en \u00c1lvaro Obreg\u00f3n Por Nancy Herrera Guerrero\" \/>\n<meta property=\"og:url\" content=\"https:\/\/quehacerpolitico.mx\/?p=11276\" \/>\n<meta property=\"article:published_time\" content=\"2018-12-08T23:26:17+00:00\" \/>\n<meta name=\"author\" content=\"Redacci\u00f3n QP\" \/>\n<meta name=\"twitter:card\" content=\"summary_large_image\" \/>\n<meta name=\"twitter:label1\" content=\"Escrito por\" \/>\n\t<meta name=\"twitter:data1\" content=\"Redacci\u00f3n QP\" \/>\n\t<meta name=\"twitter:label2\" content=\"Tiempo de lectura\" \/>\n\t<meta name=\"twitter:data2\" content=\"2 minutos\" \/>\n<script type=\"application\/ld+json\" class=\"yoast-schema-graph\">{\"@context\":\"https:\\\/\\\/schema.org\",\"@graph\":[{\"@type\":\"Article\",\"@id\":\"https:\\\/\\\/quehacerpolitico.mx\\\/?p=11276#article\",\"isPartOf\":{\"@id\":\"https:\\\/\\\/quehacerpolitico.mx\\\/?p=11276\"},\"author\":{\"name\":\"Redacci\u00f3n QP\",\"@id\":\"https:\\\/\\\/quehacerpolitico.mx\\\/#\\\/schema\\\/person\\\/496d8ad2d1d3f8036101dca7ee39e585\"},\"headline\":\"En Punto\\\/\\\/\\\/Nanacy Herrera Guerrero\\\/\\\/\\\/[VIDEOS] Sheinbaum \u2018se ensucia las manos\u2019 en \u00c1lvaro Obreg\u00f3n\",\"datePublished\":\"2018-12-08T23:26:17+00:00\",\"mainEntityOfPage\":{\"@id\":\"https:\\\/\\\/quehacerpolitico.mx\\\/?p=11276\"},\"wordCount\":343,\"commentCount\":0,\"image\":{\"@id\":\"https:\\\/\\\/quehacerpolitico.mx\\\/?p=11276#primaryimage\"},\"thumbnailUrl\":\"\",\"articleSection\":[\"CDMX\"],\"inLanguage\":\"es\",\"potentialAction\":[{\"@type\":\"CommentAction\",\"name\":\"Comment\",\"target\":[\"https:\\\/\\\/quehacerpolitico.mx\\\/?p=11276#respond\"]}]},{\"@type\":\"WebPage\",\"@id\":\"https:\\\/\\\/quehacerpolitico.mx\\\/?p=11276\",\"url\":\"https:\\\/\\\/quehacerpolitico.mx\\\/?p=11276\",\"name\":\"En Punto\\\/\\\/\\\/Nanacy Herrera Guerrero\\\/\\\/\\\/[VIDEOS] Sheinbaum \u2018se ensucia las manos\u2019 en \u00c1lvaro Obreg\u00f3n -\",\"isPartOf\":{\"@id\":\"https:\\\/\\\/quehacerpolitico.mx\\\/#website\"},\"primaryImageOfPage\":{\"@id\":\"https:\\\/\\\/quehacerpolitico.mx\\\/?p=11276#primaryimage\"},\"image\":{\"@id\":\"https:\\\/\\\/quehacerpolitico.mx\\\/?p=11276#primaryimage\"},\"thumbnailUrl\":\"\",\"datePublished\":\"2018-12-08T23:26:17+00:00\",\"author\":{\"@id\":\"https:\\\/\\\/quehacerpolitico.mx\\\/#\\\/schema\\\/person\\\/496d8ad2d1d3f8036101dca7ee39e585\"},\"breadcrumb\":{\"@id\":\"https:\\\/\\\/quehacerpolitico.mx\\\/?p=11276#breadcrumb\"},\"inLanguage\":\"es\",\"potentialAction\":[{\"@type\":\"ReadAction\",\"target\":[\"https:\\\/\\\/quehacerpolitico.mx\\\/?p=11276\"]}]},{\"@type\":\"ImageObject\",\"inLanguage\":\"es\",\"@id\":\"https:\\\/\\\/quehacerpolitico.mx\\\/?p=11276#primaryimage\",\"url\":\"\",\"contentUrl\":\"\"},{\"@type\":\"BreadcrumbList\",\"@id\":\"https:\\\/\\\/quehacerpolitico.mx\\\/?p=11276#breadcrumb\",\"itemListElement\":[{\"@type\":\"ListItem\",\"position\":1,\"name\":\"Inicio\",\"item\":\"https:\\\/\\\/quehacerpolitico.mx\\\/\"},{\"@type\":\"ListItem\",\"position\":2,\"name\":\"En Punto\\\/\\\/\\\/Nanacy Herrera Guerrero\\\/\\\/\\\/[VIDEOS] Sheinbaum \u2018se ensucia las manos\u2019 en \u00c1lvaro Obreg\u00f3n\"}]},{\"@type\":\"WebSite\",\"@id\":\"https:\\\/\\\/quehacerpolitico.mx\\\/#website\",\"url\":\"https:\\\/\\\/quehacerpolitico.mx\\\/\",\"name\":\"\",\"description\":\"\",\"potentialAction\":[{\"@type\":\"SearchAction\",\"target\":{\"@type\":\"EntryPoint\",\"urlTemplate\":\"https:\\\/\\\/quehacerpolitico.mx\\\/?s={search_term_string}\"},\"query-input\":{\"@type\":\"PropertyValueSpecification\",\"valueRequired\":true,\"valueName\":\"search_term_string\"}}],\"inLanguage\":\"es\"},{\"@type\":\"Person\",\"@id\":\"https:\\\/\\\/quehacerpolitico.mx\\\/#\\\/schema\\\/person\\\/496d8ad2d1d3f8036101dca7ee39e585\",\"name\":\"Redacci\u00f3n QP\",\"image\":{\"@type\":\"ImageObject\",\"inLanguage\":\"es\",\"@id\":\"https:\\\/\\\/secure.gravatar.com\\\/avatar\\\/c7164ed6fdec453195284ad24a5ae5b6e1eed2b848477fa2a4787ba9adf39a41?s=96&d=mm&r=g\",\"url\":\"https:\\\/\\\/secure.gravatar.com\\\/avatar\\\/c7164ed6fdec453195284ad24a5ae5b6e1eed2b848477fa2a4787ba9adf39a41?s=96&d=mm&r=g\",\"contentUrl\":\"https:\\\/\\\/secure.gravatar.com\\\/avatar\\\/c7164ed6fdec453195284ad24a5ae5b6e1eed2b848477fa2a4787ba9adf39a41?s=96&d=mm&r=g\",\"caption\":\"Redacci\u00f3n QP\"},\"url\":\"https:\\\/\\\/quehacerpolitico.mx\\\/?author=2\"}]}<\/script>\n<!-- \/ Yoast SEO plugin. -->","yoast_head_json":{"title":"En Punto\/\/\/Nanacy Herrera Guerrero\/\/\/[VIDEOS] Sheinbaum \u2018se ensucia las manos\u2019 en \u00c1lvaro Obreg\u00f3n -","robots":{"index":"index","follow":"follow","max-snippet":"max-snippet:-1","max-image-preview":"max-image-preview:large","max-video-preview":"max-video-preview:-1"},"canonical":"https:\/\/quehacerpolitico.mx\/?p=11276","og_locale":"es_MX","og_type":"article","og_title":"En Punto\/\/\/Nanacy Herrera Guerrero\/\/\/[VIDEOS] Sheinbaum \u2018se ensucia las manos\u2019 en \u00c1lvaro Obreg\u00f3n -","og_description":"[VIDEOS] Sheinbaum \u2018se ensucia las manos\u2019 en \u00c1lvaro Obreg\u00f3n Por Nancy Herrera Guerrero","og_url":"https:\/\/quehacerpolitico.mx\/?p=11276","article_published_time":"2018-12-08T23:26:17+00:00","author":"Redacci\u00f3n QP","twitter_card":"summary_large_image","twitter_misc":{"Escrito por":"Redacci\u00f3n QP","Tiempo de lectura":"2 minutos"},"schema":{"@context":"https:\/\/schema.org","@graph":[{"@type":"Article","@id":"https:\/\/quehacerpolitico.mx\/?p=11276#article","isPartOf":{"@id":"https:\/\/quehacerpolitico.mx\/?p=11276"},"author":{"name":"Redacci\u00f3n QP","@id":"https:\/\/quehacerpolitico.mx\/#\/schema\/person\/496d8ad2d1d3f8036101dca7ee39e585"},"headline":"En Punto\/\/\/Nanacy Herrera Guerrero\/\/\/[VIDEOS] Sheinbaum \u2018se ensucia las manos\u2019 en \u00c1lvaro Obreg\u00f3n","datePublished":"2018-12-08T23:26:17+00:00","mainEntityOfPage":{"@id":"https:\/\/quehacerpolitico.mx\/?p=11276"},"wordCount":343,"commentCount":0,"image":{"@id":"https:\/\/quehacerpolitico.mx\/?p=11276#primaryimage"},"thumbnailUrl":"","articleSection":["CDMX"],"inLanguage":"es","potentialAction":[{"@type":"CommentAction","name":"Comment","target":["https:\/\/quehacerpolitico.mx\/?p=11276#respond"]}]},{"@type":"WebPage","@id":"https:\/\/quehacerpolitico.mx\/?p=11276","url":"https:\/\/quehacerpolitico.mx\/?p=11276","name":"En Punto\/\/\/Nanacy Herrera Guerrero\/\/\/[VIDEOS] Sheinbaum \u2018se ensucia las manos\u2019 en \u00c1lvaro Obreg\u00f3n -","isPartOf":{"@id":"https:\/\/quehacerpolitico.mx\/#website"},"primaryImageOfPage":{"@id":"https:\/\/quehacerpolitico.mx\/?p=11276#primaryimage"},"image":{"@id":"https:\/\/quehacerpolitico.mx\/?p=11276#primaryimage"},"thumbnailUrl":"","datePublished":"2018-12-08T23:26:17+00:00","author":{"@id":"https:\/\/quehacerpolitico.mx\/#\/schema\/person\/496d8ad2d1d3f8036101dca7ee39e585"},"breadcrumb":{"@id":"https:\/\/quehacerpolitico.mx\/?p=11276#breadcrumb"},"inLanguage":"es","potentialAction":[{"@type":"ReadAction","target":["https:\/\/quehacerpolitico.mx\/?p=11276"]}]},{"@type":"ImageObject","inLanguage":"es","@id":"https:\/\/quehacerpolitico.mx\/?p=11276#primaryimage","url":"","contentUrl":""},{"@type":"BreadcrumbList","@id":"https:\/\/quehacerpolitico.mx\/?p=11276#breadcrumb","itemListElement":[{"@type":"ListItem","position":1,"name":"Inicio","item":"https:\/\/quehacerpolitico.mx\/"},{"@type":"ListItem","position":2,"name":"En Punto\/\/\/Nanacy Herrera Guerrero\/\/\/[VIDEOS] Sheinbaum \u2018se ensucia las manos\u2019 en \u00c1lvaro Obreg\u00f3n"}]},{"@type":"WebSite","@id":"https:\/\/quehacerpolitico.mx\/#website","url":"https:\/\/quehacerpolitico.mx\/","name":"","description":"","potentialAction":[{"@type":"SearchAction","target":{"@type":"EntryPoint","urlTemplate":"https:\/\/quehacerpolitico.mx\/?s={search_term_string}"},"query-input":{"@type":"PropertyValueSpecification","valueRequired":true,"valueName":"search_term_string"}}],"inLanguage":"es"},{"@type":"Person","@id":"https:\/\/quehacerpolitico.mx\/#\/schema\/person\/496d8ad2d1d3f8036101dca7ee39e585","name":"Redacci\u00f3n QP","image":{"@type":"ImageObject","inLanguage":"es","@id":"https:\/\/secure.gravatar.com\/avatar\/c7164ed6fdec453195284ad24a5ae5b6e1eed2b848477fa2a4787ba9adf39a41?s=96&d=mm&r=g","url":"https:\/\/secure.gravatar.com\/avatar\/c7164ed6fdec453195284ad24a5ae5b6e1eed2b848477fa2a4787ba9adf39a41?s=96&d=mm&r=g","contentUrl":"https:\/\/secure.gravatar.com\/avatar\/c7164ed6fdec453195284ad24a5ae5b6e1eed2b848477fa2a4787ba9adf39a41?s=96&d=mm&r=g","caption":"Redacci\u00f3n QP"},"url":"https:\/\/quehacerpolitico.mx\/?author=2"}]}},"featured_image_urls":{"full":"","thumbnail":"","medium":"","medium_large":"","large":"","1536x1536":"","2048x2048":"","covernews-featured":"","covernews-medium":""},"author_info":{"display_name":"Redacci\u00f3n QP","author_link":"https:\/\/quehacerpolitico.mx\/?author=2"},"category_info":"<a href=\"https:\/\/quehacerpolitico.mx\/?cat=55\" rel=\"category\">CDMX<\/a>","tag_info":"CDMX","comment_count":"0","_links":{"self":[{"href":"https:\/\/quehacerpolitico.mx\/index.php?rest_route=\/wp\/v2\/posts\/11276","targetHints":{"allow":["GET"]}}],"collection":[{"href":"https:\/\/quehacerpolitico.mx\/index.php?rest_route=\/wp\/v2\/posts"}],"about":[{"href":"https:\/\/quehacerpolitico.mx\/index.php?rest_route=\/wp\/v2\/types\/post"}],"author":[{"embeddable":true,"href":"https:\/\/quehacerpolitico.mx\/index.php?rest_route=\/wp\/v2\/users\/2"}],"replies":[{"embeddable":true,"href":"https:\/\/quehacerpolitico.mx\/index.php?rest_route=%2Fwp%2Fv2%2Fcomments&post=11276"}],"version-history":[{"count":0,"href":"https:\/\/quehacerpolitico.mx\/index.php?rest_route=\/wp\/v2\/posts\/11276\/revisions"}],"wp:featuredmedia":[{"embeddable":true,"href":"https:\/\/quehacerpolitico.mx\/index.php?rest_route=\/"}],"wp:attachment":[{"href":"https:\/\/quehacerpolitico.mx\/index.php?rest_route=%2Fwp%2Fv2%2Fmedia&parent=11276"}],"wp:term":[{"taxonomy":"category","embeddable":true,"href":"https:\/\/quehacerpolitico.mx\/index.php?rest_route=%2Fwp%2Fv2%2Fcategories&post=11276"},{"taxonomy":"post_tag","embeddable":true,"href":"https:\/\/quehacerpolitico.mx\/index.php?rest_route=%2Fwp%2Fv2%2Ftags&post=11276"}],"curies":[{"name":"wp","href":"https:\/\/api.w.org\/{rel}","templated":true}]}}