{"id":11274,"date":"2018-12-08T23:15:22","date_gmt":"2018-12-08T23:15:22","guid":{"rendered":"http:\/\/quehacerpolitico.mx\/el-neoliberalismo-desmantelo-la-cfe-ahora-la-vamos-a-rescatar-afirma-lopez-obrador-en-chiapas\/"},"modified":"2018-12-08T23:15:22","modified_gmt":"2018-12-08T23:15:22","slug":"el-neoliberalismo-desmantelo-la-cfe-ahora-la-vamos-a-rescatar-afirma-lopez-obrador-en-chiapas","status":"publish","type":"post","link":"https:\/\/quehacerpolitico.mx\/?p=11274","title":{"rendered":"El neoliberalismo desmantel\u00f3 la CFE, ahora la vamos a rescatar, afirma L\u00f3pez Obrador en Chiapas"},"content":{"rendered":"<h1>El neoliberalismo desmantel\u00f3 la CFE, ahora la vamos a rescatar, afirma L\u00f3pez Obrador en Chiapas<\/h1>\n<p>Por Redacci\u00f3n QP<\/p>\n<p><strong>Andr\u00e9s Manuel L\u00f3pez Obrador<\/strong>, Presidente de M\u00e9xico, asegur\u00f3 hoy que la <strong>Comisi\u00f3n Federal de Electricidad<\/strong>(CFE) ser\u00e1 fortalecida durante su Gobierno.<\/p>\n<blockquote>\n<p>\u201c\u00bfCu\u00e1l es la propuesta para generar m\u00e1s energ\u00eda? <strong>Acabar con la corrupci\u00f3n y la impunidad<\/strong>. El neoliberalismo signific\u00f3 un<strong> programa de desmantelamiento de la CFE.<\/strong> Quer\u00edan quedarse con el mercado. <strong>Comenz\u00f3 a ley secundaria en 1992<\/strong>. Empezaron a entregar las concesiones a empresas particulares. <strong>\u00c9ramos autosuficientes<\/strong> y ahora tenemos que pagar a precios elevados\u201d, dijo durante un evento en Chiapas.<\/p>\n<\/blockquote>\n<p>\u201cVamos a ahorrar. Vamos a evitar la corrupci\u00f3n y vamos a ser un Gobierno austero. Ten\u00edamos un Gobierno mantenido y bueno para nada. Hay quienes est\u00e1n acostumbrados a ganar 600 mil pesos mensuales. Se le bajar\u00e1 el sueldo a los de arriba porque se le aumentar\u00e1 a los de abajo. Vamos a ahorrar y por eso habr\u00e1 presupuesto para invertir. La CFE tendr\u00e1 presupuesto para invertir el a\u00f1o pr\u00f3ximo. Vamos a destinar el recurso a lo que mejor convenga. A lo que se am\u00e1s eficaz.<\/p>\n<p>\u201cNo ser\u00e1 f\u00e1cil, pero necesitamos un plan para volver a la autosuficiencia. Y en el proceso, en el camino, se va formado la competencia. Los consumidores van a ganar con el fortalecimiento de la CFE. Aqu\u00ed dejo planteada una idea que deber\u00e1n ustedes considerar, tomar en cuenta, como muchas otras: las hidroel\u00e9ctricas pueden producir m\u00e1s energ\u00eda si se modernizan\u201d, se\u00f1al\u00f3.<\/p>\n<p>A\u00f1adi\u00f3: \u201cSer\u00eda muy dif\u00edcil pensar en construir nuevas hidroel\u00e9ctricas. Es muy complejo. Hay mucha oposici\u00f3n de ambientalistas y de los que no quieren que se fortalezca la empresa p\u00fablica. Si ya se tiene la infraestructura, vamos a modernizarla\u201d.<\/p>\n<p>Andr\u00e9s Manuel dijo que se llevar\u00e1 a cabo una auditor\u00eda t\u00e9cnica a la\u00a0Comisi\u00f3n Federal de Electricidad.<\/p>\n<p>Dijo que se buscar\u00e1 crecer sin inflaci\u00f3n, sin devaluaci\u00f3n, sin seguir endeudando al pa\u00eds: \u201cNo les dio tiempo de llevarse todo. Nos va a salvar la gran obra de los gobiernos post revolucionarios. El periodo neoliberal es como el que asalta un banco y est\u00e1 metiendo el dinero en costales, y de repente suena la alarma y ya no les da tiempo de robarse todo. Con lo que dejaron vamos a rescatar el pa\u00eds\u201d.<\/p>\n<p>\u201cLo dije el primero de diciembre: no se trata de un nuevo Gobierno, se trata de un cambio de r\u00e9gimen. Es una transformaci\u00f3n. No es gatopardismo. Esto es algo nuevo que se inspira en lo mejor de nuestra historia nacional. Siempre es importante recordar la historia.<\/p>\n<p>\u201c\u00bfQu\u00e9 significa esta Cuarta Transformaci\u00f3n? Significa dar por terminado el periodo neoliberal. Ese modelo no dio buenos resultados. En 36 a\u00f1os no hubo resultados. Cero crecimiento econ\u00f3mico. Ya no podemos seguir con un modelo ineficiente que s\u00f3lo benefici\u00f3 a una mayor\u00eda y que oblig\u00f3 a mexicanos a irse a vivir a otras partes\u201d, dijo.<\/p>\n<blockquote class=\"twitter-tweet\" data-width=\"550\" data-dnt=\"true\">\n<p lang=\"es\" dir=\"ltr\">Presidente <a href=\"https:\/\/twitter.com\/lopezobrador_?ref_src=twsrc%5Etfw\">@lopezobrador_<\/a> en la <a href=\"https:\/\/twitter.com\/hashtag\/TomaDeProtesta?src=hash&amp;ref_src=twsrc%5Etfw\">#TomaDeProtesta<\/a> del gobernador de Chiapas <a href=\"https:\/\/twitter.com\/RutilioEscandon?ref_src=twsrc%5Etfw\">@rutilioescandon<\/a><\/p>\n<p>El Himno a Chiapas, hoy m\u00e1s vigente que nunca:<br \/>&quot;Que se olvide la odiosa venganza<br \/>que termine por siempre el rencor<br \/>que una sea nuestra hermosa esperanza<br \/>y uno solo tambi\u00e9n nuestro amor&quot; <a href=\"https:\/\/t.co\/lDKdYP8NpE\">pic.twitter.com\/lDKdYP8NpE<\/a><\/p>\n<p>&mdash; Gobierno de M\u00e9xico (@GobiernoMX) <a href=\"https:\/\/twitter.com\/GobiernoMX\/status\/1071513624382910464?ref_src=twsrc%5Etfw\">December 8, 2018<\/a><\/p><\/blockquote>\n<p><script async src=\"https:\/\/platform.twitter.com\/widgets.js\" charset=\"utf-8\"><\/script><\/p>\n","protected":false},"excerpt":{"rendered":"<p>El neoliberalismo desmantel\u00f3 la CFE, ahora la vamos a rescatar, afirma L\u00f3pez Obrador en Chiapas<br \/>\nPor Redacci\u00f3n QP<\/p>\n","protected":false},"author":2,"featured_media":11273,"comment_status":"open","ping_status":"open","sticky":false,"template":"","format":"standard","meta":{"_monsterinsights_skip_tracking":false,"_monsterinsights_sitenote_active":false,"_monsterinsights_sitenote_note":"","_monsterinsights_sitenote_category":0,"footnotes":""},"categories":[2],"tags":[],"class_list":["post-11274","post","type-post","status-publish","format-standard","has-post-thumbnail","hentry","category-noticias"],"yoast_head":"<!-- This site is optimized with the Yoast SEO plugin v27.3 - https:\/\/yoast.com\/product\/yoast-seo-wordpress\/ -->\n<title>El neoliberalismo desmantel\u00f3 la CFE, ahora la vamos a rescatar, afirma L\u00f3pez Obrador en Chiapas -<\/title>\n<meta name=\"robots\" content=\"index, follow, max-snippet:-1, max-image-preview:large, max-video-preview:-1\" \/>\n<link rel=\"canonical\" href=\"https:\/\/quehacerpolitico.mx\/?p=11274\" \/>\n<meta property=\"og:locale\" content=\"es_MX\" \/>\n<meta property=\"og:type\" content=\"article\" \/>\n<meta property=\"og:title\" content=\"El neoliberalismo desmantel\u00f3 la CFE, ahora la vamos a rescatar, afirma L\u00f3pez Obrador en Chiapas -\" \/>\n<meta property=\"og:description\" content=\"El neoliberalismo desmantel\u00f3 la CFE, ahora la vamos a rescatar, afirma L\u00f3pez Obrador en Chiapas Por Redacci\u00f3n QP\" \/>\n<meta property=\"og:url\" content=\"https:\/\/quehacerpolitico.mx\/?p=11274\" \/>\n<meta property=\"article:published_time\" content=\"2018-12-08T23:15:22+00:00\" \/>\n<meta name=\"author\" content=\"Redacci\u00f3n QP\" \/>\n<meta name=\"twitter:card\" content=\"summary_large_image\" \/>\n<meta name=\"twitter:label1\" content=\"Escrito por\" \/>\n\t<meta name=\"twitter:data1\" content=\"Redacci\u00f3n QP\" \/>\n\t<meta name=\"twitter:label2\" content=\"Tiempo de lectura\" \/>\n\t<meta name=\"twitter:data2\" content=\"3 minutos\" \/>\n<script type=\"application\/ld+json\" class=\"yoast-schema-graph\">{\"@context\":\"https:\\\/\\\/schema.org\",\"@graph\":[{\"@type\":\"Article\",\"@id\":\"https:\\\/\\\/quehacerpolitico.mx\\\/?p=11274#article\",\"isPartOf\":{\"@id\":\"https:\\\/\\\/quehacerpolitico.mx\\\/?p=11274\"},\"author\":{\"name\":\"Redacci\u00f3n QP\",\"@id\":\"https:\\\/\\\/quehacerpolitico.mx\\\/#\\\/schema\\\/person\\\/496d8ad2d1d3f8036101dca7ee39e585\"},\"headline\":\"El neoliberalismo desmantel\u00f3 la CFE, ahora la vamos a rescatar, afirma L\u00f3pez Obrador en Chiapas\",\"datePublished\":\"2018-12-08T23:15:22+00:00\",\"mainEntityOfPage\":{\"@id\":\"https:\\\/\\\/quehacerpolitico.mx\\\/?p=11274\"},\"wordCount\":536,\"commentCount\":0,\"image\":{\"@id\":\"https:\\\/\\\/quehacerpolitico.mx\\\/?p=11274#primaryimage\"},\"thumbnailUrl\":\"\",\"articleSection\":[\"Noticias\"],\"inLanguage\":\"es\",\"potentialAction\":[{\"@type\":\"CommentAction\",\"name\":\"Comment\",\"target\":[\"https:\\\/\\\/quehacerpolitico.mx\\\/?p=11274#respond\"]}]},{\"@type\":\"WebPage\",\"@id\":\"https:\\\/\\\/quehacerpolitico.mx\\\/?p=11274\",\"url\":\"https:\\\/\\\/quehacerpolitico.mx\\\/?p=11274\",\"name\":\"El neoliberalismo desmantel\u00f3 la CFE, ahora la vamos a rescatar, afirma L\u00f3pez Obrador en Chiapas -\",\"isPartOf\":{\"@id\":\"https:\\\/\\\/quehacerpolitico.mx\\\/#website\"},\"primaryImageOfPage\":{\"@id\":\"https:\\\/\\\/quehacerpolitico.mx\\\/?p=11274#primaryimage\"},\"image\":{\"@id\":\"https:\\\/\\\/quehacerpolitico.mx\\\/?p=11274#primaryimage\"},\"thumbnailUrl\":\"\",\"datePublished\":\"2018-12-08T23:15:22+00:00\",\"author\":{\"@id\":\"https:\\\/\\\/quehacerpolitico.mx\\\/#\\\/schema\\\/person\\\/496d8ad2d1d3f8036101dca7ee39e585\"},\"breadcrumb\":{\"@id\":\"https:\\\/\\\/quehacerpolitico.mx\\\/?p=11274#breadcrumb\"},\"inLanguage\":\"es\",\"potentialAction\":[{\"@type\":\"ReadAction\",\"target\":[\"https:\\\/\\\/quehacerpolitico.mx\\\/?p=11274\"]}]},{\"@type\":\"ImageObject\",\"inLanguage\":\"es\",\"@id\":\"https:\\\/\\\/quehacerpolitico.mx\\\/?p=11274#primaryimage\",\"url\":\"\",\"contentUrl\":\"\"},{\"@type\":\"BreadcrumbList\",\"@id\":\"https:\\\/\\\/quehacerpolitico.mx\\\/?p=11274#breadcrumb\",\"itemListElement\":[{\"@type\":\"ListItem\",\"position\":1,\"name\":\"Inicio\",\"item\":\"https:\\\/\\\/quehacerpolitico.mx\\\/\"},{\"@type\":\"ListItem\",\"position\":2,\"name\":\"El neoliberalismo desmantel\u00f3 la CFE, ahora la vamos a rescatar, afirma L\u00f3pez Obrador en Chiapas\"}]},{\"@type\":\"WebSite\",\"@id\":\"https:\\\/\\\/quehacerpolitico.mx\\\/#website\",\"url\":\"https:\\\/\\\/quehacerpolitico.mx\\\/\",\"name\":\"\",\"description\":\"\",\"potentialAction\":[{\"@type\":\"SearchAction\",\"target\":{\"@type\":\"EntryPoint\",\"urlTemplate\":\"https:\\\/\\\/quehacerpolitico.mx\\\/?s={search_term_string}\"},\"query-input\":{\"@type\":\"PropertyValueSpecification\",\"valueRequired\":true,\"valueName\":\"search_term_string\"}}],\"inLanguage\":\"es\"},{\"@type\":\"Person\",\"@id\":\"https:\\\/\\\/quehacerpolitico.mx\\\/#\\\/schema\\\/person\\\/496d8ad2d1d3f8036101dca7ee39e585\",\"name\":\"Redacci\u00f3n QP\",\"image\":{\"@type\":\"ImageObject\",\"inLanguage\":\"es\",\"@id\":\"https:\\\/\\\/secure.gravatar.com\\\/avatar\\\/c7164ed6fdec453195284ad24a5ae5b6e1eed2b848477fa2a4787ba9adf39a41?s=96&d=mm&r=g\",\"url\":\"https:\\\/\\\/secure.gravatar.com\\\/avatar\\\/c7164ed6fdec453195284ad24a5ae5b6e1eed2b848477fa2a4787ba9adf39a41?s=96&d=mm&r=g\",\"contentUrl\":\"https:\\\/\\\/secure.gravatar.com\\\/avatar\\\/c7164ed6fdec453195284ad24a5ae5b6e1eed2b848477fa2a4787ba9adf39a41?s=96&d=mm&r=g\",\"caption\":\"Redacci\u00f3n QP\"},\"url\":\"https:\\\/\\\/quehacerpolitico.mx\\\/?author=2\"}]}<\/script>\n<!-- \/ Yoast SEO plugin. -->","yoast_head_json":{"title":"El neoliberalismo desmantel\u00f3 la CFE, ahora la vamos a rescatar, afirma L\u00f3pez Obrador en Chiapas -","robots":{"index":"index","follow":"follow","max-snippet":"max-snippet:-1","max-image-preview":"max-image-preview:large","max-video-preview":"max-video-preview:-1"},"canonical":"https:\/\/quehacerpolitico.mx\/?p=11274","og_locale":"es_MX","og_type":"article","og_title":"El neoliberalismo desmantel\u00f3 la CFE, ahora la vamos a rescatar, afirma L\u00f3pez Obrador en Chiapas -","og_description":"El neoliberalismo desmantel\u00f3 la CFE, ahora la vamos a rescatar, afirma L\u00f3pez Obrador en Chiapas Por Redacci\u00f3n QP","og_url":"https:\/\/quehacerpolitico.mx\/?p=11274","article_published_time":"2018-12-08T23:15:22+00:00","author":"Redacci\u00f3n QP","twitter_card":"summary_large_image","twitter_misc":{"Escrito por":"Redacci\u00f3n QP","Tiempo de lectura":"3 minutos"},"schema":{"@context":"https:\/\/schema.org","@graph":[{"@type":"Article","@id":"https:\/\/quehacerpolitico.mx\/?p=11274#article","isPartOf":{"@id":"https:\/\/quehacerpolitico.mx\/?p=11274"},"author":{"name":"Redacci\u00f3n QP","@id":"https:\/\/quehacerpolitico.mx\/#\/schema\/person\/496d8ad2d1d3f8036101dca7ee39e585"},"headline":"El neoliberalismo desmantel\u00f3 la CFE, ahora la vamos a rescatar, afirma L\u00f3pez Obrador en Chiapas","datePublished":"2018-12-08T23:15:22+00:00","mainEntityOfPage":{"@id":"https:\/\/quehacerpolitico.mx\/?p=11274"},"wordCount":536,"commentCount":0,"image":{"@id":"https:\/\/quehacerpolitico.mx\/?p=11274#primaryimage"},"thumbnailUrl":"","articleSection":["Noticias"],"inLanguage":"es","potentialAction":[{"@type":"CommentAction","name":"Comment","target":["https:\/\/quehacerpolitico.mx\/?p=11274#respond"]}]},{"@type":"WebPage","@id":"https:\/\/quehacerpolitico.mx\/?p=11274","url":"https:\/\/quehacerpolitico.mx\/?p=11274","name":"El neoliberalismo desmantel\u00f3 la CFE, ahora la vamos a rescatar, afirma L\u00f3pez Obrador en Chiapas -","isPartOf":{"@id":"https:\/\/quehacerpolitico.mx\/#website"},"primaryImageOfPage":{"@id":"https:\/\/quehacerpolitico.mx\/?p=11274#primaryimage"},"image":{"@id":"https:\/\/quehacerpolitico.mx\/?p=11274#primaryimage"},"thumbnailUrl":"","datePublished":"2018-12-08T23:15:22+00:00","author":{"@id":"https:\/\/quehacerpolitico.mx\/#\/schema\/person\/496d8ad2d1d3f8036101dca7ee39e585"},"breadcrumb":{"@id":"https:\/\/quehacerpolitico.mx\/?p=11274#breadcrumb"},"inLanguage":"es","potentialAction":[{"@type":"ReadAction","target":["https:\/\/quehacerpolitico.mx\/?p=11274"]}]},{"@type":"ImageObject","inLanguage":"es","@id":"https:\/\/quehacerpolitico.mx\/?p=11274#primaryimage","url":"","contentUrl":""},{"@type":"BreadcrumbList","@id":"https:\/\/quehacerpolitico.mx\/?p=11274#breadcrumb","itemListElement":[{"@type":"ListItem","position":1,"name":"Inicio","item":"https:\/\/quehacerpolitico.mx\/"},{"@type":"ListItem","position":2,"name":"El neoliberalismo desmantel\u00f3 la CFE, ahora la vamos a rescatar, afirma L\u00f3pez Obrador en Chiapas"}]},{"@type":"WebSite","@id":"https:\/\/quehacerpolitico.mx\/#website","url":"https:\/\/quehacerpolitico.mx\/","name":"","description":"","potentialAction":[{"@type":"SearchAction","target":{"@type":"EntryPoint","urlTemplate":"https:\/\/quehacerpolitico.mx\/?s={search_term_string}"},"query-input":{"@type":"PropertyValueSpecification","valueRequired":true,"valueName":"search_term_string"}}],"inLanguage":"es"},{"@type":"Person","@id":"https:\/\/quehacerpolitico.mx\/#\/schema\/person\/496d8ad2d1d3f8036101dca7ee39e585","name":"Redacci\u00f3n QP","image":{"@type":"ImageObject","inLanguage":"es","@id":"https:\/\/secure.gravatar.com\/avatar\/c7164ed6fdec453195284ad24a5ae5b6e1eed2b848477fa2a4787ba9adf39a41?s=96&d=mm&r=g","url":"https:\/\/secure.gravatar.com\/avatar\/c7164ed6fdec453195284ad24a5ae5b6e1eed2b848477fa2a4787ba9adf39a41?s=96&d=mm&r=g","contentUrl":"https:\/\/secure.gravatar.com\/avatar\/c7164ed6fdec453195284ad24a5ae5b6e1eed2b848477fa2a4787ba9adf39a41?s=96&d=mm&r=g","caption":"Redacci\u00f3n QP"},"url":"https:\/\/quehacerpolitico.mx\/?author=2"}]}},"featured_image_urls":{"full":"","thumbnail":"","medium":"","medium_large":"","large":"","1536x1536":"","2048x2048":"","covernews-featured":"","covernews-medium":""},"author_info":{"display_name":"Redacci\u00f3n QP","author_link":"https:\/\/quehacerpolitico.mx\/?author=2"},"category_info":"<a href=\"https:\/\/quehacerpolitico.mx\/?cat=2\" rel=\"category\">Noticias<\/a>","tag_info":"Noticias","comment_count":"0","_links":{"self":[{"href":"https:\/\/quehacerpolitico.mx\/index.php?rest_route=\/wp\/v2\/posts\/11274","targetHints":{"allow":["GET"]}}],"collection":[{"href":"https:\/\/quehacerpolitico.mx\/index.php?rest_route=\/wp\/v2\/posts"}],"about":[{"href":"https:\/\/quehacerpolitico.mx\/index.php?rest_route=\/wp\/v2\/types\/post"}],"author":[{"embeddable":true,"href":"https:\/\/quehacerpolitico.mx\/index.php?rest_route=\/wp\/v2\/users\/2"}],"replies":[{"embeddable":true,"href":"https:\/\/quehacerpolitico.mx\/index.php?rest_route=%2Fwp%2Fv2%2Fcomments&post=11274"}],"version-history":[{"count":0,"href":"https:\/\/quehacerpolitico.mx\/index.php?rest_route=\/wp\/v2\/posts\/11274\/revisions"}],"wp:featuredmedia":[{"embeddable":true,"href":"https:\/\/quehacerpolitico.mx\/index.php?rest_route=\/"}],"wp:attachment":[{"href":"https:\/\/quehacerpolitico.mx\/index.php?rest_route=%2Fwp%2Fv2%2Fmedia&parent=11274"}],"wp:term":[{"taxonomy":"category","embeddable":true,"href":"https:\/\/quehacerpolitico.mx\/index.php?rest_route=%2Fwp%2Fv2%2Fcategories&post=11274"},{"taxonomy":"post_tag","embeddable":true,"href":"https:\/\/quehacerpolitico.mx\/index.php?rest_route=%2Fwp%2Fv2%2Ftags&post=11274"}],"curies":[{"name":"wp","href":"https:\/\/api.w.org\/{rel}","templated":true}]}}