{"id":11271,"date":"2018-12-08T18:25:46","date_gmt":"2018-12-08T18:25:46","guid":{"rendered":"http:\/\/quehacerpolitico.mx\/el-observador-francisco-rodriguez-inaugura-en-azcapotzalco-modulo-legislativo-la-diputada-ana-cristina-hernandez-trejo\/"},"modified":"2018-12-08T18:25:46","modified_gmt":"2018-12-08T18:25:46","slug":"el-observador-francisco-rodriguez-inaugura-en-azcapotzalco-modulo-legislativo-la-diputada-ana-cristina-hernandez-trejo","status":"publish","type":"post","link":"https:\/\/quehacerpolitico.mx\/?p=11271","title":{"rendered":"El Observador\/\/\/Francisco Rodr\u00edguez\/\/\/Inaugura en Azcapotzalco M\u00f3dulo Legislativo la Diputada Ana Cristina Hern\u00e1ndez Trejo"},"content":{"rendered":"<p class=\"s3\"><span class=\"s2\"><span class=\"bumpedFont15\">Inaugur\u00f3 en Azcapotzalco su m\u00f3dulo legislativo, la Dip. Ana Cristina Hern\u00e1ndez Trejo<\/span><\/span><\/p>\n<p class=\"s3\"><span class=\"s2\"><span class=\"bumpedFont15\">*Habr\u00e1 diversas actividades, tales como: cursos, talleres, gestor\u00eda, consultas m\u00e9dicas, asesor\u00eda jur\u00eddica y otras, totalmente gratuitas<\/span><\/span><\/p>\n<p class=\"s3\"><span class=\"s4\"><span class=\"bumpedFont15\">Por Francisco Rodr\u00edguez<\/span><\/span><\/p>\n<p class=\"s3\"><span class=\"s4\"><span class=\"bumpedFont15\">Este viernes 7 de diciembre a<\/span><\/span><span class=\"s4\"><span class=\"bumpedFont15\"> 11:30.am inaugur\u00f3 su m\u00f3dulo la Dip. Ana Cristina Hern\u00e1ndez Trejo, en Calzada Renacimiento No. 1<\/span><\/span><span class=\"s4\"><span class=\"bumpedFont15\">07 San Pedro Xalpa en la Alcald\u00ed<\/span><\/span><span class=\"s4\"><span class=\"bumpedFont15\">a de Azcapotzalco, el cual estar\u00e1 abierto a la ciudadan\u00eda en un horario de lunes a viernes de 10.00 am a 5:00 pm y los s\u00e1bados de 10:00 am a 13:00 pm.<\/span><\/span><\/p>\n<p class=\"s3\"><span class=\"s4\"><span class=\"bumpedFont15\">En esta inauguraci\u00f3n del m\u00f3dulo legislativo, se cont\u00f3 con la<\/span><\/span><span class=\"s4\"><span class=\"bumpedFont15\">asistencia del Alcalde de Iztacalco<\/span><\/span><span class=\"s4\"><span class=\"bumpedFont15\">,<\/span><\/span> <span class=\"s4\"><span class=\"bumpedFont15\">Armando Quintero,<\/span><\/span><span class=\"s4\"><span class=\"bumpedFont15\"> el Lic. Fernando Rosique<\/span><\/span><span class=\"s4\"><span class=\"bumpedFont15\">,<\/span><\/span><span class=\"s4\"><span class=\"bumpedFont15\"> Lorena <\/span><\/span><span class=\"s4\"><span class=\"bumpedFont15\">Garc\u00eda<\/span><\/span><span class=\"s4\"><span class=\"bumpedFont15\"> y Fernando <\/span><\/span><span class=\"s4\"><span class=\"bumpedFont15\">Ch\u00e1vez<\/span><\/span><span class=\"s4\"><span class=\"bumpedFont15\">, quienes junto a la diputada Ana Cristina cortaron el list\u00f3n, dando as\u00ed la m\u00e1s cordial bienvenida a la ciudadan\u00eda y se comprometi\u00f3 en trabajar siempre a favor de la gente.<\/span><\/span><\/p>\n<p class=\"s3\"><span class=\"s4\"><span class=\"bumpedFont15\">En su mensaje, la legisladora local se\u00f1al\u00f3 que a partir del 7 de enero<\/span><\/span><span class=\"s4\"><span class=\"bumpedFont15\"> de 2019<\/span><\/span><span class=\"s4\"><span class=\"bumpedFont15\"> se iniciar\u00e1n los cursos<\/span><\/span><span class=\"s4\"><span class=\"bumpedFont15\"> de ingl\u00e9s, computaci\u00f3n, dibujo, m\u00fasica, clases art\u00edsti<\/span><\/span><span class=\"s4\"><span class=\"bumpedFont15\">cas, consultas m\u00e9dicas<\/span><\/span><span class=\"s4\"><span class=\"bumpedFont15\">, atenci\u00f3n psicol\u00f3gica<\/span><\/span><span class=\"s4\"><span class=\"bumpedFont15\">, asesor\u00eda jur\u00eddica, atenci\u00f3n de tareas, clases de regularizaci\u00f3n y diversas actividades que se van aum<\/span><\/span><span class=\"s4\"><span class=\"bumpedFont15\">entar conforme avance el tiempo y todas son gratuitas.<\/span><\/span><\/p>\n<p class=\"s3\"><span class=\"s4\"><span class=\"bumpedFont15\">\u201cVamos a estar bajando a las comunidades, los fines de semana con actividades deportivas, que le hemos llamado deporte en tu barrio. Habr\u00e1 torneos de futbol, basquetbol y volibol entre otros\u201d, explic\u00f3.<\/span><\/span><\/p>\n<p class=\"s3\"><span class=\"s4\"><span class=\"bumpedFont15\">Por \u00faltimo, Hern\u00e1ndez Trejo<\/span><\/span> <span class=\"s4\"><span class=\"bumpedFont15\">refiri\u00f3 que har\u00e1 recorrido por diferentes colonias de Azcapotzalco, cuando no est\u00e9 en actividad en el Congreso y los d\u00edas mi\u00e9rcoles estar\u00e1 atendiendo personalmente a la ciudadan\u00eda en su m\u00f3dulo de atenci\u00f3n.<\/span><\/span><\/p>\n","protected":false},"excerpt":{"rendered":"<p>Inaugura en Azcapotzalco M\u00f3dulo Legislativo la Diputada Ana Cristina Hern\u00e1ndez Trejo<br \/>\nPor Francisco Rodr\u00edguez<\/p>\n","protected":false},"author":2,"featured_media":11270,"comment_status":"open","ping_status":"open","sticky":false,"template":"","format":"standard","meta":{"_monsterinsights_skip_tracking":false,"_monsterinsights_sitenote_active":false,"_monsterinsights_sitenote_note":"","_monsterinsights_sitenote_category":0,"footnotes":""},"categories":[55],"tags":[],"class_list":["post-11271","post","type-post","status-publish","format-standard","has-post-thumbnail","hentry","category-cdmx"],"yoast_head":"<!-- This site is optimized with the Yoast SEO plugin v27.3 - https:\/\/yoast.com\/product\/yoast-seo-wordpress\/ -->\n<title>El Observador\/\/\/Francisco Rodr\u00edguez\/\/\/Inaugura en Azcapotzalco M\u00f3dulo Legislativo la Diputada Ana Cristina Hern\u00e1ndez Trejo -<\/title>\n<meta name=\"robots\" content=\"index, follow, max-snippet:-1, max-image-preview:large, max-video-preview:-1\" \/>\n<link rel=\"canonical\" href=\"https:\/\/quehacerpolitico.mx\/?p=11271\" \/>\n<meta property=\"og:locale\" content=\"es_MX\" \/>\n<meta property=\"og:type\" content=\"article\" \/>\n<meta property=\"og:title\" content=\"El Observador\/\/\/Francisco Rodr\u00edguez\/\/\/Inaugura en Azcapotzalco M\u00f3dulo Legislativo la Diputada Ana Cristina Hern\u00e1ndez Trejo -\" \/>\n<meta property=\"og:description\" content=\"Inaugura en Azcapotzalco M\u00f3dulo Legislativo la Diputada Ana Cristina Hern\u00e1ndez Trejo Por Francisco Rodr\u00edguez\" \/>\n<meta property=\"og:url\" content=\"https:\/\/quehacerpolitico.mx\/?p=11271\" \/>\n<meta property=\"article:published_time\" content=\"2018-12-08T18:25:46+00:00\" \/>\n<meta name=\"author\" content=\"Redacci\u00f3n QP\" \/>\n<meta name=\"twitter:card\" content=\"summary_large_image\" \/>\n<meta name=\"twitter:label1\" content=\"Escrito por\" \/>\n\t<meta name=\"twitter:data1\" content=\"Redacci\u00f3n QP\" \/>\n\t<meta name=\"twitter:label2\" content=\"Tiempo de lectura\" \/>\n\t<meta name=\"twitter:data2\" content=\"1 minuto\" \/>\n<script type=\"application\/ld+json\" class=\"yoast-schema-graph\">{\"@context\":\"https:\\\/\\\/schema.org\",\"@graph\":[{\"@type\":\"Article\",\"@id\":\"https:\\\/\\\/quehacerpolitico.mx\\\/?p=11271#article\",\"isPartOf\":{\"@id\":\"https:\\\/\\\/quehacerpolitico.mx\\\/?p=11271\"},\"author\":{\"name\":\"Redacci\u00f3n QP\",\"@id\":\"https:\\\/\\\/quehacerpolitico.mx\\\/#\\\/schema\\\/person\\\/496d8ad2d1d3f8036101dca7ee39e585\"},\"headline\":\"El Observador\\\/\\\/\\\/Francisco Rodr\u00edguez\\\/\\\/\\\/Inaugura en Azcapotzalco M\u00f3dulo Legislativo la Diputada Ana Cristina Hern\u00e1ndez Trejo\",\"datePublished\":\"2018-12-08T18:25:46+00:00\",\"mainEntityOfPage\":{\"@id\":\"https:\\\/\\\/quehacerpolitico.mx\\\/?p=11271\"},\"wordCount\":317,\"commentCount\":0,\"image\":{\"@id\":\"https:\\\/\\\/quehacerpolitico.mx\\\/?p=11271#primaryimage\"},\"thumbnailUrl\":\"\",\"articleSection\":[\"CDMX\"],\"inLanguage\":\"es\",\"potentialAction\":[{\"@type\":\"CommentAction\",\"name\":\"Comment\",\"target\":[\"https:\\\/\\\/quehacerpolitico.mx\\\/?p=11271#respond\"]}]},{\"@type\":\"WebPage\",\"@id\":\"https:\\\/\\\/quehacerpolitico.mx\\\/?p=11271\",\"url\":\"https:\\\/\\\/quehacerpolitico.mx\\\/?p=11271\",\"name\":\"El Observador\\\/\\\/\\\/Francisco Rodr\u00edguez\\\/\\\/\\\/Inaugura en Azcapotzalco M\u00f3dulo Legislativo la Diputada Ana Cristina Hern\u00e1ndez Trejo -\",\"isPartOf\":{\"@id\":\"https:\\\/\\\/quehacerpolitico.mx\\\/#website\"},\"primaryImageOfPage\":{\"@id\":\"https:\\\/\\\/quehacerpolitico.mx\\\/?p=11271#primaryimage\"},\"image\":{\"@id\":\"https:\\\/\\\/quehacerpolitico.mx\\\/?p=11271#primaryimage\"},\"thumbnailUrl\":\"\",\"datePublished\":\"2018-12-08T18:25:46+00:00\",\"author\":{\"@id\":\"https:\\\/\\\/quehacerpolitico.mx\\\/#\\\/schema\\\/person\\\/496d8ad2d1d3f8036101dca7ee39e585\"},\"breadcrumb\":{\"@id\":\"https:\\\/\\\/quehacerpolitico.mx\\\/?p=11271#breadcrumb\"},\"inLanguage\":\"es\",\"potentialAction\":[{\"@type\":\"ReadAction\",\"target\":[\"https:\\\/\\\/quehacerpolitico.mx\\\/?p=11271\"]}]},{\"@type\":\"ImageObject\",\"inLanguage\":\"es\",\"@id\":\"https:\\\/\\\/quehacerpolitico.mx\\\/?p=11271#primaryimage\",\"url\":\"\",\"contentUrl\":\"\"},{\"@type\":\"BreadcrumbList\",\"@id\":\"https:\\\/\\\/quehacerpolitico.mx\\\/?p=11271#breadcrumb\",\"itemListElement\":[{\"@type\":\"ListItem\",\"position\":1,\"name\":\"Inicio\",\"item\":\"https:\\\/\\\/quehacerpolitico.mx\\\/\"},{\"@type\":\"ListItem\",\"position\":2,\"name\":\"El Observador\\\/\\\/\\\/Francisco Rodr\u00edguez\\\/\\\/\\\/Inaugura en Azcapotzalco M\u00f3dulo Legislativo la Diputada Ana Cristina Hern\u00e1ndez Trejo\"}]},{\"@type\":\"WebSite\",\"@id\":\"https:\\\/\\\/quehacerpolitico.mx\\\/#website\",\"url\":\"https:\\\/\\\/quehacerpolitico.mx\\\/\",\"name\":\"\",\"description\":\"\",\"potentialAction\":[{\"@type\":\"SearchAction\",\"target\":{\"@type\":\"EntryPoint\",\"urlTemplate\":\"https:\\\/\\\/quehacerpolitico.mx\\\/?s={search_term_string}\"},\"query-input\":{\"@type\":\"PropertyValueSpecification\",\"valueRequired\":true,\"valueName\":\"search_term_string\"}}],\"inLanguage\":\"es\"},{\"@type\":\"Person\",\"@id\":\"https:\\\/\\\/quehacerpolitico.mx\\\/#\\\/schema\\\/person\\\/496d8ad2d1d3f8036101dca7ee39e585\",\"name\":\"Redacci\u00f3n QP\",\"image\":{\"@type\":\"ImageObject\",\"inLanguage\":\"es\",\"@id\":\"https:\\\/\\\/secure.gravatar.com\\\/avatar\\\/c7164ed6fdec453195284ad24a5ae5b6e1eed2b848477fa2a4787ba9adf39a41?s=96&d=mm&r=g\",\"url\":\"https:\\\/\\\/secure.gravatar.com\\\/avatar\\\/c7164ed6fdec453195284ad24a5ae5b6e1eed2b848477fa2a4787ba9adf39a41?s=96&d=mm&r=g\",\"contentUrl\":\"https:\\\/\\\/secure.gravatar.com\\\/avatar\\\/c7164ed6fdec453195284ad24a5ae5b6e1eed2b848477fa2a4787ba9adf39a41?s=96&d=mm&r=g\",\"caption\":\"Redacci\u00f3n QP\"},\"url\":\"https:\\\/\\\/quehacerpolitico.mx\\\/?author=2\"}]}<\/script>\n<!-- \/ Yoast SEO plugin. -->","yoast_head_json":{"title":"El Observador\/\/\/Francisco Rodr\u00edguez\/\/\/Inaugura en Azcapotzalco M\u00f3dulo Legislativo la Diputada Ana Cristina Hern\u00e1ndez Trejo -","robots":{"index":"index","follow":"follow","max-snippet":"max-snippet:-1","max-image-preview":"max-image-preview:large","max-video-preview":"max-video-preview:-1"},"canonical":"https:\/\/quehacerpolitico.mx\/?p=11271","og_locale":"es_MX","og_type":"article","og_title":"El Observador\/\/\/Francisco Rodr\u00edguez\/\/\/Inaugura en Azcapotzalco M\u00f3dulo Legislativo la Diputada Ana Cristina Hern\u00e1ndez Trejo -","og_description":"Inaugura en Azcapotzalco M\u00f3dulo Legislativo la Diputada Ana Cristina Hern\u00e1ndez Trejo Por Francisco Rodr\u00edguez","og_url":"https:\/\/quehacerpolitico.mx\/?p=11271","article_published_time":"2018-12-08T18:25:46+00:00","author":"Redacci\u00f3n QP","twitter_card":"summary_large_image","twitter_misc":{"Escrito por":"Redacci\u00f3n QP","Tiempo de lectura":"1 minuto"},"schema":{"@context":"https:\/\/schema.org","@graph":[{"@type":"Article","@id":"https:\/\/quehacerpolitico.mx\/?p=11271#article","isPartOf":{"@id":"https:\/\/quehacerpolitico.mx\/?p=11271"},"author":{"name":"Redacci\u00f3n QP","@id":"https:\/\/quehacerpolitico.mx\/#\/schema\/person\/496d8ad2d1d3f8036101dca7ee39e585"},"headline":"El Observador\/\/\/Francisco Rodr\u00edguez\/\/\/Inaugura en Azcapotzalco M\u00f3dulo Legislativo la Diputada Ana Cristina Hern\u00e1ndez Trejo","datePublished":"2018-12-08T18:25:46+00:00","mainEntityOfPage":{"@id":"https:\/\/quehacerpolitico.mx\/?p=11271"},"wordCount":317,"commentCount":0,"image":{"@id":"https:\/\/quehacerpolitico.mx\/?p=11271#primaryimage"},"thumbnailUrl":"","articleSection":["CDMX"],"inLanguage":"es","potentialAction":[{"@type":"CommentAction","name":"Comment","target":["https:\/\/quehacerpolitico.mx\/?p=11271#respond"]}]},{"@type":"WebPage","@id":"https:\/\/quehacerpolitico.mx\/?p=11271","url":"https:\/\/quehacerpolitico.mx\/?p=11271","name":"El Observador\/\/\/Francisco Rodr\u00edguez\/\/\/Inaugura en Azcapotzalco M\u00f3dulo Legislativo la Diputada Ana Cristina Hern\u00e1ndez Trejo -","isPartOf":{"@id":"https:\/\/quehacerpolitico.mx\/#website"},"primaryImageOfPage":{"@id":"https:\/\/quehacerpolitico.mx\/?p=11271#primaryimage"},"image":{"@id":"https:\/\/quehacerpolitico.mx\/?p=11271#primaryimage"},"thumbnailUrl":"","datePublished":"2018-12-08T18:25:46+00:00","author":{"@id":"https:\/\/quehacerpolitico.mx\/#\/schema\/person\/496d8ad2d1d3f8036101dca7ee39e585"},"breadcrumb":{"@id":"https:\/\/quehacerpolitico.mx\/?p=11271#breadcrumb"},"inLanguage":"es","potentialAction":[{"@type":"ReadAction","target":["https:\/\/quehacerpolitico.mx\/?p=11271"]}]},{"@type":"ImageObject","inLanguage":"es","@id":"https:\/\/quehacerpolitico.mx\/?p=11271#primaryimage","url":"","contentUrl":""},{"@type":"BreadcrumbList","@id":"https:\/\/quehacerpolitico.mx\/?p=11271#breadcrumb","itemListElement":[{"@type":"ListItem","position":1,"name":"Inicio","item":"https:\/\/quehacerpolitico.mx\/"},{"@type":"ListItem","position":2,"name":"El Observador\/\/\/Francisco Rodr\u00edguez\/\/\/Inaugura en Azcapotzalco M\u00f3dulo Legislativo la Diputada Ana Cristina Hern\u00e1ndez Trejo"}]},{"@type":"WebSite","@id":"https:\/\/quehacerpolitico.mx\/#website","url":"https:\/\/quehacerpolitico.mx\/","name":"","description":"","potentialAction":[{"@type":"SearchAction","target":{"@type":"EntryPoint","urlTemplate":"https:\/\/quehacerpolitico.mx\/?s={search_term_string}"},"query-input":{"@type":"PropertyValueSpecification","valueRequired":true,"valueName":"search_term_string"}}],"inLanguage":"es"},{"@type":"Person","@id":"https:\/\/quehacerpolitico.mx\/#\/schema\/person\/496d8ad2d1d3f8036101dca7ee39e585","name":"Redacci\u00f3n QP","image":{"@type":"ImageObject","inLanguage":"es","@id":"https:\/\/secure.gravatar.com\/avatar\/c7164ed6fdec453195284ad24a5ae5b6e1eed2b848477fa2a4787ba9adf39a41?s=96&d=mm&r=g","url":"https:\/\/secure.gravatar.com\/avatar\/c7164ed6fdec453195284ad24a5ae5b6e1eed2b848477fa2a4787ba9adf39a41?s=96&d=mm&r=g","contentUrl":"https:\/\/secure.gravatar.com\/avatar\/c7164ed6fdec453195284ad24a5ae5b6e1eed2b848477fa2a4787ba9adf39a41?s=96&d=mm&r=g","caption":"Redacci\u00f3n QP"},"url":"https:\/\/quehacerpolitico.mx\/?author=2"}]}},"featured_image_urls":{"full":"","thumbnail":"","medium":"","medium_large":"","large":"","1536x1536":"","2048x2048":"","covernews-featured":"","covernews-medium":""},"author_info":{"display_name":"Redacci\u00f3n QP","author_link":"https:\/\/quehacerpolitico.mx\/?author=2"},"category_info":"<a href=\"https:\/\/quehacerpolitico.mx\/?cat=55\" rel=\"category\">CDMX<\/a>","tag_info":"CDMX","comment_count":"0","_links":{"self":[{"href":"https:\/\/quehacerpolitico.mx\/index.php?rest_route=\/wp\/v2\/posts\/11271","targetHints":{"allow":["GET"]}}],"collection":[{"href":"https:\/\/quehacerpolitico.mx\/index.php?rest_route=\/wp\/v2\/posts"}],"about":[{"href":"https:\/\/quehacerpolitico.mx\/index.php?rest_route=\/wp\/v2\/types\/post"}],"author":[{"embeddable":true,"href":"https:\/\/quehacerpolitico.mx\/index.php?rest_route=\/wp\/v2\/users\/2"}],"replies":[{"embeddable":true,"href":"https:\/\/quehacerpolitico.mx\/index.php?rest_route=%2Fwp%2Fv2%2Fcomments&post=11271"}],"version-history":[{"count":0,"href":"https:\/\/quehacerpolitico.mx\/index.php?rest_route=\/wp\/v2\/posts\/11271\/revisions"}],"wp:featuredmedia":[{"embeddable":true,"href":"https:\/\/quehacerpolitico.mx\/index.php?rest_route=\/"}],"wp:attachment":[{"href":"https:\/\/quehacerpolitico.mx\/index.php?rest_route=%2Fwp%2Fv2%2Fmedia&parent=11271"}],"wp:term":[{"taxonomy":"category","embeddable":true,"href":"https:\/\/quehacerpolitico.mx\/index.php?rest_route=%2Fwp%2Fv2%2Fcategories&post=11271"},{"taxonomy":"post_tag","embeddable":true,"href":"https:\/\/quehacerpolitico.mx\/index.php?rest_route=%2Fwp%2Fv2%2Ftags&post=11271"}],"curies":[{"name":"wp","href":"https:\/\/api.w.org\/{rel}","templated":true}]}}