{"id":112690,"date":"2024-09-25T05:20:24","date_gmt":"2024-09-25T05:20:24","guid":{"rendered":"https:\/\/quehacerpolitico.mx\/?p=112690"},"modified":"2024-09-25T05:20:27","modified_gmt":"2024-09-25T05:20:27","slug":"infonavit-atiende-a-mas-de-4-mil-personas-en-su-propia-comunidad","status":"publish","type":"post","link":"https:\/\/quehacerpolitico.mx\/?p=112690","title":{"rendered":"INFONAVIT ATIENDE A M\u00c1S DE 4 MIL PERSONAS EN SU PROPIA COMUNIDAD"},"content":{"rendered":"\n<p>Por Redacci\u00f3n NotiExpress | La Revista del Sector Inmobiliario<\/p>\n\n\n\n<p>Con las Brigadas de Promoci\u00f3n y Servicio, as\u00ed como de la Mega Feria de Servicios, las personas evitaron traslados prolongados e inversiones de tiempo.&nbsp;<\/p>\n\n\n\n<p>El Instituto del Fondo Nacional de la Vivienda para los Trabajadores (Infonavit) atendi\u00f3 a 4 mil 457 personas a trav\u00e9s de la realizaci\u00f3n de brigadas y ferias de servicio en Ciudad de M\u00e9xico, con el objetivo de acercar sus tr\u00e1mites y atenci\u00f3n a las y los trabajadores apoy\u00e1ndolos en la construcci\u00f3n de su patrimonio.<\/p>\n\n\n\n<p>El Instituto atendi\u00f3 a:<\/p>\n\n\n\n<p>\u2022&nbsp;&nbsp;&nbsp;&nbsp;&nbsp;&nbsp;&nbsp;&nbsp;&nbsp;&nbsp;&nbsp;&nbsp; 2 mil derechohabientes, a trav\u00e9s de la Mega Feria de Servicios de Ciudad de M\u00e9xico.<\/p>\n\n\n\n<p>\u2022&nbsp;&nbsp;&nbsp;&nbsp;&nbsp;&nbsp;&nbsp;&nbsp;&nbsp;&nbsp;&nbsp;&nbsp; 2 mil 457 personas en las Brigadas de Promoci\u00f3n y Servicio realizadas en tres unidades habitacionales del estado.<\/p>\n\n\n\n<p>Con estas acciones, que forman parte de la campa\u00f1a Infonavit, est\u00e9s en donde est\u00e9s, se reitera el compromiso del Instituto de poner a las y los trabajadores al centro de sus decisiones, llevando sus opciones de cr\u00e9dito, tr\u00e1mites y servicios a donde est\u00e1n los derechohabientes, evitando traslados prolongados o grandes inversiones en tiempo.<\/p>\n\n\n\n<p>Entre los tr\u00e1mites que las y los derechohabientes pod\u00edan realizar se encuentran:&nbsp;&nbsp;<\/p>\n\n\n\n<p>\u2022&nbsp;&nbsp;&nbsp;&nbsp;&nbsp;&nbsp;&nbsp;&nbsp;&nbsp;&nbsp;&nbsp;&nbsp; Financiamiento para la construcci\u00f3n, ampliaci\u00f3n o mejora de vivienda.<\/p>\n\n\n\n<p>\u2022&nbsp;&nbsp;&nbsp;&nbsp;&nbsp;&nbsp;&nbsp;&nbsp;&nbsp;&nbsp;&nbsp;&nbsp; Cancelaci\u00f3n de su hipoteca para obtener las escrituras de su casa.<\/p>\n\n\n\n<p>\u2022&nbsp;&nbsp;&nbsp;&nbsp;&nbsp;&nbsp;&nbsp;&nbsp;&nbsp;&nbsp;&nbsp;&nbsp; Devoluci\u00f3n del saldo de su Subcuenta de Vivienda, en caso de estar pensionado.<\/p>\n\n\n\n<p>\u2022&nbsp;&nbsp;&nbsp;&nbsp;&nbsp;&nbsp;&nbsp;&nbsp;&nbsp;&nbsp;&nbsp;&nbsp; Descuento por Liquidaci\u00f3n Anticipada para saldar su hipoteca.<\/p>\n\n\n\n<p>\u2022&nbsp;&nbsp;&nbsp;&nbsp;&nbsp;&nbsp;&nbsp;&nbsp;&nbsp;&nbsp;&nbsp;&nbsp; Conversi\u00f3n de los cr\u00e9ditos Infonavit de Veces Salario M\u00ednimo (VSM) a pesos, mediante el programa de Responsabilidad Compartida.<\/p>\n\n\n\n<p>La campa\u00f1a Infonavit, est\u00e9s en donde est\u00e9s, consiste en acercar los servicios del Instituto y dar asesor\u00eda a las y los derechohabientes fuera de las oficinas, visitando unidades habitacionales e instalando m\u00f3dulos de atenci\u00f3n en los principales puntos de encuentro de las ciudades.<\/p>\n\n\n\n<p>Conoce todo lo que necesitas saber sobre cr\u00e9ditos, tr\u00e1mites y servicios del Infonavit, de manera sencilla y clara en&nbsp;<a href=\"http:\/\/infonavitfacil.mx\/\" target=\"_blank\" rel=\"noreferrer noopener\">infonavitfacil.mx<\/a>. o date de alta en&nbsp;<a href=\"http:\/\/micuenta.infonavit.org.mx\/\" target=\"_blank\" rel=\"noreferrer noopener\">micuenta.infonavit.org.mx<\/a><\/p>\n\n\n\n<p>No se te olvide que?<\/p>\n\n\n\n<p>En&nbsp;NotiExpress | La Revista del Sector Inmobiliario nos ocupamos en la difusi\u00f3n de la industria inmobiliaria generamos contenidos que te ayudar\u00e1n a mantenerte a la vanguardia en tecnolog\u00eda y en tendencias del sector inmobiliario para que puedas ofrecer el mejor servicio y generar m\u00e1s clientes.<\/p>\n\n\n\n<p>\u00c9chale una miradita a nuestra revista mensual donde encontrar\u00e1s la informaci\u00f3n precisa y oportuna con todo lo relacionado al sector inmobiliario aqu\u00ed \ud83d\udc49\u00a0<a href=\"https:\/\/issuu.com\/notiexpressmx\/docs\/notiexpress_07\">https:\/\/issuu.com\/notiexpressmx\/docs\/notiexpress_07\u00a0<\/a>\u00a0NotiExpress | La Revista del Sector Inmobiliario<\/p>\n\n\n\n<figure class=\"wp-block-image size-large\"><img loading=\"lazy\" decoding=\"async\" width=\"1024\" height=\"378\" src=\"https:\/\/quehacerpolitico.mx\/wp-content\/uploads\/2024\/09\/image-65-1024x378.jpeg\" alt=\"\" class=\"wp-image-112691\" srcset=\"https:\/\/quehacerpolitico.mx\/wp-content\/uploads\/2024\/09\/image-65-1024x378.jpeg 1024w, https:\/\/quehacerpolitico.mx\/wp-content\/uploads\/2024\/09\/image-65-300x111.jpeg 300w, https:\/\/quehacerpolitico.mx\/wp-content\/uploads\/2024\/09\/image-65-768x284.jpeg 768w, https:\/\/quehacerpolitico.mx\/wp-content\/uploads\/2024\/09\/image-65-260x96.jpeg 260w, https:\/\/quehacerpolitico.mx\/wp-content\/uploads\/2024\/09\/image-65-50x18.jpeg 50w, https:\/\/quehacerpolitico.mx\/wp-content\/uploads\/2024\/09\/image-65-150x55.jpeg 150w, https:\/\/quehacerpolitico.mx\/wp-content\/uploads\/2024\/09\/image-65.jpeg 1280w\" sizes=\"auto, (max-width: 1024px) 100vw, 1024px\" \/><\/figure>\n","protected":false},"excerpt":{"rendered":"<p>Por Redacci\u00f3n NotiExpress | La Revista del Sector Inmobiliario Con las Brigadas de Promoci\u00f3n y&#8230;<\/p>\n","protected":false},"author":2,"featured_media":112692,"comment_status":"open","ping_status":"open","sticky":false,"template":"","format":"standard","meta":{"_monsterinsights_skip_tracking":false,"_monsterinsights_sitenote_active":false,"_monsterinsights_sitenote_note":"","_monsterinsights_sitenote_category":0,"footnotes":""},"categories":[56],"tags":[],"class_list":["post-112690","post","type-post","status-publish","format-standard","has-post-thumbnail","hentry","category-economia"],"yoast_head":"<!-- This site is optimized with the Yoast SEO plugin v27.3 - https:\/\/yoast.com\/product\/yoast-seo-wordpress\/ -->\n<title>INFONAVIT ATIENDE A M\u00c1S DE 4 MIL PERSONAS EN SU PROPIA COMUNIDAD -<\/title>\n<meta name=\"robots\" content=\"index, follow, max-snippet:-1, max-image-preview:large, max-video-preview:-1\" \/>\n<link rel=\"canonical\" href=\"https:\/\/quehacerpolitico.mx\/?p=112690\" \/>\n<meta property=\"og:locale\" content=\"es_MX\" \/>\n<meta property=\"og:type\" content=\"article\" \/>\n<meta property=\"og:title\" content=\"INFONAVIT ATIENDE A M\u00c1S DE 4 MIL PERSONAS EN SU PROPIA COMUNIDAD -\" \/>\n<meta property=\"og:description\" content=\"Por Redacci\u00f3n NotiExpress | La Revista del Sector Inmobiliario Con las Brigadas de Promoci\u00f3n y...\" \/>\n<meta property=\"og:url\" content=\"https:\/\/quehacerpolitico.mx\/?p=112690\" \/>\n<meta property=\"article:published_time\" content=\"2024-09-25T05:20:24+00:00\" \/>\n<meta property=\"article:modified_time\" content=\"2024-09-25T05:20:27+00:00\" \/>\n<meta property=\"og:image\" content=\"https:\/\/quehacerpolitico.mx\/wp-content\/uploads\/2024\/09\/photo-output-1-scaled.jpeg\" \/>\n\t<meta property=\"og:image:width\" content=\"2560\" \/>\n\t<meta property=\"og:image:height\" content=\"1915\" \/>\n\t<meta property=\"og:image:type\" content=\"image\/jpeg\" \/>\n<meta name=\"author\" content=\"Redacci\u00f3n QP\" \/>\n<meta name=\"twitter:card\" content=\"summary_large_image\" \/>\n<meta name=\"twitter:label1\" content=\"Escrito por\" \/>\n\t<meta name=\"twitter:data1\" content=\"Redacci\u00f3n QP\" \/>\n\t<meta name=\"twitter:label2\" content=\"Tiempo de lectura\" \/>\n\t<meta name=\"twitter:data2\" content=\"3 minutos\" \/>\n<script type=\"application\/ld+json\" class=\"yoast-schema-graph\">{\"@context\":\"https:\\\/\\\/schema.org\",\"@graph\":[{\"@type\":\"Article\",\"@id\":\"https:\\\/\\\/quehacerpolitico.mx\\\/?p=112690#article\",\"isPartOf\":{\"@id\":\"https:\\\/\\\/quehacerpolitico.mx\\\/?p=112690\"},\"author\":{\"name\":\"Redacci\u00f3n QP\",\"@id\":\"https:\\\/\\\/quehacerpolitico.mx\\\/#\\\/schema\\\/person\\\/496d8ad2d1d3f8036101dca7ee39e585\"},\"headline\":\"INFONAVIT ATIENDE A M\u00c1S DE 4 MIL PERSONAS EN SU PROPIA COMUNIDAD\",\"datePublished\":\"2024-09-25T05:20:24+00:00\",\"dateModified\":\"2024-09-25T05:20:27+00:00\",\"mainEntityOfPage\":{\"@id\":\"https:\\\/\\\/quehacerpolitico.mx\\\/?p=112690\"},\"wordCount\":543,\"commentCount\":0,\"image\":{\"@id\":\"https:\\\/\\\/quehacerpolitico.mx\\\/?p=112690#primaryimage\"},\"thumbnailUrl\":\"https:\\\/\\\/quehacerpolitico.mx\\\/wp-content\\\/uploads\\\/2024\\\/09\\\/photo-output-1-scaled.jpeg\",\"articleSection\":[\"Econom\u00eda\"],\"inLanguage\":\"es\",\"potentialAction\":[{\"@type\":\"CommentAction\",\"name\":\"Comment\",\"target\":[\"https:\\\/\\\/quehacerpolitico.mx\\\/?p=112690#respond\"]}]},{\"@type\":\"WebPage\",\"@id\":\"https:\\\/\\\/quehacerpolitico.mx\\\/?p=112690\",\"url\":\"https:\\\/\\\/quehacerpolitico.mx\\\/?p=112690\",\"name\":\"INFONAVIT ATIENDE A M\u00c1S DE 4 MIL PERSONAS EN SU PROPIA COMUNIDAD -\",\"isPartOf\":{\"@id\":\"https:\\\/\\\/quehacerpolitico.mx\\\/#website\"},\"primaryImageOfPage\":{\"@id\":\"https:\\\/\\\/quehacerpolitico.mx\\\/?p=112690#primaryimage\"},\"image\":{\"@id\":\"https:\\\/\\\/quehacerpolitico.mx\\\/?p=112690#primaryimage\"},\"thumbnailUrl\":\"https:\\\/\\\/quehacerpolitico.mx\\\/wp-content\\\/uploads\\\/2024\\\/09\\\/photo-output-1-scaled.jpeg\",\"datePublished\":\"2024-09-25T05:20:24+00:00\",\"dateModified\":\"2024-09-25T05:20:27+00:00\",\"author\":{\"@id\":\"https:\\\/\\\/quehacerpolitico.mx\\\/#\\\/schema\\\/person\\\/496d8ad2d1d3f8036101dca7ee39e585\"},\"breadcrumb\":{\"@id\":\"https:\\\/\\\/quehacerpolitico.mx\\\/?p=112690#breadcrumb\"},\"inLanguage\":\"es\",\"potentialAction\":[{\"@type\":\"ReadAction\",\"target\":[\"https:\\\/\\\/quehacerpolitico.mx\\\/?p=112690\"]}]},{\"@type\":\"ImageObject\",\"inLanguage\":\"es\",\"@id\":\"https:\\\/\\\/quehacerpolitico.mx\\\/?p=112690#primaryimage\",\"url\":\"https:\\\/\\\/quehacerpolitico.mx\\\/wp-content\\\/uploads\\\/2024\\\/09\\\/photo-output-1-scaled.jpeg\",\"contentUrl\":\"https:\\\/\\\/quehacerpolitico.mx\\\/wp-content\\\/uploads\\\/2024\\\/09\\\/photo-output-1-scaled.jpeg\",\"width\":2560,\"height\":1915},{\"@type\":\"BreadcrumbList\",\"@id\":\"https:\\\/\\\/quehacerpolitico.mx\\\/?p=112690#breadcrumb\",\"itemListElement\":[{\"@type\":\"ListItem\",\"position\":1,\"name\":\"Inicio\",\"item\":\"https:\\\/\\\/quehacerpolitico.mx\\\/\"},{\"@type\":\"ListItem\",\"position\":2,\"name\":\"INFONAVIT ATIENDE A M\u00c1S DE 4 MIL PERSONAS EN SU PROPIA COMUNIDAD\"}]},{\"@type\":\"WebSite\",\"@id\":\"https:\\\/\\\/quehacerpolitico.mx\\\/#website\",\"url\":\"https:\\\/\\\/quehacerpolitico.mx\\\/\",\"name\":\"\",\"description\":\"\",\"potentialAction\":[{\"@type\":\"SearchAction\",\"target\":{\"@type\":\"EntryPoint\",\"urlTemplate\":\"https:\\\/\\\/quehacerpolitico.mx\\\/?s={search_term_string}\"},\"query-input\":{\"@type\":\"PropertyValueSpecification\",\"valueRequired\":true,\"valueName\":\"search_term_string\"}}],\"inLanguage\":\"es\"},{\"@type\":\"Person\",\"@id\":\"https:\\\/\\\/quehacerpolitico.mx\\\/#\\\/schema\\\/person\\\/496d8ad2d1d3f8036101dca7ee39e585\",\"name\":\"Redacci\u00f3n QP\",\"image\":{\"@type\":\"ImageObject\",\"inLanguage\":\"es\",\"@id\":\"https:\\\/\\\/secure.gravatar.com\\\/avatar\\\/c7164ed6fdec453195284ad24a5ae5b6e1eed2b848477fa2a4787ba9adf39a41?s=96&d=mm&r=g\",\"url\":\"https:\\\/\\\/secure.gravatar.com\\\/avatar\\\/c7164ed6fdec453195284ad24a5ae5b6e1eed2b848477fa2a4787ba9adf39a41?s=96&d=mm&r=g\",\"contentUrl\":\"https:\\\/\\\/secure.gravatar.com\\\/avatar\\\/c7164ed6fdec453195284ad24a5ae5b6e1eed2b848477fa2a4787ba9adf39a41?s=96&d=mm&r=g\",\"caption\":\"Redacci\u00f3n QP\"},\"url\":\"https:\\\/\\\/quehacerpolitico.mx\\\/?author=2\"}]}<\/script>\n<!-- \/ Yoast SEO plugin. -->","yoast_head_json":{"title":"INFONAVIT ATIENDE A M\u00c1S DE 4 MIL PERSONAS EN SU PROPIA COMUNIDAD -","robots":{"index":"index","follow":"follow","max-snippet":"max-snippet:-1","max-image-preview":"max-image-preview:large","max-video-preview":"max-video-preview:-1"},"canonical":"https:\/\/quehacerpolitico.mx\/?p=112690","og_locale":"es_MX","og_type":"article","og_title":"INFONAVIT ATIENDE A M\u00c1S DE 4 MIL PERSONAS EN SU PROPIA COMUNIDAD -","og_description":"Por Redacci\u00f3n NotiExpress | La Revista del Sector Inmobiliario Con las Brigadas de Promoci\u00f3n y...","og_url":"https:\/\/quehacerpolitico.mx\/?p=112690","article_published_time":"2024-09-25T05:20:24+00:00","article_modified_time":"2024-09-25T05:20:27+00:00","og_image":[{"width":2560,"height":1915,"url":"https:\/\/quehacerpolitico.mx\/wp-content\/uploads\/2024\/09\/photo-output-1-scaled.jpeg","type":"image\/jpeg"}],"author":"Redacci\u00f3n QP","twitter_card":"summary_large_image","twitter_misc":{"Escrito por":"Redacci\u00f3n QP","Tiempo de lectura":"3 minutos"},"schema":{"@context":"https:\/\/schema.org","@graph":[{"@type":"Article","@id":"https:\/\/quehacerpolitico.mx\/?p=112690#article","isPartOf":{"@id":"https:\/\/quehacerpolitico.mx\/?p=112690"},"author":{"name":"Redacci\u00f3n QP","@id":"https:\/\/quehacerpolitico.mx\/#\/schema\/person\/496d8ad2d1d3f8036101dca7ee39e585"},"headline":"INFONAVIT ATIENDE A M\u00c1S DE 4 MIL PERSONAS EN SU PROPIA COMUNIDAD","datePublished":"2024-09-25T05:20:24+00:00","dateModified":"2024-09-25T05:20:27+00:00","mainEntityOfPage":{"@id":"https:\/\/quehacerpolitico.mx\/?p=112690"},"wordCount":543,"commentCount":0,"image":{"@id":"https:\/\/quehacerpolitico.mx\/?p=112690#primaryimage"},"thumbnailUrl":"https:\/\/quehacerpolitico.mx\/wp-content\/uploads\/2024\/09\/photo-output-1-scaled.jpeg","articleSection":["Econom\u00eda"],"inLanguage":"es","potentialAction":[{"@type":"CommentAction","name":"Comment","target":["https:\/\/quehacerpolitico.mx\/?p=112690#respond"]}]},{"@type":"WebPage","@id":"https:\/\/quehacerpolitico.mx\/?p=112690","url":"https:\/\/quehacerpolitico.mx\/?p=112690","name":"INFONAVIT ATIENDE A M\u00c1S DE 4 MIL PERSONAS EN SU PROPIA COMUNIDAD -","isPartOf":{"@id":"https:\/\/quehacerpolitico.mx\/#website"},"primaryImageOfPage":{"@id":"https:\/\/quehacerpolitico.mx\/?p=112690#primaryimage"},"image":{"@id":"https:\/\/quehacerpolitico.mx\/?p=112690#primaryimage"},"thumbnailUrl":"https:\/\/quehacerpolitico.mx\/wp-content\/uploads\/2024\/09\/photo-output-1-scaled.jpeg","datePublished":"2024-09-25T05:20:24+00:00","dateModified":"2024-09-25T05:20:27+00:00","author":{"@id":"https:\/\/quehacerpolitico.mx\/#\/schema\/person\/496d8ad2d1d3f8036101dca7ee39e585"},"breadcrumb":{"@id":"https:\/\/quehacerpolitico.mx\/?p=112690#breadcrumb"},"inLanguage":"es","potentialAction":[{"@type":"ReadAction","target":["https:\/\/quehacerpolitico.mx\/?p=112690"]}]},{"@type":"ImageObject","inLanguage":"es","@id":"https:\/\/quehacerpolitico.mx\/?p=112690#primaryimage","url":"https:\/\/quehacerpolitico.mx\/wp-content\/uploads\/2024\/09\/photo-output-1-scaled.jpeg","contentUrl":"https:\/\/quehacerpolitico.mx\/wp-content\/uploads\/2024\/09\/photo-output-1-scaled.jpeg","width":2560,"height":1915},{"@type":"BreadcrumbList","@id":"https:\/\/quehacerpolitico.mx\/?p=112690#breadcrumb","itemListElement":[{"@type":"ListItem","position":1,"name":"Inicio","item":"https:\/\/quehacerpolitico.mx\/"},{"@type":"ListItem","position":2,"name":"INFONAVIT ATIENDE A M\u00c1S DE 4 MIL PERSONAS EN SU PROPIA COMUNIDAD"}]},{"@type":"WebSite","@id":"https:\/\/quehacerpolitico.mx\/#website","url":"https:\/\/quehacerpolitico.mx\/","name":"","description":"","potentialAction":[{"@type":"SearchAction","target":{"@type":"EntryPoint","urlTemplate":"https:\/\/quehacerpolitico.mx\/?s={search_term_string}"},"query-input":{"@type":"PropertyValueSpecification","valueRequired":true,"valueName":"search_term_string"}}],"inLanguage":"es"},{"@type":"Person","@id":"https:\/\/quehacerpolitico.mx\/#\/schema\/person\/496d8ad2d1d3f8036101dca7ee39e585","name":"Redacci\u00f3n QP","image":{"@type":"ImageObject","inLanguage":"es","@id":"https:\/\/secure.gravatar.com\/avatar\/c7164ed6fdec453195284ad24a5ae5b6e1eed2b848477fa2a4787ba9adf39a41?s=96&d=mm&r=g","url":"https:\/\/secure.gravatar.com\/avatar\/c7164ed6fdec453195284ad24a5ae5b6e1eed2b848477fa2a4787ba9adf39a41?s=96&d=mm&r=g","contentUrl":"https:\/\/secure.gravatar.com\/avatar\/c7164ed6fdec453195284ad24a5ae5b6e1eed2b848477fa2a4787ba9adf39a41?s=96&d=mm&r=g","caption":"Redacci\u00f3n QP"},"url":"https:\/\/quehacerpolitico.mx\/?author=2"}]}},"featured_image_urls":{"full":["https:\/\/quehacerpolitico.mx\/wp-content\/uploads\/2024\/09\/photo-output-1-scaled.jpeg",2560,1915,false],"thumbnail":["https:\/\/quehacerpolitico.mx\/wp-content\/uploads\/2024\/09\/photo-output-1-150x150.jpeg",150,150,true],"medium":["https:\/\/quehacerpolitico.mx\/wp-content\/uploads\/2024\/09\/photo-output-1-300x224.jpeg",300,224,true],"medium_large":["https:\/\/quehacerpolitico.mx\/wp-content\/uploads\/2024\/09\/photo-output-1-768x574.jpeg",640,478,true],"large":["https:\/\/quehacerpolitico.mx\/wp-content\/uploads\/2024\/09\/photo-output-1-1024x766.jpeg",640,479,true],"1536x1536":["https:\/\/quehacerpolitico.mx\/wp-content\/uploads\/2024\/09\/photo-output-1-1536x1149.jpeg",1536,1149,true],"2048x2048":["https:\/\/quehacerpolitico.mx\/wp-content\/uploads\/2024\/09\/photo-output-1-2048x1532.jpeg",2048,1532,true],"covernews-featured":["https:\/\/quehacerpolitico.mx\/wp-content\/uploads\/2024\/09\/photo-output-1-scaled.jpeg",1024,766,false],"covernews-medium":["https:\/\/quehacerpolitico.mx\/wp-content\/uploads\/2024\/09\/photo-output-1-scaled.jpeg",455,340,false]},"author_info":{"display_name":"Redacci\u00f3n QP","author_link":"https:\/\/quehacerpolitico.mx\/?author=2"},"category_info":"<a href=\"https:\/\/quehacerpolitico.mx\/?cat=56\" rel=\"category\">Econom\u00eda<\/a>","tag_info":"Econom\u00eda","comment_count":"0","_links":{"self":[{"href":"https:\/\/quehacerpolitico.mx\/index.php?rest_route=\/wp\/v2\/posts\/112690","targetHints":{"allow":["GET"]}}],"collection":[{"href":"https:\/\/quehacerpolitico.mx\/index.php?rest_route=\/wp\/v2\/posts"}],"about":[{"href":"https:\/\/quehacerpolitico.mx\/index.php?rest_route=\/wp\/v2\/types\/post"}],"author":[{"embeddable":true,"href":"https:\/\/quehacerpolitico.mx\/index.php?rest_route=\/wp\/v2\/users\/2"}],"replies":[{"embeddable":true,"href":"https:\/\/quehacerpolitico.mx\/index.php?rest_route=%2Fwp%2Fv2%2Fcomments&post=112690"}],"version-history":[{"count":1,"href":"https:\/\/quehacerpolitico.mx\/index.php?rest_route=\/wp\/v2\/posts\/112690\/revisions"}],"predecessor-version":[{"id":112693,"href":"https:\/\/quehacerpolitico.mx\/index.php?rest_route=\/wp\/v2\/posts\/112690\/revisions\/112693"}],"wp:featuredmedia":[{"embeddable":true,"href":"https:\/\/quehacerpolitico.mx\/index.php?rest_route=\/wp\/v2\/media\/112692"}],"wp:attachment":[{"href":"https:\/\/quehacerpolitico.mx\/index.php?rest_route=%2Fwp%2Fv2%2Fmedia&parent=112690"}],"wp:term":[{"taxonomy":"category","embeddable":true,"href":"https:\/\/quehacerpolitico.mx\/index.php?rest_route=%2Fwp%2Fv2%2Fcategories&post=112690"},{"taxonomy":"post_tag","embeddable":true,"href":"https:\/\/quehacerpolitico.mx\/index.php?rest_route=%2Fwp%2Fv2%2Ftags&post=112690"}],"curies":[{"name":"wp","href":"https:\/\/api.w.org\/{rel}","templated":true}]}}