{"id":11269,"date":"2018-12-08T18:16:37","date_gmt":"2018-12-08T18:16:37","guid":{"rendered":"http:\/\/quehacerpolitico.mx\/alcaldias-nancy-herrera-guerrero-alcaldia-cuauhtemoc-lleva-a-cabo-primera-feria-de-deportes\/"},"modified":"2018-12-08T18:16:37","modified_gmt":"2018-12-08T18:16:37","slug":"alcaldias-nancy-herrera-guerrero-alcaldia-cuauhtemoc-lleva-a-cabo-primera-feria-de-deportes","status":"publish","type":"post","link":"https:\/\/quehacerpolitico.mx\/?p=11269","title":{"rendered":"Alcald\u00edas\/\/\/Nancy Herrera Guerrero\/\/\/Alcald\u00eda Cuauht\u00e9moc lleva a cabo Primera Feria de Deportes"},"content":{"rendered":"<p><span class=\"s5\"><span class=\"bumpedFont15\">Alcald\u00eda Cuauht\u00e9moc lleva a cabo <\/span><\/span><span class=\"s5\"><span class=\"bumpedFont15\">P<\/span><\/span><span class=\"s5\"><span class=\"bumpedFont15\">rimera Feria de Deportes<\/span><\/span><\/p>\n<p>Por Nancy Herrera Guerrero<\/p>\n<div class=\"s8\"><span class=\"s6\">\u2022 <\/span><span class=\"s7\"><span class=\"bumpedFont20\">Zumba, Street Workout, f\u00fatbol, ajedrez, Judo y box, fueron las actividades que ni\u00f1os, j\u00f3venes y adultos pudieron practicar<\/span><\/span><\/div>\n<div class=\"s8\"><span class=\"s6\">\u2022 <\/span><span class=\"s7\"><span class=\"bumpedFont20\">Con <\/span><\/span><span class=\"s7\"><span class=\"bumpedFont20\">estas<\/span><\/span> <span class=\"s7\"><span class=\"bumpedFont20\">actividades se <\/span><\/span><span class=\"s7\"><span class=\"bumpedFont20\">busca la reactivaci\u00f3n del tejido social en todas las colonias de la demarcaci\u00f3n<\/span><\/span><\/div>\n<div class=\"s8\"><span class=\"s6\">\u2022 <\/span><span class=\"s7\"><span class=\"bumpedFont20\">Con \u201c<\/span><\/span><span class=\"s9\"><span class=\"bumpedFont20\">F<\/span><\/span><span class=\"s7\"><span class=\"bumpedFont20\">ines de semana en la Cuauht\u00e9moc\u201d se ampliar\u00e1 la oferta deportiva en la demarcaci\u00f3n<\/span><\/span><\/div>\n<p>\u00a0<\/p>\n<p class=\"s11\"><span class=\"s10\"><span class=\"bumpedFont15\">En el marco de la pol\u00edtica encabezada por el <\/span><\/span><span class=\"s10\"><span class=\"bumpedFont15\">Alcalde<\/span><\/span><span class=\"s10\"><span class=\"bumpedFont15\">de Cuauht\u00e9moc, N\u00e9stor<\/span><\/span> <span class=\"s10\"><span class=\"bumpedFont15\">N\u00fa\u00f1ez L\u00f3pez, que busca promover el deporte entre las generaciones m\u00e1s<\/span><\/span><span class=\"s10\"><span class=\"bumpedFont15\">j\u00f3venes y alejarlas de la delincuencia, se llev\u00f3 a cabo <\/span><\/span><span class=\"s10\"><span class=\"bumpedFont15\">la \u201cPrimera Feria de Deporte\u201d, de manera simult\u00e1nea, en diferentes puntos de la demarcaci\u00f3n. <\/span><\/span><\/p>\n<p class=\"s11\"><span class=\"s10\"><span class=\"bumpedFont15\">Esta<\/span><\/span><span class=\"s10\"><span class=\"bumpedFont15\">s actividades<\/span><\/span><span class=\"s10\"><span class=\"bumpedFont15\"> fue<\/span><\/span><span class=\"s10\"><span class=\"bumpedFont15\">ron<\/span><\/span><span class=\"s10\"><span class=\"bumpedFont15\"> organizada<\/span><\/span><span class=\"s10\"><span class=\"bumpedFont15\">s <\/span><\/span><span class=\"s10\"><span class=\"bumpedFont15\">por la Subdirecci\u00f3n de Deporte<\/span><\/span><span class=\"s10\"><span class=\"bumpedFont15\"> de la Alcald\u00eda y forma parte<\/span><\/span><span class=\"s10\"><span class=\"bumpedFont15\">de la programaci\u00f3n \u201cFines de Semana en la Cuauht\u00e9moc\u201d, que busca <\/span><\/span><span class=\"s10\"><span class=\"bumpedFont15\">dar opciones integrales de desarrollo<\/span><\/span> <span class=\"s10\"><span class=\"bumpedFont15\">para que los vecinos participen y se logre <\/span><\/span><span class=\"s10\"><span class=\"bumpedFont15\">l<\/span><\/span><span class=\"s10\"><span class=\"bumpedFont15\">a reconstrucci\u00f3n<\/span><\/span> <span class=\"s10\"><span class=\"bumpedFont15\">y<\/span><\/span> <span class=\"s10\"><span class=\"bumpedFont15\">reactivaci\u00f3n<\/span><\/span><span class=\"s10\"><span class=\"bumpedFont15\"> del tejido social en todas las colonias<\/span><\/span><span class=\"s10\"><span class=\"bumpedFont15\"> de la <\/span><\/span><span class=\"s10\"><span class=\"bumpedFont15\">demarcaci\u00f3n.<\/span><\/span><\/p>\n<p class=\"s11\"><span class=\"s10\"><span class=\"bumpedFont15\">L<\/span><\/span><span class=\"s10\"><span class=\"bumpedFont15\">a Feria<\/span><\/span><span class=\"s10\"><span class=\"bumpedFont15\"> de Deportes se llev\u00f3 a cabo en<\/span><\/span> <span class=\"s10\"><span class=\"bumpedFont15\">la explanada del Monumento a L\u00e1zaro C\u00e1rdenas, <\/span><\/span><span class=\"s10\"><span class=\"bumpedFont15\">el Kiosco Morisco y <\/span><\/span><span class=\"s10\"><span class=\"bumpedFont15\">la Plaza Garibaldi, donde ni\u00f1os, j\u00f3venes y adultos pudieron practicar Zumba, Street <\/span><\/span><span class=\"s10\"><span class=\"bumpedFont15\">Workout<\/span><\/span><span class=\"s10\"><span class=\"bumpedFont15\">, f\u00fatbol<\/span><\/span><span class=\"s10\"><span class=\"bumpedFont15\">, <\/span><\/span><span class=\"s10\"><span class=\"bumpedFont15\">ajedrez<\/span><\/span><span class=\"s10\"><span class=\"bumpedFont15\">, Judo y box.<\/span><\/span><\/p>\n<p class=\"s11\"><span class=\"s10\"><span class=\"bumpedFont15\">Adem\u00e1s<\/span><\/span><span class=\"s10\"><span class=\"bumpedFont15\">, en e<\/span><\/span><span class=\"s10\"><span class=\"bumpedFont15\">l <\/span><\/span><span class=\"s10\"><span class=\"bumpedFont15\">Deportivo Cuauht\u00e9moc se <\/span><\/span><span class=\"s10\"><span class=\"bumpedFont15\">llev\u00f3 a cabo la final del &#8220;Mundia<\/span><\/span><span class=\"s10\"><span class=\"bumpedFont15\">lito Intercolonias&#8221;<\/span><\/span><span class=\"s10\"><span class=\"bumpedFont15\">, donde participaron<\/span><\/span><span class=\"s10\"><span class=\"bumpedFont15\"> ni\u00f1os de <\/span><\/span><span class=\"s12\"><span class=\"bumpedFont15\">6 y 7 a\u00f1os<\/span><\/span><span class=\"s12\"><span class=\"bumpedFont15\"> de las colonias Atlampa<\/span><\/span><span class=\"s12\"><span class=\"bumpedFont15\">, Buenavista<\/span><\/span><span class=\"s12\"><span class=\"bumpedFont15\">, G<\/span><\/span><span class=\"s12\"><span class=\"bumpedFont15\">uerrero<\/span><\/span><span class=\"s12\"><span class=\"bumpedFont15\">, San Sim\u00f3n<\/span><\/span><span class=\"s12\"><span class=\"bumpedFont15\">, Santa Mar\u00eda la Ribera y San Rafael<\/span><\/span><span class=\"s12\"><span class=\"bumpedFont15\">. <\/span><\/span><\/p>\n<p class=\"s11\"><span class=\"s10\"><span class=\"bumpedFont15\">E<\/span><\/span><span class=\"s10\"><span class=\"bumpedFont15\">l Subdirector de Deporte, Francisco Villa, coment\u00f3 que se estar\u00e1 incrementando la oferta <\/span><\/span><span class=\"s10\"><span class=\"bumpedFont15\">de<\/span><\/span> <span class=\"s10\"><span class=\"bumpedFont15\">actividades recreativas <\/span><\/span><span class=\"s10\"><span class=\"bumpedFont15\">para todas las edades<\/span><\/span><span class=\"s10\"><span class=\"bumpedFont15\"> y que la <\/span><\/span><span class=\"s10\"><span class=\"bumpedFont15\">&#8220;<\/span><\/span><span class=\"s10\"><span class=\"bumpedFont15\">Feria de Deportes<\/span><\/span><span class=\"s10\"><span class=\"bumpedFont15\">&#8221; <\/span><\/span><span class=\"s10\"><span class=\"bumpedFont15\">pasar\u00e1 a ser \u201cFines de Semana en la Cuauht\u00e9moc\u201d, c<\/span><\/span><span class=\"s10\"><span class=\"bumpedFont15\">on el objetivo de continuar fomentando el <\/span><\/span><span class=\"s10\"><span class=\"bumpedFont15\">deporte<\/span><\/span><span class=\"s10\"><span class=\"bumpedFont15\"> en la Alcald\u00eda<\/span><\/span><span class=\"s10\"><span class=\"bumpedFont15\">.<\/span><\/span><\/p>\n","protected":false},"excerpt":{"rendered":"<p>Alcald\u00eda Cuauht\u00e9moc lleva a cabo Primera Feria de Deportes<br \/>\nPor Nancy Herrera Guerrero<\/p>\n","protected":false},"author":2,"featured_media":11268,"comment_status":"open","ping_status":"open","sticky":false,"template":"","format":"standard","meta":{"_monsterinsights_skip_tracking":false,"_monsterinsights_sitenote_active":false,"_monsterinsights_sitenote_note":"","_monsterinsights_sitenote_category":0,"footnotes":""},"categories":[55],"tags":[],"class_list":["post-11269","post","type-post","status-publish","format-standard","has-post-thumbnail","hentry","category-cdmx"],"yoast_head":"<!-- This site is optimized with the Yoast SEO plugin v27.3 - https:\/\/yoast.com\/product\/yoast-seo-wordpress\/ -->\n<title>Alcald\u00edas\/\/\/Nancy Herrera Guerrero\/\/\/Alcald\u00eda Cuauht\u00e9moc lleva a cabo Primera Feria de Deportes -<\/title>\n<meta name=\"robots\" content=\"index, follow, max-snippet:-1, max-image-preview:large, max-video-preview:-1\" \/>\n<link rel=\"canonical\" href=\"https:\/\/quehacerpolitico.mx\/?p=11269\" \/>\n<meta property=\"og:locale\" content=\"es_MX\" \/>\n<meta property=\"og:type\" content=\"article\" \/>\n<meta property=\"og:title\" content=\"Alcald\u00edas\/\/\/Nancy Herrera Guerrero\/\/\/Alcald\u00eda Cuauht\u00e9moc lleva a cabo Primera Feria de Deportes -\" \/>\n<meta property=\"og:description\" content=\"Alcald\u00eda Cuauht\u00e9moc lleva a cabo Primera Feria de Deportes Por Nancy Herrera Guerrero\" \/>\n<meta property=\"og:url\" content=\"https:\/\/quehacerpolitico.mx\/?p=11269\" \/>\n<meta property=\"article:published_time\" content=\"2018-12-08T18:16:37+00:00\" \/>\n<meta name=\"author\" content=\"Redacci\u00f3n QP\" \/>\n<meta name=\"twitter:card\" content=\"summary_large_image\" \/>\n<meta name=\"twitter:label1\" content=\"Escrito por\" \/>\n\t<meta name=\"twitter:data1\" content=\"Redacci\u00f3n QP\" \/>\n\t<meta name=\"twitter:label2\" content=\"Tiempo de lectura\" \/>\n\t<meta name=\"twitter:data2\" content=\"2 minutos\" \/>\n<script type=\"application\/ld+json\" class=\"yoast-schema-graph\">{\"@context\":\"https:\\\/\\\/schema.org\",\"@graph\":[{\"@type\":\"Article\",\"@id\":\"https:\\\/\\\/quehacerpolitico.mx\\\/?p=11269#article\",\"isPartOf\":{\"@id\":\"https:\\\/\\\/quehacerpolitico.mx\\\/?p=11269\"},\"author\":{\"name\":\"Redacci\u00f3n QP\",\"@id\":\"https:\\\/\\\/quehacerpolitico.mx\\\/#\\\/schema\\\/person\\\/496d8ad2d1d3f8036101dca7ee39e585\"},\"headline\":\"Alcald\u00edas\\\/\\\/\\\/Nancy Herrera Guerrero\\\/\\\/\\\/Alcald\u00eda Cuauht\u00e9moc lleva a cabo Primera Feria de Deportes\",\"datePublished\":\"2018-12-08T18:16:37+00:00\",\"mainEntityOfPage\":{\"@id\":\"https:\\\/\\\/quehacerpolitico.mx\\\/?p=11269\"},\"wordCount\":349,\"commentCount\":0,\"image\":{\"@id\":\"https:\\\/\\\/quehacerpolitico.mx\\\/?p=11269#primaryimage\"},\"thumbnailUrl\":\"\",\"articleSection\":[\"CDMX\"],\"inLanguage\":\"es\",\"potentialAction\":[{\"@type\":\"CommentAction\",\"name\":\"Comment\",\"target\":[\"https:\\\/\\\/quehacerpolitico.mx\\\/?p=11269#respond\"]}]},{\"@type\":\"WebPage\",\"@id\":\"https:\\\/\\\/quehacerpolitico.mx\\\/?p=11269\",\"url\":\"https:\\\/\\\/quehacerpolitico.mx\\\/?p=11269\",\"name\":\"Alcald\u00edas\\\/\\\/\\\/Nancy Herrera Guerrero\\\/\\\/\\\/Alcald\u00eda Cuauht\u00e9moc lleva a cabo Primera Feria de Deportes -\",\"isPartOf\":{\"@id\":\"https:\\\/\\\/quehacerpolitico.mx\\\/#website\"},\"primaryImageOfPage\":{\"@id\":\"https:\\\/\\\/quehacerpolitico.mx\\\/?p=11269#primaryimage\"},\"image\":{\"@id\":\"https:\\\/\\\/quehacerpolitico.mx\\\/?p=11269#primaryimage\"},\"thumbnailUrl\":\"\",\"datePublished\":\"2018-12-08T18:16:37+00:00\",\"author\":{\"@id\":\"https:\\\/\\\/quehacerpolitico.mx\\\/#\\\/schema\\\/person\\\/496d8ad2d1d3f8036101dca7ee39e585\"},\"breadcrumb\":{\"@id\":\"https:\\\/\\\/quehacerpolitico.mx\\\/?p=11269#breadcrumb\"},\"inLanguage\":\"es\",\"potentialAction\":[{\"@type\":\"ReadAction\",\"target\":[\"https:\\\/\\\/quehacerpolitico.mx\\\/?p=11269\"]}]},{\"@type\":\"ImageObject\",\"inLanguage\":\"es\",\"@id\":\"https:\\\/\\\/quehacerpolitico.mx\\\/?p=11269#primaryimage\",\"url\":\"\",\"contentUrl\":\"\"},{\"@type\":\"BreadcrumbList\",\"@id\":\"https:\\\/\\\/quehacerpolitico.mx\\\/?p=11269#breadcrumb\",\"itemListElement\":[{\"@type\":\"ListItem\",\"position\":1,\"name\":\"Inicio\",\"item\":\"https:\\\/\\\/quehacerpolitico.mx\\\/\"},{\"@type\":\"ListItem\",\"position\":2,\"name\":\"Alcald\u00edas\\\/\\\/\\\/Nancy Herrera Guerrero\\\/\\\/\\\/Alcald\u00eda Cuauht\u00e9moc lleva a cabo Primera Feria de Deportes\"}]},{\"@type\":\"WebSite\",\"@id\":\"https:\\\/\\\/quehacerpolitico.mx\\\/#website\",\"url\":\"https:\\\/\\\/quehacerpolitico.mx\\\/\",\"name\":\"\",\"description\":\"\",\"potentialAction\":[{\"@type\":\"SearchAction\",\"target\":{\"@type\":\"EntryPoint\",\"urlTemplate\":\"https:\\\/\\\/quehacerpolitico.mx\\\/?s={search_term_string}\"},\"query-input\":{\"@type\":\"PropertyValueSpecification\",\"valueRequired\":true,\"valueName\":\"search_term_string\"}}],\"inLanguage\":\"es\"},{\"@type\":\"Person\",\"@id\":\"https:\\\/\\\/quehacerpolitico.mx\\\/#\\\/schema\\\/person\\\/496d8ad2d1d3f8036101dca7ee39e585\",\"name\":\"Redacci\u00f3n QP\",\"image\":{\"@type\":\"ImageObject\",\"inLanguage\":\"es\",\"@id\":\"https:\\\/\\\/secure.gravatar.com\\\/avatar\\\/c7164ed6fdec453195284ad24a5ae5b6e1eed2b848477fa2a4787ba9adf39a41?s=96&d=mm&r=g\",\"url\":\"https:\\\/\\\/secure.gravatar.com\\\/avatar\\\/c7164ed6fdec453195284ad24a5ae5b6e1eed2b848477fa2a4787ba9adf39a41?s=96&d=mm&r=g\",\"contentUrl\":\"https:\\\/\\\/secure.gravatar.com\\\/avatar\\\/c7164ed6fdec453195284ad24a5ae5b6e1eed2b848477fa2a4787ba9adf39a41?s=96&d=mm&r=g\",\"caption\":\"Redacci\u00f3n QP\"},\"url\":\"https:\\\/\\\/quehacerpolitico.mx\\\/?author=2\"}]}<\/script>\n<!-- \/ Yoast SEO plugin. -->","yoast_head_json":{"title":"Alcald\u00edas\/\/\/Nancy Herrera Guerrero\/\/\/Alcald\u00eda Cuauht\u00e9moc lleva a cabo Primera Feria de Deportes -","robots":{"index":"index","follow":"follow","max-snippet":"max-snippet:-1","max-image-preview":"max-image-preview:large","max-video-preview":"max-video-preview:-1"},"canonical":"https:\/\/quehacerpolitico.mx\/?p=11269","og_locale":"es_MX","og_type":"article","og_title":"Alcald\u00edas\/\/\/Nancy Herrera Guerrero\/\/\/Alcald\u00eda Cuauht\u00e9moc lleva a cabo Primera Feria de Deportes -","og_description":"Alcald\u00eda Cuauht\u00e9moc lleva a cabo Primera Feria de Deportes Por Nancy Herrera Guerrero","og_url":"https:\/\/quehacerpolitico.mx\/?p=11269","article_published_time":"2018-12-08T18:16:37+00:00","author":"Redacci\u00f3n QP","twitter_card":"summary_large_image","twitter_misc":{"Escrito por":"Redacci\u00f3n QP","Tiempo de lectura":"2 minutos"},"schema":{"@context":"https:\/\/schema.org","@graph":[{"@type":"Article","@id":"https:\/\/quehacerpolitico.mx\/?p=11269#article","isPartOf":{"@id":"https:\/\/quehacerpolitico.mx\/?p=11269"},"author":{"name":"Redacci\u00f3n QP","@id":"https:\/\/quehacerpolitico.mx\/#\/schema\/person\/496d8ad2d1d3f8036101dca7ee39e585"},"headline":"Alcald\u00edas\/\/\/Nancy Herrera Guerrero\/\/\/Alcald\u00eda Cuauht\u00e9moc lleva a cabo Primera Feria de Deportes","datePublished":"2018-12-08T18:16:37+00:00","mainEntityOfPage":{"@id":"https:\/\/quehacerpolitico.mx\/?p=11269"},"wordCount":349,"commentCount":0,"image":{"@id":"https:\/\/quehacerpolitico.mx\/?p=11269#primaryimage"},"thumbnailUrl":"","articleSection":["CDMX"],"inLanguage":"es","potentialAction":[{"@type":"CommentAction","name":"Comment","target":["https:\/\/quehacerpolitico.mx\/?p=11269#respond"]}]},{"@type":"WebPage","@id":"https:\/\/quehacerpolitico.mx\/?p=11269","url":"https:\/\/quehacerpolitico.mx\/?p=11269","name":"Alcald\u00edas\/\/\/Nancy Herrera Guerrero\/\/\/Alcald\u00eda Cuauht\u00e9moc lleva a cabo Primera Feria de Deportes -","isPartOf":{"@id":"https:\/\/quehacerpolitico.mx\/#website"},"primaryImageOfPage":{"@id":"https:\/\/quehacerpolitico.mx\/?p=11269#primaryimage"},"image":{"@id":"https:\/\/quehacerpolitico.mx\/?p=11269#primaryimage"},"thumbnailUrl":"","datePublished":"2018-12-08T18:16:37+00:00","author":{"@id":"https:\/\/quehacerpolitico.mx\/#\/schema\/person\/496d8ad2d1d3f8036101dca7ee39e585"},"breadcrumb":{"@id":"https:\/\/quehacerpolitico.mx\/?p=11269#breadcrumb"},"inLanguage":"es","potentialAction":[{"@type":"ReadAction","target":["https:\/\/quehacerpolitico.mx\/?p=11269"]}]},{"@type":"ImageObject","inLanguage":"es","@id":"https:\/\/quehacerpolitico.mx\/?p=11269#primaryimage","url":"","contentUrl":""},{"@type":"BreadcrumbList","@id":"https:\/\/quehacerpolitico.mx\/?p=11269#breadcrumb","itemListElement":[{"@type":"ListItem","position":1,"name":"Inicio","item":"https:\/\/quehacerpolitico.mx\/"},{"@type":"ListItem","position":2,"name":"Alcald\u00edas\/\/\/Nancy Herrera Guerrero\/\/\/Alcald\u00eda Cuauht\u00e9moc lleva a cabo Primera Feria de Deportes"}]},{"@type":"WebSite","@id":"https:\/\/quehacerpolitico.mx\/#website","url":"https:\/\/quehacerpolitico.mx\/","name":"","description":"","potentialAction":[{"@type":"SearchAction","target":{"@type":"EntryPoint","urlTemplate":"https:\/\/quehacerpolitico.mx\/?s={search_term_string}"},"query-input":{"@type":"PropertyValueSpecification","valueRequired":true,"valueName":"search_term_string"}}],"inLanguage":"es"},{"@type":"Person","@id":"https:\/\/quehacerpolitico.mx\/#\/schema\/person\/496d8ad2d1d3f8036101dca7ee39e585","name":"Redacci\u00f3n QP","image":{"@type":"ImageObject","inLanguage":"es","@id":"https:\/\/secure.gravatar.com\/avatar\/c7164ed6fdec453195284ad24a5ae5b6e1eed2b848477fa2a4787ba9adf39a41?s=96&d=mm&r=g","url":"https:\/\/secure.gravatar.com\/avatar\/c7164ed6fdec453195284ad24a5ae5b6e1eed2b848477fa2a4787ba9adf39a41?s=96&d=mm&r=g","contentUrl":"https:\/\/secure.gravatar.com\/avatar\/c7164ed6fdec453195284ad24a5ae5b6e1eed2b848477fa2a4787ba9adf39a41?s=96&d=mm&r=g","caption":"Redacci\u00f3n QP"},"url":"https:\/\/quehacerpolitico.mx\/?author=2"}]}},"featured_image_urls":{"full":"","thumbnail":"","medium":"","medium_large":"","large":"","1536x1536":"","2048x2048":"","covernews-featured":"","covernews-medium":""},"author_info":{"display_name":"Redacci\u00f3n QP","author_link":"https:\/\/quehacerpolitico.mx\/?author=2"},"category_info":"<a href=\"https:\/\/quehacerpolitico.mx\/?cat=55\" rel=\"category\">CDMX<\/a>","tag_info":"CDMX","comment_count":"0","_links":{"self":[{"href":"https:\/\/quehacerpolitico.mx\/index.php?rest_route=\/wp\/v2\/posts\/11269","targetHints":{"allow":["GET"]}}],"collection":[{"href":"https:\/\/quehacerpolitico.mx\/index.php?rest_route=\/wp\/v2\/posts"}],"about":[{"href":"https:\/\/quehacerpolitico.mx\/index.php?rest_route=\/wp\/v2\/types\/post"}],"author":[{"embeddable":true,"href":"https:\/\/quehacerpolitico.mx\/index.php?rest_route=\/wp\/v2\/users\/2"}],"replies":[{"embeddable":true,"href":"https:\/\/quehacerpolitico.mx\/index.php?rest_route=%2Fwp%2Fv2%2Fcomments&post=11269"}],"version-history":[{"count":0,"href":"https:\/\/quehacerpolitico.mx\/index.php?rest_route=\/wp\/v2\/posts\/11269\/revisions"}],"wp:featuredmedia":[{"embeddable":true,"href":"https:\/\/quehacerpolitico.mx\/index.php?rest_route=\/"}],"wp:attachment":[{"href":"https:\/\/quehacerpolitico.mx\/index.php?rest_route=%2Fwp%2Fv2%2Fmedia&parent=11269"}],"wp:term":[{"taxonomy":"category","embeddable":true,"href":"https:\/\/quehacerpolitico.mx\/index.php?rest_route=%2Fwp%2Fv2%2Fcategories&post=11269"},{"taxonomy":"post_tag","embeddable":true,"href":"https:\/\/quehacerpolitico.mx\/index.php?rest_route=%2Fwp%2Fv2%2Ftags&post=11269"}],"curies":[{"name":"wp","href":"https:\/\/api.w.org\/{rel}","templated":true}]}}