{"id":11263,"date":"2018-12-08T17:51:52","date_gmt":"2018-12-08T17:51:52","guid":{"rendered":"http:\/\/quehacerpolitico.mx\/amlo-la-scjn-se-equivoco-con-la-ley-de-remuneraciones-no-entiende-la-nueva-realidad-dice\/"},"modified":"2018-12-08T17:51:52","modified_gmt":"2018-12-08T17:51:52","slug":"amlo-la-scjn-se-equivoco-con-la-ley-de-remuneraciones-no-entiende-la-nueva-realidad-dice","status":"publish","type":"post","link":"https:\/\/quehacerpolitico.mx\/?p=11263","title":{"rendered":"AMLO: La SCJN se equivoc\u00f3 con la Ley de Remuneraciones; no entiende la nueva realidad, dice"},"content":{"rendered":"<h1>AMLO: La SCJN se equivoc\u00f3 con la Ley de Remuneraciones; no entiende la nueva realidad, dice<\/h1>\n<p>Por Redacci\u00f3n QP<\/p>\n<p>El Presidente <strong>Andr\u00e9s Manuel L\u00f3pez Obrador<\/strong> asegur\u00f3 que los ministros de la Suprema Corte de Justicia de la Naci\u00f3n (<strong>SCJN<\/strong>) se <strong>equivocaron<\/strong> al admitir la acci\u00f3n de\u00a0inconstitucionalidad contra la\u00a0<strong>Ley Federal de Remuneraciones<\/strong>\u00a0y prohibir que se utilice para fijar los\u00a0salarios\u00a0de los\u00a0funcionarios en 2019.<\/p>\n<blockquote>\n<p>\u201cSe <strong>equivocaron<\/strong> porque no est\u00e1n entendiendo la nueva realidad. No puede haber Gobierno rico con pueblo pobre y se olvidan de Ju\u00e1rez. Deber\u00edan de quitar el retrato del Presidente Ju\u00e1rez de la Suprema Corte, porque Ju\u00e1rez dec\u00eda que el funcionario tendr\u00eda que aprender a vivir en la justa median\u00eda. \u00bfEntonces para qu\u00e9 tienen a Ju\u00e1rez ah\u00ed?\u201d, cuestion\u00f3 la ma\u00f1ana de este s\u00e1bado cuando lleg\u00f3 al aeropuerto de Tuxtla Guti\u00e9rrez, Chiapas.<\/p>\n<\/blockquote>\n<p>De acuerdo con informaci\u00f3n publicada por medios nacionales, el mandatario consider\u00f3 que si el mismo Poder Judicial resuelve continuar con la paga de \u201csueldos\u00a0exagerados, estratosf\u00e9ricos, sueldos hasta de 600 mil pesos mensuales\u201d, est\u00e1n dando un mal ejemplo como impartidores de justicia.<\/p>\n<blockquote>\n<p>\u201cNo es posible que haya funcionarios p\u00fablicos en el pa\u00eds, habiendo tanta pobreza, que ganen 600 mil pesos mensuales. Es una ofensa al pueblo de M\u00e9xico y es un acto de deshonestidad. Los que obtienen esos sueldos no es gente honesta, ni es sensible, ni son partidarios de verdad de la justicia\u201d, afirm\u00f3.<\/p>\n<\/blockquote>\n<p>Sin embargo, <strong>L\u00f3pez Obrador<\/strong> asever\u00f3 que el Poder Ejecutivo y el Legislativo respetar\u00e1n lo establecido en el Art\u00edculo 127 de la Constituci\u00f3n, es decir, que\u00a0ning\u00fan funcionario pueda ganar m\u00e1s que el Presidente.<\/p>\n<blockquote>\n<p>\u201cYo creo que la gente va a exigir que no haya sueldos exagerados, que no haya abusos. Vamos a esperar porque apenas est\u00e1n resolviendo este asunto. Ya son mayores de edad y adem\u00e1s es un poder independiente que yo tengo que respetar, pero una cosa es respeto legal y otra cosa es que me quede callado\u201d, aclar\u00f3.<\/p>\n<\/blockquote>\n<p>El tabasque\u00f1o viaj\u00f3 a Chiapas para asistir a la toma de protesta de Rutilio Escand\u00f3n, del partido Movimiento de Regeneraci\u00f3n Nacional (Morena), como Gobernador de la entidad, mientras que por la tarde se espera que presente su plan nacional de energ\u00eda.<\/p>\n<p>Ayer, el\u00a0Ministro Alberto P\u00e9rez Day\u00e1n\u00a0de la <strong>SCJN<\/strong>\u00a0admiti\u00f3 la acci\u00f3n de inconstitucionalidad contra la\u00a0<strong>Ley Federal de Remuneraciones<\/strong>\u00a0y prohibi\u00f3 que se utilice para fijar los\u00a0salarios\u00a0de los\u00a0funcionarios\u00a0que tendr\u00e1n en 2019.<\/p>\n<p>La acci\u00f3n de inconstitucionalidad fue impulsada por senadores del Partido de la Revoluci\u00f3n Democr\u00e1tica (PRD), del Revolucionario Institucional (PRI), Acci\u00f3n Nacional (PAN) y Movimiento Ciudadano (MC) contra la reducci\u00f3n de salarios de los funcionarios.<\/p>\n<p>Seg\u00fan el peri\u00f3dico\u00a0<em>Reforma<\/em>, el Ministro Alberto P\u00e9rez concedi\u00f3 la suspensi\u00f3n, la cual, sin embargo, no impide expresamente la reducci\u00f3n de los salarios, pero obliga a que los sueldos se fijen con base en reglas previstas en la Constituci\u00f3n, seg\u00fan los art\u00edculos 75, 94 y 127.<\/p>\n<blockquote>\n<p>\u201cProcede conceder la suspensi\u00f3n para el efecto de que las remuneraciones que perciban los servidores p\u00fablicos de los Poderes y todos los dem\u00e1s entes p\u00fablicos para el ejercicio de 2019, no sean fijadas en t\u00e9rminos de la ley reclamada\u201d, determin\u00f3 P\u00e9rez Day\u00e1n.<\/p>\n<\/blockquote>\n<p>Con ello, los diputados podr\u00e1n elaborar el Presupuesto de Egresos de 2019 con las reglas establecidas en la Constituci\u00f3n, con lo que estar\u00edan impedido a bajar los salarios de los ministros, los jueces y magistrados federales.<\/p>\n<p>De acuerdo con el medio, el Congreso y el Ejecutivo Federal a\u00fan pueden impugnar esta suspensi\u00f3n con una reclamaci\u00f3n que tendr\u00eda que resolver una de las Salas o el Pleno de la Corte, lo cual se podr\u00e1 dar hasta 2019 cuando ya est\u00e9 vigente el Presupuesto, porque la SCJN ya no tendr\u00e1 m\u00e1s sesiones este a\u00f1o porque entra en per\u00edodo vacacional el 15 de diciembre.<\/p>\n<p><strong>\u201cHAY RESISTENCIA PARA NO PERDE PRIVILEGIOS\u201d<\/strong><\/p>\n<p>Legisladores de Morena han reaccionado ante la suspensi\u00f3n de la Suprema Corte. Criticaron que haya resistencia a la pol\u00edtica de austeridad que impulsa el Presidente y advirtieron que continuar\u00e1n impuls\u00e1ndola.<\/p>\n<p>El presidente de la Mesa Directiva del Senado, Mart\u00ed Batres, consider\u00f3 que habr\u00e1 mucha resistencia de quienes no quieren perder sus privilegios pero que continuar\u00e1n impulsando estas reformas.<\/p>\n<blockquote class=\"twitter-tweet\" data-width=\"550\" data-dnt=\"true\">\n<p lang=\"es\" dir=\"ltr\">Va a haber mucha resistencia de quienes no quieren perder privilegios. Pero vamos a seguir haciendo reformas para disminuir los sueldos de los altos mandos y elevar los sueldos de los de abajo.<\/p>\n<p>&mdash; Mart\u00ed Batres (@martibatres) <a href=\"https:\/\/twitter.com\/martibatres\/status\/1071200191347228672?ref_src=twsrc%5Etfw\">December 8, 2018<\/a><\/p><\/blockquote>\n<p><script async src=\"https:\/\/platform.twitter.com\/widgets.js\" charset=\"utf-8\"><\/script><\/p>\n<p>El coordinador de Morena en el Senado, Ricardo Monreal, asegur\u00f3 que la acci\u00f3n de inconstitucionalidad fue \u201ccabildeada\u201d por los ministros de la Suprema Corte.<\/p>\n<blockquote class=\"twitter-tweet\" data-width=\"550\" data-dnt=\"true\">\n<p lang=\"es\" dir=\"ltr\">Confirmado: la acci\u00f3n de inconstitucionalidad contra la Ley de Remuneraciones (que establece que ning\u00fan servidor p\u00fablico gane m\u00e1s que el <a href=\"https:\/\/twitter.com\/hashtag\/PresidenteDeM%C3%A9xico?src=hash&amp;ref_src=twsrc%5Etfw\">#PresidenteDeM\u00e9xico<\/a> ) fue elaborada, redactada y cabildeada por ministros de la <a href=\"https:\/\/twitter.com\/SCJN?ref_src=twsrc%5Etfw\">@SCJN<\/a>. Jueces y parte. Ins\u00f3lito. \u00bfAlguien duda c\u00f3mo resolver\u00e1n?<\/p>\n<p>&mdash; Ricardo Monreal A. (@RicardoMonrealA) <a href=\"https:\/\/twitter.com\/RicardoMonrealA\/status\/1071178192558411776?ref_src=twsrc%5Etfw\">December 7, 2018<\/a><\/p><\/blockquote>\n<p><script async src=\"https:\/\/platform.twitter.com\/widgets.js\" charset=\"utf-8\"><\/script><\/p>\n<p>El coordinador de los Diputados de Morena, Mario Delgado, dijo que pese a la suspensi\u00f3n de la Suprema Corte, en el Presupuesto de 2019 se ajustar\u00e1n los salarios para que nadie gane m\u00e1s que el Presidente.<\/p>\n<div>\n<p>Mientras, el Diputado Pablo G\u00f3mez dijo que la remuneraci\u00f3n del Presidente no depende de la Ley de Remuneraciones sino de la decisi\u00f3n de la mayor\u00eda de legisladores.<\/p>\n<blockquote class=\"twitter-tweet\" data-width=\"550\" data-dnt=\"true\">\n<p lang=\"es\" dir=\"ltr\">La remuneraci\u00f3n del Presidente de la Rep\u00fablica se fijar\u00e1 por la C\u00e1mara de Diputados en su momento y no depende de la Ley de Remuneraciones sino de la decisi\u00f3n de la mayor\u00eda. Nadie podr\u00e1 ganar m\u00e1s que el Presidente por disposici\u00f3n constitucional.<\/p>\n<p>&mdash; Pablo G\u00f3mez (@PabloGomez1968) <a href=\"https:\/\/twitter.com\/PabloGomez1968\/status\/1071184067020906498?ref_src=twsrc%5Etfw\">December 7, 2018<\/a><\/p><\/blockquote>\n<p><script async src=\"https:\/\/platform.twitter.com\/widgets.js\" charset=\"utf-8\"><\/script><\/p>\n<p>El 5 de noviembre, la Ley Federal de Remuneraciones de los Servidores P\u00fablicos fue publicada en el Diario Oficial de la Federaci\u00f3n (DOF) con lo que entrar\u00e1n en vigor, cuando se apruebe el presupuesto 2019, el tope de salario para los funcionarios p\u00fablicos, quienes no podr\u00e1n ganas m\u00e1s que el Presidente del pa\u00eds y quita las pensiones a los ex mandatarios, entre otras regulaciones.<\/p>\n<p>\u00c9sta Ley es una de las promesas del Presidente Andr\u00e9s Manuel L\u00f3pez Obrador, quien se ha comprometido a impulsar un Gobierno de austeridad y a bajar los sueldos de los altos funcionarios empezando por \u00e9l mismo, quien ganar\u00e1 entre 108 y 110 mil pesos mensuales.<\/p>\n<blockquote>\n<p>La legislaci\u00f3n fue publicada por orden del Congreso de la Uni\u00f3n y no por el entonces Presidente Enrique Pe\u00f1a Nieto. La legislaci\u00f3n entrar\u00e1 en vigor una vez que se apruebe el Presupuesto de 2019.<\/p>\n<\/blockquote>\n<p>En ella se estable que \u201cning\u00fan servidor p\u00fablico recibe una remuneraci\u00f3n o retribuci\u00f3n por el desempe\u00f1o de su funci\u00f3n, empleo, cargo o comisi\u00f3n mayor a la establecida para el Presidente de la Rep\u00fablica en el Presupuesto de Egresos de la Federaci\u00f3n\u201d.<\/p>\n<\/div>\n","protected":false},"excerpt":{"rendered":"<p>AMLO: La SCJN se equivoc\u00f3 con la Ley de Remuneraciones; no entiende la nueva realidad, dice<br \/>\nPor Redacci\u00f3n QP<\/p>\n","protected":false},"author":2,"featured_media":11262,"comment_status":"open","ping_status":"open","sticky":false,"template":"","format":"standard","meta":{"_monsterinsights_skip_tracking":false,"_monsterinsights_sitenote_active":false,"_monsterinsights_sitenote_note":"","_monsterinsights_sitenote_category":0,"footnotes":""},"categories":[2],"tags":[],"class_list":["post-11263","post","type-post","status-publish","format-standard","has-post-thumbnail","hentry","category-noticias"],"yoast_head":"<!-- This site is optimized with the Yoast SEO plugin v27.3 - https:\/\/yoast.com\/product\/yoast-seo-wordpress\/ -->\n<title>AMLO: La SCJN se equivoc\u00f3 con la Ley de Remuneraciones; no entiende la nueva realidad, dice -<\/title>\n<meta name=\"robots\" content=\"index, follow, max-snippet:-1, max-image-preview:large, max-video-preview:-1\" \/>\n<link rel=\"canonical\" href=\"https:\/\/quehacerpolitico.mx\/?p=11263\" \/>\n<meta property=\"og:locale\" content=\"es_MX\" \/>\n<meta property=\"og:type\" content=\"article\" \/>\n<meta property=\"og:title\" content=\"AMLO: La SCJN se equivoc\u00f3 con la Ley de Remuneraciones; no entiende la nueva realidad, dice -\" \/>\n<meta property=\"og:description\" content=\"AMLO: La SCJN se equivoc\u00f3 con la Ley de Remuneraciones; no entiende la nueva realidad, dice Por Redacci\u00f3n QP\" \/>\n<meta property=\"og:url\" content=\"https:\/\/quehacerpolitico.mx\/?p=11263\" \/>\n<meta property=\"article:published_time\" content=\"2018-12-08T17:51:52+00:00\" \/>\n<meta name=\"author\" content=\"Redacci\u00f3n QP\" \/>\n<meta name=\"twitter:card\" content=\"summary_large_image\" \/>\n<meta name=\"twitter:label1\" content=\"Escrito por\" \/>\n\t<meta name=\"twitter:data1\" content=\"Redacci\u00f3n QP\" \/>\n\t<meta name=\"twitter:label2\" content=\"Tiempo de lectura\" \/>\n\t<meta name=\"twitter:data2\" content=\"5 minutos\" \/>\n<script type=\"application\/ld+json\" class=\"yoast-schema-graph\">{\"@context\":\"https:\\\/\\\/schema.org\",\"@graph\":[{\"@type\":\"Article\",\"@id\":\"https:\\\/\\\/quehacerpolitico.mx\\\/?p=11263#article\",\"isPartOf\":{\"@id\":\"https:\\\/\\\/quehacerpolitico.mx\\\/?p=11263\"},\"author\":{\"name\":\"Redacci\u00f3n QP\",\"@id\":\"https:\\\/\\\/quehacerpolitico.mx\\\/#\\\/schema\\\/person\\\/496d8ad2d1d3f8036101dca7ee39e585\"},\"headline\":\"AMLO: La SCJN se equivoc\u00f3 con la Ley de Remuneraciones; no entiende la nueva realidad, dice\",\"datePublished\":\"2018-12-08T17:51:52+00:00\",\"mainEntityOfPage\":{\"@id\":\"https:\\\/\\\/quehacerpolitico.mx\\\/?p=11263\"},\"wordCount\":1077,\"commentCount\":0,\"image\":{\"@id\":\"https:\\\/\\\/quehacerpolitico.mx\\\/?p=11263#primaryimage\"},\"thumbnailUrl\":\"\",\"articleSection\":[\"Noticias\"],\"inLanguage\":\"es\",\"potentialAction\":[{\"@type\":\"CommentAction\",\"name\":\"Comment\",\"target\":[\"https:\\\/\\\/quehacerpolitico.mx\\\/?p=11263#respond\"]}]},{\"@type\":\"WebPage\",\"@id\":\"https:\\\/\\\/quehacerpolitico.mx\\\/?p=11263\",\"url\":\"https:\\\/\\\/quehacerpolitico.mx\\\/?p=11263\",\"name\":\"AMLO: La SCJN se equivoc\u00f3 con la Ley de Remuneraciones; no entiende la nueva realidad, dice -\",\"isPartOf\":{\"@id\":\"https:\\\/\\\/quehacerpolitico.mx\\\/#website\"},\"primaryImageOfPage\":{\"@id\":\"https:\\\/\\\/quehacerpolitico.mx\\\/?p=11263#primaryimage\"},\"image\":{\"@id\":\"https:\\\/\\\/quehacerpolitico.mx\\\/?p=11263#primaryimage\"},\"thumbnailUrl\":\"\",\"datePublished\":\"2018-12-08T17:51:52+00:00\",\"author\":{\"@id\":\"https:\\\/\\\/quehacerpolitico.mx\\\/#\\\/schema\\\/person\\\/496d8ad2d1d3f8036101dca7ee39e585\"},\"breadcrumb\":{\"@id\":\"https:\\\/\\\/quehacerpolitico.mx\\\/?p=11263#breadcrumb\"},\"inLanguage\":\"es\",\"potentialAction\":[{\"@type\":\"ReadAction\",\"target\":[\"https:\\\/\\\/quehacerpolitico.mx\\\/?p=11263\"]}]},{\"@type\":\"ImageObject\",\"inLanguage\":\"es\",\"@id\":\"https:\\\/\\\/quehacerpolitico.mx\\\/?p=11263#primaryimage\",\"url\":\"\",\"contentUrl\":\"\"},{\"@type\":\"BreadcrumbList\",\"@id\":\"https:\\\/\\\/quehacerpolitico.mx\\\/?p=11263#breadcrumb\",\"itemListElement\":[{\"@type\":\"ListItem\",\"position\":1,\"name\":\"Inicio\",\"item\":\"https:\\\/\\\/quehacerpolitico.mx\\\/\"},{\"@type\":\"ListItem\",\"position\":2,\"name\":\"AMLO: La SCJN se equivoc\u00f3 con la Ley de Remuneraciones; no entiende la nueva realidad, dice\"}]},{\"@type\":\"WebSite\",\"@id\":\"https:\\\/\\\/quehacerpolitico.mx\\\/#website\",\"url\":\"https:\\\/\\\/quehacerpolitico.mx\\\/\",\"name\":\"\",\"description\":\"\",\"potentialAction\":[{\"@type\":\"SearchAction\",\"target\":{\"@type\":\"EntryPoint\",\"urlTemplate\":\"https:\\\/\\\/quehacerpolitico.mx\\\/?s={search_term_string}\"},\"query-input\":{\"@type\":\"PropertyValueSpecification\",\"valueRequired\":true,\"valueName\":\"search_term_string\"}}],\"inLanguage\":\"es\"},{\"@type\":\"Person\",\"@id\":\"https:\\\/\\\/quehacerpolitico.mx\\\/#\\\/schema\\\/person\\\/496d8ad2d1d3f8036101dca7ee39e585\",\"name\":\"Redacci\u00f3n QP\",\"image\":{\"@type\":\"ImageObject\",\"inLanguage\":\"es\",\"@id\":\"https:\\\/\\\/secure.gravatar.com\\\/avatar\\\/c7164ed6fdec453195284ad24a5ae5b6e1eed2b848477fa2a4787ba9adf39a41?s=96&d=mm&r=g\",\"url\":\"https:\\\/\\\/secure.gravatar.com\\\/avatar\\\/c7164ed6fdec453195284ad24a5ae5b6e1eed2b848477fa2a4787ba9adf39a41?s=96&d=mm&r=g\",\"contentUrl\":\"https:\\\/\\\/secure.gravatar.com\\\/avatar\\\/c7164ed6fdec453195284ad24a5ae5b6e1eed2b848477fa2a4787ba9adf39a41?s=96&d=mm&r=g\",\"caption\":\"Redacci\u00f3n QP\"},\"url\":\"https:\\\/\\\/quehacerpolitico.mx\\\/?author=2\"}]}<\/script>\n<!-- \/ Yoast SEO plugin. -->","yoast_head_json":{"title":"AMLO: La SCJN se equivoc\u00f3 con la Ley de Remuneraciones; no entiende la nueva realidad, dice -","robots":{"index":"index","follow":"follow","max-snippet":"max-snippet:-1","max-image-preview":"max-image-preview:large","max-video-preview":"max-video-preview:-1"},"canonical":"https:\/\/quehacerpolitico.mx\/?p=11263","og_locale":"es_MX","og_type":"article","og_title":"AMLO: La SCJN se equivoc\u00f3 con la Ley de Remuneraciones; no entiende la nueva realidad, dice -","og_description":"AMLO: La SCJN se equivoc\u00f3 con la Ley de Remuneraciones; no entiende la nueva realidad, dice Por Redacci\u00f3n QP","og_url":"https:\/\/quehacerpolitico.mx\/?p=11263","article_published_time":"2018-12-08T17:51:52+00:00","author":"Redacci\u00f3n QP","twitter_card":"summary_large_image","twitter_misc":{"Escrito por":"Redacci\u00f3n QP","Tiempo de lectura":"5 minutos"},"schema":{"@context":"https:\/\/schema.org","@graph":[{"@type":"Article","@id":"https:\/\/quehacerpolitico.mx\/?p=11263#article","isPartOf":{"@id":"https:\/\/quehacerpolitico.mx\/?p=11263"},"author":{"name":"Redacci\u00f3n QP","@id":"https:\/\/quehacerpolitico.mx\/#\/schema\/person\/496d8ad2d1d3f8036101dca7ee39e585"},"headline":"AMLO: La SCJN se equivoc\u00f3 con la Ley de Remuneraciones; no entiende la nueva realidad, dice","datePublished":"2018-12-08T17:51:52+00:00","mainEntityOfPage":{"@id":"https:\/\/quehacerpolitico.mx\/?p=11263"},"wordCount":1077,"commentCount":0,"image":{"@id":"https:\/\/quehacerpolitico.mx\/?p=11263#primaryimage"},"thumbnailUrl":"","articleSection":["Noticias"],"inLanguage":"es","potentialAction":[{"@type":"CommentAction","name":"Comment","target":["https:\/\/quehacerpolitico.mx\/?p=11263#respond"]}]},{"@type":"WebPage","@id":"https:\/\/quehacerpolitico.mx\/?p=11263","url":"https:\/\/quehacerpolitico.mx\/?p=11263","name":"AMLO: La SCJN se equivoc\u00f3 con la Ley de Remuneraciones; no entiende la nueva realidad, dice -","isPartOf":{"@id":"https:\/\/quehacerpolitico.mx\/#website"},"primaryImageOfPage":{"@id":"https:\/\/quehacerpolitico.mx\/?p=11263#primaryimage"},"image":{"@id":"https:\/\/quehacerpolitico.mx\/?p=11263#primaryimage"},"thumbnailUrl":"","datePublished":"2018-12-08T17:51:52+00:00","author":{"@id":"https:\/\/quehacerpolitico.mx\/#\/schema\/person\/496d8ad2d1d3f8036101dca7ee39e585"},"breadcrumb":{"@id":"https:\/\/quehacerpolitico.mx\/?p=11263#breadcrumb"},"inLanguage":"es","potentialAction":[{"@type":"ReadAction","target":["https:\/\/quehacerpolitico.mx\/?p=11263"]}]},{"@type":"ImageObject","inLanguage":"es","@id":"https:\/\/quehacerpolitico.mx\/?p=11263#primaryimage","url":"","contentUrl":""},{"@type":"BreadcrumbList","@id":"https:\/\/quehacerpolitico.mx\/?p=11263#breadcrumb","itemListElement":[{"@type":"ListItem","position":1,"name":"Inicio","item":"https:\/\/quehacerpolitico.mx\/"},{"@type":"ListItem","position":2,"name":"AMLO: La SCJN se equivoc\u00f3 con la Ley de Remuneraciones; no entiende la nueva realidad, dice"}]},{"@type":"WebSite","@id":"https:\/\/quehacerpolitico.mx\/#website","url":"https:\/\/quehacerpolitico.mx\/","name":"","description":"","potentialAction":[{"@type":"SearchAction","target":{"@type":"EntryPoint","urlTemplate":"https:\/\/quehacerpolitico.mx\/?s={search_term_string}"},"query-input":{"@type":"PropertyValueSpecification","valueRequired":true,"valueName":"search_term_string"}}],"inLanguage":"es"},{"@type":"Person","@id":"https:\/\/quehacerpolitico.mx\/#\/schema\/person\/496d8ad2d1d3f8036101dca7ee39e585","name":"Redacci\u00f3n QP","image":{"@type":"ImageObject","inLanguage":"es","@id":"https:\/\/secure.gravatar.com\/avatar\/c7164ed6fdec453195284ad24a5ae5b6e1eed2b848477fa2a4787ba9adf39a41?s=96&d=mm&r=g","url":"https:\/\/secure.gravatar.com\/avatar\/c7164ed6fdec453195284ad24a5ae5b6e1eed2b848477fa2a4787ba9adf39a41?s=96&d=mm&r=g","contentUrl":"https:\/\/secure.gravatar.com\/avatar\/c7164ed6fdec453195284ad24a5ae5b6e1eed2b848477fa2a4787ba9adf39a41?s=96&d=mm&r=g","caption":"Redacci\u00f3n QP"},"url":"https:\/\/quehacerpolitico.mx\/?author=2"}]}},"featured_image_urls":{"full":"","thumbnail":"","medium":"","medium_large":"","large":"","1536x1536":"","2048x2048":"","covernews-featured":"","covernews-medium":""},"author_info":{"display_name":"Redacci\u00f3n QP","author_link":"https:\/\/quehacerpolitico.mx\/?author=2"},"category_info":"<a href=\"https:\/\/quehacerpolitico.mx\/?cat=2\" rel=\"category\">Noticias<\/a>","tag_info":"Noticias","comment_count":"0","_links":{"self":[{"href":"https:\/\/quehacerpolitico.mx\/index.php?rest_route=\/wp\/v2\/posts\/11263","targetHints":{"allow":["GET"]}}],"collection":[{"href":"https:\/\/quehacerpolitico.mx\/index.php?rest_route=\/wp\/v2\/posts"}],"about":[{"href":"https:\/\/quehacerpolitico.mx\/index.php?rest_route=\/wp\/v2\/types\/post"}],"author":[{"embeddable":true,"href":"https:\/\/quehacerpolitico.mx\/index.php?rest_route=\/wp\/v2\/users\/2"}],"replies":[{"embeddable":true,"href":"https:\/\/quehacerpolitico.mx\/index.php?rest_route=%2Fwp%2Fv2%2Fcomments&post=11263"}],"version-history":[{"count":0,"href":"https:\/\/quehacerpolitico.mx\/index.php?rest_route=\/wp\/v2\/posts\/11263\/revisions"}],"wp:featuredmedia":[{"embeddable":true,"href":"https:\/\/quehacerpolitico.mx\/index.php?rest_route=\/"}],"wp:attachment":[{"href":"https:\/\/quehacerpolitico.mx\/index.php?rest_route=%2Fwp%2Fv2%2Fmedia&parent=11263"}],"wp:term":[{"taxonomy":"category","embeddable":true,"href":"https:\/\/quehacerpolitico.mx\/index.php?rest_route=%2Fwp%2Fv2%2Fcategories&post=11263"},{"taxonomy":"post_tag","embeddable":true,"href":"https:\/\/quehacerpolitico.mx\/index.php?rest_route=%2Fwp%2Fv2%2Ftags&post=11263"}],"curies":[{"name":"wp","href":"https:\/\/api.w.org\/{rel}","templated":true}]}}