{"id":112622,"date":"2024-09-20T05:08:26","date_gmt":"2024-09-20T05:08:26","guid":{"rendered":"https:\/\/quehacerpolitico.mx\/?p=112622"},"modified":"2024-09-20T05:08:29","modified_gmt":"2024-09-20T05:08:29","slug":"diego-lezcano-futbolista-de-21-anos-del-montevideo-wanderers-sale-de-cuidados-intensivos-tras-sufrir-una-arritmia","status":"publish","type":"post","link":"https:\/\/quehacerpolitico.mx\/?p=112622","title":{"rendered":"Diego Lezcano, futbolista de 21 a\u00f1os del Montevideo Wanderers, sale de cuidados intensivos tras sufrir una arritmia"},"content":{"rendered":"\n<p>Por Redacci\u00f3n QP<\/p>\n\n\n\n<p>El jugador uruguayo pas\u00f3 a cuidados intermedios luego de que hace un par de d\u00edas se le retirara la ventilaci\u00f3n mec\u00e1nica invasiva.<\/p>\n\n\n\n<p><strong>Diego Lezcano, futbolista de 21 a\u00f1os del Montevideo Wanderers<\/strong>&nbsp;de Uruguay, abandon\u00f3 el centro de cuidados intensivos al que hab\u00eda ingresado el 11 de septiembre con una&nbsp;<strong>arritmia e insuficiencia respiratoria.<\/strong><\/p>\n\n\n\n<p>As\u00ed lo detalla el parte m\u00e9dico emitido por el&nbsp;<strong>Hospital de Cl\u00ednicas Doctor Manuel Quintela,<\/strong>&nbsp;que indic\u00f3 que el de esta jornada fue el \u00faltimo informe y que el jugador necesita tranquilidad &#8220;para continuar con su recuperaci\u00f3n y&nbsp;<strong>el amor incondicional de su familia y amigos&#8221;.<\/strong><\/p>\n\n\n\n<figure class=\"wp-block-embed is-type-rich is-provider-twitter wp-block-embed-twitter\"><div class=\"wp-block-embed__wrapper\">\n<blockquote class=\"twitter-tweet\" data-width=\"550\" data-dnt=\"true\"><p lang=\"es\" dir=\"ltr\">\u00daltimo parte m\u00e9dico del Hospital de Cl\u00ednicas respecto a la situaci\u00f3n de Diego Lezcano. <a href=\"https:\/\/t.co\/J8SMpqkVhk\">pic.twitter.com\/J8SMpqkVhk<\/a><\/p>&mdash; Montevideo Wanderers (@mwfc_oficial) <a href=\"https:\/\/twitter.com\/mwfc_oficial\/status\/1836870972621906167?ref_src=twsrc%5Etfw\">September 19, 2024<\/a><\/blockquote><script async src=\"https:\/\/platform.twitter.com\/widgets.js\" charset=\"utf-8\"><\/script>\n<\/div><\/figure>\n\n\n\n<p><strong>&#8220;Diego ha presentado una buena evoluci\u00f3n en las \u00faltimas 24 horas.<\/strong>\u00a0En el d\u00eda de hoy permanece l\u00facido, colaborador, confortable y\u00a0<strong>con buenos niveles de ox\u00edgeno en la sangre.\u00a0<\/strong>Hemodinamia estable, sin arritmias. Sin fiebre. Se alimenta en forma adecuada&#8221;, detalla el documento.<\/p>\n\n\n\n<p>De acuerdo con esto, se detalla que el jugador&nbsp;<strong>recibi\u00f3 el alta de cuidados intensivos y pas\u00f3 a cuidado intermedio&nbsp;<\/strong>del Centro Cardiovascular del Hospital de Cl\u00ednicas.<\/p>\n\n\n\n<p><strong>Lezcano, quien el 17 de septiembre&nbsp;cumpli\u00f3 21 a\u00f1os de edad,&nbsp;<\/strong>se encontraba internado en la unidad de cuidados intensivos desde el 11 de septiembre tras presentar una&nbsp;<strong>arritmia e insuficiencia respiratoria secundarias<\/strong>&nbsp;a una miocardiopat\u00eda dilatada.<\/p>\n\n\n\n<figure class=\"wp-block-embed is-type-rich is-provider-twitter wp-block-embed-twitter\"><div class=\"wp-block-embed__wrapper\">\n<blockquote class=\"twitter-tweet\" data-width=\"550\" data-dnt=\"true\"><p lang=\"es\" dir=\"ltr\">\u00a1\ud835\uddd9\ud835\uddd8\ud835\udddf\ud835\udddc\ud835\udded \ud835\uddd6\ud835\udde8\ud835\udde0\ud835\udde3\ud835\udddf\ud835\uddd8, \ud835\udde7\ud835\udde2\ud835\udde7\ud835\udde2! <br><br>Estamos contigo \ud83d\udcaa\ud83c\udffc <a href=\"https:\/\/t.co\/XdZAqjcXOu\">pic.twitter.com\/XdZAqjcXOu<\/a><\/p>&mdash; Montevideo Wanderers (@mwfc_oficial) <a href=\"https:\/\/twitter.com\/mwfc_oficial\/status\/1836185604507263430?ref_src=twsrc%5Etfw\">September 17, 2024<\/a><\/blockquote><script async src=\"https:\/\/platform.twitter.com\/widgets.js\" charset=\"utf-8\"><\/script>\n<\/div><\/figure>\n\n\n\n<p>Ese d\u00eda,&nbsp;<strong>Montevideo Wanderers inform\u00f3 que el juvenil sufri\u00f3 una arritmia estando en su domicilio,&nbsp;<\/strong>al tiempo que agreg\u00f3 que desde el punto de vista cardiovascular se encontraba estable y a nivel neurol\u00f3gico hab\u00eda respondi\u00f3 de manera favorable.<\/p>\n\n\n\n<p>Este martes, el informe diario indic\u00f3 que&nbsp;<strong>Lezcano manten\u00eda una evoluci\u00f3n satisfactoria<\/strong>&nbsp;y hab\u00eda sido desvinculado de la ventilaci\u00f3n mec\u00e1nica invasiva.<\/p>\n\n\n\n<p>Un d\u00eda despu\u00e9s, apunt\u00f3 que&nbsp;<strong>el futbolista permanec\u00eda l\u00facido, colaborador y confortable,&nbsp;<\/strong>al tiempo que se manten\u00eda con oxigenoterapia con m\u00e1scara, presentando&nbsp;<strong>buenos niveles de ox\u00edgeno en sangre.<\/strong><\/p>\n\n\n\n<figure class=\"wp-block-embed is-type-rich is-provider-twitter wp-block-embed-twitter\"><div class=\"wp-block-embed__wrapper\">\n<blockquote class=\"twitter-tweet\" data-width=\"550\" data-dnt=\"true\"><p lang=\"es\" dir=\"ltr\">Situaci\u00f3n de Diego Lezcano:<br><br>El jugador ha reaccionado de manera favorable a los antibi\u00f3ticos y se encuentra consciente. Ha recibido la visita de sus padres y allegados al club. Permanece internado mientras contin\u00faan los estudios.<br><br>\u00a1FUERZA TOTO! <a href=\"https:\/\/t.co\/6KUWWwqTHA\">pic.twitter.com\/6KUWWwqTHA<\/a><\/p>&mdash; Montevideo Wanderers (@mwfc_oficial) <a href=\"https:\/\/twitter.com\/mwfc_oficial\/status\/1834314290721071187?ref_src=twsrc%5Etfw\">September 12, 2024<\/a><\/blockquote><script async src=\"https:\/\/platform.twitter.com\/widgets.js\" charset=\"utf-8\"><\/script>\n<\/div><\/figure>\n\n\n\n<p>Con informaci\u00f3n de EFE<\/p>\n","protected":false},"excerpt":{"rendered":"<p>Por Redacci\u00f3n QP El jugador uruguayo pas\u00f3 a cuidados intermedios luego de que hace un&#8230;<\/p>\n","protected":false},"author":2,"featured_media":112623,"comment_status":"open","ping_status":"open","sticky":false,"template":"","format":"standard","meta":{"_monsterinsights_skip_tracking":false,"_monsterinsights_sitenote_active":false,"_monsterinsights_sitenote_note":"","_monsterinsights_sitenote_category":0,"footnotes":""},"categories":[54],"tags":[],"class_list":["post-112622","post","type-post","status-publish","format-standard","has-post-thumbnail","hentry","category-deportes"],"yoast_head":"<!-- This site is optimized with the Yoast SEO plugin v27.3 - https:\/\/yoast.com\/product\/yoast-seo-wordpress\/ -->\n<title>Diego Lezcano, futbolista de 21 a\u00f1os del Montevideo Wanderers, sale de cuidados intensivos tras sufrir una arritmia -<\/title>\n<meta name=\"robots\" content=\"index, follow, max-snippet:-1, max-image-preview:large, max-video-preview:-1\" \/>\n<link rel=\"canonical\" href=\"https:\/\/quehacerpolitico.mx\/?p=112622\" \/>\n<meta property=\"og:locale\" content=\"es_MX\" \/>\n<meta property=\"og:type\" content=\"article\" \/>\n<meta property=\"og:title\" content=\"Diego Lezcano, futbolista de 21 a\u00f1os del Montevideo Wanderers, sale de cuidados intensivos tras sufrir una arritmia -\" \/>\n<meta property=\"og:description\" content=\"Por Redacci\u00f3n QP El jugador uruguayo pas\u00f3 a cuidados intermedios luego de que hace un...\" \/>\n<meta property=\"og:url\" content=\"https:\/\/quehacerpolitico.mx\/?p=112622\" \/>\n<meta property=\"article:published_time\" content=\"2024-09-20T05:08:26+00:00\" \/>\n<meta property=\"article:modified_time\" content=\"2024-09-20T05:08:29+00:00\" \/>\n<meta property=\"og:image\" content=\"https:\/\/quehacerpolitico.mx\/wp-content\/uploads\/2024\/09\/IMG_8109.jpeg\" \/>\n\t<meta property=\"og:image:width\" content=\"706\" \/>\n\t<meta property=\"og:image:height\" content=\"435\" \/>\n\t<meta property=\"og:image:type\" content=\"image\/jpeg\" \/>\n<meta name=\"author\" content=\"Redacci\u00f3n QP\" \/>\n<meta name=\"twitter:card\" content=\"summary_large_image\" \/>\n<meta name=\"twitter:label1\" content=\"Escrito por\" \/>\n\t<meta name=\"twitter:data1\" content=\"Redacci\u00f3n QP\" \/>\n\t<meta name=\"twitter:label2\" content=\"Tiempo de lectura\" \/>\n\t<meta name=\"twitter:data2\" content=\"2 minutos\" \/>\n<script type=\"application\/ld+json\" class=\"yoast-schema-graph\">{\"@context\":\"https:\\\/\\\/schema.org\",\"@graph\":[{\"@type\":\"Article\",\"@id\":\"https:\\\/\\\/quehacerpolitico.mx\\\/?p=112622#article\",\"isPartOf\":{\"@id\":\"https:\\\/\\\/quehacerpolitico.mx\\\/?p=112622\"},\"author\":{\"name\":\"Redacci\u00f3n QP\",\"@id\":\"https:\\\/\\\/quehacerpolitico.mx\\\/#\\\/schema\\\/person\\\/496d8ad2d1d3f8036101dca7ee39e585\"},\"headline\":\"Diego Lezcano, futbolista de 21 a\u00f1os del Montevideo Wanderers, sale de cuidados intensivos tras sufrir una arritmia\",\"datePublished\":\"2024-09-20T05:08:26+00:00\",\"dateModified\":\"2024-09-20T05:08:29+00:00\",\"mainEntityOfPage\":{\"@id\":\"https:\\\/\\\/quehacerpolitico.mx\\\/?p=112622\"},\"wordCount\":397,\"commentCount\":0,\"image\":{\"@id\":\"https:\\\/\\\/quehacerpolitico.mx\\\/?p=112622#primaryimage\"},\"thumbnailUrl\":\"https:\\\/\\\/quehacerpolitico.mx\\\/wp-content\\\/uploads\\\/2024\\\/09\\\/IMG_8109.jpeg\",\"articleSection\":[\"Deportes\"],\"inLanguage\":\"es\",\"potentialAction\":[{\"@type\":\"CommentAction\",\"name\":\"Comment\",\"target\":[\"https:\\\/\\\/quehacerpolitico.mx\\\/?p=112622#respond\"]}]},{\"@type\":\"WebPage\",\"@id\":\"https:\\\/\\\/quehacerpolitico.mx\\\/?p=112622\",\"url\":\"https:\\\/\\\/quehacerpolitico.mx\\\/?p=112622\",\"name\":\"Diego Lezcano, futbolista de 21 a\u00f1os del Montevideo Wanderers, sale de cuidados intensivos tras sufrir una arritmia -\",\"isPartOf\":{\"@id\":\"https:\\\/\\\/quehacerpolitico.mx\\\/#website\"},\"primaryImageOfPage\":{\"@id\":\"https:\\\/\\\/quehacerpolitico.mx\\\/?p=112622#primaryimage\"},\"image\":{\"@id\":\"https:\\\/\\\/quehacerpolitico.mx\\\/?p=112622#primaryimage\"},\"thumbnailUrl\":\"https:\\\/\\\/quehacerpolitico.mx\\\/wp-content\\\/uploads\\\/2024\\\/09\\\/IMG_8109.jpeg\",\"datePublished\":\"2024-09-20T05:08:26+00:00\",\"dateModified\":\"2024-09-20T05:08:29+00:00\",\"author\":{\"@id\":\"https:\\\/\\\/quehacerpolitico.mx\\\/#\\\/schema\\\/person\\\/496d8ad2d1d3f8036101dca7ee39e585\"},\"breadcrumb\":{\"@id\":\"https:\\\/\\\/quehacerpolitico.mx\\\/?p=112622#breadcrumb\"},\"inLanguage\":\"es\",\"potentialAction\":[{\"@type\":\"ReadAction\",\"target\":[\"https:\\\/\\\/quehacerpolitico.mx\\\/?p=112622\"]}]},{\"@type\":\"ImageObject\",\"inLanguage\":\"es\",\"@id\":\"https:\\\/\\\/quehacerpolitico.mx\\\/?p=112622#primaryimage\",\"url\":\"https:\\\/\\\/quehacerpolitico.mx\\\/wp-content\\\/uploads\\\/2024\\\/09\\\/IMG_8109.jpeg\",\"contentUrl\":\"https:\\\/\\\/quehacerpolitico.mx\\\/wp-content\\\/uploads\\\/2024\\\/09\\\/IMG_8109.jpeg\",\"width\":706,\"height\":435},{\"@type\":\"BreadcrumbList\",\"@id\":\"https:\\\/\\\/quehacerpolitico.mx\\\/?p=112622#breadcrumb\",\"itemListElement\":[{\"@type\":\"ListItem\",\"position\":1,\"name\":\"Inicio\",\"item\":\"https:\\\/\\\/quehacerpolitico.mx\\\/\"},{\"@type\":\"ListItem\",\"position\":2,\"name\":\"Diego Lezcano, futbolista de 21 a\u00f1os del Montevideo Wanderers, sale de cuidados intensivos tras sufrir una arritmia\"}]},{\"@type\":\"WebSite\",\"@id\":\"https:\\\/\\\/quehacerpolitico.mx\\\/#website\",\"url\":\"https:\\\/\\\/quehacerpolitico.mx\\\/\",\"name\":\"\",\"description\":\"\",\"potentialAction\":[{\"@type\":\"SearchAction\",\"target\":{\"@type\":\"EntryPoint\",\"urlTemplate\":\"https:\\\/\\\/quehacerpolitico.mx\\\/?s={search_term_string}\"},\"query-input\":{\"@type\":\"PropertyValueSpecification\",\"valueRequired\":true,\"valueName\":\"search_term_string\"}}],\"inLanguage\":\"es\"},{\"@type\":\"Person\",\"@id\":\"https:\\\/\\\/quehacerpolitico.mx\\\/#\\\/schema\\\/person\\\/496d8ad2d1d3f8036101dca7ee39e585\",\"name\":\"Redacci\u00f3n QP\",\"image\":{\"@type\":\"ImageObject\",\"inLanguage\":\"es\",\"@id\":\"https:\\\/\\\/secure.gravatar.com\\\/avatar\\\/c7164ed6fdec453195284ad24a5ae5b6e1eed2b848477fa2a4787ba9adf39a41?s=96&d=mm&r=g\",\"url\":\"https:\\\/\\\/secure.gravatar.com\\\/avatar\\\/c7164ed6fdec453195284ad24a5ae5b6e1eed2b848477fa2a4787ba9adf39a41?s=96&d=mm&r=g\",\"contentUrl\":\"https:\\\/\\\/secure.gravatar.com\\\/avatar\\\/c7164ed6fdec453195284ad24a5ae5b6e1eed2b848477fa2a4787ba9adf39a41?s=96&d=mm&r=g\",\"caption\":\"Redacci\u00f3n QP\"},\"url\":\"https:\\\/\\\/quehacerpolitico.mx\\\/?author=2\"}]}<\/script>\n<!-- \/ Yoast SEO plugin. -->","yoast_head_json":{"title":"Diego Lezcano, futbolista de 21 a\u00f1os del Montevideo Wanderers, sale de cuidados intensivos tras sufrir una arritmia -","robots":{"index":"index","follow":"follow","max-snippet":"max-snippet:-1","max-image-preview":"max-image-preview:large","max-video-preview":"max-video-preview:-1"},"canonical":"https:\/\/quehacerpolitico.mx\/?p=112622","og_locale":"es_MX","og_type":"article","og_title":"Diego Lezcano, futbolista de 21 a\u00f1os del Montevideo Wanderers, sale de cuidados intensivos tras sufrir una arritmia -","og_description":"Por Redacci\u00f3n QP El jugador uruguayo pas\u00f3 a cuidados intermedios luego de que hace un...","og_url":"https:\/\/quehacerpolitico.mx\/?p=112622","article_published_time":"2024-09-20T05:08:26+00:00","article_modified_time":"2024-09-20T05:08:29+00:00","og_image":[{"width":706,"height":435,"url":"https:\/\/quehacerpolitico.mx\/wp-content\/uploads\/2024\/09\/IMG_8109.jpeg","type":"image\/jpeg"}],"author":"Redacci\u00f3n QP","twitter_card":"summary_large_image","twitter_misc":{"Escrito por":"Redacci\u00f3n QP","Tiempo de lectura":"2 minutos"},"schema":{"@context":"https:\/\/schema.org","@graph":[{"@type":"Article","@id":"https:\/\/quehacerpolitico.mx\/?p=112622#article","isPartOf":{"@id":"https:\/\/quehacerpolitico.mx\/?p=112622"},"author":{"name":"Redacci\u00f3n QP","@id":"https:\/\/quehacerpolitico.mx\/#\/schema\/person\/496d8ad2d1d3f8036101dca7ee39e585"},"headline":"Diego Lezcano, futbolista de 21 a\u00f1os del Montevideo Wanderers, sale de cuidados intensivos tras sufrir una arritmia","datePublished":"2024-09-20T05:08:26+00:00","dateModified":"2024-09-20T05:08:29+00:00","mainEntityOfPage":{"@id":"https:\/\/quehacerpolitico.mx\/?p=112622"},"wordCount":397,"commentCount":0,"image":{"@id":"https:\/\/quehacerpolitico.mx\/?p=112622#primaryimage"},"thumbnailUrl":"https:\/\/quehacerpolitico.mx\/wp-content\/uploads\/2024\/09\/IMG_8109.jpeg","articleSection":["Deportes"],"inLanguage":"es","potentialAction":[{"@type":"CommentAction","name":"Comment","target":["https:\/\/quehacerpolitico.mx\/?p=112622#respond"]}]},{"@type":"WebPage","@id":"https:\/\/quehacerpolitico.mx\/?p=112622","url":"https:\/\/quehacerpolitico.mx\/?p=112622","name":"Diego Lezcano, futbolista de 21 a\u00f1os del Montevideo Wanderers, sale de cuidados intensivos tras sufrir una arritmia -","isPartOf":{"@id":"https:\/\/quehacerpolitico.mx\/#website"},"primaryImageOfPage":{"@id":"https:\/\/quehacerpolitico.mx\/?p=112622#primaryimage"},"image":{"@id":"https:\/\/quehacerpolitico.mx\/?p=112622#primaryimage"},"thumbnailUrl":"https:\/\/quehacerpolitico.mx\/wp-content\/uploads\/2024\/09\/IMG_8109.jpeg","datePublished":"2024-09-20T05:08:26+00:00","dateModified":"2024-09-20T05:08:29+00:00","author":{"@id":"https:\/\/quehacerpolitico.mx\/#\/schema\/person\/496d8ad2d1d3f8036101dca7ee39e585"},"breadcrumb":{"@id":"https:\/\/quehacerpolitico.mx\/?p=112622#breadcrumb"},"inLanguage":"es","potentialAction":[{"@type":"ReadAction","target":["https:\/\/quehacerpolitico.mx\/?p=112622"]}]},{"@type":"ImageObject","inLanguage":"es","@id":"https:\/\/quehacerpolitico.mx\/?p=112622#primaryimage","url":"https:\/\/quehacerpolitico.mx\/wp-content\/uploads\/2024\/09\/IMG_8109.jpeg","contentUrl":"https:\/\/quehacerpolitico.mx\/wp-content\/uploads\/2024\/09\/IMG_8109.jpeg","width":706,"height":435},{"@type":"BreadcrumbList","@id":"https:\/\/quehacerpolitico.mx\/?p=112622#breadcrumb","itemListElement":[{"@type":"ListItem","position":1,"name":"Inicio","item":"https:\/\/quehacerpolitico.mx\/"},{"@type":"ListItem","position":2,"name":"Diego Lezcano, futbolista de 21 a\u00f1os del Montevideo Wanderers, sale de cuidados intensivos tras sufrir una arritmia"}]},{"@type":"WebSite","@id":"https:\/\/quehacerpolitico.mx\/#website","url":"https:\/\/quehacerpolitico.mx\/","name":"","description":"","potentialAction":[{"@type":"SearchAction","target":{"@type":"EntryPoint","urlTemplate":"https:\/\/quehacerpolitico.mx\/?s={search_term_string}"},"query-input":{"@type":"PropertyValueSpecification","valueRequired":true,"valueName":"search_term_string"}}],"inLanguage":"es"},{"@type":"Person","@id":"https:\/\/quehacerpolitico.mx\/#\/schema\/person\/496d8ad2d1d3f8036101dca7ee39e585","name":"Redacci\u00f3n QP","image":{"@type":"ImageObject","inLanguage":"es","@id":"https:\/\/secure.gravatar.com\/avatar\/c7164ed6fdec453195284ad24a5ae5b6e1eed2b848477fa2a4787ba9adf39a41?s=96&d=mm&r=g","url":"https:\/\/secure.gravatar.com\/avatar\/c7164ed6fdec453195284ad24a5ae5b6e1eed2b848477fa2a4787ba9adf39a41?s=96&d=mm&r=g","contentUrl":"https:\/\/secure.gravatar.com\/avatar\/c7164ed6fdec453195284ad24a5ae5b6e1eed2b848477fa2a4787ba9adf39a41?s=96&d=mm&r=g","caption":"Redacci\u00f3n QP"},"url":"https:\/\/quehacerpolitico.mx\/?author=2"}]}},"featured_image_urls":{"full":["https:\/\/quehacerpolitico.mx\/wp-content\/uploads\/2024\/09\/IMG_8109.jpeg",706,435,false],"thumbnail":["https:\/\/quehacerpolitico.mx\/wp-content\/uploads\/2024\/09\/IMG_8109-150x150.jpeg",150,150,true],"medium":["https:\/\/quehacerpolitico.mx\/wp-content\/uploads\/2024\/09\/IMG_8109-300x185.jpeg",300,185,true],"medium_large":["https:\/\/quehacerpolitico.mx\/wp-content\/uploads\/2024\/09\/IMG_8109.jpeg",640,394,false],"large":["https:\/\/quehacerpolitico.mx\/wp-content\/uploads\/2024\/09\/IMG_8109.jpeg",640,394,false],"1536x1536":["https:\/\/quehacerpolitico.mx\/wp-content\/uploads\/2024\/09\/IMG_8109.jpeg",706,435,false],"2048x2048":["https:\/\/quehacerpolitico.mx\/wp-content\/uploads\/2024\/09\/IMG_8109.jpeg",706,435,false],"covernews-featured":["https:\/\/quehacerpolitico.mx\/wp-content\/uploads\/2024\/09\/IMG_8109.jpeg",706,435,false],"covernews-medium":["https:\/\/quehacerpolitico.mx\/wp-content\/uploads\/2024\/09\/IMG_8109.jpeg",540,333,false]},"author_info":{"display_name":"Redacci\u00f3n QP","author_link":"https:\/\/quehacerpolitico.mx\/?author=2"},"category_info":"<a href=\"https:\/\/quehacerpolitico.mx\/?cat=54\" rel=\"category\">Deportes<\/a>","tag_info":"Deportes","comment_count":"0","_links":{"self":[{"href":"https:\/\/quehacerpolitico.mx\/index.php?rest_route=\/wp\/v2\/posts\/112622","targetHints":{"allow":["GET"]}}],"collection":[{"href":"https:\/\/quehacerpolitico.mx\/index.php?rest_route=\/wp\/v2\/posts"}],"about":[{"href":"https:\/\/quehacerpolitico.mx\/index.php?rest_route=\/wp\/v2\/types\/post"}],"author":[{"embeddable":true,"href":"https:\/\/quehacerpolitico.mx\/index.php?rest_route=\/wp\/v2\/users\/2"}],"replies":[{"embeddable":true,"href":"https:\/\/quehacerpolitico.mx\/index.php?rest_route=%2Fwp%2Fv2%2Fcomments&post=112622"}],"version-history":[{"count":1,"href":"https:\/\/quehacerpolitico.mx\/index.php?rest_route=\/wp\/v2\/posts\/112622\/revisions"}],"predecessor-version":[{"id":112624,"href":"https:\/\/quehacerpolitico.mx\/index.php?rest_route=\/wp\/v2\/posts\/112622\/revisions\/112624"}],"wp:featuredmedia":[{"embeddable":true,"href":"https:\/\/quehacerpolitico.mx\/index.php?rest_route=\/wp\/v2\/media\/112623"}],"wp:attachment":[{"href":"https:\/\/quehacerpolitico.mx\/index.php?rest_route=%2Fwp%2Fv2%2Fmedia&parent=112622"}],"wp:term":[{"taxonomy":"category","embeddable":true,"href":"https:\/\/quehacerpolitico.mx\/index.php?rest_route=%2Fwp%2Fv2%2Fcategories&post=112622"},{"taxonomy":"post_tag","embeddable":true,"href":"https:\/\/quehacerpolitico.mx\/index.php?rest_route=%2Fwp%2Fv2%2Ftags&post=112622"}],"curies":[{"name":"wp","href":"https:\/\/api.w.org\/{rel}","templated":true}]}}