{"id":11255,"date":"2018-12-08T17:20:58","date_gmt":"2018-12-08T17:20:58","guid":{"rendered":"http:\/\/quehacerpolitico.mx\/calderon-y-pena-tiraron-mas-de-4-mil-millones-en-una-credencial-unica-que-nunca-se-concreto\/"},"modified":"2018-12-08T17:20:58","modified_gmt":"2018-12-08T17:20:58","slug":"calderon-y-pena-tiraron-mas-de-4-mil-millones-en-una-credencial-unica-que-nunca-se-concreto","status":"publish","type":"post","link":"https:\/\/quehacerpolitico.mx\/?p=11255","title":{"rendered":"Calder\u00f3n y Pe\u00f1a tiraron m\u00e1s de 4 mil millones en una credencial \u00fanica\u2026 que nunca se concret\u00f3"},"content":{"rendered":"<h1>Calder\u00f3n y Pe\u00f1a tiraron m\u00e1s de 4 mil millones en una credencial \u00fanica\u2026 que nunca se concret\u00f3<\/h1>\n<p>Por Redacci\u00f3n QP<\/p>\n<p>Esta es la triste historia de un pa\u00eds que desde hace casi una d\u00e9cada se ha empe\u00f1ado en tener, en una sola credencial, todos los datos personales, pero siempre ha fracasado. En el esfuerzo, ha tirado a la basura (y esta no es una met\u00e1fora) m\u00e1s de 4 mil millones de pesos, que habr\u00edan alcanzado para comprar 80 mil camas de hospital en el Instituto Mexicano del Seguro Social (IMSS), pues cuestan aproximadamente 50 mil pesos cada una.<\/p>\n<p>El Gobierno de <strong>Felipe Calder\u00f3n Hinojosa<\/strong>(2006-2012) la llam\u00f3 <strong>C\u00e9dula de Identidad Ciudadana<\/strong> (CIC) y el de <strong>Enrique Pe\u00f1a Nieto<\/strong>(2012-2018) <strong>Clave \u00danica de Identidad<\/strong> (CUI). Para una y otra administraci\u00f3n, ese documento constituy\u00f3 un programa estrella que acapar\u00f3 recursos y reflectores, pero, en ambos casos, les bastaron tres a\u00f1os para difuminarse y extinguirse.<\/p>\n<div id=\"attachment_3508331\" class=\"wp-caption alignnone\"><img loading=\"lazy\" decoding=\"async\" class=\"size-full wp-image-3508331\" src=\"https:\/\/www.sinembargo.mx\/wp-content\/uploads\/2018\/12\/epn_protesta-2-1.jpg\" sizes=\"auto, (max-width: 700px) 100vw, 700px\" srcset=\"https:\/\/www.sinembargo.mx\/wp-content\/uploads\/2018\/12\/epn_protesta-2-1.jpg 700w, https:\/\/www.sinembargo.mx\/wp-content\/uploads\/2018\/12\/epn_protesta-2-1-300x186.jpg 300w\" alt=\"\" width=\"700\" height=\"434\" \/><\/p>\n<p class=\"wp-caption-text\">El 1 de diciembre de 2012, Enrique Pe\u00f1a Nieto, tom\u00f3 protesta como Presidente de la Rep\u00fablica y recibi\u00f3 la banda presidencial de manos del panista Felipe Calder\u00f3n Hinojosa. Foto: Aar\u00f3n S\u00e1nchez, Cuartoscuro<\/p>\n<\/div>\n<blockquote>\n<p>En 2009, <strong>Felipe Calder\u00f3n Hinojosa<\/strong>anunci\u00f3, orgulloso, que su administraci\u00f3n expedir\u00eda la C\u00e9dula de Identidad Ciudadana (CIC), un documento que aglutinar\u00eda la fotograf\u00eda, acta de nacimiento, tipo de sangre y datos biom\u00e9tricos como huellas dactilares y el iris. Hoy, a disposici\u00f3n de la opini\u00f3n p\u00fablica, el Libro Blanco del proyecto es el relato de c\u00f3mo, pese a las advertencias de que el plan no era viable, se derroch\u00f3 un total de 3 mil 129 millones 595 mil 59 pesos en un agujero negro.<\/p>\n<\/blockquote>\n<p><strong>Enrique Pe\u00f1a Nieto<\/strong> la ofreci\u00f3 dos veces. Primero, en los compromisos del Pacto por M\u00e9xico en 2013. Luego, con la sombra de la tragedia de Ayotzinapa sobre su Gobierno, la volvi\u00f3 a comprometer, en el quinto punto del dec\u00e1logo que present\u00f3 para reasumir el Estado de Derecho en 2014. Pero su gesti\u00f3n concluy\u00f3 y no entreg\u00f3 ni la primera parte del proyecto en el que se gast\u00f3 1 mil 80 millones, 819 mil 654 pesos, seg\u00fan una revisi\u00f3n de los contratos hecha por <em>Vice<\/em> en Compranet.<\/p>\n<p>Este es el recuento de c\u00f3mo se tiraron a la basura m\u00e1s de cuatro mil millones de pesos en un documento de suma importancia, pues incluso desde 2014 est\u00e1 contemplado en el Art\u00edculo 4 de la Constituci\u00f3n, que establece: \u201cToda persona tiene derecho a la identidad y a ser registrado de manera inmediata a su nacimiento. El Estado garantizar\u00e1 el cumplimiento de estos derechos\u201d.<\/p>\n<p>Tambi\u00e9n es una herramienta vital en el combate al crimen, pero Enrique Pe\u00f1a Nieto se olvid\u00f3 de ella. Mar\u00eda Elena Morera, activista de seguridad y justicia, denunci\u00f3 en su cuenta de Twitter, en septiembre de 2015: \u201cLa Clave \u00danica de Identidad, indispensable en la estrategia de seguridad y justicia, ausente en el informe de @EPN\u201d.<\/p>\n<p><strong>DANZA DE MILLONES EN UNA CREDENCIAL FALLIDA\u00a0<\/strong><\/p>\n<p><strong>Felipe Calder\u00f3n Hinojosa<\/strong> arranc\u00f3 el proyecto en 2009, un a\u00f1o despu\u00e9s de la crisis financiera mundial por la burbuja inmobiliaria de Estados Unidos. La inversi\u00f3n inicial fue de 396 millones 733 mil 717 pesos y fue usada s\u00f3lo para los procesos de licitaci\u00f3n de la infraestructura que permitir\u00eda el registro de la poblaci\u00f3n del pa\u00eds, que en ese momento era de 115 millones de habitantes, seg\u00fan el censo del Instituto Nacional de Estad\u00edstica, Geograf\u00eda e Inform\u00e1tica (INEGI). Firm\u00f3 contratos con Talleres Gr\u00e1ficos de M\u00e9xico, Axtel, Unisys, Crypto AG y Smartmatic International Holding, seg\u00fan consta en el Libro Blanco del proyecto y en el Portal de Obligaciones y Transparencia (POT).<\/p>\n<div id=\"attachment_3508334\" class=\"wp-caption alignnone\"><img loading=\"lazy\" decoding=\"async\" class=\"size-full wp-image-3508334\" src=\"https:\/\/www.sinembargo.mx\/wp-content\/uploads\/2018\/12\/felipe_calderon-2.jpg\" sizes=\"auto, (max-width: 700px) 100vw, 700px\" srcset=\"https:\/\/www.sinembargo.mx\/wp-content\/uploads\/2018\/12\/felipe_calderon-2.jpg 700w, https:\/\/www.sinembargo.mx\/wp-content\/uploads\/2018\/12\/felipe_calderon-2-300x199.jpg 300w\" alt=\"\" width=\"700\" height=\"465\" \/><\/p>\n<p class=\"wp-caption-text\">Felipe Calder\u00f3n Hinojosa, ex Presidente de M\u00e9xico, durante una conferencia en la capital del pa\u00eds. Foto: Diego Sim\u00f3n S\u00e1nchez, Cuartoscuro<\/p>\n<\/div>\n<blockquote>\n<p>Los datos biom\u00e9tricos son los rasgos f\u00edsicos y fisiol\u00f3gicos, as\u00ed como de comportamiento o rasgo de la personalidad atribuibles a una sola persona. Entre los primeros est\u00e1n la huella dactilar, as\u00ed como el reconocimiento facial y la geometr\u00eda de la mano. Los otros son la firma, la voz, la escritura o la forma de andar. Un eventual mal uso por delincuentes inform\u00e1ticos ser\u00eda irreversible.<\/p>\n<\/blockquote>\n<p>Quiz\u00e1 por eso, la Segob anunci\u00f3 en junio de este a\u00f1o que destruir\u00eda 1.7 millones de credenciales infantiles que se expidieron como parte de la C\u00e9dula de Identidad del sexenio de Felipe Calder\u00f3n, si el titular de los datos o su representante no acud\u00eda a recoger la mica. Mismo destino que tendr\u00edan los datos capturados. En total se elaboraron 3.5 millones de credenciales, pero s\u00f3lo se entregaron 1.8 millones. Fueron procesadas las huellas dactilares y otras referencias f\u00edsicas de 6.8 millones de infantes, seg\u00fan inform\u00f3 el Instituto Nacional de Acceso a la Informaci\u00f3n (INAI).<\/p>\n<p>En 2009, los legisladores de todos los partidos no hab\u00edan logrado ponerse de acuerdo en que se obtuviera esta informaci\u00f3n de los mexicanos y le pidieron al entonces Presidente Calder\u00f3n Hinojosa detenerse en su intento de conformar una c\u00e9dula con estos datos. Tambi\u00e9n lo exhortaron a esperar a que pasara la debacle financiera global. Pero nada detuvo el proyecto. El a\u00f1o siguiente, el Gobierno calderonista ejerci\u00f3 531 millones 396 mil 447 pesos. De ese monto, en la compra del equipo de registro biom\u00e9trico y de encriptaci\u00f3n se usaron 216 millones 287 mil 817 pesos.<\/p>\n<blockquote>\n<p>El 3 de marzo de 2011, los legisladores le volvieron a pedir al Ejecutivo que parara mediante una controversia constitucional ante la Suprema Corte de Justicia de la Naci\u00f3n, pero ese mismo a\u00f1o fue sobrese\u00edda. Y entonces, la administraci\u00f3n de Felipe Calder\u00f3n se despach\u00f3 con la cuchara grande. A Smartmatic le pag\u00f3 150 millones 408 mil 751 pesos, a Axtel-Unisys, 178 millones 85 mil 252 pesos y a Crypto, 46 millones 510 mil 320 pesos.<\/p>\n<\/blockquote>\n<div id=\"attachment_3508337\" class=\"wp-caption alignnone\"><img loading=\"lazy\" decoding=\"async\" class=\"size-full wp-image-3508337\" src=\"https:\/\/www.sinembargo.mx\/wp-content\/uploads\/2018\/12\/epn.jpeg\" sizes=\"auto, (max-width: 700px) 100vw, 700px\" srcset=\"https:\/\/www.sinembargo.mx\/wp-content\/uploads\/2018\/12\/epn.jpeg 700w, https:\/\/www.sinembargo.mx\/wp-content\/uploads\/2018\/12\/epn-300x199.jpeg 300w\" alt=\"\" width=\"700\" height=\"465\" \/><\/p>\n<p class=\"wp-caption-text\">El pasado 28 de noviembre, Pe\u00f1a recibi\u00f3 un reconocimiento por parte del Estado Mayor Presidencial, que encabezaba entonces el General Roberto Miranda, en el Campo Marte. Foto: Diego Sim\u00f3n S\u00e1nchez, Cuartoscuro<\/p>\n<\/div>\n<p>En ese mismo 2011, cuando le faltaba un a\u00f1o en el Gobierno, el Presidente anunci\u00f3 que la c\u00e9dula ya no ser\u00eda para todos; sino s\u00f3lo para los menores de entre cuatro y 17 a\u00f1os de edad. Ello permitir\u00eda que las empresas contratadas cumplieran con las obligaciones contra\u00eddas; pero a estas alturas, el proyecto hab\u00eda derrapado. Para el 31 de diciembre, la Secretar\u00eda de Gobernaci\u00f3n hab\u00eda procesado 2 millones 699 mil 416 registros de ni\u00f1os y hab\u00eda expedido 96 mil 137 c\u00e9dulas de identidad que jam\u00e1s fueron usadas.<\/p>\n<p>Las tarjetas permanecieron almacenadas en la Secretar\u00eda de Gobernaci\u00f3n hasta que, en 2015, cuando ya gobernaba <strong>Enrique Pe\u00f1a Nieto<\/strong>, el entonces subsecretario de Poblaci\u00f3n, Migraci\u00f3n y Asuntos Religiosos de esa dependencia, Humberto Roque Villanueva, inform\u00f3 que el proyecto calderonista ser\u00eda cancelado de manera definitiva y que se volver\u00eda a empezar. Dio a conocer que el Gobierno de Enrique Pe\u00f1a Nieto har\u00eda una revolucionaria Clave \u00danica de Identidad.<\/p>\n<div id=\"attachment_3508339\" class=\"wp-caption alignnone\"><img loading=\"lazy\" decoding=\"async\" class=\"size-full wp-image-3508339\" src=\"https:\/\/www.sinembargo.mx\/wp-content\/uploads\/2018\/12\/conferencia_amlo_presentacin_terna_suprema_corte-6.jpg\" sizes=\"auto, (max-width: 700px) 100vw, 700px\" srcset=\"https:\/\/www.sinembargo.mx\/wp-content\/uploads\/2018\/12\/conferencia_amlo_presentacin_terna_suprema_corte-6.jpg 700w, https:\/\/www.sinembargo.mx\/wp-content\/uploads\/2018\/12\/conferencia_amlo_presentacin_terna_suprema_corte-6-300x200.jpg 300w\" alt=\"\" width=\"700\" height=\"467\" \/><\/p>\n<p class=\"wp-caption-text\">Andr\u00e9s Manuel L\u00f3pez Obrador, actual Presidente de M\u00e9xico, durante su conferencia de prensa matutina, un ejercicio que inici\u00f3 el pasado lunes. Foto: Misael Valtierra, Cuartoscuro<\/p>\n<\/div>\n<p><strong>UNA PEQUE\u00d1A DISCREPANCIA DE 60 MILLONES DE CLAVES\u00a0<\/strong><\/p>\n<p>El nuevo Gobierno de Andr\u00e9s Manuel L\u00f3pez Obrador arranca con una revoltura en las bases de datos poblacionales de los ciudadanos. Mientras el INEGI reporta 121 millones 493 mil habitantes (actas de nacimiento), la Secretar\u00eda de Gobernaci\u00f3n (Segob) tiene 177 millones 820 mil registros de la Clave \u00danica de Registro de Poblaci\u00f3n ( CURP).<\/p>\n<p>Esa discordancia fue encontrada por la Auditor\u00eda Superior de la Federaci\u00f3n (ASF) en la cuenta p\u00fablica de 2015. La Segob, hasta ahora, no ha solventado la observaci\u00f3n, seg\u00fan constat\u00f3 Vice. Los datos de la misma dependencia en su plan sectorial 2013-2018 son m\u00e1s graves. Reconoc\u00eda un excedente de 60 millones de CURP.<\/p>\n<blockquote>\n<p>Pese a la detecci\u00f3n de las anomal\u00edas en las bases de datos de los mexicanos, en 2015, la Segob \u2013bajo la gesti\u00f3n de Miguel \u00c1ngel Osorio Chong\u2013 pag\u00f3 un mill\u00f3n 256 mil pesos con la empresa Servicio Audio Representaciones y Artistas S.A. de C.V. para que organizara el evento \u201cHacia la Clave \u00danica de Identidad tu Acta de Nacimiento en donde te Encuentres\u201d. Era febrero de 2015 y el ex Presidente Enrique Pe\u00f1a Nieto hab\u00eda dicho en un comunicado: \u201cM\u00e9xico carece en pleno siglo XXI de un registro confiable de su poblaci\u00f3n con el cual ayudar a tener certeza en actos jur\u00eddicos, eficacia en la prestaci\u00f3n de servicios p\u00fablicos y privados, y en materia de seguridad p\u00fablica\u201d.<\/p>\n<\/blockquote>\n<p>En el evento, Osorio Chong mencion\u00f3 que entre las disposiciones se incluir\u00eda la gratuidad del tr\u00e1mite de la primera acta de nacimiento. Luego dijo: \u201cLa Clave \u00danica de Registro de Poblaci\u00f3n es incierta\u2026 La CUI hace depuraci\u00f3n del Registro Civil. Se busca un sistema m\u00e1s accesible y moderno\u201d.<\/p>\n<div id=\"attachment_3508346\" class=\"wp-caption alignnone\"><img loading=\"lazy\" decoding=\"async\" class=\"size-full wp-image-3508346\" src=\"https:\/\/www.sinembargo.mx\/wp-content\/uploads\/2018\/12\/sesion_senado-6_44.jpg\" sizes=\"auto, (max-width: 700px) 100vw, 700px\" srcset=\"https:\/\/www.sinembargo.mx\/wp-content\/uploads\/2018\/12\/sesion_senado-6_44.jpg 700w, https:\/\/www.sinembargo.mx\/wp-content\/uploads\/2018\/12\/sesion_senado-6_44-300x200.jpg 300w\" alt=\"\" width=\"700\" height=\"467\" \/><\/p>\n<p class=\"wp-caption-text\">Miguel \u00c1ngel Osorio Chong, ex titular de la Secretar\u00eda de Gobernaci\u00f3n en el sexenio de Pe\u00f1a y actual coordinador de los senadores del Partido Revolucionario Institucional. Foto: Misael Valtierra, Cuartoscuro<\/p>\n<\/div>\n<p>En 2016, le fueron pagados 870 millones de pesos al consorcio que formaron las empresas SixSigma Networks M\u00e9xico S.A. de C.V (de Mar\u00eda Asunci\u00f3n Aramburuzabala), Sm4rt Security Services, Metro Net S.A.P.I de C,V y Masnegocio.Com. Seg\u00fan se public\u00f3 en el POT, las empresas se encargaron de la migraci\u00f3n, el acompa\u00f1amiento y el servicio integral para la continuidad de los servicios de c\u00f3mputo del Renapo y la identificaci\u00f3n personal.<\/p>\n<p>En diciembre de 2018, no hay ni C\u00e9dula de Identidad Ciudadana ni Clave \u00danica de Identidad. Seg\u00fan el tr\u00e1mite, los mexicanos deben presentar la credencial de elector emitida por el Instituto Nacional de Elector (INE), la CURP emitida por la Secretar\u00eda de Gobernaci\u00f3n, el N\u00famero de Seguridad Social emitido por el Instituto Mexicano del Seguro Social (IMSS) o el Registro Federal de Contribuyentes emitido por la Secretar\u00eda de Hacienda. En el sue\u00f1o de querer poner todo en una sola credencial se han ido miles de millones de pesos.<\/p>\n<p>Con Informaci\u00f3n de Vice<\/p>\n","protected":false},"excerpt":{"rendered":"<p>Calder\u00f3n y Pe\u00f1a tiraron m\u00e1s de 4 mil millones en una credencial \u00fanica\u2026 que nunca se concret\u00f3<br \/>\nPor Redacci\u00f3n QP<\/p>\n","protected":false},"author":2,"featured_media":11254,"comment_status":"open","ping_status":"open","sticky":false,"template":"","format":"standard","meta":{"_monsterinsights_skip_tracking":false,"_monsterinsights_sitenote_active":false,"_monsterinsights_sitenote_note":"","_monsterinsights_sitenote_category":0,"footnotes":""},"categories":[2],"tags":[],"class_list":["post-11255","post","type-post","status-publish","format-standard","has-post-thumbnail","hentry","category-noticias"],"yoast_head":"<!-- This site is optimized with the Yoast SEO plugin v27.3 - https:\/\/yoast.com\/product\/yoast-seo-wordpress\/ -->\n<title>Calder\u00f3n y Pe\u00f1a tiraron m\u00e1s de 4 mil millones en una credencial \u00fanica\u2026 que nunca se concret\u00f3 -<\/title>\n<meta name=\"robots\" content=\"index, follow, max-snippet:-1, max-image-preview:large, max-video-preview:-1\" \/>\n<link rel=\"canonical\" href=\"https:\/\/quehacerpolitico.mx\/?p=11255\" \/>\n<meta property=\"og:locale\" content=\"es_MX\" \/>\n<meta property=\"og:type\" content=\"article\" \/>\n<meta property=\"og:title\" content=\"Calder\u00f3n y Pe\u00f1a tiraron m\u00e1s de 4 mil millones en una credencial \u00fanica\u2026 que nunca se concret\u00f3 -\" \/>\n<meta property=\"og:description\" content=\"Calder\u00f3n y Pe\u00f1a tiraron m\u00e1s de 4 mil millones en una credencial \u00fanica\u2026 que nunca se concret\u00f3 Por Redacci\u00f3n QP\" \/>\n<meta property=\"og:url\" content=\"https:\/\/quehacerpolitico.mx\/?p=11255\" \/>\n<meta property=\"article:published_time\" content=\"2018-12-08T17:20:58+00:00\" \/>\n<meta name=\"author\" content=\"Redacci\u00f3n QP\" \/>\n<meta name=\"twitter:card\" content=\"summary_large_image\" \/>\n<meta name=\"twitter:label1\" content=\"Escrito por\" \/>\n\t<meta name=\"twitter:data1\" content=\"Redacci\u00f3n QP\" \/>\n\t<meta name=\"twitter:label2\" content=\"Tiempo de lectura\" \/>\n\t<meta name=\"twitter:data2\" content=\"9 minutos\" \/>\n<script type=\"application\/ld+json\" class=\"yoast-schema-graph\">{\"@context\":\"https:\\\/\\\/schema.org\",\"@graph\":[{\"@type\":\"Article\",\"@id\":\"https:\\\/\\\/quehacerpolitico.mx\\\/?p=11255#article\",\"isPartOf\":{\"@id\":\"https:\\\/\\\/quehacerpolitico.mx\\\/?p=11255\"},\"author\":{\"name\":\"Redacci\u00f3n QP\",\"@id\":\"https:\\\/\\\/quehacerpolitico.mx\\\/#\\\/schema\\\/person\\\/496d8ad2d1d3f8036101dca7ee39e585\"},\"headline\":\"Calder\u00f3n y Pe\u00f1a tiraron m\u00e1s de 4 mil millones en una credencial \u00fanica\u2026 que nunca se concret\u00f3\",\"datePublished\":\"2018-12-08T17:20:58+00:00\",\"mainEntityOfPage\":{\"@id\":\"https:\\\/\\\/quehacerpolitico.mx\\\/?p=11255\"},\"wordCount\":1746,\"commentCount\":0,\"image\":{\"@id\":\"https:\\\/\\\/quehacerpolitico.mx\\\/?p=11255#primaryimage\"},\"thumbnailUrl\":\"\",\"articleSection\":[\"Noticias\"],\"inLanguage\":\"es\",\"potentialAction\":[{\"@type\":\"CommentAction\",\"name\":\"Comment\",\"target\":[\"https:\\\/\\\/quehacerpolitico.mx\\\/?p=11255#respond\"]}]},{\"@type\":\"WebPage\",\"@id\":\"https:\\\/\\\/quehacerpolitico.mx\\\/?p=11255\",\"url\":\"https:\\\/\\\/quehacerpolitico.mx\\\/?p=11255\",\"name\":\"Calder\u00f3n y Pe\u00f1a tiraron m\u00e1s de 4 mil millones en una credencial \u00fanica\u2026 que nunca se concret\u00f3 -\",\"isPartOf\":{\"@id\":\"https:\\\/\\\/quehacerpolitico.mx\\\/#website\"},\"primaryImageOfPage\":{\"@id\":\"https:\\\/\\\/quehacerpolitico.mx\\\/?p=11255#primaryimage\"},\"image\":{\"@id\":\"https:\\\/\\\/quehacerpolitico.mx\\\/?p=11255#primaryimage\"},\"thumbnailUrl\":\"\",\"datePublished\":\"2018-12-08T17:20:58+00:00\",\"author\":{\"@id\":\"https:\\\/\\\/quehacerpolitico.mx\\\/#\\\/schema\\\/person\\\/496d8ad2d1d3f8036101dca7ee39e585\"},\"breadcrumb\":{\"@id\":\"https:\\\/\\\/quehacerpolitico.mx\\\/?p=11255#breadcrumb\"},\"inLanguage\":\"es\",\"potentialAction\":[{\"@type\":\"ReadAction\",\"target\":[\"https:\\\/\\\/quehacerpolitico.mx\\\/?p=11255\"]}]},{\"@type\":\"ImageObject\",\"inLanguage\":\"es\",\"@id\":\"https:\\\/\\\/quehacerpolitico.mx\\\/?p=11255#primaryimage\",\"url\":\"\",\"contentUrl\":\"\"},{\"@type\":\"BreadcrumbList\",\"@id\":\"https:\\\/\\\/quehacerpolitico.mx\\\/?p=11255#breadcrumb\",\"itemListElement\":[{\"@type\":\"ListItem\",\"position\":1,\"name\":\"Inicio\",\"item\":\"https:\\\/\\\/quehacerpolitico.mx\\\/\"},{\"@type\":\"ListItem\",\"position\":2,\"name\":\"Calder\u00f3n y Pe\u00f1a tiraron m\u00e1s de 4 mil millones en una credencial \u00fanica\u2026 que nunca se concret\u00f3\"}]},{\"@type\":\"WebSite\",\"@id\":\"https:\\\/\\\/quehacerpolitico.mx\\\/#website\",\"url\":\"https:\\\/\\\/quehacerpolitico.mx\\\/\",\"name\":\"\",\"description\":\"\",\"potentialAction\":[{\"@type\":\"SearchAction\",\"target\":{\"@type\":\"EntryPoint\",\"urlTemplate\":\"https:\\\/\\\/quehacerpolitico.mx\\\/?s={search_term_string}\"},\"query-input\":{\"@type\":\"PropertyValueSpecification\",\"valueRequired\":true,\"valueName\":\"search_term_string\"}}],\"inLanguage\":\"es\"},{\"@type\":\"Person\",\"@id\":\"https:\\\/\\\/quehacerpolitico.mx\\\/#\\\/schema\\\/person\\\/496d8ad2d1d3f8036101dca7ee39e585\",\"name\":\"Redacci\u00f3n QP\",\"image\":{\"@type\":\"ImageObject\",\"inLanguage\":\"es\",\"@id\":\"https:\\\/\\\/secure.gravatar.com\\\/avatar\\\/c7164ed6fdec453195284ad24a5ae5b6e1eed2b848477fa2a4787ba9adf39a41?s=96&d=mm&r=g\",\"url\":\"https:\\\/\\\/secure.gravatar.com\\\/avatar\\\/c7164ed6fdec453195284ad24a5ae5b6e1eed2b848477fa2a4787ba9adf39a41?s=96&d=mm&r=g\",\"contentUrl\":\"https:\\\/\\\/secure.gravatar.com\\\/avatar\\\/c7164ed6fdec453195284ad24a5ae5b6e1eed2b848477fa2a4787ba9adf39a41?s=96&d=mm&r=g\",\"caption\":\"Redacci\u00f3n QP\"},\"url\":\"https:\\\/\\\/quehacerpolitico.mx\\\/?author=2\"}]}<\/script>\n<!-- \/ Yoast SEO plugin. -->","yoast_head_json":{"title":"Calder\u00f3n y Pe\u00f1a tiraron m\u00e1s de 4 mil millones en una credencial \u00fanica\u2026 que nunca se concret\u00f3 -","robots":{"index":"index","follow":"follow","max-snippet":"max-snippet:-1","max-image-preview":"max-image-preview:large","max-video-preview":"max-video-preview:-1"},"canonical":"https:\/\/quehacerpolitico.mx\/?p=11255","og_locale":"es_MX","og_type":"article","og_title":"Calder\u00f3n y Pe\u00f1a tiraron m\u00e1s de 4 mil millones en una credencial \u00fanica\u2026 que nunca se concret\u00f3 -","og_description":"Calder\u00f3n y Pe\u00f1a tiraron m\u00e1s de 4 mil millones en una credencial \u00fanica\u2026 que nunca se concret\u00f3 Por Redacci\u00f3n QP","og_url":"https:\/\/quehacerpolitico.mx\/?p=11255","article_published_time":"2018-12-08T17:20:58+00:00","author":"Redacci\u00f3n QP","twitter_card":"summary_large_image","twitter_misc":{"Escrito por":"Redacci\u00f3n QP","Tiempo de lectura":"9 minutos"},"schema":{"@context":"https:\/\/schema.org","@graph":[{"@type":"Article","@id":"https:\/\/quehacerpolitico.mx\/?p=11255#article","isPartOf":{"@id":"https:\/\/quehacerpolitico.mx\/?p=11255"},"author":{"name":"Redacci\u00f3n QP","@id":"https:\/\/quehacerpolitico.mx\/#\/schema\/person\/496d8ad2d1d3f8036101dca7ee39e585"},"headline":"Calder\u00f3n y Pe\u00f1a tiraron m\u00e1s de 4 mil millones en una credencial \u00fanica\u2026 que nunca se concret\u00f3","datePublished":"2018-12-08T17:20:58+00:00","mainEntityOfPage":{"@id":"https:\/\/quehacerpolitico.mx\/?p=11255"},"wordCount":1746,"commentCount":0,"image":{"@id":"https:\/\/quehacerpolitico.mx\/?p=11255#primaryimage"},"thumbnailUrl":"","articleSection":["Noticias"],"inLanguage":"es","potentialAction":[{"@type":"CommentAction","name":"Comment","target":["https:\/\/quehacerpolitico.mx\/?p=11255#respond"]}]},{"@type":"WebPage","@id":"https:\/\/quehacerpolitico.mx\/?p=11255","url":"https:\/\/quehacerpolitico.mx\/?p=11255","name":"Calder\u00f3n y Pe\u00f1a tiraron m\u00e1s de 4 mil millones en una credencial \u00fanica\u2026 que nunca se concret\u00f3 -","isPartOf":{"@id":"https:\/\/quehacerpolitico.mx\/#website"},"primaryImageOfPage":{"@id":"https:\/\/quehacerpolitico.mx\/?p=11255#primaryimage"},"image":{"@id":"https:\/\/quehacerpolitico.mx\/?p=11255#primaryimage"},"thumbnailUrl":"","datePublished":"2018-12-08T17:20:58+00:00","author":{"@id":"https:\/\/quehacerpolitico.mx\/#\/schema\/person\/496d8ad2d1d3f8036101dca7ee39e585"},"breadcrumb":{"@id":"https:\/\/quehacerpolitico.mx\/?p=11255#breadcrumb"},"inLanguage":"es","potentialAction":[{"@type":"ReadAction","target":["https:\/\/quehacerpolitico.mx\/?p=11255"]}]},{"@type":"ImageObject","inLanguage":"es","@id":"https:\/\/quehacerpolitico.mx\/?p=11255#primaryimage","url":"","contentUrl":""},{"@type":"BreadcrumbList","@id":"https:\/\/quehacerpolitico.mx\/?p=11255#breadcrumb","itemListElement":[{"@type":"ListItem","position":1,"name":"Inicio","item":"https:\/\/quehacerpolitico.mx\/"},{"@type":"ListItem","position":2,"name":"Calder\u00f3n y Pe\u00f1a tiraron m\u00e1s de 4 mil millones en una credencial \u00fanica\u2026 que nunca se concret\u00f3"}]},{"@type":"WebSite","@id":"https:\/\/quehacerpolitico.mx\/#website","url":"https:\/\/quehacerpolitico.mx\/","name":"","description":"","potentialAction":[{"@type":"SearchAction","target":{"@type":"EntryPoint","urlTemplate":"https:\/\/quehacerpolitico.mx\/?s={search_term_string}"},"query-input":{"@type":"PropertyValueSpecification","valueRequired":true,"valueName":"search_term_string"}}],"inLanguage":"es"},{"@type":"Person","@id":"https:\/\/quehacerpolitico.mx\/#\/schema\/person\/496d8ad2d1d3f8036101dca7ee39e585","name":"Redacci\u00f3n QP","image":{"@type":"ImageObject","inLanguage":"es","@id":"https:\/\/secure.gravatar.com\/avatar\/c7164ed6fdec453195284ad24a5ae5b6e1eed2b848477fa2a4787ba9adf39a41?s=96&d=mm&r=g","url":"https:\/\/secure.gravatar.com\/avatar\/c7164ed6fdec453195284ad24a5ae5b6e1eed2b848477fa2a4787ba9adf39a41?s=96&d=mm&r=g","contentUrl":"https:\/\/secure.gravatar.com\/avatar\/c7164ed6fdec453195284ad24a5ae5b6e1eed2b848477fa2a4787ba9adf39a41?s=96&d=mm&r=g","caption":"Redacci\u00f3n QP"},"url":"https:\/\/quehacerpolitico.mx\/?author=2"}]}},"featured_image_urls":{"full":"","thumbnail":"","medium":"","medium_large":"","large":"","1536x1536":"","2048x2048":"","covernews-featured":"","covernews-medium":""},"author_info":{"display_name":"Redacci\u00f3n QP","author_link":"https:\/\/quehacerpolitico.mx\/?author=2"},"category_info":"<a href=\"https:\/\/quehacerpolitico.mx\/?cat=2\" rel=\"category\">Noticias<\/a>","tag_info":"Noticias","comment_count":"0","_links":{"self":[{"href":"https:\/\/quehacerpolitico.mx\/index.php?rest_route=\/wp\/v2\/posts\/11255","targetHints":{"allow":["GET"]}}],"collection":[{"href":"https:\/\/quehacerpolitico.mx\/index.php?rest_route=\/wp\/v2\/posts"}],"about":[{"href":"https:\/\/quehacerpolitico.mx\/index.php?rest_route=\/wp\/v2\/types\/post"}],"author":[{"embeddable":true,"href":"https:\/\/quehacerpolitico.mx\/index.php?rest_route=\/wp\/v2\/users\/2"}],"replies":[{"embeddable":true,"href":"https:\/\/quehacerpolitico.mx\/index.php?rest_route=%2Fwp%2Fv2%2Fcomments&post=11255"}],"version-history":[{"count":0,"href":"https:\/\/quehacerpolitico.mx\/index.php?rest_route=\/wp\/v2\/posts\/11255\/revisions"}],"wp:featuredmedia":[{"embeddable":true,"href":"https:\/\/quehacerpolitico.mx\/index.php?rest_route=\/"}],"wp:attachment":[{"href":"https:\/\/quehacerpolitico.mx\/index.php?rest_route=%2Fwp%2Fv2%2Fmedia&parent=11255"}],"wp:term":[{"taxonomy":"category","embeddable":true,"href":"https:\/\/quehacerpolitico.mx\/index.php?rest_route=%2Fwp%2Fv2%2Fcategories&post=11255"},{"taxonomy":"post_tag","embeddable":true,"href":"https:\/\/quehacerpolitico.mx\/index.php?rest_route=%2Fwp%2Fv2%2Ftags&post=11255"}],"curies":[{"name":"wp","href":"https:\/\/api.w.org\/{rel}","templated":true}]}}