{"id":112530,"date":"2024-09-14T03:33:37","date_gmt":"2024-09-14T03:33:37","guid":{"rendered":"https:\/\/quehacerpolitico.mx\/?p=112530"},"modified":"2024-09-14T03:33:40","modified_gmt":"2024-09-14T03:33:40","slug":"masiosare-a-quien-han-calificado-como-el-peor-enemigo-de-la-nacion","status":"publish","type":"post","link":"https:\/\/quehacerpolitico.mx\/?p=112530","title":{"rendered":"\u201cMasiosare\u201d a quien han calificado como el peor enemigo de la naci\u00f3n"},"content":{"rendered":"\n<p>Por Redacci\u00f3n QP<\/p>\n\n\n\n<p>En septiembre, todos los mexicanos quieren ir en contra de \u201cMasiosare\u201d a quien han calificado como el peor enemigo de la naci\u00f3n, descubre qui\u00e9n es realmente<\/p>\n\n\n\n<p>Los habitantes de M\u00e9xico est\u00e1n a tan solo un par de d\u00edas de celebrar el aclamado&nbsp;<strong>Grito de Independencia<\/strong>. Es durante las&nbsp;<strong>fiestas patrias<\/strong>cuando los elementos m\u00e1s caracter\u00edsticos de nuestra cultura salen a relucir, donde no puede faltar de ning\u00fan modo el&nbsp;<strong>Himno Nacional.<\/strong><\/p>\n\n\n\n<p>La mayor parte de los himnos nacionales de los pa\u00edses de Latinoam\u00e9rica datan al siglo XIX, por lo cual, la presencia de arca\u00edsmos, es decir, palabras antiguas que ahora se encuentran en desuso, es com\u00fan. En este contexto, en el caso del<strong>&nbsp;Himno Nacional Mexicano<\/strong>,&nbsp;<mark>los pobladores del pa\u00eds azteca tienden a cometer una peque\u00f1a pero significativa equivocaci\u00f3n, lo que durante el mes de septiembre desata momentos de humor, pues resulta que posicionan a \u201cMasiosare\u201d como el mayor enemigo de la naci\u00f3n.<\/mark><\/p>\n\n\n\n<figure class=\"wp-block-embed is-type-video is-provider-youtube wp-block-embed-youtube wp-embed-aspect-16-9 wp-has-aspect-ratio\"><div class=\"wp-block-embed__wrapper\">\n<iframe loading=\"lazy\" title=\"Mas si osare o Masiosare: cu\u00e1l es correcta y qu\u00e9 significa\" width=\"640\" height=\"360\" src=\"https:\/\/www.youtube.com\/embed\/ugrxblctwbM?feature=oembed\" frameborder=\"0\" allow=\"accelerometer; autoplay; clipboard-write; encrypted-media; gyroscope; picture-in-picture; web-share\" referrerpolicy=\"strict-origin-when-cross-origin\" allowfullscreen><\/iframe>\n<\/div><\/figure>\n\n\n\n<p><strong>Historia del Himno Nacional Mexicano<\/strong><\/p>\n\n\n\n<p>Durante su mandato,&nbsp;<strong>Antonio L\u00f3pez de Santa Ana&nbsp;<\/strong>lanz\u00f3 una convocatoria para establecer cu\u00e1l ser\u00eda el himno nacional del joven M\u00e9xico, con el fin de establecer los s\u00edmbolos de la identidad del territorio. Fue&nbsp;<strong>Francisco Gonz\u00e1lez Bocanegra<\/strong>&nbsp;quien result\u00f3 ganador del concurso.<\/p>\n\n\n\n<p><strong>Jaime Nun\u00f3<\/strong>&nbsp;puso su grano de arena, pues en 1854 compuso la melod\u00eda del himno.<\/p>\n\n\n\n<p><strong>\u00bfQu\u00e9 significa el Himno Nacional?<\/strong><\/p>\n\n\n\n<p>El&nbsp;<strong>Himno Nacional Mexicano<\/strong>&nbsp;es uno de los s\u00edmbolos patrios.&nbsp;<mark>Su prop\u00f3sito es enaltecer la lucha por la soberan\u00eda nacional, haciendo referencia a los triunfos del pa\u00eds en conflictos hist\u00f3ricos contra extranjeros.<\/mark>&nbsp;Es un canto de uni\u00f3n, que llama a los mexicanos a siempre defender su patria, llen\u00e1ndolos de valor y esperanza.<\/p>\n\n\n\n<p>El Himno Nacional se oficializ\u00f3 por decreto del presidente\u00a0<strong>Manuel \u00c1vila Camacho<\/strong>\u00a0en 1943.<\/p>\n\n\n\n<p><strong>\u00bfQui\u00e9n es \u201cMasiosare\u201d, el extra\u00f1o enemigo de todos los mexicanos?<\/strong><\/p>\n\n\n\n<p>Aunque la realidad pueda romper un poco la uni\u00f3n nacionalista de ir en contra del supuesto \u201cMasiosare\u201d, la verdad es que no existe un enemigo de la naci\u00f3n que se llame as\u00ed. Todo surge a partir de la confusi\u00f3n en el verso&nbsp;<strong>&#8220;mas si osare un extra\u00f1o enemigo&#8221;<\/strong>, que en realidad se refiere a la suposici\u00f3n de que un extra\u00f1o enemigo llegue a tierras mexicanas.<\/p>\n","protected":false},"excerpt":{"rendered":"<p>Por Redacci\u00f3n QP En septiembre, todos los mexicanos quieren ir en contra de \u201cMasiosare\u201d a&#8230;<\/p>\n","protected":false},"author":2,"featured_media":112531,"comment_status":"open","ping_status":"open","sticky":false,"template":"","format":"standard","meta":{"_monsterinsights_skip_tracking":false,"_monsterinsights_sitenote_active":false,"_monsterinsights_sitenote_note":"","_monsterinsights_sitenote_category":0,"footnotes":""},"categories":[58],"tags":[],"class_list":["post-112530","post","type-post","status-publish","format-standard","has-post-thumbnail","hentry","category-cultura"],"yoast_head":"<!-- This site is optimized with the Yoast SEO plugin v27.3 - https:\/\/yoast.com\/product\/yoast-seo-wordpress\/ -->\n<title>\u201cMasiosare\u201d a quien han calificado como el peor enemigo de la naci\u00f3n -<\/title>\n<meta name=\"robots\" content=\"index, follow, max-snippet:-1, max-image-preview:large, max-video-preview:-1\" \/>\n<link rel=\"canonical\" href=\"https:\/\/quehacerpolitico.mx\/?p=112530\" \/>\n<meta property=\"og:locale\" content=\"es_MX\" \/>\n<meta property=\"og:type\" content=\"article\" \/>\n<meta property=\"og:title\" content=\"\u201cMasiosare\u201d a quien han calificado como el peor enemigo de la naci\u00f3n -\" \/>\n<meta property=\"og:description\" content=\"Por Redacci\u00f3n QP En septiembre, todos los mexicanos quieren ir en contra de \u201cMasiosare\u201d a...\" \/>\n<meta property=\"og:url\" content=\"https:\/\/quehacerpolitico.mx\/?p=112530\" \/>\n<meta property=\"article:published_time\" content=\"2024-09-14T03:33:37+00:00\" \/>\n<meta property=\"article:modified_time\" content=\"2024-09-14T03:33:40+00:00\" \/>\n<meta property=\"og:image\" content=\"https:\/\/quehacerpolitico.mx\/wp-content\/uploads\/2024\/09\/IMG_8034.jpeg\" \/>\n\t<meta property=\"og:image:width\" content=\"600\" \/>\n\t<meta property=\"og:image:height\" content=\"300\" \/>\n\t<meta property=\"og:image:type\" content=\"image\/jpeg\" \/>\n<meta name=\"author\" content=\"Redacci\u00f3n QP\" \/>\n<meta name=\"twitter:card\" content=\"summary_large_image\" \/>\n<meta name=\"twitter:label1\" content=\"Escrito por\" \/>\n\t<meta name=\"twitter:data1\" content=\"Redacci\u00f3n QP\" \/>\n\t<meta name=\"twitter:label2\" content=\"Tiempo de lectura\" \/>\n\t<meta name=\"twitter:data2\" content=\"2 minutos\" \/>\n<script type=\"application\/ld+json\" class=\"yoast-schema-graph\">{\"@context\":\"https:\\\/\\\/schema.org\",\"@graph\":[{\"@type\":\"Article\",\"@id\":\"https:\\\/\\\/quehacerpolitico.mx\\\/?p=112530#article\",\"isPartOf\":{\"@id\":\"https:\\\/\\\/quehacerpolitico.mx\\\/?p=112530\"},\"author\":{\"name\":\"Redacci\u00f3n QP\",\"@id\":\"https:\\\/\\\/quehacerpolitico.mx\\\/#\\\/schema\\\/person\\\/496d8ad2d1d3f8036101dca7ee39e585\"},\"headline\":\"\u201cMasiosare\u201d a quien han calificado como el peor enemigo de la naci\u00f3n\",\"datePublished\":\"2024-09-14T03:33:37+00:00\",\"dateModified\":\"2024-09-14T03:33:40+00:00\",\"mainEntityOfPage\":{\"@id\":\"https:\\\/\\\/quehacerpolitico.mx\\\/?p=112530\"},\"wordCount\":437,\"commentCount\":0,\"image\":{\"@id\":\"https:\\\/\\\/quehacerpolitico.mx\\\/?p=112530#primaryimage\"},\"thumbnailUrl\":\"https:\\\/\\\/quehacerpolitico.mx\\\/wp-content\\\/uploads\\\/2024\\\/09\\\/IMG_8034.jpeg\",\"articleSection\":[\"Cultura y Entretenimiento\"],\"inLanguage\":\"es\",\"potentialAction\":[{\"@type\":\"CommentAction\",\"name\":\"Comment\",\"target\":[\"https:\\\/\\\/quehacerpolitico.mx\\\/?p=112530#respond\"]}]},{\"@type\":\"WebPage\",\"@id\":\"https:\\\/\\\/quehacerpolitico.mx\\\/?p=112530\",\"url\":\"https:\\\/\\\/quehacerpolitico.mx\\\/?p=112530\",\"name\":\"\u201cMasiosare\u201d a quien han calificado como el peor enemigo de la naci\u00f3n -\",\"isPartOf\":{\"@id\":\"https:\\\/\\\/quehacerpolitico.mx\\\/#website\"},\"primaryImageOfPage\":{\"@id\":\"https:\\\/\\\/quehacerpolitico.mx\\\/?p=112530#primaryimage\"},\"image\":{\"@id\":\"https:\\\/\\\/quehacerpolitico.mx\\\/?p=112530#primaryimage\"},\"thumbnailUrl\":\"https:\\\/\\\/quehacerpolitico.mx\\\/wp-content\\\/uploads\\\/2024\\\/09\\\/IMG_8034.jpeg\",\"datePublished\":\"2024-09-14T03:33:37+00:00\",\"dateModified\":\"2024-09-14T03:33:40+00:00\",\"author\":{\"@id\":\"https:\\\/\\\/quehacerpolitico.mx\\\/#\\\/schema\\\/person\\\/496d8ad2d1d3f8036101dca7ee39e585\"},\"breadcrumb\":{\"@id\":\"https:\\\/\\\/quehacerpolitico.mx\\\/?p=112530#breadcrumb\"},\"inLanguage\":\"es\",\"potentialAction\":[{\"@type\":\"ReadAction\",\"target\":[\"https:\\\/\\\/quehacerpolitico.mx\\\/?p=112530\"]}]},{\"@type\":\"ImageObject\",\"inLanguage\":\"es\",\"@id\":\"https:\\\/\\\/quehacerpolitico.mx\\\/?p=112530#primaryimage\",\"url\":\"https:\\\/\\\/quehacerpolitico.mx\\\/wp-content\\\/uploads\\\/2024\\\/09\\\/IMG_8034.jpeg\",\"contentUrl\":\"https:\\\/\\\/quehacerpolitico.mx\\\/wp-content\\\/uploads\\\/2024\\\/09\\\/IMG_8034.jpeg\",\"width\":600,\"height\":300},{\"@type\":\"BreadcrumbList\",\"@id\":\"https:\\\/\\\/quehacerpolitico.mx\\\/?p=112530#breadcrumb\",\"itemListElement\":[{\"@type\":\"ListItem\",\"position\":1,\"name\":\"Inicio\",\"item\":\"https:\\\/\\\/quehacerpolitico.mx\\\/\"},{\"@type\":\"ListItem\",\"position\":2,\"name\":\"\u201cMasiosare\u201d a quien han calificado como el peor enemigo de la naci\u00f3n\"}]},{\"@type\":\"WebSite\",\"@id\":\"https:\\\/\\\/quehacerpolitico.mx\\\/#website\",\"url\":\"https:\\\/\\\/quehacerpolitico.mx\\\/\",\"name\":\"\",\"description\":\"\",\"potentialAction\":[{\"@type\":\"SearchAction\",\"target\":{\"@type\":\"EntryPoint\",\"urlTemplate\":\"https:\\\/\\\/quehacerpolitico.mx\\\/?s={search_term_string}\"},\"query-input\":{\"@type\":\"PropertyValueSpecification\",\"valueRequired\":true,\"valueName\":\"search_term_string\"}}],\"inLanguage\":\"es\"},{\"@type\":\"Person\",\"@id\":\"https:\\\/\\\/quehacerpolitico.mx\\\/#\\\/schema\\\/person\\\/496d8ad2d1d3f8036101dca7ee39e585\",\"name\":\"Redacci\u00f3n QP\",\"image\":{\"@type\":\"ImageObject\",\"inLanguage\":\"es\",\"@id\":\"https:\\\/\\\/secure.gravatar.com\\\/avatar\\\/c7164ed6fdec453195284ad24a5ae5b6e1eed2b848477fa2a4787ba9adf39a41?s=96&d=mm&r=g\",\"url\":\"https:\\\/\\\/secure.gravatar.com\\\/avatar\\\/c7164ed6fdec453195284ad24a5ae5b6e1eed2b848477fa2a4787ba9adf39a41?s=96&d=mm&r=g\",\"contentUrl\":\"https:\\\/\\\/secure.gravatar.com\\\/avatar\\\/c7164ed6fdec453195284ad24a5ae5b6e1eed2b848477fa2a4787ba9adf39a41?s=96&d=mm&r=g\",\"caption\":\"Redacci\u00f3n QP\"},\"url\":\"https:\\\/\\\/quehacerpolitico.mx\\\/?author=2\"}]}<\/script>\n<!-- \/ Yoast SEO plugin. -->","yoast_head_json":{"title":"\u201cMasiosare\u201d a quien han calificado como el peor enemigo de la naci\u00f3n -","robots":{"index":"index","follow":"follow","max-snippet":"max-snippet:-1","max-image-preview":"max-image-preview:large","max-video-preview":"max-video-preview:-1"},"canonical":"https:\/\/quehacerpolitico.mx\/?p=112530","og_locale":"es_MX","og_type":"article","og_title":"\u201cMasiosare\u201d a quien han calificado como el peor enemigo de la naci\u00f3n -","og_description":"Por Redacci\u00f3n QP En septiembre, todos los mexicanos quieren ir en contra de \u201cMasiosare\u201d a...","og_url":"https:\/\/quehacerpolitico.mx\/?p=112530","article_published_time":"2024-09-14T03:33:37+00:00","article_modified_time":"2024-09-14T03:33:40+00:00","og_image":[{"width":600,"height":300,"url":"https:\/\/quehacerpolitico.mx\/wp-content\/uploads\/2024\/09\/IMG_8034.jpeg","type":"image\/jpeg"}],"author":"Redacci\u00f3n QP","twitter_card":"summary_large_image","twitter_misc":{"Escrito por":"Redacci\u00f3n QP","Tiempo de lectura":"2 minutos"},"schema":{"@context":"https:\/\/schema.org","@graph":[{"@type":"Article","@id":"https:\/\/quehacerpolitico.mx\/?p=112530#article","isPartOf":{"@id":"https:\/\/quehacerpolitico.mx\/?p=112530"},"author":{"name":"Redacci\u00f3n QP","@id":"https:\/\/quehacerpolitico.mx\/#\/schema\/person\/496d8ad2d1d3f8036101dca7ee39e585"},"headline":"\u201cMasiosare\u201d a quien han calificado como el peor enemigo de la naci\u00f3n","datePublished":"2024-09-14T03:33:37+00:00","dateModified":"2024-09-14T03:33:40+00:00","mainEntityOfPage":{"@id":"https:\/\/quehacerpolitico.mx\/?p=112530"},"wordCount":437,"commentCount":0,"image":{"@id":"https:\/\/quehacerpolitico.mx\/?p=112530#primaryimage"},"thumbnailUrl":"https:\/\/quehacerpolitico.mx\/wp-content\/uploads\/2024\/09\/IMG_8034.jpeg","articleSection":["Cultura y Entretenimiento"],"inLanguage":"es","potentialAction":[{"@type":"CommentAction","name":"Comment","target":["https:\/\/quehacerpolitico.mx\/?p=112530#respond"]}]},{"@type":"WebPage","@id":"https:\/\/quehacerpolitico.mx\/?p=112530","url":"https:\/\/quehacerpolitico.mx\/?p=112530","name":"\u201cMasiosare\u201d a quien han calificado como el peor enemigo de la naci\u00f3n -","isPartOf":{"@id":"https:\/\/quehacerpolitico.mx\/#website"},"primaryImageOfPage":{"@id":"https:\/\/quehacerpolitico.mx\/?p=112530#primaryimage"},"image":{"@id":"https:\/\/quehacerpolitico.mx\/?p=112530#primaryimage"},"thumbnailUrl":"https:\/\/quehacerpolitico.mx\/wp-content\/uploads\/2024\/09\/IMG_8034.jpeg","datePublished":"2024-09-14T03:33:37+00:00","dateModified":"2024-09-14T03:33:40+00:00","author":{"@id":"https:\/\/quehacerpolitico.mx\/#\/schema\/person\/496d8ad2d1d3f8036101dca7ee39e585"},"breadcrumb":{"@id":"https:\/\/quehacerpolitico.mx\/?p=112530#breadcrumb"},"inLanguage":"es","potentialAction":[{"@type":"ReadAction","target":["https:\/\/quehacerpolitico.mx\/?p=112530"]}]},{"@type":"ImageObject","inLanguage":"es","@id":"https:\/\/quehacerpolitico.mx\/?p=112530#primaryimage","url":"https:\/\/quehacerpolitico.mx\/wp-content\/uploads\/2024\/09\/IMG_8034.jpeg","contentUrl":"https:\/\/quehacerpolitico.mx\/wp-content\/uploads\/2024\/09\/IMG_8034.jpeg","width":600,"height":300},{"@type":"BreadcrumbList","@id":"https:\/\/quehacerpolitico.mx\/?p=112530#breadcrumb","itemListElement":[{"@type":"ListItem","position":1,"name":"Inicio","item":"https:\/\/quehacerpolitico.mx\/"},{"@type":"ListItem","position":2,"name":"\u201cMasiosare\u201d a quien han calificado como el peor enemigo de la naci\u00f3n"}]},{"@type":"WebSite","@id":"https:\/\/quehacerpolitico.mx\/#website","url":"https:\/\/quehacerpolitico.mx\/","name":"","description":"","potentialAction":[{"@type":"SearchAction","target":{"@type":"EntryPoint","urlTemplate":"https:\/\/quehacerpolitico.mx\/?s={search_term_string}"},"query-input":{"@type":"PropertyValueSpecification","valueRequired":true,"valueName":"search_term_string"}}],"inLanguage":"es"},{"@type":"Person","@id":"https:\/\/quehacerpolitico.mx\/#\/schema\/person\/496d8ad2d1d3f8036101dca7ee39e585","name":"Redacci\u00f3n QP","image":{"@type":"ImageObject","inLanguage":"es","@id":"https:\/\/secure.gravatar.com\/avatar\/c7164ed6fdec453195284ad24a5ae5b6e1eed2b848477fa2a4787ba9adf39a41?s=96&d=mm&r=g","url":"https:\/\/secure.gravatar.com\/avatar\/c7164ed6fdec453195284ad24a5ae5b6e1eed2b848477fa2a4787ba9adf39a41?s=96&d=mm&r=g","contentUrl":"https:\/\/secure.gravatar.com\/avatar\/c7164ed6fdec453195284ad24a5ae5b6e1eed2b848477fa2a4787ba9adf39a41?s=96&d=mm&r=g","caption":"Redacci\u00f3n QP"},"url":"https:\/\/quehacerpolitico.mx\/?author=2"}]}},"featured_image_urls":{"full":["https:\/\/quehacerpolitico.mx\/wp-content\/uploads\/2024\/09\/IMG_8034.jpeg",600,300,false],"thumbnail":["https:\/\/quehacerpolitico.mx\/wp-content\/uploads\/2024\/09\/IMG_8034-150x150.jpeg",150,150,true],"medium":["https:\/\/quehacerpolitico.mx\/wp-content\/uploads\/2024\/09\/IMG_8034-300x150.jpeg",300,150,true],"medium_large":["https:\/\/quehacerpolitico.mx\/wp-content\/uploads\/2024\/09\/IMG_8034.jpeg",600,300,false],"large":["https:\/\/quehacerpolitico.mx\/wp-content\/uploads\/2024\/09\/IMG_8034.jpeg",600,300,false],"1536x1536":["https:\/\/quehacerpolitico.mx\/wp-content\/uploads\/2024\/09\/IMG_8034.jpeg",600,300,false],"2048x2048":["https:\/\/quehacerpolitico.mx\/wp-content\/uploads\/2024\/09\/IMG_8034.jpeg",600,300,false],"covernews-featured":["https:\/\/quehacerpolitico.mx\/wp-content\/uploads\/2024\/09\/IMG_8034.jpeg",600,300,false],"covernews-medium":["https:\/\/quehacerpolitico.mx\/wp-content\/uploads\/2024\/09\/IMG_8034.jpeg",540,270,false]},"author_info":{"display_name":"Redacci\u00f3n QP","author_link":"https:\/\/quehacerpolitico.mx\/?author=2"},"category_info":"<a href=\"https:\/\/quehacerpolitico.mx\/?cat=58\" rel=\"category\">Cultura y Entretenimiento<\/a>","tag_info":"Cultura y Entretenimiento","comment_count":"0","_links":{"self":[{"href":"https:\/\/quehacerpolitico.mx\/index.php?rest_route=\/wp\/v2\/posts\/112530","targetHints":{"allow":["GET"]}}],"collection":[{"href":"https:\/\/quehacerpolitico.mx\/index.php?rest_route=\/wp\/v2\/posts"}],"about":[{"href":"https:\/\/quehacerpolitico.mx\/index.php?rest_route=\/wp\/v2\/types\/post"}],"author":[{"embeddable":true,"href":"https:\/\/quehacerpolitico.mx\/index.php?rest_route=\/wp\/v2\/users\/2"}],"replies":[{"embeddable":true,"href":"https:\/\/quehacerpolitico.mx\/index.php?rest_route=%2Fwp%2Fv2%2Fcomments&post=112530"}],"version-history":[{"count":1,"href":"https:\/\/quehacerpolitico.mx\/index.php?rest_route=\/wp\/v2\/posts\/112530\/revisions"}],"predecessor-version":[{"id":112532,"href":"https:\/\/quehacerpolitico.mx\/index.php?rest_route=\/wp\/v2\/posts\/112530\/revisions\/112532"}],"wp:featuredmedia":[{"embeddable":true,"href":"https:\/\/quehacerpolitico.mx\/index.php?rest_route=\/wp\/v2\/media\/112531"}],"wp:attachment":[{"href":"https:\/\/quehacerpolitico.mx\/index.php?rest_route=%2Fwp%2Fv2%2Fmedia&parent=112530"}],"wp:term":[{"taxonomy":"category","embeddable":true,"href":"https:\/\/quehacerpolitico.mx\/index.php?rest_route=%2Fwp%2Fv2%2Fcategories&post=112530"},{"taxonomy":"post_tag","embeddable":true,"href":"https:\/\/quehacerpolitico.mx\/index.php?rest_route=%2Fwp%2Fv2%2Ftags&post=112530"}],"curies":[{"name":"wp","href":"https:\/\/api.w.org\/{rel}","templated":true}]}}