{"id":11251,"date":"2018-12-08T05:00:26","date_gmt":"2018-12-08T05:00:26","guid":{"rendered":"http:\/\/quehacerpolitico.mx\/la-familia-iconica-que-visito-los-pinos-tiene-preguntas-que-no-habia-cosas-quien-se-las-llevo\/"},"modified":"2018-12-08T05:00:26","modified_gmt":"2018-12-08T05:00:26","slug":"la-familia-iconica-que-visito-los-pinos-tiene-preguntas-que-no-habia-cosas-quien-se-las-llevo","status":"publish","type":"post","link":"https:\/\/quehacerpolitico.mx\/?p=11251","title":{"rendered":"La familia ic\u00f3nica que visit\u00f3 Los Pinos tiene preguntas: \u00bfQu\u00e9 no hab\u00eda cosas? \u00bfQui\u00e9n se las llev\u00f3?"},"content":{"rendered":"<h1>La familia ic\u00f3nica que visit\u00f3 Los Pinos tiene preguntas: \u00bfQu\u00e9 no hab\u00eda cosas? \u00bfQui\u00e9n se las llev\u00f3?<\/h1>\n<p>Por Redacci\u00f3n QP<\/p>\n<p><iframe loading=\"lazy\" title=\"A pies descalzos por Los Pinos, la historia de una familia de Guerrero\" width=\"640\" height=\"360\" src=\"https:\/\/www.youtube.com\/embed\/6lSoFSyZ4hM?feature=oembed\" frameborder=\"0\" allow=\"accelerometer; autoplay; clipboard-write; encrypted-media; gyroscope; picture-in-picture; web-share\" referrerpolicy=\"strict-origin-when-cross-origin\" allowfullscreen><\/iframe><\/p>\n<p><strong>Una familia<\/strong>del sure\u00f1o estado de <strong>Guerrero<\/strong> visit\u00f3 la antigua <strong>residencia oficial de Los Pinos<\/strong> y se tom\u00f3 una fotograf\u00eda que ha resultado ic\u00f3nica de su <strong>pobreza<\/strong> entre el oropel y la <strong>opulencia<\/strong> que rodeaba a las familias presidenciales de M\u00e9xico.<\/p>\n<p>En la imagen sobresalen un ni\u00f1o de 11 a\u00f1os descalzo y su abuela con sencillo calzado en la residencia presidencial que cerr\u00f3 el 30 de noviembre pasado para ser reabierta como centro cultural al d\u00eda siguiente, con el inicio del Gobierno del izquierdista Andr\u00e9s Manuel L\u00f3pez Obrador.<\/p>\n<div id=\"attachment_3507338\" class=\"wp-caption alignnone\"><img loading=\"lazy\" decoding=\"async\" class=\"size-full wp-image-3507338\" src=\"https:\/\/www.sinembargo.mx\/wp-content\/uploads\/2018\/12\/familiaguerrero-3.jpg\" sizes=\"auto, (max-width: 700px) 100vw, 700px\" srcset=\"https:\/\/www.sinembargo.mx\/wp-content\/uploads\/2018\/12\/familiaguerrero-3.jpg 700w, https:\/\/www.sinembargo.mx\/wp-content\/uploads\/2018\/12\/familiaguerrero-3-300x225.jpg 300w\" alt=\"\" width=\"700\" height=\"525\" \/><\/p>\n<p class=\"wp-caption-text\">\u00c1ngel, de 11 a\u00f1os, caminaba por Los Pinos sin zapatos porque los que llevaba se le hab\u00edan roto. Foto: Daniela Barrag\u00e1n<\/p>\n<\/div>\n<p>La fotograf\u00eda de la familia Reyes Camacho, formada por once integrantes, se hizo viral con comentarios que subrayaban la humildad de los visitantes con el lujo del m\u00e1rmol, los barandales adornados y las lujosas cortinas.<\/p>\n<p>Los Reyes Camacho viajaron a Ciudad de M\u00e9xico para asistir a la reuni\u00f3n de L\u00f3pez Obrador con representantes ind\u00edgenas y aprovecharon la jornada para acudir a la residencia, que ha recibido m\u00e1s de 100 mil visitantes desde su reapertura.<\/p>\n<blockquote>\n<p>\u201cEst\u00e1 bonito all\u00e1 (Los Pinos). La m\u00eda est\u00e1 toda rota; la ando reparando pedacitos\u201d, dijo Florentina, la abuela de 65 a\u00f1os de edad, con ocho hijos y once nietos, varios de los cuales estaban con ella el d\u00eda que entraron a la antigua casa del Presidente.<\/p>\n<p>Los Reyes Camacho nunca imaginaron estar en la misma casa donde vivi\u00f3 el Presidente Enrique Pe\u00f1a Nieto (2012-2018) porque, aseguran, ellos son una familia \u201cpobre y trabajan como alba\u00f1iles y peones\u201d de un barrio marginal de Acapulco, en el sure\u00f1o estado de Guerrero.<\/p>\n<p>Un viaje nocturno de siete horas en autob\u00fas los llev\u00f3 de Acapulco a Ciudad de M\u00e9xico. Llegaron a la Plaza de la Constituci\u00f3n, conocida como Z\u00f3calo, y se fueron a Los Pinos.<\/p>\n<p>El ni\u00f1o entr\u00f3 descalzo a la residencia, explica la abuela, porque \u201cse le rompieron los zapatos. Se le hab\u00eda despegado uno y le dije \u2018Ya para qu\u00e9, s\u00e1catelos&#8217;\u201d, coment\u00f3.<\/p>\n<p><img loading=\"lazy\" decoding=\"async\" class=\"alignnone size-full wp-image-3508063\" src=\"https:\/\/www.sinembargo.mx\/wp-content\/uploads\/2018\/12\/familiaguerrero2-1.jpg\" sizes=\"auto, (max-width: 700px) 100vw, 700px\" srcset=\"https:\/\/www.sinembargo.mx\/wp-content\/uploads\/2018\/12\/familiaguerrero2-1.jpg 700w, https:\/\/www.sinembargo.mx\/wp-content\/uploads\/2018\/12\/familiaguerrero2-1-300x200.jpg 300w\" alt=\"\" width=\"700\" height=\"466\" \/><\/p>\n<p>Florentina observ\u00f3 a su nieto \u00c1ngel recorrer la casa sin zapatos y decidi\u00f3 hacer lo mismo al comentar que era una casa muy grande y sus pies ya se le hab\u00edan hinchado.<\/p>\n<p>Aunque la visita result\u00f3 toda una experiencias, admiten que no todo ha sido bueno porque al volver a su casa recibieron cr\u00edticas de sus vecinos por la forma en que salieron en la fotograf\u00eda que se hizo viral.<\/p>\n<blockquote>\n<p>\u201cAndaban diciendo, aqu\u00ed la gente, que andar\u00edamos descalzos porque and\u00e1bamos robando\u201d, se\u00f1ala Florentina en lo que pudiera considerarse la sala de su casa, y argumenta que su familia se rige por principios y valores como la honestidad y el respeto.<\/p>\n<blockquote>\n<p>\u201cPrefiero ser pobre y que toda la gente me ande hablando, a que digan que ando robando\u201d, apunta.<\/p>\n<p>Mireya, nuera de Florentina, relat\u00f3 que lo que m\u00e1s le llam\u00f3 la atenci\u00f3n de la casa fue verla vac\u00eda. \u201cEst\u00e1 de lujo, es muy lujosa, pero no hab\u00eda nada adentro m\u00e1s que una mesa y unas sillas\u201d, se\u00f1al\u00f3.<\/p>\n<\/blockquote>\n<p>Dice que si ella tuviera una casa como la de Los Pinos, seguro tendr\u00eda muchos muebles, por lo que especula que posiblemente \u201cPe\u00f1a Nieto se llev\u00f3\u201d las cosas que hab\u00eda en la residencia.<\/p>\n<section class=\"post-content\">\n<blockquote>\n<p>\u201cPara m\u00ed est\u00e1 bien que lo haya abierto, para que as\u00ed los pueblos puedan ir a divertirse, a conocer m\u00e1s que nada\u201d, finaliz\u00f3 Mireya.<\/p>\n<\/blockquote>\n<p>L\u00f3pez Obrador decidi\u00f3 que no ocupar\u00eda la residencia presidencial como lo hab\u00edan hecho los gobernantes de M\u00e9xico durante los \u00faltimos 80 a\u00f1os, desde que fue inaugurada por L\u00e1zaro C\u00e1rdenas en su Gobierno, que transcurri\u00f3 de 1934 a 1940.<\/p>\n<p>El complejo de Los Pinos, en el hist\u00f3rico Bosque de Chapultepec, comprende una superficie de 56.000 metros cuadrados y es 14 veces m\u00e1s grande que la Casa Blanca, residencia del Presidente de Estados Unidos.<\/p>\n<p>Con Informaci\u00f3n de EFE<\/p>\n<\/section>\n<\/blockquote>\n<\/blockquote>\n","protected":false},"excerpt":{"rendered":"<p>La familia ic\u00f3nica que visit\u00f3 Los Pinos tiene preguntas: \u00bfQu\u00e9 no hab\u00eda cosas? \u00bfQui\u00e9n se las llev\u00f3?<br \/>\nPor Redacci\u00f3n QP<\/p>\n","protected":false},"author":2,"featured_media":11250,"comment_status":"open","ping_status":"open","sticky":false,"template":"","format":"standard","meta":{"_monsterinsights_skip_tracking":false,"_monsterinsights_sitenote_active":false,"_monsterinsights_sitenote_note":"","_monsterinsights_sitenote_category":0,"footnotes":""},"categories":[2],"tags":[],"class_list":["post-11251","post","type-post","status-publish","format-standard","has-post-thumbnail","hentry","category-noticias"],"yoast_head":"<!-- This site is optimized with the Yoast SEO plugin v27.3 - https:\/\/yoast.com\/product\/yoast-seo-wordpress\/ -->\n<title>La familia ic\u00f3nica que visit\u00f3 Los Pinos tiene preguntas: \u00bfQu\u00e9 no hab\u00eda cosas? \u00bfQui\u00e9n se las llev\u00f3? -<\/title>\n<meta name=\"robots\" content=\"index, follow, max-snippet:-1, max-image-preview:large, max-video-preview:-1\" \/>\n<link rel=\"canonical\" href=\"https:\/\/quehacerpolitico.mx\/?p=11251\" \/>\n<meta property=\"og:locale\" content=\"es_MX\" \/>\n<meta property=\"og:type\" content=\"article\" \/>\n<meta property=\"og:title\" content=\"La familia ic\u00f3nica que visit\u00f3 Los Pinos tiene preguntas: \u00bfQu\u00e9 no hab\u00eda cosas? \u00bfQui\u00e9n se las llev\u00f3? -\" \/>\n<meta property=\"og:description\" content=\"La familia ic\u00f3nica que visit\u00f3 Los Pinos tiene preguntas: \u00bfQu\u00e9 no hab\u00eda cosas? \u00bfQui\u00e9n se las llev\u00f3? Por Redacci\u00f3n QP\" \/>\n<meta property=\"og:url\" content=\"https:\/\/quehacerpolitico.mx\/?p=11251\" \/>\n<meta property=\"article:published_time\" content=\"2018-12-08T05:00:26+00:00\" \/>\n<meta name=\"author\" content=\"Redacci\u00f3n QP\" \/>\n<meta name=\"twitter:card\" content=\"summary_large_image\" \/>\n<meta name=\"twitter:label1\" content=\"Escrito por\" \/>\n\t<meta name=\"twitter:data1\" content=\"Redacci\u00f3n QP\" \/>\n\t<meta name=\"twitter:label2\" content=\"Tiempo de lectura\" \/>\n\t<meta name=\"twitter:data2\" content=\"4 minutos\" \/>\n<script type=\"application\/ld+json\" class=\"yoast-schema-graph\">{\"@context\":\"https:\\\/\\\/schema.org\",\"@graph\":[{\"@type\":\"Article\",\"@id\":\"https:\\\/\\\/quehacerpolitico.mx\\\/?p=11251#article\",\"isPartOf\":{\"@id\":\"https:\\\/\\\/quehacerpolitico.mx\\\/?p=11251\"},\"author\":{\"name\":\"Redacci\u00f3n QP\",\"@id\":\"https:\\\/\\\/quehacerpolitico.mx\\\/#\\\/schema\\\/person\\\/496d8ad2d1d3f8036101dca7ee39e585\"},\"headline\":\"La familia ic\u00f3nica que visit\u00f3 Los Pinos tiene preguntas: \u00bfQu\u00e9 no hab\u00eda cosas? \u00bfQui\u00e9n se las llev\u00f3?\",\"datePublished\":\"2018-12-08T05:00:26+00:00\",\"mainEntityOfPage\":{\"@id\":\"https:\\\/\\\/quehacerpolitico.mx\\\/?p=11251\"},\"wordCount\":728,\"commentCount\":0,\"image\":{\"@id\":\"https:\\\/\\\/quehacerpolitico.mx\\\/?p=11251#primaryimage\"},\"thumbnailUrl\":\"\",\"articleSection\":[\"Noticias\"],\"inLanguage\":\"es\",\"potentialAction\":[{\"@type\":\"CommentAction\",\"name\":\"Comment\",\"target\":[\"https:\\\/\\\/quehacerpolitico.mx\\\/?p=11251#respond\"]}]},{\"@type\":\"WebPage\",\"@id\":\"https:\\\/\\\/quehacerpolitico.mx\\\/?p=11251\",\"url\":\"https:\\\/\\\/quehacerpolitico.mx\\\/?p=11251\",\"name\":\"La familia ic\u00f3nica que visit\u00f3 Los Pinos tiene preguntas: \u00bfQu\u00e9 no hab\u00eda cosas? \u00bfQui\u00e9n se las llev\u00f3? -\",\"isPartOf\":{\"@id\":\"https:\\\/\\\/quehacerpolitico.mx\\\/#website\"},\"primaryImageOfPage\":{\"@id\":\"https:\\\/\\\/quehacerpolitico.mx\\\/?p=11251#primaryimage\"},\"image\":{\"@id\":\"https:\\\/\\\/quehacerpolitico.mx\\\/?p=11251#primaryimage\"},\"thumbnailUrl\":\"\",\"datePublished\":\"2018-12-08T05:00:26+00:00\",\"author\":{\"@id\":\"https:\\\/\\\/quehacerpolitico.mx\\\/#\\\/schema\\\/person\\\/496d8ad2d1d3f8036101dca7ee39e585\"},\"breadcrumb\":{\"@id\":\"https:\\\/\\\/quehacerpolitico.mx\\\/?p=11251#breadcrumb\"},\"inLanguage\":\"es\",\"potentialAction\":[{\"@type\":\"ReadAction\",\"target\":[\"https:\\\/\\\/quehacerpolitico.mx\\\/?p=11251\"]}]},{\"@type\":\"ImageObject\",\"inLanguage\":\"es\",\"@id\":\"https:\\\/\\\/quehacerpolitico.mx\\\/?p=11251#primaryimage\",\"url\":\"\",\"contentUrl\":\"\"},{\"@type\":\"BreadcrumbList\",\"@id\":\"https:\\\/\\\/quehacerpolitico.mx\\\/?p=11251#breadcrumb\",\"itemListElement\":[{\"@type\":\"ListItem\",\"position\":1,\"name\":\"Inicio\",\"item\":\"https:\\\/\\\/quehacerpolitico.mx\\\/\"},{\"@type\":\"ListItem\",\"position\":2,\"name\":\"La familia ic\u00f3nica que visit\u00f3 Los Pinos tiene preguntas: \u00bfQu\u00e9 no hab\u00eda cosas? \u00bfQui\u00e9n se las llev\u00f3?\"}]},{\"@type\":\"WebSite\",\"@id\":\"https:\\\/\\\/quehacerpolitico.mx\\\/#website\",\"url\":\"https:\\\/\\\/quehacerpolitico.mx\\\/\",\"name\":\"\",\"description\":\"\",\"potentialAction\":[{\"@type\":\"SearchAction\",\"target\":{\"@type\":\"EntryPoint\",\"urlTemplate\":\"https:\\\/\\\/quehacerpolitico.mx\\\/?s={search_term_string}\"},\"query-input\":{\"@type\":\"PropertyValueSpecification\",\"valueRequired\":true,\"valueName\":\"search_term_string\"}}],\"inLanguage\":\"es\"},{\"@type\":\"Person\",\"@id\":\"https:\\\/\\\/quehacerpolitico.mx\\\/#\\\/schema\\\/person\\\/496d8ad2d1d3f8036101dca7ee39e585\",\"name\":\"Redacci\u00f3n QP\",\"image\":{\"@type\":\"ImageObject\",\"inLanguage\":\"es\",\"@id\":\"https:\\\/\\\/secure.gravatar.com\\\/avatar\\\/c7164ed6fdec453195284ad24a5ae5b6e1eed2b848477fa2a4787ba9adf39a41?s=96&d=mm&r=g\",\"url\":\"https:\\\/\\\/secure.gravatar.com\\\/avatar\\\/c7164ed6fdec453195284ad24a5ae5b6e1eed2b848477fa2a4787ba9adf39a41?s=96&d=mm&r=g\",\"contentUrl\":\"https:\\\/\\\/secure.gravatar.com\\\/avatar\\\/c7164ed6fdec453195284ad24a5ae5b6e1eed2b848477fa2a4787ba9adf39a41?s=96&d=mm&r=g\",\"caption\":\"Redacci\u00f3n QP\"},\"url\":\"https:\\\/\\\/quehacerpolitico.mx\\\/?author=2\"}]}<\/script>\n<!-- \/ Yoast SEO plugin. -->","yoast_head_json":{"title":"La familia ic\u00f3nica que visit\u00f3 Los Pinos tiene preguntas: \u00bfQu\u00e9 no hab\u00eda cosas? \u00bfQui\u00e9n se las llev\u00f3? -","robots":{"index":"index","follow":"follow","max-snippet":"max-snippet:-1","max-image-preview":"max-image-preview:large","max-video-preview":"max-video-preview:-1"},"canonical":"https:\/\/quehacerpolitico.mx\/?p=11251","og_locale":"es_MX","og_type":"article","og_title":"La familia ic\u00f3nica que visit\u00f3 Los Pinos tiene preguntas: \u00bfQu\u00e9 no hab\u00eda cosas? \u00bfQui\u00e9n se las llev\u00f3? -","og_description":"La familia ic\u00f3nica que visit\u00f3 Los Pinos tiene preguntas: \u00bfQu\u00e9 no hab\u00eda cosas? \u00bfQui\u00e9n se las llev\u00f3? Por Redacci\u00f3n QP","og_url":"https:\/\/quehacerpolitico.mx\/?p=11251","article_published_time":"2018-12-08T05:00:26+00:00","author":"Redacci\u00f3n QP","twitter_card":"summary_large_image","twitter_misc":{"Escrito por":"Redacci\u00f3n QP","Tiempo de lectura":"4 minutos"},"schema":{"@context":"https:\/\/schema.org","@graph":[{"@type":"Article","@id":"https:\/\/quehacerpolitico.mx\/?p=11251#article","isPartOf":{"@id":"https:\/\/quehacerpolitico.mx\/?p=11251"},"author":{"name":"Redacci\u00f3n QP","@id":"https:\/\/quehacerpolitico.mx\/#\/schema\/person\/496d8ad2d1d3f8036101dca7ee39e585"},"headline":"La familia ic\u00f3nica que visit\u00f3 Los Pinos tiene preguntas: \u00bfQu\u00e9 no hab\u00eda cosas? \u00bfQui\u00e9n se las llev\u00f3?","datePublished":"2018-12-08T05:00:26+00:00","mainEntityOfPage":{"@id":"https:\/\/quehacerpolitico.mx\/?p=11251"},"wordCount":728,"commentCount":0,"image":{"@id":"https:\/\/quehacerpolitico.mx\/?p=11251#primaryimage"},"thumbnailUrl":"","articleSection":["Noticias"],"inLanguage":"es","potentialAction":[{"@type":"CommentAction","name":"Comment","target":["https:\/\/quehacerpolitico.mx\/?p=11251#respond"]}]},{"@type":"WebPage","@id":"https:\/\/quehacerpolitico.mx\/?p=11251","url":"https:\/\/quehacerpolitico.mx\/?p=11251","name":"La familia ic\u00f3nica que visit\u00f3 Los Pinos tiene preguntas: \u00bfQu\u00e9 no hab\u00eda cosas? \u00bfQui\u00e9n se las llev\u00f3? -","isPartOf":{"@id":"https:\/\/quehacerpolitico.mx\/#website"},"primaryImageOfPage":{"@id":"https:\/\/quehacerpolitico.mx\/?p=11251#primaryimage"},"image":{"@id":"https:\/\/quehacerpolitico.mx\/?p=11251#primaryimage"},"thumbnailUrl":"","datePublished":"2018-12-08T05:00:26+00:00","author":{"@id":"https:\/\/quehacerpolitico.mx\/#\/schema\/person\/496d8ad2d1d3f8036101dca7ee39e585"},"breadcrumb":{"@id":"https:\/\/quehacerpolitico.mx\/?p=11251#breadcrumb"},"inLanguage":"es","potentialAction":[{"@type":"ReadAction","target":["https:\/\/quehacerpolitico.mx\/?p=11251"]}]},{"@type":"ImageObject","inLanguage":"es","@id":"https:\/\/quehacerpolitico.mx\/?p=11251#primaryimage","url":"","contentUrl":""},{"@type":"BreadcrumbList","@id":"https:\/\/quehacerpolitico.mx\/?p=11251#breadcrumb","itemListElement":[{"@type":"ListItem","position":1,"name":"Inicio","item":"https:\/\/quehacerpolitico.mx\/"},{"@type":"ListItem","position":2,"name":"La familia ic\u00f3nica que visit\u00f3 Los Pinos tiene preguntas: \u00bfQu\u00e9 no hab\u00eda cosas? \u00bfQui\u00e9n se las llev\u00f3?"}]},{"@type":"WebSite","@id":"https:\/\/quehacerpolitico.mx\/#website","url":"https:\/\/quehacerpolitico.mx\/","name":"","description":"","potentialAction":[{"@type":"SearchAction","target":{"@type":"EntryPoint","urlTemplate":"https:\/\/quehacerpolitico.mx\/?s={search_term_string}"},"query-input":{"@type":"PropertyValueSpecification","valueRequired":true,"valueName":"search_term_string"}}],"inLanguage":"es"},{"@type":"Person","@id":"https:\/\/quehacerpolitico.mx\/#\/schema\/person\/496d8ad2d1d3f8036101dca7ee39e585","name":"Redacci\u00f3n QP","image":{"@type":"ImageObject","inLanguage":"es","@id":"https:\/\/secure.gravatar.com\/avatar\/c7164ed6fdec453195284ad24a5ae5b6e1eed2b848477fa2a4787ba9adf39a41?s=96&d=mm&r=g","url":"https:\/\/secure.gravatar.com\/avatar\/c7164ed6fdec453195284ad24a5ae5b6e1eed2b848477fa2a4787ba9adf39a41?s=96&d=mm&r=g","contentUrl":"https:\/\/secure.gravatar.com\/avatar\/c7164ed6fdec453195284ad24a5ae5b6e1eed2b848477fa2a4787ba9adf39a41?s=96&d=mm&r=g","caption":"Redacci\u00f3n QP"},"url":"https:\/\/quehacerpolitico.mx\/?author=2"}]}},"featured_image_urls":{"full":"","thumbnail":"","medium":"","medium_large":"","large":"","1536x1536":"","2048x2048":"","covernews-featured":"","covernews-medium":""},"author_info":{"display_name":"Redacci\u00f3n QP","author_link":"https:\/\/quehacerpolitico.mx\/?author=2"},"category_info":"<a href=\"https:\/\/quehacerpolitico.mx\/?cat=2\" rel=\"category\">Noticias<\/a>","tag_info":"Noticias","comment_count":"0","_links":{"self":[{"href":"https:\/\/quehacerpolitico.mx\/index.php?rest_route=\/wp\/v2\/posts\/11251","targetHints":{"allow":["GET"]}}],"collection":[{"href":"https:\/\/quehacerpolitico.mx\/index.php?rest_route=\/wp\/v2\/posts"}],"about":[{"href":"https:\/\/quehacerpolitico.mx\/index.php?rest_route=\/wp\/v2\/types\/post"}],"author":[{"embeddable":true,"href":"https:\/\/quehacerpolitico.mx\/index.php?rest_route=\/wp\/v2\/users\/2"}],"replies":[{"embeddable":true,"href":"https:\/\/quehacerpolitico.mx\/index.php?rest_route=%2Fwp%2Fv2%2Fcomments&post=11251"}],"version-history":[{"count":0,"href":"https:\/\/quehacerpolitico.mx\/index.php?rest_route=\/wp\/v2\/posts\/11251\/revisions"}],"wp:featuredmedia":[{"embeddable":true,"href":"https:\/\/quehacerpolitico.mx\/index.php?rest_route=\/"}],"wp:attachment":[{"href":"https:\/\/quehacerpolitico.mx\/index.php?rest_route=%2Fwp%2Fv2%2Fmedia&parent=11251"}],"wp:term":[{"taxonomy":"category","embeddable":true,"href":"https:\/\/quehacerpolitico.mx\/index.php?rest_route=%2Fwp%2Fv2%2Fcategories&post=11251"},{"taxonomy":"post_tag","embeddable":true,"href":"https:\/\/quehacerpolitico.mx\/index.php?rest_route=%2Fwp%2Fv2%2Ftags&post=11251"}],"curies":[{"name":"wp","href":"https:\/\/api.w.org\/{rel}","templated":true}]}}