{"id":112488,"date":"2024-09-12T04:32:07","date_gmt":"2024-09-12T04:32:07","guid":{"rendered":"https:\/\/quehacerpolitico.mx\/?p=112488"},"modified":"2024-09-12T04:32:09","modified_gmt":"2024-09-12T04:32:09","slug":"ya-van-13-estados-faltan-4-para-que-la-reformaalpoderjudicial-sea-oficial-se-requiere-el-aval-de-17-congresos-para-su-validacion","status":"publish","type":"post","link":"https:\/\/quehacerpolitico.mx\/?p=112488","title":{"rendered":"Ya van 13 estados; faltan 4 para que la #ReformaAlPoderJudicial sea oficial se requiere el aval de 17 congresos para su validaci\u00f3n"},"content":{"rendered":"\n<p>Por Redacci\u00f3n QP<\/p>\n\n\n\n<p>Con 86 votos a favor, de Morena, PT, y PVEM, as\u00ed como el\u00a0del panista\u00a0Miguel \u00c1ngel Yunes M\u00e1rquez, y 41 en contra de los partidos de oposici\u00f3n, se aprob\u00f3 en el Senado la minuta en lo general de la reforma al Poder Judicial<\/p>\n\n\n\n<p>Este mi\u00e9rcoles y hasta las 9:00 de la noche, 11 estados han ratificado&nbsp;la reforma al&nbsp;<strong>Poder Judicial<\/strong>,&nbsp;que, para que esta sea v\u00e1lida, necesita la aprobaci\u00f3n de al menos 17 de los 32&nbsp;<strong>congresos<\/strong>&nbsp;estatales tras ser aprobada por la C\u00e1mara de Diputados y el Senado.&nbsp;<\/p>\n\n\n\n<p>El Congreso de<strong>&nbsp;Oaxaca<\/strong>&nbsp;fue el primero en avalar la reforma al Poder Judicial tras su discusi\u00f3n y aprobaci\u00f3n en el Senado de la Rep\u00fablica en la madrugada de este mi\u00e9rcoles con mayor\u00eda calificada de Morena y partidos aliados.<\/p>\n\n\n\n<p>En tanto, la Comisi\u00f3n de Puntos Constitucionales del Congreso de&nbsp;<strong>Quer\u00e9taro&nbsp;<\/strong>rechaz\u00f3 la reforma judicial.&nbsp;<\/p>\n\n\n\n<p>Los estados que aprobaron la reforma judicial hasta el momento son&nbsp;Oaxaca, Tabasco, Quintana Roo, Baja California Sur, Veracruz,&nbsp;Colima, Nayarit, Morelos,&nbsp;Yucat\u00e1n, Baja California y Durango.&nbsp;<\/p>\n\n\n\n<p>El Congreso de Baja California Sur aprob\u00f3, por mayor\u00eda de 19 votos a favor y 2 en contra, la minuta con proyecto de decreto de la reforma constitucional en materia del Poder Judicial.<\/p>\n\n\n\n<p>En Morelos, la reforma se aprob\u00f3 con 14 votos a favor&nbsp;y seis en contra, de los partidos de oposici\u00f3n, quienes al momento de anunciar el resultado algunos legisladores gritaron \u201cel Poder Judicial no va a caer\u201d.<\/p>\n\n\n\n<p>\u201cAprobamos la reforma al Poder Judicial con 24 votos a favor y 6 en contra. Esta reforma no s\u00f3lo asegura la consolidaci\u00f3n de los poderes y la justicia social, sino que tambi\u00e9n garantiza eficiencia, austeridad y transparencia en nuestro Poder Judicial\u201d, anunci\u00f3 el Congreso de&nbsp;<strong>Nayarit<\/strong>.&nbsp;<\/p>\n\n\n\n<p>Con 86 votos a favor, de Morena, PT, y PVEM, as\u00ed como el&nbsp;del panista&nbsp;Miguel \u00c1ngel Yunes M\u00e1rquez, y 41 en contra de los partidos de oposici\u00f3n, se aprob\u00f3 en el Senado la minuta en lo general de la reforma al Poder Judicial.&nbsp;<\/p>\n\n\n\n<p>Para lograr la aprobaci\u00f3n&nbsp;<strong>Morena&nbsp;<\/strong>y sus aliados necesitaban alcanzar la mayor\u00eda calificada, 86 legisladores, antes de la discusi\u00f3n contaban con 85 senadores, pero en medio de protestas y de cambiar de sede, aprobaron la reforma con el voto de Miguel \u00c1ngel Yunes M\u00e1rquez, del PAN, a pesar de haber expresado su rechazo en d\u00edas pasados.<\/p>\n","protected":false},"excerpt":{"rendered":"<p>Por Redacci\u00f3n QP Con 86 votos a favor, de Morena, PT, y PVEM, as\u00ed como&#8230;<\/p>\n","protected":false},"author":2,"featured_media":112489,"comment_status":"open","ping_status":"open","sticky":false,"template":"","format":"standard","meta":{"_monsterinsights_skip_tracking":false,"_monsterinsights_sitenote_active":false,"_monsterinsights_sitenote_note":"","_monsterinsights_sitenote_category":0,"footnotes":""},"categories":[2],"tags":[],"class_list":["post-112488","post","type-post","status-publish","format-standard","has-post-thumbnail","hentry","category-noticias"],"yoast_head":"<!-- This site is optimized with the Yoast SEO plugin v27.3 - https:\/\/yoast.com\/product\/yoast-seo-wordpress\/ -->\n<title>Ya van 13 estados; faltan 4 para que la #ReformaAlPoderJudicial sea oficial se requiere el aval de 17 congresos para su validaci\u00f3n -<\/title>\n<meta name=\"robots\" content=\"index, follow, max-snippet:-1, max-image-preview:large, max-video-preview:-1\" \/>\n<link rel=\"canonical\" href=\"https:\/\/quehacerpolitico.mx\/?p=112488\" \/>\n<meta property=\"og:locale\" content=\"es_MX\" \/>\n<meta property=\"og:type\" content=\"article\" \/>\n<meta property=\"og:title\" content=\"Ya van 13 estados; faltan 4 para que la #ReformaAlPoderJudicial sea oficial se requiere el aval de 17 congresos para su validaci\u00f3n -\" \/>\n<meta property=\"og:description\" content=\"Por Redacci\u00f3n QP Con 86 votos a favor, de Morena, PT, y PVEM, as\u00ed como...\" \/>\n<meta property=\"og:url\" content=\"https:\/\/quehacerpolitico.mx\/?p=112488\" \/>\n<meta property=\"article:published_time\" content=\"2024-09-12T04:32:07+00:00\" \/>\n<meta property=\"article:modified_time\" content=\"2024-09-12T04:32:09+00:00\" \/>\n<meta property=\"og:image\" content=\"https:\/\/quehacerpolitico.mx\/wp-content\/uploads\/2024\/09\/IMG_8013.jpeg\" \/>\n\t<meta property=\"og:image:width\" content=\"1284\" \/>\n\t<meta property=\"og:image:height\" content=\"614\" \/>\n\t<meta property=\"og:image:type\" content=\"image\/jpeg\" \/>\n<meta name=\"author\" content=\"Redacci\u00f3n QP\" \/>\n<meta name=\"twitter:card\" content=\"summary_large_image\" \/>\n<meta name=\"twitter:label1\" content=\"Escrito por\" \/>\n\t<meta name=\"twitter:data1\" content=\"Redacci\u00f3n QP\" \/>\n\t<meta name=\"twitter:label2\" content=\"Tiempo de lectura\" \/>\n\t<meta name=\"twitter:data2\" content=\"2 minutos\" \/>\n<script type=\"application\/ld+json\" class=\"yoast-schema-graph\">{\"@context\":\"https:\\\/\\\/schema.org\",\"@graph\":[{\"@type\":\"Article\",\"@id\":\"https:\\\/\\\/quehacerpolitico.mx\\\/?p=112488#article\",\"isPartOf\":{\"@id\":\"https:\\\/\\\/quehacerpolitico.mx\\\/?p=112488\"},\"author\":{\"name\":\"Redacci\u00f3n QP\",\"@id\":\"https:\\\/\\\/quehacerpolitico.mx\\\/#\\\/schema\\\/person\\\/496d8ad2d1d3f8036101dca7ee39e585\"},\"headline\":\"Ya van 13 estados; faltan 4 para que la #ReformaAlPoderJudicial sea oficial se requiere el aval de 17 congresos para su validaci\u00f3n\",\"datePublished\":\"2024-09-12T04:32:07+00:00\",\"dateModified\":\"2024-09-12T04:32:09+00:00\",\"mainEntityOfPage\":{\"@id\":\"https:\\\/\\\/quehacerpolitico.mx\\\/?p=112488\"},\"wordCount\":446,\"commentCount\":0,\"image\":{\"@id\":\"https:\\\/\\\/quehacerpolitico.mx\\\/?p=112488#primaryimage\"},\"thumbnailUrl\":\"https:\\\/\\\/quehacerpolitico.mx\\\/wp-content\\\/uploads\\\/2024\\\/09\\\/IMG_8013.jpeg\",\"articleSection\":[\"Noticias\"],\"inLanguage\":\"es\",\"potentialAction\":[{\"@type\":\"CommentAction\",\"name\":\"Comment\",\"target\":[\"https:\\\/\\\/quehacerpolitico.mx\\\/?p=112488#respond\"]}]},{\"@type\":\"WebPage\",\"@id\":\"https:\\\/\\\/quehacerpolitico.mx\\\/?p=112488\",\"url\":\"https:\\\/\\\/quehacerpolitico.mx\\\/?p=112488\",\"name\":\"Ya van 13 estados; faltan 4 para que la #ReformaAlPoderJudicial sea oficial se requiere el aval de 17 congresos para su validaci\u00f3n -\",\"isPartOf\":{\"@id\":\"https:\\\/\\\/quehacerpolitico.mx\\\/#website\"},\"primaryImageOfPage\":{\"@id\":\"https:\\\/\\\/quehacerpolitico.mx\\\/?p=112488#primaryimage\"},\"image\":{\"@id\":\"https:\\\/\\\/quehacerpolitico.mx\\\/?p=112488#primaryimage\"},\"thumbnailUrl\":\"https:\\\/\\\/quehacerpolitico.mx\\\/wp-content\\\/uploads\\\/2024\\\/09\\\/IMG_8013.jpeg\",\"datePublished\":\"2024-09-12T04:32:07+00:00\",\"dateModified\":\"2024-09-12T04:32:09+00:00\",\"author\":{\"@id\":\"https:\\\/\\\/quehacerpolitico.mx\\\/#\\\/schema\\\/person\\\/496d8ad2d1d3f8036101dca7ee39e585\"},\"breadcrumb\":{\"@id\":\"https:\\\/\\\/quehacerpolitico.mx\\\/?p=112488#breadcrumb\"},\"inLanguage\":\"es\",\"potentialAction\":[{\"@type\":\"ReadAction\",\"target\":[\"https:\\\/\\\/quehacerpolitico.mx\\\/?p=112488\"]}]},{\"@type\":\"ImageObject\",\"inLanguage\":\"es\",\"@id\":\"https:\\\/\\\/quehacerpolitico.mx\\\/?p=112488#primaryimage\",\"url\":\"https:\\\/\\\/quehacerpolitico.mx\\\/wp-content\\\/uploads\\\/2024\\\/09\\\/IMG_8013.jpeg\",\"contentUrl\":\"https:\\\/\\\/quehacerpolitico.mx\\\/wp-content\\\/uploads\\\/2024\\\/09\\\/IMG_8013.jpeg\",\"width\":1284,\"height\":614,\"caption\":\"Screenshot\"},{\"@type\":\"BreadcrumbList\",\"@id\":\"https:\\\/\\\/quehacerpolitico.mx\\\/?p=112488#breadcrumb\",\"itemListElement\":[{\"@type\":\"ListItem\",\"position\":1,\"name\":\"Inicio\",\"item\":\"https:\\\/\\\/quehacerpolitico.mx\\\/\"},{\"@type\":\"ListItem\",\"position\":2,\"name\":\"Ya van 13 estados; faltan 4 para que la #ReformaAlPoderJudicial sea oficial se requiere el aval de 17 congresos para su validaci\u00f3n\"}]},{\"@type\":\"WebSite\",\"@id\":\"https:\\\/\\\/quehacerpolitico.mx\\\/#website\",\"url\":\"https:\\\/\\\/quehacerpolitico.mx\\\/\",\"name\":\"\",\"description\":\"\",\"potentialAction\":[{\"@type\":\"SearchAction\",\"target\":{\"@type\":\"EntryPoint\",\"urlTemplate\":\"https:\\\/\\\/quehacerpolitico.mx\\\/?s={search_term_string}\"},\"query-input\":{\"@type\":\"PropertyValueSpecification\",\"valueRequired\":true,\"valueName\":\"search_term_string\"}}],\"inLanguage\":\"es\"},{\"@type\":\"Person\",\"@id\":\"https:\\\/\\\/quehacerpolitico.mx\\\/#\\\/schema\\\/person\\\/496d8ad2d1d3f8036101dca7ee39e585\",\"name\":\"Redacci\u00f3n QP\",\"image\":{\"@type\":\"ImageObject\",\"inLanguage\":\"es\",\"@id\":\"https:\\\/\\\/secure.gravatar.com\\\/avatar\\\/c7164ed6fdec453195284ad24a5ae5b6e1eed2b848477fa2a4787ba9adf39a41?s=96&d=mm&r=g\",\"url\":\"https:\\\/\\\/secure.gravatar.com\\\/avatar\\\/c7164ed6fdec453195284ad24a5ae5b6e1eed2b848477fa2a4787ba9adf39a41?s=96&d=mm&r=g\",\"contentUrl\":\"https:\\\/\\\/secure.gravatar.com\\\/avatar\\\/c7164ed6fdec453195284ad24a5ae5b6e1eed2b848477fa2a4787ba9adf39a41?s=96&d=mm&r=g\",\"caption\":\"Redacci\u00f3n QP\"},\"url\":\"https:\\\/\\\/quehacerpolitico.mx\\\/?author=2\"}]}<\/script>\n<!-- \/ Yoast SEO plugin. -->","yoast_head_json":{"title":"Ya van 13 estados; faltan 4 para que la #ReformaAlPoderJudicial sea oficial se requiere el aval de 17 congresos para su validaci\u00f3n -","robots":{"index":"index","follow":"follow","max-snippet":"max-snippet:-1","max-image-preview":"max-image-preview:large","max-video-preview":"max-video-preview:-1"},"canonical":"https:\/\/quehacerpolitico.mx\/?p=112488","og_locale":"es_MX","og_type":"article","og_title":"Ya van 13 estados; faltan 4 para que la #ReformaAlPoderJudicial sea oficial se requiere el aval de 17 congresos para su validaci\u00f3n -","og_description":"Por Redacci\u00f3n QP Con 86 votos a favor, de Morena, PT, y PVEM, as\u00ed como...","og_url":"https:\/\/quehacerpolitico.mx\/?p=112488","article_published_time":"2024-09-12T04:32:07+00:00","article_modified_time":"2024-09-12T04:32:09+00:00","og_image":[{"width":1284,"height":614,"url":"https:\/\/quehacerpolitico.mx\/wp-content\/uploads\/2024\/09\/IMG_8013.jpeg","type":"image\/jpeg"}],"author":"Redacci\u00f3n QP","twitter_card":"summary_large_image","twitter_misc":{"Escrito por":"Redacci\u00f3n QP","Tiempo de lectura":"2 minutos"},"schema":{"@context":"https:\/\/schema.org","@graph":[{"@type":"Article","@id":"https:\/\/quehacerpolitico.mx\/?p=112488#article","isPartOf":{"@id":"https:\/\/quehacerpolitico.mx\/?p=112488"},"author":{"name":"Redacci\u00f3n QP","@id":"https:\/\/quehacerpolitico.mx\/#\/schema\/person\/496d8ad2d1d3f8036101dca7ee39e585"},"headline":"Ya van 13 estados; faltan 4 para que la #ReformaAlPoderJudicial sea oficial se requiere el aval de 17 congresos para su validaci\u00f3n","datePublished":"2024-09-12T04:32:07+00:00","dateModified":"2024-09-12T04:32:09+00:00","mainEntityOfPage":{"@id":"https:\/\/quehacerpolitico.mx\/?p=112488"},"wordCount":446,"commentCount":0,"image":{"@id":"https:\/\/quehacerpolitico.mx\/?p=112488#primaryimage"},"thumbnailUrl":"https:\/\/quehacerpolitico.mx\/wp-content\/uploads\/2024\/09\/IMG_8013.jpeg","articleSection":["Noticias"],"inLanguage":"es","potentialAction":[{"@type":"CommentAction","name":"Comment","target":["https:\/\/quehacerpolitico.mx\/?p=112488#respond"]}]},{"@type":"WebPage","@id":"https:\/\/quehacerpolitico.mx\/?p=112488","url":"https:\/\/quehacerpolitico.mx\/?p=112488","name":"Ya van 13 estados; faltan 4 para que la #ReformaAlPoderJudicial sea oficial se requiere el aval de 17 congresos para su validaci\u00f3n -","isPartOf":{"@id":"https:\/\/quehacerpolitico.mx\/#website"},"primaryImageOfPage":{"@id":"https:\/\/quehacerpolitico.mx\/?p=112488#primaryimage"},"image":{"@id":"https:\/\/quehacerpolitico.mx\/?p=112488#primaryimage"},"thumbnailUrl":"https:\/\/quehacerpolitico.mx\/wp-content\/uploads\/2024\/09\/IMG_8013.jpeg","datePublished":"2024-09-12T04:32:07+00:00","dateModified":"2024-09-12T04:32:09+00:00","author":{"@id":"https:\/\/quehacerpolitico.mx\/#\/schema\/person\/496d8ad2d1d3f8036101dca7ee39e585"},"breadcrumb":{"@id":"https:\/\/quehacerpolitico.mx\/?p=112488#breadcrumb"},"inLanguage":"es","potentialAction":[{"@type":"ReadAction","target":["https:\/\/quehacerpolitico.mx\/?p=112488"]}]},{"@type":"ImageObject","inLanguage":"es","@id":"https:\/\/quehacerpolitico.mx\/?p=112488#primaryimage","url":"https:\/\/quehacerpolitico.mx\/wp-content\/uploads\/2024\/09\/IMG_8013.jpeg","contentUrl":"https:\/\/quehacerpolitico.mx\/wp-content\/uploads\/2024\/09\/IMG_8013.jpeg","width":1284,"height":614,"caption":"Screenshot"},{"@type":"BreadcrumbList","@id":"https:\/\/quehacerpolitico.mx\/?p=112488#breadcrumb","itemListElement":[{"@type":"ListItem","position":1,"name":"Inicio","item":"https:\/\/quehacerpolitico.mx\/"},{"@type":"ListItem","position":2,"name":"Ya van 13 estados; faltan 4 para que la #ReformaAlPoderJudicial sea oficial se requiere el aval de 17 congresos para su validaci\u00f3n"}]},{"@type":"WebSite","@id":"https:\/\/quehacerpolitico.mx\/#website","url":"https:\/\/quehacerpolitico.mx\/","name":"","description":"","potentialAction":[{"@type":"SearchAction","target":{"@type":"EntryPoint","urlTemplate":"https:\/\/quehacerpolitico.mx\/?s={search_term_string}"},"query-input":{"@type":"PropertyValueSpecification","valueRequired":true,"valueName":"search_term_string"}}],"inLanguage":"es"},{"@type":"Person","@id":"https:\/\/quehacerpolitico.mx\/#\/schema\/person\/496d8ad2d1d3f8036101dca7ee39e585","name":"Redacci\u00f3n QP","image":{"@type":"ImageObject","inLanguage":"es","@id":"https:\/\/secure.gravatar.com\/avatar\/c7164ed6fdec453195284ad24a5ae5b6e1eed2b848477fa2a4787ba9adf39a41?s=96&d=mm&r=g","url":"https:\/\/secure.gravatar.com\/avatar\/c7164ed6fdec453195284ad24a5ae5b6e1eed2b848477fa2a4787ba9adf39a41?s=96&d=mm&r=g","contentUrl":"https:\/\/secure.gravatar.com\/avatar\/c7164ed6fdec453195284ad24a5ae5b6e1eed2b848477fa2a4787ba9adf39a41?s=96&d=mm&r=g","caption":"Redacci\u00f3n QP"},"url":"https:\/\/quehacerpolitico.mx\/?author=2"}]}},"featured_image_urls":{"full":["https:\/\/quehacerpolitico.mx\/wp-content\/uploads\/2024\/09\/IMG_8013.jpeg",1284,614,false],"thumbnail":["https:\/\/quehacerpolitico.mx\/wp-content\/uploads\/2024\/09\/IMG_8013-150x150.jpeg",150,150,true],"medium":["https:\/\/quehacerpolitico.mx\/wp-content\/uploads\/2024\/09\/IMG_8013-300x143.jpeg",300,143,true],"medium_large":["https:\/\/quehacerpolitico.mx\/wp-content\/uploads\/2024\/09\/IMG_8013-768x367.jpeg",640,306,true],"large":["https:\/\/quehacerpolitico.mx\/wp-content\/uploads\/2024\/09\/IMG_8013-1024x490.jpeg",640,306,true],"1536x1536":["https:\/\/quehacerpolitico.mx\/wp-content\/uploads\/2024\/09\/IMG_8013.jpeg",1284,614,false],"2048x2048":["https:\/\/quehacerpolitico.mx\/wp-content\/uploads\/2024\/09\/IMG_8013.jpeg",1284,614,false],"covernews-featured":["https:\/\/quehacerpolitico.mx\/wp-content\/uploads\/2024\/09\/IMG_8013.jpeg",1024,490,false],"covernews-medium":["https:\/\/quehacerpolitico.mx\/wp-content\/uploads\/2024\/09\/IMG_8013.jpeg",540,258,false]},"author_info":{"display_name":"Redacci\u00f3n QP","author_link":"https:\/\/quehacerpolitico.mx\/?author=2"},"category_info":"<a href=\"https:\/\/quehacerpolitico.mx\/?cat=2\" rel=\"category\">Noticias<\/a>","tag_info":"Noticias","comment_count":"0","_links":{"self":[{"href":"https:\/\/quehacerpolitico.mx\/index.php?rest_route=\/wp\/v2\/posts\/112488","targetHints":{"allow":["GET"]}}],"collection":[{"href":"https:\/\/quehacerpolitico.mx\/index.php?rest_route=\/wp\/v2\/posts"}],"about":[{"href":"https:\/\/quehacerpolitico.mx\/index.php?rest_route=\/wp\/v2\/types\/post"}],"author":[{"embeddable":true,"href":"https:\/\/quehacerpolitico.mx\/index.php?rest_route=\/wp\/v2\/users\/2"}],"replies":[{"embeddable":true,"href":"https:\/\/quehacerpolitico.mx\/index.php?rest_route=%2Fwp%2Fv2%2Fcomments&post=112488"}],"version-history":[{"count":1,"href":"https:\/\/quehacerpolitico.mx\/index.php?rest_route=\/wp\/v2\/posts\/112488\/revisions"}],"predecessor-version":[{"id":112490,"href":"https:\/\/quehacerpolitico.mx\/index.php?rest_route=\/wp\/v2\/posts\/112488\/revisions\/112490"}],"wp:featuredmedia":[{"embeddable":true,"href":"https:\/\/quehacerpolitico.mx\/index.php?rest_route=\/wp\/v2\/media\/112489"}],"wp:attachment":[{"href":"https:\/\/quehacerpolitico.mx\/index.php?rest_route=%2Fwp%2Fv2%2Fmedia&parent=112488"}],"wp:term":[{"taxonomy":"category","embeddable":true,"href":"https:\/\/quehacerpolitico.mx\/index.php?rest_route=%2Fwp%2Fv2%2Fcategories&post=112488"},{"taxonomy":"post_tag","embeddable":true,"href":"https:\/\/quehacerpolitico.mx\/index.php?rest_route=%2Fwp%2Fv2%2Ftags&post=112488"}],"curies":[{"name":"wp","href":"https:\/\/api.w.org\/{rel}","templated":true}]}}