{"id":112454,"date":"2024-09-11T05:49:04","date_gmt":"2024-09-11T05:49:04","guid":{"rendered":"https:\/\/quehacerpolitico.mx\/?p=112454"},"modified":"2024-09-11T05:49:08","modified_gmt":"2024-09-11T05:49:08","slug":"reaparece-en-campeche-el-senador-daniel-barreda-de-mc-mi-padre-fue-retenido-y-tuve-que-acompanarlo","status":"publish","type":"post","link":"https:\/\/quehacerpolitico.mx\/?p=112454","title":{"rendered":"Reaparece en Campeche el senador Daniel Barreda de MC: &#8220;Mi padre fue retenido y tuve que acompa\u00f1arlo&#8221;"},"content":{"rendered":"\n<p>Por Redacci\u00f3n QP<\/p>\n\n\n\n<p>Durante la sesi\u00f3n en la sede alterna del Senado, la oposici\u00f3n tom\u00f3 la tribuna del Senado, acus\u00f3 que el senador Daniel Barreda estaba incomunicado y exigieron su liberaci\u00f3n<\/p>\n\n\n\n<p>Despu\u00e9s de que la oposici\u00f3n acus\u00f3 que fue \u201csecuestrado\u201d, el senador emecista&nbsp;<strong>Daniel Barreda<\/strong>&nbsp;reapareci\u00f3 y ofreci\u00f3 declaraciones a la prensa a su salida de la sala de juzgados de Campeche.&nbsp;<\/p>\n\n\n\n<p>El emecista confirm\u00f3 que su padre&nbsp;<strong>fue detenido<\/strong>&nbsp;durante la madrugada de este martes por elementos de la Guardia Nacional.&nbsp;<\/p>\n\n\n\n<p>\u201cTen\u00eda&nbsp;\u2014mi padre\u2014 un tema personal y yo tuve que venir acompa\u00f1arlo para atenderlo\u201d, explic\u00f3.<\/p>\n\n\n\n<p>La prensa pregunt\u00f3 por qu\u00e9 uno de los actuarios les indic\u00f3 que no hab\u00eda personas en el juzgado cuando ellos estaban adentro, a lo que el senador contest\u00f3: &#8220;desconozco&#8221;.&nbsp;<\/p>\n\n\n\n<p>\u201cAfortunadamente, ya nos vamos, les pido de favor que nos dejen\u00a0<strong>ir a descansar<\/strong>\u201d, a\u00f1adi\u00f3.<\/p>\n\n\n\n<figure class=\"wp-block-embed is-type-rich is-provider-twitter wp-block-embed-twitter\"><div class=\"wp-block-embed__wrapper\">\n<blockquote class=\"twitter-tweet\" data-width=\"550\" data-dnt=\"true\"><p lang=\"es\" dir=\"ltr\">\ud83d\udea8 Contrario a lo que se\u00f1alaron la gobernadora de Campeche, el presidente del Senado y el presidente de la Junta de Coordinaci\u00f3n Pol\u00edtica, acaban de liberar al padre del senador <a href=\"https:\/\/twitter.com\/DanielBarredaP?ref_src=twsrc%5Etfw\">@DanielBarredaP<\/a> y a Paul Arce en Campeche. <br><br>No estaba en la Ciudad de M\u00e9xico como afirmaron: <a href=\"https:\/\/t.co\/ndMa8jZ0ag\">pic.twitter.com\/ndMa8jZ0ag<\/a><\/p>&mdash; Jorge \u00c1lvarez M\u00e1ynez (@AlvarezMaynez) <a href=\"https:\/\/twitter.com\/AlvarezMaynez\/status\/1833729225196794271?ref_src=twsrc%5Etfw\">September 11, 2024<\/a><\/blockquote><script async src=\"https:\/\/platform.twitter.com\/widgets.js\" charset=\"utf-8\"><\/script>\n<\/div><\/figure>\n\n\n\n<p>Por su parte, el pap\u00e1 del senador indic\u00f3 que se encontraba cansado: \u201cLo que quiero es ir a descansar a la casa, ya los abogados terminar\u00e1n con este tema\u201d.<\/p>\n\n\n\n<p>Durante la sesi\u00f3n en la sede alterna del Senado, la&nbsp;<strong>Casona de Xicot\u00e9ncatl,<\/strong>&nbsp;la oposici\u00f3n tom\u00f3 la tribuna del Senado, acus\u00f3 que el senador Daniel Barreda estaba \u201csecuestrado\u201d e incomunicado, y exigieron su liberaci\u00f3n. En entrevista con Carlos Loret de Mola para<em>&nbsp;Latinus<\/em>, el coordinador de la bancada emecista, Clemente Casta\u00f1eda, insisti\u00f3 en que se desconoc\u00eda el paradero del senador.&nbsp;<\/p>\n\n\n\n<p>\u201cMe atrevo a utilizar el t\u00e9rmino secuestro porque es muy grave lo que est\u00e1 ocurriendo, ellos saben que est\u00e1n a un voto de distancia y lo \u00fanico que est\u00e1n haciendo es pasando esta reforma a la mala\u201d, declar\u00f3.<\/p>\n","protected":false},"excerpt":{"rendered":"<p>Por Redacci\u00f3n QP Durante la sesi\u00f3n en la sede alterna del Senado, la oposici\u00f3n tom\u00f3&#8230;<\/p>\n","protected":false},"author":2,"featured_media":112455,"comment_status":"open","ping_status":"open","sticky":false,"template":"","format":"standard","meta":{"_monsterinsights_skip_tracking":false,"_monsterinsights_sitenote_active":false,"_monsterinsights_sitenote_note":"","_monsterinsights_sitenote_category":0,"footnotes":""},"categories":[2],"tags":[],"class_list":["post-112454","post","type-post","status-publish","format-standard","has-post-thumbnail","hentry","category-noticias"],"yoast_head":"<!-- This site is optimized with the Yoast SEO plugin v27.3 - https:\/\/yoast.com\/product\/yoast-seo-wordpress\/ -->\n<title>Reaparece en Campeche el senador Daniel Barreda de MC: &quot;Mi padre fue retenido y tuve que acompa\u00f1arlo&quot; -<\/title>\n<meta name=\"robots\" content=\"index, follow, max-snippet:-1, max-image-preview:large, max-video-preview:-1\" \/>\n<link rel=\"canonical\" href=\"https:\/\/quehacerpolitico.mx\/?p=112454\" \/>\n<meta property=\"og:locale\" content=\"es_MX\" \/>\n<meta property=\"og:type\" content=\"article\" \/>\n<meta property=\"og:title\" content=\"Reaparece en Campeche el senador Daniel Barreda de MC: &quot;Mi padre fue retenido y tuve que acompa\u00f1arlo&quot; -\" \/>\n<meta property=\"og:description\" content=\"Por Redacci\u00f3n QP Durante la sesi\u00f3n en la sede alterna del Senado, la oposici\u00f3n tom\u00f3...\" \/>\n<meta property=\"og:url\" content=\"https:\/\/quehacerpolitico.mx\/?p=112454\" \/>\n<meta property=\"article:published_time\" content=\"2024-09-11T05:49:04+00:00\" \/>\n<meta property=\"article:modified_time\" content=\"2024-09-11T05:49:08+00:00\" \/>\n<meta property=\"og:image\" content=\"https:\/\/quehacerpolitico.mx\/wp-content\/uploads\/2024\/09\/IMG_7980.jpeg\" \/>\n\t<meta property=\"og:image:width\" content=\"1284\" \/>\n\t<meta property=\"og:image:height\" content=\"713\" \/>\n\t<meta property=\"og:image:type\" content=\"image\/jpeg\" \/>\n<meta name=\"author\" content=\"Redacci\u00f3n QP\" \/>\n<meta name=\"twitter:card\" content=\"summary_large_image\" \/>\n<meta name=\"twitter:label1\" content=\"Escrito por\" \/>\n\t<meta name=\"twitter:data1\" content=\"Redacci\u00f3n QP\" \/>\n\t<meta name=\"twitter:label2\" content=\"Tiempo de lectura\" \/>\n\t<meta name=\"twitter:data2\" content=\"2 minutos\" \/>\n<script type=\"application\/ld+json\" class=\"yoast-schema-graph\">{\"@context\":\"https:\\\/\\\/schema.org\",\"@graph\":[{\"@type\":\"Article\",\"@id\":\"https:\\\/\\\/quehacerpolitico.mx\\\/?p=112454#article\",\"isPartOf\":{\"@id\":\"https:\\\/\\\/quehacerpolitico.mx\\\/?p=112454\"},\"author\":{\"name\":\"Redacci\u00f3n QP\",\"@id\":\"https:\\\/\\\/quehacerpolitico.mx\\\/#\\\/schema\\\/person\\\/496d8ad2d1d3f8036101dca7ee39e585\"},\"headline\":\"Reaparece en Campeche el senador Daniel Barreda de MC: &#8220;Mi padre fue retenido y tuve que acompa\u00f1arlo&#8221;\",\"datePublished\":\"2024-09-11T05:49:04+00:00\",\"dateModified\":\"2024-09-11T05:49:08+00:00\",\"mainEntityOfPage\":{\"@id\":\"https:\\\/\\\/quehacerpolitico.mx\\\/?p=112454\"},\"wordCount\":329,\"commentCount\":0,\"image\":{\"@id\":\"https:\\\/\\\/quehacerpolitico.mx\\\/?p=112454#primaryimage\"},\"thumbnailUrl\":\"https:\\\/\\\/quehacerpolitico.mx\\\/wp-content\\\/uploads\\\/2024\\\/09\\\/IMG_7980.jpeg\",\"articleSection\":[\"Noticias\"],\"inLanguage\":\"es\",\"potentialAction\":[{\"@type\":\"CommentAction\",\"name\":\"Comment\",\"target\":[\"https:\\\/\\\/quehacerpolitico.mx\\\/?p=112454#respond\"]}]},{\"@type\":\"WebPage\",\"@id\":\"https:\\\/\\\/quehacerpolitico.mx\\\/?p=112454\",\"url\":\"https:\\\/\\\/quehacerpolitico.mx\\\/?p=112454\",\"name\":\"Reaparece en Campeche el senador Daniel Barreda de MC: \\\"Mi padre fue retenido y tuve que acompa\u00f1arlo\\\" -\",\"isPartOf\":{\"@id\":\"https:\\\/\\\/quehacerpolitico.mx\\\/#website\"},\"primaryImageOfPage\":{\"@id\":\"https:\\\/\\\/quehacerpolitico.mx\\\/?p=112454#primaryimage\"},\"image\":{\"@id\":\"https:\\\/\\\/quehacerpolitico.mx\\\/?p=112454#primaryimage\"},\"thumbnailUrl\":\"https:\\\/\\\/quehacerpolitico.mx\\\/wp-content\\\/uploads\\\/2024\\\/09\\\/IMG_7980.jpeg\",\"datePublished\":\"2024-09-11T05:49:04+00:00\",\"dateModified\":\"2024-09-11T05:49:08+00:00\",\"author\":{\"@id\":\"https:\\\/\\\/quehacerpolitico.mx\\\/#\\\/schema\\\/person\\\/496d8ad2d1d3f8036101dca7ee39e585\"},\"breadcrumb\":{\"@id\":\"https:\\\/\\\/quehacerpolitico.mx\\\/?p=112454#breadcrumb\"},\"inLanguage\":\"es\",\"potentialAction\":[{\"@type\":\"ReadAction\",\"target\":[\"https:\\\/\\\/quehacerpolitico.mx\\\/?p=112454\"]}]},{\"@type\":\"ImageObject\",\"inLanguage\":\"es\",\"@id\":\"https:\\\/\\\/quehacerpolitico.mx\\\/?p=112454#primaryimage\",\"url\":\"https:\\\/\\\/quehacerpolitico.mx\\\/wp-content\\\/uploads\\\/2024\\\/09\\\/IMG_7980.jpeg\",\"contentUrl\":\"https:\\\/\\\/quehacerpolitico.mx\\\/wp-content\\\/uploads\\\/2024\\\/09\\\/IMG_7980.jpeg\",\"width\":1284,\"height\":713,\"caption\":\"Screenshot\"},{\"@type\":\"BreadcrumbList\",\"@id\":\"https:\\\/\\\/quehacerpolitico.mx\\\/?p=112454#breadcrumb\",\"itemListElement\":[{\"@type\":\"ListItem\",\"position\":1,\"name\":\"Inicio\",\"item\":\"https:\\\/\\\/quehacerpolitico.mx\\\/\"},{\"@type\":\"ListItem\",\"position\":2,\"name\":\"Reaparece en Campeche el senador Daniel Barreda de MC: &#8220;Mi padre fue retenido y tuve que acompa\u00f1arlo&#8221;\"}]},{\"@type\":\"WebSite\",\"@id\":\"https:\\\/\\\/quehacerpolitico.mx\\\/#website\",\"url\":\"https:\\\/\\\/quehacerpolitico.mx\\\/\",\"name\":\"\",\"description\":\"\",\"potentialAction\":[{\"@type\":\"SearchAction\",\"target\":{\"@type\":\"EntryPoint\",\"urlTemplate\":\"https:\\\/\\\/quehacerpolitico.mx\\\/?s={search_term_string}\"},\"query-input\":{\"@type\":\"PropertyValueSpecification\",\"valueRequired\":true,\"valueName\":\"search_term_string\"}}],\"inLanguage\":\"es\"},{\"@type\":\"Person\",\"@id\":\"https:\\\/\\\/quehacerpolitico.mx\\\/#\\\/schema\\\/person\\\/496d8ad2d1d3f8036101dca7ee39e585\",\"name\":\"Redacci\u00f3n QP\",\"image\":{\"@type\":\"ImageObject\",\"inLanguage\":\"es\",\"@id\":\"https:\\\/\\\/secure.gravatar.com\\\/avatar\\\/c7164ed6fdec453195284ad24a5ae5b6e1eed2b848477fa2a4787ba9adf39a41?s=96&d=mm&r=g\",\"url\":\"https:\\\/\\\/secure.gravatar.com\\\/avatar\\\/c7164ed6fdec453195284ad24a5ae5b6e1eed2b848477fa2a4787ba9adf39a41?s=96&d=mm&r=g\",\"contentUrl\":\"https:\\\/\\\/secure.gravatar.com\\\/avatar\\\/c7164ed6fdec453195284ad24a5ae5b6e1eed2b848477fa2a4787ba9adf39a41?s=96&d=mm&r=g\",\"caption\":\"Redacci\u00f3n QP\"},\"url\":\"https:\\\/\\\/quehacerpolitico.mx\\\/?author=2\"}]}<\/script>\n<!-- \/ Yoast SEO plugin. -->","yoast_head_json":{"title":"Reaparece en Campeche el senador Daniel Barreda de MC: \"Mi padre fue retenido y tuve que acompa\u00f1arlo\" -","robots":{"index":"index","follow":"follow","max-snippet":"max-snippet:-1","max-image-preview":"max-image-preview:large","max-video-preview":"max-video-preview:-1"},"canonical":"https:\/\/quehacerpolitico.mx\/?p=112454","og_locale":"es_MX","og_type":"article","og_title":"Reaparece en Campeche el senador Daniel Barreda de MC: \"Mi padre fue retenido y tuve que acompa\u00f1arlo\" -","og_description":"Por Redacci\u00f3n QP Durante la sesi\u00f3n en la sede alterna del Senado, la oposici\u00f3n tom\u00f3...","og_url":"https:\/\/quehacerpolitico.mx\/?p=112454","article_published_time":"2024-09-11T05:49:04+00:00","article_modified_time":"2024-09-11T05:49:08+00:00","og_image":[{"width":1284,"height":713,"url":"https:\/\/quehacerpolitico.mx\/wp-content\/uploads\/2024\/09\/IMG_7980.jpeg","type":"image\/jpeg"}],"author":"Redacci\u00f3n QP","twitter_card":"summary_large_image","twitter_misc":{"Escrito por":"Redacci\u00f3n QP","Tiempo de lectura":"2 minutos"},"schema":{"@context":"https:\/\/schema.org","@graph":[{"@type":"Article","@id":"https:\/\/quehacerpolitico.mx\/?p=112454#article","isPartOf":{"@id":"https:\/\/quehacerpolitico.mx\/?p=112454"},"author":{"name":"Redacci\u00f3n QP","@id":"https:\/\/quehacerpolitico.mx\/#\/schema\/person\/496d8ad2d1d3f8036101dca7ee39e585"},"headline":"Reaparece en Campeche el senador Daniel Barreda de MC: &#8220;Mi padre fue retenido y tuve que acompa\u00f1arlo&#8221;","datePublished":"2024-09-11T05:49:04+00:00","dateModified":"2024-09-11T05:49:08+00:00","mainEntityOfPage":{"@id":"https:\/\/quehacerpolitico.mx\/?p=112454"},"wordCount":329,"commentCount":0,"image":{"@id":"https:\/\/quehacerpolitico.mx\/?p=112454#primaryimage"},"thumbnailUrl":"https:\/\/quehacerpolitico.mx\/wp-content\/uploads\/2024\/09\/IMG_7980.jpeg","articleSection":["Noticias"],"inLanguage":"es","potentialAction":[{"@type":"CommentAction","name":"Comment","target":["https:\/\/quehacerpolitico.mx\/?p=112454#respond"]}]},{"@type":"WebPage","@id":"https:\/\/quehacerpolitico.mx\/?p=112454","url":"https:\/\/quehacerpolitico.mx\/?p=112454","name":"Reaparece en Campeche el senador Daniel Barreda de MC: \"Mi padre fue retenido y tuve que acompa\u00f1arlo\" -","isPartOf":{"@id":"https:\/\/quehacerpolitico.mx\/#website"},"primaryImageOfPage":{"@id":"https:\/\/quehacerpolitico.mx\/?p=112454#primaryimage"},"image":{"@id":"https:\/\/quehacerpolitico.mx\/?p=112454#primaryimage"},"thumbnailUrl":"https:\/\/quehacerpolitico.mx\/wp-content\/uploads\/2024\/09\/IMG_7980.jpeg","datePublished":"2024-09-11T05:49:04+00:00","dateModified":"2024-09-11T05:49:08+00:00","author":{"@id":"https:\/\/quehacerpolitico.mx\/#\/schema\/person\/496d8ad2d1d3f8036101dca7ee39e585"},"breadcrumb":{"@id":"https:\/\/quehacerpolitico.mx\/?p=112454#breadcrumb"},"inLanguage":"es","potentialAction":[{"@type":"ReadAction","target":["https:\/\/quehacerpolitico.mx\/?p=112454"]}]},{"@type":"ImageObject","inLanguage":"es","@id":"https:\/\/quehacerpolitico.mx\/?p=112454#primaryimage","url":"https:\/\/quehacerpolitico.mx\/wp-content\/uploads\/2024\/09\/IMG_7980.jpeg","contentUrl":"https:\/\/quehacerpolitico.mx\/wp-content\/uploads\/2024\/09\/IMG_7980.jpeg","width":1284,"height":713,"caption":"Screenshot"},{"@type":"BreadcrumbList","@id":"https:\/\/quehacerpolitico.mx\/?p=112454#breadcrumb","itemListElement":[{"@type":"ListItem","position":1,"name":"Inicio","item":"https:\/\/quehacerpolitico.mx\/"},{"@type":"ListItem","position":2,"name":"Reaparece en Campeche el senador Daniel Barreda de MC: &#8220;Mi padre fue retenido y tuve que acompa\u00f1arlo&#8221;"}]},{"@type":"WebSite","@id":"https:\/\/quehacerpolitico.mx\/#website","url":"https:\/\/quehacerpolitico.mx\/","name":"","description":"","potentialAction":[{"@type":"SearchAction","target":{"@type":"EntryPoint","urlTemplate":"https:\/\/quehacerpolitico.mx\/?s={search_term_string}"},"query-input":{"@type":"PropertyValueSpecification","valueRequired":true,"valueName":"search_term_string"}}],"inLanguage":"es"},{"@type":"Person","@id":"https:\/\/quehacerpolitico.mx\/#\/schema\/person\/496d8ad2d1d3f8036101dca7ee39e585","name":"Redacci\u00f3n QP","image":{"@type":"ImageObject","inLanguage":"es","@id":"https:\/\/secure.gravatar.com\/avatar\/c7164ed6fdec453195284ad24a5ae5b6e1eed2b848477fa2a4787ba9adf39a41?s=96&d=mm&r=g","url":"https:\/\/secure.gravatar.com\/avatar\/c7164ed6fdec453195284ad24a5ae5b6e1eed2b848477fa2a4787ba9adf39a41?s=96&d=mm&r=g","contentUrl":"https:\/\/secure.gravatar.com\/avatar\/c7164ed6fdec453195284ad24a5ae5b6e1eed2b848477fa2a4787ba9adf39a41?s=96&d=mm&r=g","caption":"Redacci\u00f3n QP"},"url":"https:\/\/quehacerpolitico.mx\/?author=2"}]}},"featured_image_urls":{"full":["https:\/\/quehacerpolitico.mx\/wp-content\/uploads\/2024\/09\/IMG_7980.jpeg",1284,713,false],"thumbnail":["https:\/\/quehacerpolitico.mx\/wp-content\/uploads\/2024\/09\/IMG_7980-150x150.jpeg",150,150,true],"medium":["https:\/\/quehacerpolitico.mx\/wp-content\/uploads\/2024\/09\/IMG_7980-300x167.jpeg",300,167,true],"medium_large":["https:\/\/quehacerpolitico.mx\/wp-content\/uploads\/2024\/09\/IMG_7980-768x426.jpeg",640,355,true],"large":["https:\/\/quehacerpolitico.mx\/wp-content\/uploads\/2024\/09\/IMG_7980-1024x569.jpeg",640,356,true],"1536x1536":["https:\/\/quehacerpolitico.mx\/wp-content\/uploads\/2024\/09\/IMG_7980.jpeg",1284,713,false],"2048x2048":["https:\/\/quehacerpolitico.mx\/wp-content\/uploads\/2024\/09\/IMG_7980.jpeg",1284,713,false],"covernews-featured":["https:\/\/quehacerpolitico.mx\/wp-content\/uploads\/2024\/09\/IMG_7980.jpeg",1024,569,false],"covernews-medium":["https:\/\/quehacerpolitico.mx\/wp-content\/uploads\/2024\/09\/IMG_7980.jpeg",540,300,false]},"author_info":{"display_name":"Redacci\u00f3n QP","author_link":"https:\/\/quehacerpolitico.mx\/?author=2"},"category_info":"<a href=\"https:\/\/quehacerpolitico.mx\/?cat=2\" rel=\"category\">Noticias<\/a>","tag_info":"Noticias","comment_count":"0","_links":{"self":[{"href":"https:\/\/quehacerpolitico.mx\/index.php?rest_route=\/wp\/v2\/posts\/112454","targetHints":{"allow":["GET"]}}],"collection":[{"href":"https:\/\/quehacerpolitico.mx\/index.php?rest_route=\/wp\/v2\/posts"}],"about":[{"href":"https:\/\/quehacerpolitico.mx\/index.php?rest_route=\/wp\/v2\/types\/post"}],"author":[{"embeddable":true,"href":"https:\/\/quehacerpolitico.mx\/index.php?rest_route=\/wp\/v2\/users\/2"}],"replies":[{"embeddable":true,"href":"https:\/\/quehacerpolitico.mx\/index.php?rest_route=%2Fwp%2Fv2%2Fcomments&post=112454"}],"version-history":[{"count":1,"href":"https:\/\/quehacerpolitico.mx\/index.php?rest_route=\/wp\/v2\/posts\/112454\/revisions"}],"predecessor-version":[{"id":112456,"href":"https:\/\/quehacerpolitico.mx\/index.php?rest_route=\/wp\/v2\/posts\/112454\/revisions\/112456"}],"wp:featuredmedia":[{"embeddable":true,"href":"https:\/\/quehacerpolitico.mx\/index.php?rest_route=\/wp\/v2\/media\/112455"}],"wp:attachment":[{"href":"https:\/\/quehacerpolitico.mx\/index.php?rest_route=%2Fwp%2Fv2%2Fmedia&parent=112454"}],"wp:term":[{"taxonomy":"category","embeddable":true,"href":"https:\/\/quehacerpolitico.mx\/index.php?rest_route=%2Fwp%2Fv2%2Fcategories&post=112454"},{"taxonomy":"post_tag","embeddable":true,"href":"https:\/\/quehacerpolitico.mx\/index.php?rest_route=%2Fwp%2Fv2%2Ftags&post=112454"}],"curies":[{"name":"wp","href":"https:\/\/api.w.org\/{rel}","templated":true}]}}