{"id":112440,"date":"2024-09-11T04:07:41","date_gmt":"2024-09-11T04:07:41","guid":{"rendered":"https:\/\/quehacerpolitico.mx\/?p=112440"},"modified":"2024-09-11T04:07:44","modified_gmt":"2024-09-11T04:07:44","slug":"el-senador-daniel-barreda-esta-en-campeche-mintio-adan-augusto-lopez-al-decir-que-estaba-en-cdmx-senalan-juan-zavala-y-alvarez-maynez","status":"publish","type":"post","link":"https:\/\/quehacerpolitico.mx\/?p=112440","title":{"rendered":"El senador Daniel Barreda est\u00e1 en Campeche &#8220;Minti\u00f3 Ad\u00e1n Augusto L\u00f3pez al decir que estaba en CDMX&#8221;, se\u00f1alan Juan Zavala y \u00c1lvarez Maynez"},"content":{"rendered":"\n<p>Por Redacci\u00f3n QP<\/p>\n\n\n\n<p>M\u00e1ynez comparti\u00f3 un video del secretario general de MC, Juan Zavala, en el que se\u00f1ala a los morenistas Ad\u00e1n Augusto L\u00f3pez Hern\u00e1ndez y Gerardo Fern\u00e1ndez\u00a0Noro\u00f1a por haber sostenido falsamente que Barreda se encontraba en la Ciudad de M\u00e9xico<\/p>\n\n\n\n<p>Daniel Barreda Pav\u00f3n, senador de Movimiento Ciudadano (MC),&nbsp;se encuentra en la sala de juicios orales del Poder Judicial de&nbsp;<strong>Campeche<\/strong>&nbsp;con su padre, Daniel Barreda Puga, quien fue detenido este martes, confirm\u00f3 Jorge \u00c1lvarez M\u00e1ynez.<\/p>\n\n\n\n<p>A trav\u00e9s de una publicaci\u00f3n de redes sociales, el exaspirante presidencial emecista se\u00f1al\u00f3 que el legislador&nbsp;se encuentra acompa\u00f1ado por el coordinador de los diputados locales de su partido,&nbsp;<strong>Paul<\/strong><strong>Arce<\/strong>, quien tambi\u00e9n fue aprehendido&nbsp;esta ma\u00f1ana.<\/p>\n\n\n\n<figure class=\"wp-block-embed is-type-rich is-provider-twitter wp-block-embed-twitter\"><div class=\"wp-block-embed__wrapper\">\n<blockquote class=\"twitter-tweet\" data-width=\"550\" data-dnt=\"true\"><p lang=\"es\" dir=\"ltr\">Confirmado: el senador <a href=\"https:\/\/twitter.com\/DanielBarredaP?ref_src=twsrc%5Etfw\">@DanielBarredaP<\/a> est\u00e1 ah\u00ed, junto a su padre que fue detenido y al coordinador de nuestros diputados locales, Paul Arce.<br><br>Estamos ante la privaci\u00f3n ilegal de la libertad como mecanismo de coacci\u00f3n para consumar el golpe al Poder Judicial. <a href=\"https:\/\/t.co\/OUwsqTcfJV\">https:\/\/t.co\/OUwsqTcfJV<\/a><\/p>&mdash; Jorge \u00c1lvarez M\u00e1ynez (@AlvarezMaynez) <a href=\"https:\/\/twitter.com\/AlvarezMaynez\/status\/1833677581872501181?ref_src=twsrc%5Etfw\">September 11, 2024<\/a><\/blockquote><script async src=\"https:\/\/platform.twitter.com\/widgets.js\" charset=\"utf-8\"><\/script>\n<\/div><\/figure>\n\n\n\n<p>M\u00e1ynez comparti\u00f3 un video del secretario general de MC,&nbsp;<strong>Juan<\/strong>&nbsp;<strong>Zavala<\/strong>, en el que se\u00f1ala a los morenistas&nbsp;<strong>Ad\u00e1n<\/strong>&nbsp;<strong>Augusto<\/strong>&nbsp;<strong>L\u00f3pez<\/strong><strong>Hern\u00e1ndez<\/strong>&nbsp;y&nbsp;<strong>Gerardo Fern\u00e1ndez&nbsp;Noro\u00f1a<\/strong>por haber sostenido falsamente que Barreda se encontraba en la Ciudad de M\u00e9xico.<\/p>\n\n\n\n<p>&#8220;Ambos (Arce y Barreda) est\u00e1n aqu\u00ed en Campeche, ambos est\u00e1n en su calidad de&nbsp;<strong>presos<\/strong>&nbsp;<strong>pol\u00edticos<\/strong>&nbsp;porque no quieren que se vote en contra de la reforma judicial&#8221;, denunci\u00f3.<\/p>\n\n\n\n<figure class=\"wp-block-embed is-type-rich is-provider-twitter wp-block-embed-twitter\"><div class=\"wp-block-embed__wrapper\">\n<blockquote class=\"twitter-tweet\" data-width=\"550\" data-dnt=\"true\"><p lang=\"es\" dir=\"ltr\">\u00a1Mis respetos para <a href=\"https:\/\/twitter.com\/JZavalaGt?ref_src=twsrc%5Etfw\">@JZavalaGt<\/a> y el valor que ha demostrado hoy! <br><br>En el momento m\u00e1s oscuro de la Rep\u00fablica, fue personalmente a Campeche para desmentir al presidente del <a href=\"https:\/\/twitter.com\/senadomexicano?ref_src=twsrc%5Etfw\">@senadomexicano<\/a>, al presidente de la Junta de Coordinaci\u00f3n Pol\u00edtica y a la gobernadora <a href=\"https:\/\/twitter.com\/LaydaSansores?ref_src=twsrc%5Etfw\">@LaydaSansores<\/a>. <a href=\"https:\/\/t.co\/OhfAWFNdIb\">pic.twitter.com\/OhfAWFNdIb<\/a><\/p>&mdash; Jorge \u00c1lvarez M\u00e1ynez (@AlvarezMaynez) <a href=\"https:\/\/twitter.com\/AlvarezMaynez\/status\/1833681415810220223?ref_src=twsrc%5Etfw\">September 11, 2024<\/a><\/blockquote><script async src=\"https:\/\/platform.twitter.com\/widgets.js\" charset=\"utf-8\"><\/script>\n<\/div><\/figure>\n\n\n\n<p>Horas antes, cuando&nbsp;se desconoc\u00eda el paradero de Barreda, el coordinador de los senadores de&nbsp;<strong>Morena<\/strong>,&nbsp;Ad\u00e1n Augusto L\u00f3pez<strong><\/strong>Hern\u00e1ndez<strong>,&nbsp;<\/strong>sostuvo que se hab\u00eda comunicado con \u00e9l, y que le hab\u00eda autorizado compartir que se encontraba en la capital del pa\u00eds.<\/p>\n\n\n\n<p>Adem\u00e1s, la tambi\u00e9n morenista gobernadora de Campeche,&nbsp;<strong>Layda<\/strong>&nbsp;<strong>Sansores<\/strong>, descart\u00f3 que se hubiera detenido al&nbsp;padre de Barreda en su estado.<\/p>\n\n\n\n<p>&#8220;Es una irresponsabilidad del se\u00f1or \u00c1lvarez M\u00e1ynez haber iniciado este&nbsp;<strong>rumor<\/strong>&nbsp;sin ning\u00fan fundamento\u201d, acus\u00f3 en su cuenta de X la gobernadora.&nbsp;<\/p>\n\n\n\n<p>En respuesta, M\u00e1ynez&nbsp;le reproch\u00f3 su intento por &#8220;<strong>enga\u00f1ar<\/strong>&nbsp;al pueblo&#8221;:&nbsp;&#8220;Es incre\u00edble ver en lo que se han convertido y a lo que est\u00e1n&nbsp;<strong>dispuestos<\/strong>&#8220;<\/p>\n\n\n\n<figure class=\"wp-block-embed is-type-rich is-provider-twitter wp-block-embed-twitter\"><div class=\"wp-block-embed__wrapper\">\n<blockquote class=\"twitter-tweet\" data-width=\"550\" data-dnt=\"true\"><p lang=\"es\" dir=\"ltr\">El se\u00f1or est\u00e1 detenido en la sala de juicios orales del Poder Judicial de Campeche.<br><br>No s\u00f3lo lo hicieron, sino que adem\u00e1s intentaron enga\u00f1ar al pueblo de Campeche y al pueblo de M\u00e9xico.<br><br>Es incre\u00edble ver en lo que se han convertido y a lo que est\u00e1n dispuestos. <a href=\"https:\/\/t.co\/5JH2CEvnC7\">https:\/\/t.co\/5JH2CEvnC7<\/a><\/p>&mdash; Jorge \u00c1lvarez M\u00e1ynez (@AlvarezMaynez) <a href=\"https:\/\/twitter.com\/AlvarezMaynez\/status\/1833681564607377516?ref_src=twsrc%5Etfw\">September 11, 2024<\/a><\/blockquote><script async src=\"https:\/\/platform.twitter.com\/widgets.js\" charset=\"utf-8\"><\/script>\n<\/div><\/figure>\n","protected":false},"excerpt":{"rendered":"<p>Por Redacci\u00f3n QP M\u00e1ynez comparti\u00f3 un video del secretario general de MC, Juan Zavala, en&#8230;<\/p>\n","protected":false},"author":2,"featured_media":112441,"comment_status":"open","ping_status":"open","sticky":false,"template":"","format":"standard","meta":{"_monsterinsights_skip_tracking":false,"_monsterinsights_sitenote_active":false,"_monsterinsights_sitenote_note":"","_monsterinsights_sitenote_category":0,"footnotes":""},"categories":[2],"tags":[],"class_list":["post-112440","post","type-post","status-publish","format-standard","has-post-thumbnail","hentry","category-noticias"],"yoast_head":"<!-- This site is optimized with the Yoast SEO plugin v27.3 - https:\/\/yoast.com\/product\/yoast-seo-wordpress\/ -->\n<title>El senador Daniel Barreda est\u00e1 en Campeche &quot;Minti\u00f3 Ad\u00e1n Augusto L\u00f3pez al decir que estaba en CDMX&quot;, se\u00f1alan Juan Zavala y \u00c1lvarez Maynez -<\/title>\n<meta name=\"robots\" content=\"index, follow, max-snippet:-1, max-image-preview:large, max-video-preview:-1\" \/>\n<link rel=\"canonical\" href=\"https:\/\/quehacerpolitico.mx\/?p=112440\" \/>\n<meta property=\"og:locale\" content=\"es_MX\" \/>\n<meta property=\"og:type\" content=\"article\" \/>\n<meta property=\"og:title\" content=\"El senador Daniel Barreda est\u00e1 en Campeche &quot;Minti\u00f3 Ad\u00e1n Augusto L\u00f3pez al decir que estaba en CDMX&quot;, se\u00f1alan Juan Zavala y \u00c1lvarez Maynez -\" \/>\n<meta property=\"og:description\" content=\"Por Redacci\u00f3n QP M\u00e1ynez comparti\u00f3 un video del secretario general de MC, Juan Zavala, en...\" \/>\n<meta property=\"og:url\" content=\"https:\/\/quehacerpolitico.mx\/?p=112440\" \/>\n<meta property=\"article:published_time\" content=\"2024-09-11T04:07:41+00:00\" \/>\n<meta property=\"article:modified_time\" content=\"2024-09-11T04:07:44+00:00\" \/>\n<meta property=\"og:image\" content=\"https:\/\/quehacerpolitico.mx\/wp-content\/uploads\/2024\/09\/IMG_7977.jpeg\" \/>\n\t<meta property=\"og:image:width\" content=\"739\" \/>\n\t<meta property=\"og:image:height\" content=\"415\" \/>\n\t<meta property=\"og:image:type\" content=\"image\/jpeg\" \/>\n<meta name=\"author\" content=\"Redacci\u00f3n QP\" \/>\n<meta name=\"twitter:card\" content=\"summary_large_image\" \/>\n<meta name=\"twitter:label1\" content=\"Escrito por\" \/>\n\t<meta name=\"twitter:data1\" content=\"Redacci\u00f3n QP\" \/>\n\t<meta name=\"twitter:label2\" content=\"Tiempo de lectura\" \/>\n\t<meta name=\"twitter:data2\" content=\"2 minutos\" \/>\n<script type=\"application\/ld+json\" class=\"yoast-schema-graph\">{\"@context\":\"https:\\\/\\\/schema.org\",\"@graph\":[{\"@type\":\"Article\",\"@id\":\"https:\\\/\\\/quehacerpolitico.mx\\\/?p=112440#article\",\"isPartOf\":{\"@id\":\"https:\\\/\\\/quehacerpolitico.mx\\\/?p=112440\"},\"author\":{\"name\":\"Redacci\u00f3n QP\",\"@id\":\"https:\\\/\\\/quehacerpolitico.mx\\\/#\\\/schema\\\/person\\\/496d8ad2d1d3f8036101dca7ee39e585\"},\"headline\":\"El senador Daniel Barreda est\u00e1 en Campeche &#8220;Minti\u00f3 Ad\u00e1n Augusto L\u00f3pez al decir que estaba en CDMX&#8221;, se\u00f1alan Juan Zavala y \u00c1lvarez Maynez\",\"datePublished\":\"2024-09-11T04:07:41+00:00\",\"dateModified\":\"2024-09-11T04:07:44+00:00\",\"mainEntityOfPage\":{\"@id\":\"https:\\\/\\\/quehacerpolitico.mx\\\/?p=112440\"},\"wordCount\":426,\"commentCount\":0,\"image\":{\"@id\":\"https:\\\/\\\/quehacerpolitico.mx\\\/?p=112440#primaryimage\"},\"thumbnailUrl\":\"https:\\\/\\\/quehacerpolitico.mx\\\/wp-content\\\/uploads\\\/2024\\\/09\\\/IMG_7977.jpeg\",\"articleSection\":[\"Noticias\"],\"inLanguage\":\"es\",\"potentialAction\":[{\"@type\":\"CommentAction\",\"name\":\"Comment\",\"target\":[\"https:\\\/\\\/quehacerpolitico.mx\\\/?p=112440#respond\"]}]},{\"@type\":\"WebPage\",\"@id\":\"https:\\\/\\\/quehacerpolitico.mx\\\/?p=112440\",\"url\":\"https:\\\/\\\/quehacerpolitico.mx\\\/?p=112440\",\"name\":\"El senador Daniel Barreda est\u00e1 en Campeche \\\"Minti\u00f3 Ad\u00e1n Augusto L\u00f3pez al decir que estaba en CDMX\\\", se\u00f1alan Juan Zavala y \u00c1lvarez Maynez -\",\"isPartOf\":{\"@id\":\"https:\\\/\\\/quehacerpolitico.mx\\\/#website\"},\"primaryImageOfPage\":{\"@id\":\"https:\\\/\\\/quehacerpolitico.mx\\\/?p=112440#primaryimage\"},\"image\":{\"@id\":\"https:\\\/\\\/quehacerpolitico.mx\\\/?p=112440#primaryimage\"},\"thumbnailUrl\":\"https:\\\/\\\/quehacerpolitico.mx\\\/wp-content\\\/uploads\\\/2024\\\/09\\\/IMG_7977.jpeg\",\"datePublished\":\"2024-09-11T04:07:41+00:00\",\"dateModified\":\"2024-09-11T04:07:44+00:00\",\"author\":{\"@id\":\"https:\\\/\\\/quehacerpolitico.mx\\\/#\\\/schema\\\/person\\\/496d8ad2d1d3f8036101dca7ee39e585\"},\"breadcrumb\":{\"@id\":\"https:\\\/\\\/quehacerpolitico.mx\\\/?p=112440#breadcrumb\"},\"inLanguage\":\"es\",\"potentialAction\":[{\"@type\":\"ReadAction\",\"target\":[\"https:\\\/\\\/quehacerpolitico.mx\\\/?p=112440\"]}]},{\"@type\":\"ImageObject\",\"inLanguage\":\"es\",\"@id\":\"https:\\\/\\\/quehacerpolitico.mx\\\/?p=112440#primaryimage\",\"url\":\"https:\\\/\\\/quehacerpolitico.mx\\\/wp-content\\\/uploads\\\/2024\\\/09\\\/IMG_7977.jpeg\",\"contentUrl\":\"https:\\\/\\\/quehacerpolitico.mx\\\/wp-content\\\/uploads\\\/2024\\\/09\\\/IMG_7977.jpeg\",\"width\":739,\"height\":415},{\"@type\":\"BreadcrumbList\",\"@id\":\"https:\\\/\\\/quehacerpolitico.mx\\\/?p=112440#breadcrumb\",\"itemListElement\":[{\"@type\":\"ListItem\",\"position\":1,\"name\":\"Inicio\",\"item\":\"https:\\\/\\\/quehacerpolitico.mx\\\/\"},{\"@type\":\"ListItem\",\"position\":2,\"name\":\"El senador Daniel Barreda est\u00e1 en Campeche &#8220;Minti\u00f3 Ad\u00e1n Augusto L\u00f3pez al decir que estaba en CDMX&#8221;, se\u00f1alan Juan Zavala y \u00c1lvarez Maynez\"}]},{\"@type\":\"WebSite\",\"@id\":\"https:\\\/\\\/quehacerpolitico.mx\\\/#website\",\"url\":\"https:\\\/\\\/quehacerpolitico.mx\\\/\",\"name\":\"\",\"description\":\"\",\"potentialAction\":[{\"@type\":\"SearchAction\",\"target\":{\"@type\":\"EntryPoint\",\"urlTemplate\":\"https:\\\/\\\/quehacerpolitico.mx\\\/?s={search_term_string}\"},\"query-input\":{\"@type\":\"PropertyValueSpecification\",\"valueRequired\":true,\"valueName\":\"search_term_string\"}}],\"inLanguage\":\"es\"},{\"@type\":\"Person\",\"@id\":\"https:\\\/\\\/quehacerpolitico.mx\\\/#\\\/schema\\\/person\\\/496d8ad2d1d3f8036101dca7ee39e585\",\"name\":\"Redacci\u00f3n QP\",\"image\":{\"@type\":\"ImageObject\",\"inLanguage\":\"es\",\"@id\":\"https:\\\/\\\/secure.gravatar.com\\\/avatar\\\/c7164ed6fdec453195284ad24a5ae5b6e1eed2b848477fa2a4787ba9adf39a41?s=96&d=mm&r=g\",\"url\":\"https:\\\/\\\/secure.gravatar.com\\\/avatar\\\/c7164ed6fdec453195284ad24a5ae5b6e1eed2b848477fa2a4787ba9adf39a41?s=96&d=mm&r=g\",\"contentUrl\":\"https:\\\/\\\/secure.gravatar.com\\\/avatar\\\/c7164ed6fdec453195284ad24a5ae5b6e1eed2b848477fa2a4787ba9adf39a41?s=96&d=mm&r=g\",\"caption\":\"Redacci\u00f3n QP\"},\"url\":\"https:\\\/\\\/quehacerpolitico.mx\\\/?author=2\"}]}<\/script>\n<!-- \/ Yoast SEO plugin. -->","yoast_head_json":{"title":"El senador Daniel Barreda est\u00e1 en Campeche \"Minti\u00f3 Ad\u00e1n Augusto L\u00f3pez al decir que estaba en CDMX\", se\u00f1alan Juan Zavala y \u00c1lvarez Maynez -","robots":{"index":"index","follow":"follow","max-snippet":"max-snippet:-1","max-image-preview":"max-image-preview:large","max-video-preview":"max-video-preview:-1"},"canonical":"https:\/\/quehacerpolitico.mx\/?p=112440","og_locale":"es_MX","og_type":"article","og_title":"El senador Daniel Barreda est\u00e1 en Campeche \"Minti\u00f3 Ad\u00e1n Augusto L\u00f3pez al decir que estaba en CDMX\", se\u00f1alan Juan Zavala y \u00c1lvarez Maynez -","og_description":"Por Redacci\u00f3n QP M\u00e1ynez comparti\u00f3 un video del secretario general de MC, Juan Zavala, en...","og_url":"https:\/\/quehacerpolitico.mx\/?p=112440","article_published_time":"2024-09-11T04:07:41+00:00","article_modified_time":"2024-09-11T04:07:44+00:00","og_image":[{"width":739,"height":415,"url":"https:\/\/quehacerpolitico.mx\/wp-content\/uploads\/2024\/09\/IMG_7977.jpeg","type":"image\/jpeg"}],"author":"Redacci\u00f3n QP","twitter_card":"summary_large_image","twitter_misc":{"Escrito por":"Redacci\u00f3n QP","Tiempo de lectura":"2 minutos"},"schema":{"@context":"https:\/\/schema.org","@graph":[{"@type":"Article","@id":"https:\/\/quehacerpolitico.mx\/?p=112440#article","isPartOf":{"@id":"https:\/\/quehacerpolitico.mx\/?p=112440"},"author":{"name":"Redacci\u00f3n QP","@id":"https:\/\/quehacerpolitico.mx\/#\/schema\/person\/496d8ad2d1d3f8036101dca7ee39e585"},"headline":"El senador Daniel Barreda est\u00e1 en Campeche &#8220;Minti\u00f3 Ad\u00e1n Augusto L\u00f3pez al decir que estaba en CDMX&#8221;, se\u00f1alan Juan Zavala y \u00c1lvarez Maynez","datePublished":"2024-09-11T04:07:41+00:00","dateModified":"2024-09-11T04:07:44+00:00","mainEntityOfPage":{"@id":"https:\/\/quehacerpolitico.mx\/?p=112440"},"wordCount":426,"commentCount":0,"image":{"@id":"https:\/\/quehacerpolitico.mx\/?p=112440#primaryimage"},"thumbnailUrl":"https:\/\/quehacerpolitico.mx\/wp-content\/uploads\/2024\/09\/IMG_7977.jpeg","articleSection":["Noticias"],"inLanguage":"es","potentialAction":[{"@type":"CommentAction","name":"Comment","target":["https:\/\/quehacerpolitico.mx\/?p=112440#respond"]}]},{"@type":"WebPage","@id":"https:\/\/quehacerpolitico.mx\/?p=112440","url":"https:\/\/quehacerpolitico.mx\/?p=112440","name":"El senador Daniel Barreda est\u00e1 en Campeche \"Minti\u00f3 Ad\u00e1n Augusto L\u00f3pez al decir que estaba en CDMX\", se\u00f1alan Juan Zavala y \u00c1lvarez Maynez -","isPartOf":{"@id":"https:\/\/quehacerpolitico.mx\/#website"},"primaryImageOfPage":{"@id":"https:\/\/quehacerpolitico.mx\/?p=112440#primaryimage"},"image":{"@id":"https:\/\/quehacerpolitico.mx\/?p=112440#primaryimage"},"thumbnailUrl":"https:\/\/quehacerpolitico.mx\/wp-content\/uploads\/2024\/09\/IMG_7977.jpeg","datePublished":"2024-09-11T04:07:41+00:00","dateModified":"2024-09-11T04:07:44+00:00","author":{"@id":"https:\/\/quehacerpolitico.mx\/#\/schema\/person\/496d8ad2d1d3f8036101dca7ee39e585"},"breadcrumb":{"@id":"https:\/\/quehacerpolitico.mx\/?p=112440#breadcrumb"},"inLanguage":"es","potentialAction":[{"@type":"ReadAction","target":["https:\/\/quehacerpolitico.mx\/?p=112440"]}]},{"@type":"ImageObject","inLanguage":"es","@id":"https:\/\/quehacerpolitico.mx\/?p=112440#primaryimage","url":"https:\/\/quehacerpolitico.mx\/wp-content\/uploads\/2024\/09\/IMG_7977.jpeg","contentUrl":"https:\/\/quehacerpolitico.mx\/wp-content\/uploads\/2024\/09\/IMG_7977.jpeg","width":739,"height":415},{"@type":"BreadcrumbList","@id":"https:\/\/quehacerpolitico.mx\/?p=112440#breadcrumb","itemListElement":[{"@type":"ListItem","position":1,"name":"Inicio","item":"https:\/\/quehacerpolitico.mx\/"},{"@type":"ListItem","position":2,"name":"El senador Daniel Barreda est\u00e1 en Campeche &#8220;Minti\u00f3 Ad\u00e1n Augusto L\u00f3pez al decir que estaba en CDMX&#8221;, se\u00f1alan Juan Zavala y \u00c1lvarez Maynez"}]},{"@type":"WebSite","@id":"https:\/\/quehacerpolitico.mx\/#website","url":"https:\/\/quehacerpolitico.mx\/","name":"","description":"","potentialAction":[{"@type":"SearchAction","target":{"@type":"EntryPoint","urlTemplate":"https:\/\/quehacerpolitico.mx\/?s={search_term_string}"},"query-input":{"@type":"PropertyValueSpecification","valueRequired":true,"valueName":"search_term_string"}}],"inLanguage":"es"},{"@type":"Person","@id":"https:\/\/quehacerpolitico.mx\/#\/schema\/person\/496d8ad2d1d3f8036101dca7ee39e585","name":"Redacci\u00f3n QP","image":{"@type":"ImageObject","inLanguage":"es","@id":"https:\/\/secure.gravatar.com\/avatar\/c7164ed6fdec453195284ad24a5ae5b6e1eed2b848477fa2a4787ba9adf39a41?s=96&d=mm&r=g","url":"https:\/\/secure.gravatar.com\/avatar\/c7164ed6fdec453195284ad24a5ae5b6e1eed2b848477fa2a4787ba9adf39a41?s=96&d=mm&r=g","contentUrl":"https:\/\/secure.gravatar.com\/avatar\/c7164ed6fdec453195284ad24a5ae5b6e1eed2b848477fa2a4787ba9adf39a41?s=96&d=mm&r=g","caption":"Redacci\u00f3n QP"},"url":"https:\/\/quehacerpolitico.mx\/?author=2"}]}},"featured_image_urls":{"full":["https:\/\/quehacerpolitico.mx\/wp-content\/uploads\/2024\/09\/IMG_7977.jpeg",739,415,false],"thumbnail":["https:\/\/quehacerpolitico.mx\/wp-content\/uploads\/2024\/09\/IMG_7977-150x150.jpeg",150,150,true],"medium":["https:\/\/quehacerpolitico.mx\/wp-content\/uploads\/2024\/09\/IMG_7977-300x168.jpeg",300,168,true],"medium_large":["https:\/\/quehacerpolitico.mx\/wp-content\/uploads\/2024\/09\/IMG_7977.jpeg",640,359,false],"large":["https:\/\/quehacerpolitico.mx\/wp-content\/uploads\/2024\/09\/IMG_7977.jpeg",640,359,false],"1536x1536":["https:\/\/quehacerpolitico.mx\/wp-content\/uploads\/2024\/09\/IMG_7977.jpeg",739,415,false],"2048x2048":["https:\/\/quehacerpolitico.mx\/wp-content\/uploads\/2024\/09\/IMG_7977.jpeg",739,415,false],"covernews-featured":["https:\/\/quehacerpolitico.mx\/wp-content\/uploads\/2024\/09\/IMG_7977.jpeg",739,415,false],"covernews-medium":["https:\/\/quehacerpolitico.mx\/wp-content\/uploads\/2024\/09\/IMG_7977.jpeg",540,303,false]},"author_info":{"display_name":"Redacci\u00f3n QP","author_link":"https:\/\/quehacerpolitico.mx\/?author=2"},"category_info":"<a href=\"https:\/\/quehacerpolitico.mx\/?cat=2\" rel=\"category\">Noticias<\/a>","tag_info":"Noticias","comment_count":"0","_links":{"self":[{"href":"https:\/\/quehacerpolitico.mx\/index.php?rest_route=\/wp\/v2\/posts\/112440","targetHints":{"allow":["GET"]}}],"collection":[{"href":"https:\/\/quehacerpolitico.mx\/index.php?rest_route=\/wp\/v2\/posts"}],"about":[{"href":"https:\/\/quehacerpolitico.mx\/index.php?rest_route=\/wp\/v2\/types\/post"}],"author":[{"embeddable":true,"href":"https:\/\/quehacerpolitico.mx\/index.php?rest_route=\/wp\/v2\/users\/2"}],"replies":[{"embeddable":true,"href":"https:\/\/quehacerpolitico.mx\/index.php?rest_route=%2Fwp%2Fv2%2Fcomments&post=112440"}],"version-history":[{"count":1,"href":"https:\/\/quehacerpolitico.mx\/index.php?rest_route=\/wp\/v2\/posts\/112440\/revisions"}],"predecessor-version":[{"id":112442,"href":"https:\/\/quehacerpolitico.mx\/index.php?rest_route=\/wp\/v2\/posts\/112440\/revisions\/112442"}],"wp:featuredmedia":[{"embeddable":true,"href":"https:\/\/quehacerpolitico.mx\/index.php?rest_route=\/wp\/v2\/media\/112441"}],"wp:attachment":[{"href":"https:\/\/quehacerpolitico.mx\/index.php?rest_route=%2Fwp%2Fv2%2Fmedia&parent=112440"}],"wp:term":[{"taxonomy":"category","embeddable":true,"href":"https:\/\/quehacerpolitico.mx\/index.php?rest_route=%2Fwp%2Fv2%2Fcategories&post=112440"},{"taxonomy":"post_tag","embeddable":true,"href":"https:\/\/quehacerpolitico.mx\/index.php?rest_route=%2Fwp%2Fv2%2Ftags&post=112440"}],"curies":[{"name":"wp","href":"https:\/\/api.w.org\/{rel}","templated":true}]}}