{"id":112437,"date":"2024-09-11T03:36:42","date_gmt":"2024-09-11T03:36:42","guid":{"rendered":"https:\/\/quehacerpolitico.mx\/?p=112437"},"modified":"2024-09-11T03:36:44","modified_gmt":"2024-09-11T03:36:44","slug":"miguel-angel-yunes-marquez-votara-a-favor-de-la-reformaalpoderjudicial-de-amlo-sera-el-voto-86","status":"publish","type":"post","link":"https:\/\/quehacerpolitico.mx\/?p=112437","title":{"rendered":"Miguel \u00c1ngel Yunes M\u00e1rquez votar\u00e1 a favor de la #ReformaAlPoderJudicial de AMLO ser\u00e1 el voto 86"},"content":{"rendered":"\n<p>Por Redacci\u00f3n QP<\/p>\n\n\n\n<p>El panista Yunes M\u00e1rquez sube a tribuna en el Senado para dejar en claro que ser\u00e1 el voto 86 a favor de la reforma judicial<\/p>\n\n\n\n<p>El senador del Partido Acci\u00f3n Nacional (PAN)&nbsp;<strong>Miguel<\/strong>&nbsp;<strong>Yunes<\/strong>&nbsp;<strong>M\u00e1rquez<\/strong>&nbsp;afirm\u00f3 que dar\u00e1 su voto a favor de la&nbsp;<strong>reforma<\/strong>&nbsp;<strong>judicial<\/strong>, con lo que Morena y aliados perfilan la mayor\u00eda calificada para aprobar el dictamen en lo general.<\/p>\n\n\n\n<p>\u201cNo traiciona quien act\u00faa de acuerdo con sus&nbsp;<strong>principios<\/strong>, se requiere m\u00e1s valor para ir en contra de la corriente&nbsp;que montarse en ella, el tiempo dir\u00e1\u201d, sentenci\u00f3.<\/p>\n\n\n\n<figure class=\"wp-block-embed is-type-rich is-provider-twitter wp-block-embed-twitter\"><div class=\"wp-block-embed__wrapper\">\n<blockquote class=\"twitter-tweet\" data-width=\"550\" data-dnt=\"true\"><p lang=\"es\" dir=\"ltr\">\ud83d\udea8 &quot;No soy cobarde ni traidor&quot;, dice el senador Miguel \u00c1ngel Yunes M\u00e1rquez <a href=\"https:\/\/t.co\/Y5lYvFhkfI\">pic.twitter.com\/Y5lYvFhkfI<\/a><\/p>&mdash; Manuel Lopez San Martin (@MLopezSanMartin) <a href=\"https:\/\/twitter.com\/MLopezSanMartin\/status\/1833697274506928300?ref_src=twsrc%5Etfw\">September 11, 2024<\/a><\/blockquote><script async src=\"https:\/\/platform.twitter.com\/widgets.js\" charset=\"utf-8\"><\/script>\n<\/div><\/figure>\n\n\n\n<p>Luego de haber solicitado licencia&nbsp;al mediod\u00eda de este martes, reconoci\u00f3: &#8220;S\u00e9 que la reforma no es la mejor, pero en las leyes secundarias tendremos la oportunidad de&nbsp;<strong>perfeccionarlas<\/strong>&nbsp;e instrumentarlas&#8221;.<\/p>\n\n\n\n<p>En medio de gritos de \u201c\u00a1traidor! \u00a1Judas! \u00a1vende patrias!\u201d, por parte&nbsp;de senadores de la&nbsp;<strong>oposici\u00f3n \u2014<\/strong>principalmente de su bancada\u2014, consider\u00f3 que \u201cnada justifica el enfrentamiento y la polarizaci\u00f3n\u201d.<\/p>\n\n\n\n<p>&#8220;En la decisi\u00f3n m\u00e1s dif\u00edcil de mi vida, he determinado dar mi&nbsp;voto a favor del dictamen para crear un nuevo modelo de impartici\u00f3n de justicia&#8221;, dijo el legislador durante la sesi\u00f3n ordinaria que se lleva a cabo en la casona de Xicot\u00e9ncatl.<\/p>\n\n\n\n<figure class=\"wp-block-embed is-type-rich is-provider-twitter wp-block-embed-twitter\"><div class=\"wp-block-embed__wrapper\">\n<blockquote class=\"twitter-tweet\" data-width=\"550\" data-dnt=\"true\"><p lang=\"es\" dir=\"ltr\">\ud83d\udea8 CONFIRMADO <br> <br>Miguel \u00c1ngel Yunes M\u00e1rquez votar\u00e1 a favor de la <a href=\"https:\/\/twitter.com\/hashtag\/ReformaAlPoderJudicial?src=hash&amp;ref_src=twsrc%5Etfw\">#ReformaAlPoderJudicial<\/a> de AMLO <a href=\"https:\/\/t.co\/3aYtjorwI9\">pic.twitter.com\/3aYtjorwI9<\/a><\/p>&mdash; Manuel Lopez San Martin (@MLopezSanMartin) <a href=\"https:\/\/twitter.com\/MLopezSanMartin\/status\/1833699075725938792?ref_src=twsrc%5Etfw\">September 11, 2024<\/a><\/blockquote><script async src=\"https:\/\/platform.twitter.com\/widgets.js\" charset=\"utf-8\"><\/script>\n<\/div><\/figure>\n\n\n\n<p>\u201cDejemos atr\u00e1s la falta de&nbsp;<strong>di\u00e1logo<\/strong>&nbsp;para que construyamos una nueva y mejor realidad\u201d, agreg\u00f3.<\/p>\n\n\n\n<p>Yunes M\u00e1rquez afirm\u00f3 que no es \u201cni cobarde ni traidor. Sal\u00ed del hospital para venir a dar las razones de mi voto y para&nbsp;responder a quienes, en los \u00faltimos d\u00edas y tambi\u00e9n en esta sesi\u00f3n, me han agredido\u201d.&nbsp;<\/p>\n\n\n\n<p>\u201cHe sido objeto de un linchamiento p\u00fablico como creo que pocas veces alguien lo ha sufrido, queriendo hacerme responsable del destino de M\u00e9xico, como si en mis manos realmente estuviera\u201d, expres\u00f3.&nbsp;<\/p>\n\n\n\n<p>Desde las curules del PAN, brotaron nuevamente los gritos de \u201c\u00a1Judas!\u201d \u201c\u00a1Traidor!\u201d, mientras Yunes M\u00e1rquez aclar\u00f3 que el destino de M\u00e9xico \u201cno est\u00e1 en sus manos\u201d.&nbsp;<\/p>\n\n\n\n<p>\u201cMe duele la agresi\u00f3n injusta, de donde venga, pero me ha lastimado la que se ha originado en mi propio partido\u201d, admiti\u00f3.&nbsp;<\/p>\n\n\n\n<p>El a\u00fan senador panista Yunes M\u00e1rquez record\u00f3 que \u00e9l se form\u00f3 pol\u00edticamente s\u00f3lo en el PAN y \u201csiempre escuch\u00e9 que lo m\u00e1s importante en la vida es defender la libertad, la dignidad y vivir en congruencia con nuestros principios\u201d.<\/p>\n\n\n\n<p>&nbsp;\u201cPor eso no puedo aceptar que se me quiera imponer el sentido de mi voto en ning\u00fan caso, nunca hab\u00eda visto en el PAN un intento de imposici\u00f3n y de sojuzgamiento tan burdo\u201d, asegur\u00f3.&nbsp;<\/p>\n\n\n\n<p>El legislador del blanquiazul dijo que con base \u201cen amenazas y agresiones han querido obligarme a que me pronuncie en contra de una reforma sin analizarla\u201d.&nbsp;<\/p>\n\n\n\n<p>\u201cSimplemente porque se decidi\u00f3 ir en contra de la mayor\u00eda que representa la mayor\u00eda de los mexicanos, nos guste o no\u201d, subray\u00f3.<\/p>\n","protected":false},"excerpt":{"rendered":"<p>Por Redacci\u00f3n QP El panista Yunes M\u00e1rquez sube a tribuna en el Senado para dejar&#8230;<\/p>\n","protected":false},"author":2,"featured_media":112438,"comment_status":"open","ping_status":"open","sticky":false,"template":"","format":"standard","meta":{"_monsterinsights_skip_tracking":false,"_monsterinsights_sitenote_active":false,"_monsterinsights_sitenote_note":"","_monsterinsights_sitenote_category":0,"footnotes":""},"categories":[2],"tags":[],"class_list":["post-112437","post","type-post","status-publish","format-standard","has-post-thumbnail","hentry","category-noticias"],"yoast_head":"<!-- This site is optimized with the Yoast SEO plugin v27.3 - https:\/\/yoast.com\/product\/yoast-seo-wordpress\/ -->\n<title>Miguel \u00c1ngel Yunes M\u00e1rquez votar\u00e1 a favor de la #ReformaAlPoderJudicial de AMLO ser\u00e1 el voto 86 -<\/title>\n<meta name=\"robots\" content=\"index, follow, max-snippet:-1, max-image-preview:large, max-video-preview:-1\" \/>\n<link rel=\"canonical\" href=\"https:\/\/quehacerpolitico.mx\/?p=112437\" \/>\n<meta property=\"og:locale\" content=\"es_MX\" \/>\n<meta property=\"og:type\" content=\"article\" \/>\n<meta property=\"og:title\" content=\"Miguel \u00c1ngel Yunes M\u00e1rquez votar\u00e1 a favor de la #ReformaAlPoderJudicial de AMLO ser\u00e1 el voto 86 -\" \/>\n<meta property=\"og:description\" content=\"Por Redacci\u00f3n QP El panista Yunes M\u00e1rquez sube a tribuna en el Senado para dejar...\" \/>\n<meta property=\"og:url\" content=\"https:\/\/quehacerpolitico.mx\/?p=112437\" \/>\n<meta property=\"article:published_time\" content=\"2024-09-11T03:36:42+00:00\" \/>\n<meta property=\"article:modified_time\" content=\"2024-09-11T03:36:44+00:00\" \/>\n<meta property=\"og:image\" content=\"https:\/\/quehacerpolitico.mx\/wp-content\/uploads\/2024\/09\/IMG_7975.jpeg\" \/>\n\t<meta property=\"og:image:width\" content=\"1284\" \/>\n\t<meta property=\"og:image:height\" content=\"740\" \/>\n\t<meta property=\"og:image:type\" content=\"image\/jpeg\" \/>\n<meta name=\"author\" content=\"Redacci\u00f3n QP\" \/>\n<meta name=\"twitter:card\" content=\"summary_large_image\" \/>\n<meta name=\"twitter:label1\" content=\"Escrito por\" \/>\n\t<meta name=\"twitter:data1\" content=\"Redacci\u00f3n QP\" \/>\n\t<meta name=\"twitter:label2\" content=\"Tiempo de lectura\" \/>\n\t<meta name=\"twitter:data2\" content=\"3 minutos\" \/>\n<script type=\"application\/ld+json\" class=\"yoast-schema-graph\">{\"@context\":\"https:\\\/\\\/schema.org\",\"@graph\":[{\"@type\":\"Article\",\"@id\":\"https:\\\/\\\/quehacerpolitico.mx\\\/?p=112437#article\",\"isPartOf\":{\"@id\":\"https:\\\/\\\/quehacerpolitico.mx\\\/?p=112437\"},\"author\":{\"name\":\"Redacci\u00f3n QP\",\"@id\":\"https:\\\/\\\/quehacerpolitico.mx\\\/#\\\/schema\\\/person\\\/496d8ad2d1d3f8036101dca7ee39e585\"},\"headline\":\"Miguel \u00c1ngel Yunes M\u00e1rquez votar\u00e1 a favor de la #ReformaAlPoderJudicial de AMLO ser\u00e1 el voto 86\",\"datePublished\":\"2024-09-11T03:36:42+00:00\",\"dateModified\":\"2024-09-11T03:36:44+00:00\",\"mainEntityOfPage\":{\"@id\":\"https:\\\/\\\/quehacerpolitico.mx\\\/?p=112437\"},\"wordCount\":549,\"commentCount\":0,\"image\":{\"@id\":\"https:\\\/\\\/quehacerpolitico.mx\\\/?p=112437#primaryimage\"},\"thumbnailUrl\":\"https:\\\/\\\/quehacerpolitico.mx\\\/wp-content\\\/uploads\\\/2024\\\/09\\\/IMG_7975.jpeg\",\"articleSection\":[\"Noticias\"],\"inLanguage\":\"es\",\"potentialAction\":[{\"@type\":\"CommentAction\",\"name\":\"Comment\",\"target\":[\"https:\\\/\\\/quehacerpolitico.mx\\\/?p=112437#respond\"]}]},{\"@type\":\"WebPage\",\"@id\":\"https:\\\/\\\/quehacerpolitico.mx\\\/?p=112437\",\"url\":\"https:\\\/\\\/quehacerpolitico.mx\\\/?p=112437\",\"name\":\"Miguel \u00c1ngel Yunes M\u00e1rquez votar\u00e1 a favor de la #ReformaAlPoderJudicial de AMLO ser\u00e1 el voto 86 -\",\"isPartOf\":{\"@id\":\"https:\\\/\\\/quehacerpolitico.mx\\\/#website\"},\"primaryImageOfPage\":{\"@id\":\"https:\\\/\\\/quehacerpolitico.mx\\\/?p=112437#primaryimage\"},\"image\":{\"@id\":\"https:\\\/\\\/quehacerpolitico.mx\\\/?p=112437#primaryimage\"},\"thumbnailUrl\":\"https:\\\/\\\/quehacerpolitico.mx\\\/wp-content\\\/uploads\\\/2024\\\/09\\\/IMG_7975.jpeg\",\"datePublished\":\"2024-09-11T03:36:42+00:00\",\"dateModified\":\"2024-09-11T03:36:44+00:00\",\"author\":{\"@id\":\"https:\\\/\\\/quehacerpolitico.mx\\\/#\\\/schema\\\/person\\\/496d8ad2d1d3f8036101dca7ee39e585\"},\"breadcrumb\":{\"@id\":\"https:\\\/\\\/quehacerpolitico.mx\\\/?p=112437#breadcrumb\"},\"inLanguage\":\"es\",\"potentialAction\":[{\"@type\":\"ReadAction\",\"target\":[\"https:\\\/\\\/quehacerpolitico.mx\\\/?p=112437\"]}]},{\"@type\":\"ImageObject\",\"inLanguage\":\"es\",\"@id\":\"https:\\\/\\\/quehacerpolitico.mx\\\/?p=112437#primaryimage\",\"url\":\"https:\\\/\\\/quehacerpolitico.mx\\\/wp-content\\\/uploads\\\/2024\\\/09\\\/IMG_7975.jpeg\",\"contentUrl\":\"https:\\\/\\\/quehacerpolitico.mx\\\/wp-content\\\/uploads\\\/2024\\\/09\\\/IMG_7975.jpeg\",\"width\":1284,\"height\":740,\"caption\":\"Screenshot\"},{\"@type\":\"BreadcrumbList\",\"@id\":\"https:\\\/\\\/quehacerpolitico.mx\\\/?p=112437#breadcrumb\",\"itemListElement\":[{\"@type\":\"ListItem\",\"position\":1,\"name\":\"Inicio\",\"item\":\"https:\\\/\\\/quehacerpolitico.mx\\\/\"},{\"@type\":\"ListItem\",\"position\":2,\"name\":\"Miguel \u00c1ngel Yunes M\u00e1rquez votar\u00e1 a favor de la #ReformaAlPoderJudicial de AMLO ser\u00e1 el voto 86\"}]},{\"@type\":\"WebSite\",\"@id\":\"https:\\\/\\\/quehacerpolitico.mx\\\/#website\",\"url\":\"https:\\\/\\\/quehacerpolitico.mx\\\/\",\"name\":\"\",\"description\":\"\",\"potentialAction\":[{\"@type\":\"SearchAction\",\"target\":{\"@type\":\"EntryPoint\",\"urlTemplate\":\"https:\\\/\\\/quehacerpolitico.mx\\\/?s={search_term_string}\"},\"query-input\":{\"@type\":\"PropertyValueSpecification\",\"valueRequired\":true,\"valueName\":\"search_term_string\"}}],\"inLanguage\":\"es\"},{\"@type\":\"Person\",\"@id\":\"https:\\\/\\\/quehacerpolitico.mx\\\/#\\\/schema\\\/person\\\/496d8ad2d1d3f8036101dca7ee39e585\",\"name\":\"Redacci\u00f3n QP\",\"image\":{\"@type\":\"ImageObject\",\"inLanguage\":\"es\",\"@id\":\"https:\\\/\\\/secure.gravatar.com\\\/avatar\\\/c7164ed6fdec453195284ad24a5ae5b6e1eed2b848477fa2a4787ba9adf39a41?s=96&d=mm&r=g\",\"url\":\"https:\\\/\\\/secure.gravatar.com\\\/avatar\\\/c7164ed6fdec453195284ad24a5ae5b6e1eed2b848477fa2a4787ba9adf39a41?s=96&d=mm&r=g\",\"contentUrl\":\"https:\\\/\\\/secure.gravatar.com\\\/avatar\\\/c7164ed6fdec453195284ad24a5ae5b6e1eed2b848477fa2a4787ba9adf39a41?s=96&d=mm&r=g\",\"caption\":\"Redacci\u00f3n QP\"},\"url\":\"https:\\\/\\\/quehacerpolitico.mx\\\/?author=2\"}]}<\/script>\n<!-- \/ Yoast SEO plugin. -->","yoast_head_json":{"title":"Miguel \u00c1ngel Yunes M\u00e1rquez votar\u00e1 a favor de la #ReformaAlPoderJudicial de AMLO ser\u00e1 el voto 86 -","robots":{"index":"index","follow":"follow","max-snippet":"max-snippet:-1","max-image-preview":"max-image-preview:large","max-video-preview":"max-video-preview:-1"},"canonical":"https:\/\/quehacerpolitico.mx\/?p=112437","og_locale":"es_MX","og_type":"article","og_title":"Miguel \u00c1ngel Yunes M\u00e1rquez votar\u00e1 a favor de la #ReformaAlPoderJudicial de AMLO ser\u00e1 el voto 86 -","og_description":"Por Redacci\u00f3n QP El panista Yunes M\u00e1rquez sube a tribuna en el Senado para dejar...","og_url":"https:\/\/quehacerpolitico.mx\/?p=112437","article_published_time":"2024-09-11T03:36:42+00:00","article_modified_time":"2024-09-11T03:36:44+00:00","og_image":[{"width":1284,"height":740,"url":"https:\/\/quehacerpolitico.mx\/wp-content\/uploads\/2024\/09\/IMG_7975.jpeg","type":"image\/jpeg"}],"author":"Redacci\u00f3n QP","twitter_card":"summary_large_image","twitter_misc":{"Escrito por":"Redacci\u00f3n QP","Tiempo de lectura":"3 minutos"},"schema":{"@context":"https:\/\/schema.org","@graph":[{"@type":"Article","@id":"https:\/\/quehacerpolitico.mx\/?p=112437#article","isPartOf":{"@id":"https:\/\/quehacerpolitico.mx\/?p=112437"},"author":{"name":"Redacci\u00f3n QP","@id":"https:\/\/quehacerpolitico.mx\/#\/schema\/person\/496d8ad2d1d3f8036101dca7ee39e585"},"headline":"Miguel \u00c1ngel Yunes M\u00e1rquez votar\u00e1 a favor de la #ReformaAlPoderJudicial de AMLO ser\u00e1 el voto 86","datePublished":"2024-09-11T03:36:42+00:00","dateModified":"2024-09-11T03:36:44+00:00","mainEntityOfPage":{"@id":"https:\/\/quehacerpolitico.mx\/?p=112437"},"wordCount":549,"commentCount":0,"image":{"@id":"https:\/\/quehacerpolitico.mx\/?p=112437#primaryimage"},"thumbnailUrl":"https:\/\/quehacerpolitico.mx\/wp-content\/uploads\/2024\/09\/IMG_7975.jpeg","articleSection":["Noticias"],"inLanguage":"es","potentialAction":[{"@type":"CommentAction","name":"Comment","target":["https:\/\/quehacerpolitico.mx\/?p=112437#respond"]}]},{"@type":"WebPage","@id":"https:\/\/quehacerpolitico.mx\/?p=112437","url":"https:\/\/quehacerpolitico.mx\/?p=112437","name":"Miguel \u00c1ngel Yunes M\u00e1rquez votar\u00e1 a favor de la #ReformaAlPoderJudicial de AMLO ser\u00e1 el voto 86 -","isPartOf":{"@id":"https:\/\/quehacerpolitico.mx\/#website"},"primaryImageOfPage":{"@id":"https:\/\/quehacerpolitico.mx\/?p=112437#primaryimage"},"image":{"@id":"https:\/\/quehacerpolitico.mx\/?p=112437#primaryimage"},"thumbnailUrl":"https:\/\/quehacerpolitico.mx\/wp-content\/uploads\/2024\/09\/IMG_7975.jpeg","datePublished":"2024-09-11T03:36:42+00:00","dateModified":"2024-09-11T03:36:44+00:00","author":{"@id":"https:\/\/quehacerpolitico.mx\/#\/schema\/person\/496d8ad2d1d3f8036101dca7ee39e585"},"breadcrumb":{"@id":"https:\/\/quehacerpolitico.mx\/?p=112437#breadcrumb"},"inLanguage":"es","potentialAction":[{"@type":"ReadAction","target":["https:\/\/quehacerpolitico.mx\/?p=112437"]}]},{"@type":"ImageObject","inLanguage":"es","@id":"https:\/\/quehacerpolitico.mx\/?p=112437#primaryimage","url":"https:\/\/quehacerpolitico.mx\/wp-content\/uploads\/2024\/09\/IMG_7975.jpeg","contentUrl":"https:\/\/quehacerpolitico.mx\/wp-content\/uploads\/2024\/09\/IMG_7975.jpeg","width":1284,"height":740,"caption":"Screenshot"},{"@type":"BreadcrumbList","@id":"https:\/\/quehacerpolitico.mx\/?p=112437#breadcrumb","itemListElement":[{"@type":"ListItem","position":1,"name":"Inicio","item":"https:\/\/quehacerpolitico.mx\/"},{"@type":"ListItem","position":2,"name":"Miguel \u00c1ngel Yunes M\u00e1rquez votar\u00e1 a favor de la #ReformaAlPoderJudicial de AMLO ser\u00e1 el voto 86"}]},{"@type":"WebSite","@id":"https:\/\/quehacerpolitico.mx\/#website","url":"https:\/\/quehacerpolitico.mx\/","name":"","description":"","potentialAction":[{"@type":"SearchAction","target":{"@type":"EntryPoint","urlTemplate":"https:\/\/quehacerpolitico.mx\/?s={search_term_string}"},"query-input":{"@type":"PropertyValueSpecification","valueRequired":true,"valueName":"search_term_string"}}],"inLanguage":"es"},{"@type":"Person","@id":"https:\/\/quehacerpolitico.mx\/#\/schema\/person\/496d8ad2d1d3f8036101dca7ee39e585","name":"Redacci\u00f3n QP","image":{"@type":"ImageObject","inLanguage":"es","@id":"https:\/\/secure.gravatar.com\/avatar\/c7164ed6fdec453195284ad24a5ae5b6e1eed2b848477fa2a4787ba9adf39a41?s=96&d=mm&r=g","url":"https:\/\/secure.gravatar.com\/avatar\/c7164ed6fdec453195284ad24a5ae5b6e1eed2b848477fa2a4787ba9adf39a41?s=96&d=mm&r=g","contentUrl":"https:\/\/secure.gravatar.com\/avatar\/c7164ed6fdec453195284ad24a5ae5b6e1eed2b848477fa2a4787ba9adf39a41?s=96&d=mm&r=g","caption":"Redacci\u00f3n QP"},"url":"https:\/\/quehacerpolitico.mx\/?author=2"}]}},"featured_image_urls":{"full":["https:\/\/quehacerpolitico.mx\/wp-content\/uploads\/2024\/09\/IMG_7975.jpeg",1284,740,false],"thumbnail":["https:\/\/quehacerpolitico.mx\/wp-content\/uploads\/2024\/09\/IMG_7975-150x150.jpeg",150,150,true],"medium":["https:\/\/quehacerpolitico.mx\/wp-content\/uploads\/2024\/09\/IMG_7975-300x173.jpeg",300,173,true],"medium_large":["https:\/\/quehacerpolitico.mx\/wp-content\/uploads\/2024\/09\/IMG_7975-768x443.jpeg",640,369,true],"large":["https:\/\/quehacerpolitico.mx\/wp-content\/uploads\/2024\/09\/IMG_7975-1024x590.jpeg",640,369,true],"1536x1536":["https:\/\/quehacerpolitico.mx\/wp-content\/uploads\/2024\/09\/IMG_7975.jpeg",1284,740,false],"2048x2048":["https:\/\/quehacerpolitico.mx\/wp-content\/uploads\/2024\/09\/IMG_7975.jpeg",1284,740,false],"covernews-featured":["https:\/\/quehacerpolitico.mx\/wp-content\/uploads\/2024\/09\/IMG_7975.jpeg",1024,590,false],"covernews-medium":["https:\/\/quehacerpolitico.mx\/wp-content\/uploads\/2024\/09\/IMG_7975.jpeg",540,311,false]},"author_info":{"display_name":"Redacci\u00f3n QP","author_link":"https:\/\/quehacerpolitico.mx\/?author=2"},"category_info":"<a href=\"https:\/\/quehacerpolitico.mx\/?cat=2\" rel=\"category\">Noticias<\/a>","tag_info":"Noticias","comment_count":"0","_links":{"self":[{"href":"https:\/\/quehacerpolitico.mx\/index.php?rest_route=\/wp\/v2\/posts\/112437","targetHints":{"allow":["GET"]}}],"collection":[{"href":"https:\/\/quehacerpolitico.mx\/index.php?rest_route=\/wp\/v2\/posts"}],"about":[{"href":"https:\/\/quehacerpolitico.mx\/index.php?rest_route=\/wp\/v2\/types\/post"}],"author":[{"embeddable":true,"href":"https:\/\/quehacerpolitico.mx\/index.php?rest_route=\/wp\/v2\/users\/2"}],"replies":[{"embeddable":true,"href":"https:\/\/quehacerpolitico.mx\/index.php?rest_route=%2Fwp%2Fv2%2Fcomments&post=112437"}],"version-history":[{"count":1,"href":"https:\/\/quehacerpolitico.mx\/index.php?rest_route=\/wp\/v2\/posts\/112437\/revisions"}],"predecessor-version":[{"id":112439,"href":"https:\/\/quehacerpolitico.mx\/index.php?rest_route=\/wp\/v2\/posts\/112437\/revisions\/112439"}],"wp:featuredmedia":[{"embeddable":true,"href":"https:\/\/quehacerpolitico.mx\/index.php?rest_route=\/wp\/v2\/media\/112438"}],"wp:attachment":[{"href":"https:\/\/quehacerpolitico.mx\/index.php?rest_route=%2Fwp%2Fv2%2Fmedia&parent=112437"}],"wp:term":[{"taxonomy":"category","embeddable":true,"href":"https:\/\/quehacerpolitico.mx\/index.php?rest_route=%2Fwp%2Fv2%2Fcategories&post=112437"},{"taxonomy":"post_tag","embeddable":true,"href":"https:\/\/quehacerpolitico.mx\/index.php?rest_route=%2Fwp%2Fv2%2Ftags&post=112437"}],"curies":[{"name":"wp","href":"https:\/\/api.w.org\/{rel}","templated":true}]}}