{"id":11243,"date":"2018-12-08T04:24:20","date_gmt":"2018-12-08T04:24:20","guid":{"rendered":"http:\/\/quehacerpolitico.mx\/el-fiscal-de-veracruz-jorge-winckler-promueve-amparo-para-evitar-posible-remocion-del-cargo\/"},"modified":"2018-12-08T04:24:20","modified_gmt":"2018-12-08T04:24:20","slug":"el-fiscal-de-veracruz-jorge-winckler-promueve-amparo-para-evitar-posible-remocion-del-cargo","status":"publish","type":"post","link":"https:\/\/quehacerpolitico.mx\/?p=11243","title":{"rendered":"El Fiscal de Veracruz, Jorge Winckler, promueve amparo para evitar posible remoci\u00f3n del cargo"},"content":{"rendered":"<h1>El Fiscal de Veracruz, Jorge Winckler, promueve amparo para evitar posible remoci\u00f3n del cargo<\/h1>\n<p>Por Redacci\u00f3n QP<\/p>\n<p>El <strong>Fiscal de Veracruz<\/strong>, <strong>Jorge Winckler<\/strong>, busca <strong>ampararse<\/strong> ante una posible remoci\u00f3n del cargo, como est\u00e1n impulsando los diputados de Morena en el Congreso de Veracruz.<\/p>\n<p>Jorge Reyes Peralta, presidente del Colegio Nacional de Abogados Penalistas A.C., difundi\u00f3 a trav\u00e9s de Twitter los documentos del amparo promovido por Winckler ante el Juzgado Decimoquinto de Distrito en Veracruz.<\/p>\n<p>\u201cSe desespera el @FGE_Veracruz @AbogadoWinckler y promueve amparo en el Juzgado Decimoquinto de Distrito en el Estado de Veracruz adem\u00e1s pide \u201csuspensi\u00f3n\u201d !!! (sic.)\u201d, escribi\u00f3 el penalista.<\/p>\n<blockquote class=\"twitter-tweet\" data-width=\"550\" data-dnt=\"true\">\n<p lang=\"es\" dir=\"ltr\">Se desespera el <a href=\"https:\/\/twitter.com\/FGE_Veracruz?ref_src=twsrc%5Etfw\">@FGE_Veracruz<\/a> <a href=\"https:\/\/twitter.com\/AbogadoWinckler?ref_src=twsrc%5Etfw\">@AbogadoWinckler<\/a> y promueve amparo en el Juzgado Decimoquinto de Distrito en el Estado de Veracruz adem\u00e1s pide \u201csuspensi\u00f3n\u201d !!! <a href=\"https:\/\/t.co\/D3fWwvrA8v\">pic.twitter.com\/D3fWwvrA8v<\/a><\/p>\n<p>&mdash; Jorge Reyes Peralta (@JReyesPeralta) <a href=\"https:\/\/twitter.com\/JReyesPeralta\/status\/1071149570988498945?ref_src=twsrc%5Etfw\">December 7, 2018<\/a><\/p><\/blockquote>\n<p><script async src=\"https:\/\/platform.twitter.com\/widgets.js\" charset=\"utf-8\"><\/script><\/p>\n<p>Reyes Peralta consider\u00f3 que con el amparo, el Fiscal veracruzano \u201creta\u201d a los legisladores locales.<\/p>\n<blockquote class=\"twitter-tweet\" data-width=\"550\" data-dnt=\"true\">\n<p lang=\"es\" dir=\"ltr\">el <a href=\"https:\/\/twitter.com\/FGE_Veracruz?ref_src=twsrc%5Etfw\">@FGE_Veracruz<\/a> <a href=\"https:\/\/twitter.com\/AbogadoWinckler?ref_src=twsrc%5Etfw\">@AbogadoWinckler<\/a> reta a los Diputados al <a href=\"https:\/\/twitter.com\/legisver?ref_src=twsrc%5Etfw\">@LegisVer<\/a> y promueve amparo en el Juzgado D\u00e9cimoquinto de Distrito en el Estado de Veracruz esperemos el acuerdo ya que pide \u201csuspensi\u00f3n de los actos que reclama\u201d <a href=\"https:\/\/twitter.com\/SCJN?ref_src=twsrc%5Etfw\">@SCJN<\/a> <a href=\"https:\/\/twitter.com\/CJF_Mx?ref_src=twsrc%5Etfw\">@CJF_Mx<\/a> <a href=\"https:\/\/t.co\/IZhSVZPFCK\">pic.twitter.com\/IZhSVZPFCK<\/a><\/p>\n<p>&mdash; Jorge Reyes Peralta (@JReyesPeralta) <a href=\"https:\/\/twitter.com\/JReyesPeralta\/status\/1071150716465475585?ref_src=twsrc%5Etfw\">December 7, 2018<\/a><\/p><\/blockquote>\n<p><script async src=\"https:\/\/platform.twitter.com\/widgets.js\" charset=\"utf-8\"><\/script><\/p>\n<p>En el Congreso local aval\u00f3 una reforma al art\u00edculo 33 de la Constituci\u00f3n veracruzana para poder remover al Fiscal del cargo con la votaci\u00f3n de las dos terceras partes. La ley establece que el Fiscal debe permanecer en el cargo por nueve a\u00f1os.<\/p>\n<p>Ayer, el Fiscal Jorge Winckler acus\u00f3 al Gobernador de la entidad, Cuitl\u00e1huac Garc\u00eda, de abrirle las puertas del penal a los Duartistas que saquearon a la entidad y son probables responsables de la desaparici\u00f3n forzada de personas.<\/p>\n<p>Sus declaraciones se dieron luego de que el mi\u00e9rcoles el ex Secretario de Seguridad P\u00fablica de Javier Duarte, Arturo Berm\u00fadez Zurita, fue liberado de la prisi\u00f3n de Pancho Viejo tras obtener un amparo para seguir su proceso en libertad. Berm\u00fadez est\u00e1 siendo investigado por el delito de desaparici\u00f3n forzada y otros.<\/p>\n<p>Hoy, en entrevista con SinEmbargo, el Gobernador veracruzano dijo que Miguel \u00c1ngel Yunes Linares, ex mandatario de la entidad, y el Fiscal, planearon las liberaciones de los ex funcionarios de Duarte despu\u00e9s del 1 de diciembre para culparlo a \u00e9l.<\/p>\n<p>\u201cYo no soy corrupto y no hay pruebas. De ellos s\u00ed hay pruebas, est\u00e1 ese audio y est\u00e1 aquella entrega de la casa a Miguel \u00c1ngel Yunes que \u00e9l anunci\u00f3. Ellos son los mentirosos: \u00bfqu\u00e9 autoridad moral, legal, puede tener un Fiscal que le dice al Gobernador Miguel \u00c1ngel Yunes que el asesino de la hija de la Diputada [Carmen Medel] se encontraba ya muerto y a los tres d\u00edas aparece muerto otro que dicen que era el Richy? Ese es el Fiscal y Yunes: que digan qui\u00e9n miente\u201d, dijo el Gobernador.<\/p>\n","protected":false},"excerpt":{"rendered":"<p>El Fiscal de Veracruz, Jorge Winckler, promueve amparo para evitar posible remoci\u00f3n del cargo<br \/>\nPor Redacci\u00f3n QP<\/p>\n","protected":false},"author":2,"featured_media":11242,"comment_status":"open","ping_status":"open","sticky":false,"template":"","format":"standard","meta":{"_monsterinsights_skip_tracking":false,"_monsterinsights_sitenote_active":false,"_monsterinsights_sitenote_note":"","_monsterinsights_sitenote_category":0,"footnotes":""},"categories":[2],"tags":[],"class_list":["post-11243","post","type-post","status-publish","format-standard","has-post-thumbnail","hentry","category-noticias"],"yoast_head":"<!-- This site is optimized with the Yoast SEO plugin v27.3 - https:\/\/yoast.com\/product\/yoast-seo-wordpress\/ -->\n<title>El Fiscal de Veracruz, Jorge Winckler, promueve amparo para evitar posible remoci\u00f3n del cargo -<\/title>\n<meta name=\"robots\" content=\"index, follow, max-snippet:-1, max-image-preview:large, max-video-preview:-1\" \/>\n<link rel=\"canonical\" href=\"https:\/\/quehacerpolitico.mx\/?p=11243\" \/>\n<meta property=\"og:locale\" content=\"es_MX\" \/>\n<meta property=\"og:type\" content=\"article\" \/>\n<meta property=\"og:title\" content=\"El Fiscal de Veracruz, Jorge Winckler, promueve amparo para evitar posible remoci\u00f3n del cargo -\" \/>\n<meta property=\"og:description\" content=\"El Fiscal de Veracruz, Jorge Winckler, promueve amparo para evitar posible remoci\u00f3n del cargo Por Redacci\u00f3n QP\" \/>\n<meta property=\"og:url\" content=\"https:\/\/quehacerpolitico.mx\/?p=11243\" \/>\n<meta property=\"article:published_time\" content=\"2018-12-08T04:24:20+00:00\" \/>\n<meta name=\"author\" content=\"Redacci\u00f3n QP\" \/>\n<meta name=\"twitter:card\" content=\"summary_large_image\" \/>\n<meta name=\"twitter:label1\" content=\"Escrito por\" \/>\n\t<meta name=\"twitter:data1\" content=\"Redacci\u00f3n QP\" \/>\n\t<meta name=\"twitter:label2\" content=\"Tiempo de lectura\" \/>\n\t<meta name=\"twitter:data2\" content=\"2 minutos\" \/>\n<script type=\"application\/ld+json\" class=\"yoast-schema-graph\">{\"@context\":\"https:\\\/\\\/schema.org\",\"@graph\":[{\"@type\":\"Article\",\"@id\":\"https:\\\/\\\/quehacerpolitico.mx\\\/?p=11243#article\",\"isPartOf\":{\"@id\":\"https:\\\/\\\/quehacerpolitico.mx\\\/?p=11243\"},\"author\":{\"name\":\"Redacci\u00f3n QP\",\"@id\":\"https:\\\/\\\/quehacerpolitico.mx\\\/#\\\/schema\\\/person\\\/496d8ad2d1d3f8036101dca7ee39e585\"},\"headline\":\"El Fiscal de Veracruz, Jorge Winckler, promueve amparo para evitar posible remoci\u00f3n del cargo\",\"datePublished\":\"2018-12-08T04:24:20+00:00\",\"mainEntityOfPage\":{\"@id\":\"https:\\\/\\\/quehacerpolitico.mx\\\/?p=11243\"},\"wordCount\":428,\"commentCount\":0,\"image\":{\"@id\":\"https:\\\/\\\/quehacerpolitico.mx\\\/?p=11243#primaryimage\"},\"thumbnailUrl\":\"\",\"articleSection\":[\"Noticias\"],\"inLanguage\":\"es\",\"potentialAction\":[{\"@type\":\"CommentAction\",\"name\":\"Comment\",\"target\":[\"https:\\\/\\\/quehacerpolitico.mx\\\/?p=11243#respond\"]}]},{\"@type\":\"WebPage\",\"@id\":\"https:\\\/\\\/quehacerpolitico.mx\\\/?p=11243\",\"url\":\"https:\\\/\\\/quehacerpolitico.mx\\\/?p=11243\",\"name\":\"El Fiscal de Veracruz, Jorge Winckler, promueve amparo para evitar posible remoci\u00f3n del cargo -\",\"isPartOf\":{\"@id\":\"https:\\\/\\\/quehacerpolitico.mx\\\/#website\"},\"primaryImageOfPage\":{\"@id\":\"https:\\\/\\\/quehacerpolitico.mx\\\/?p=11243#primaryimage\"},\"image\":{\"@id\":\"https:\\\/\\\/quehacerpolitico.mx\\\/?p=11243#primaryimage\"},\"thumbnailUrl\":\"\",\"datePublished\":\"2018-12-08T04:24:20+00:00\",\"author\":{\"@id\":\"https:\\\/\\\/quehacerpolitico.mx\\\/#\\\/schema\\\/person\\\/496d8ad2d1d3f8036101dca7ee39e585\"},\"breadcrumb\":{\"@id\":\"https:\\\/\\\/quehacerpolitico.mx\\\/?p=11243#breadcrumb\"},\"inLanguage\":\"es\",\"potentialAction\":[{\"@type\":\"ReadAction\",\"target\":[\"https:\\\/\\\/quehacerpolitico.mx\\\/?p=11243\"]}]},{\"@type\":\"ImageObject\",\"inLanguage\":\"es\",\"@id\":\"https:\\\/\\\/quehacerpolitico.mx\\\/?p=11243#primaryimage\",\"url\":\"\",\"contentUrl\":\"\"},{\"@type\":\"BreadcrumbList\",\"@id\":\"https:\\\/\\\/quehacerpolitico.mx\\\/?p=11243#breadcrumb\",\"itemListElement\":[{\"@type\":\"ListItem\",\"position\":1,\"name\":\"Inicio\",\"item\":\"https:\\\/\\\/quehacerpolitico.mx\\\/\"},{\"@type\":\"ListItem\",\"position\":2,\"name\":\"El Fiscal de Veracruz, Jorge Winckler, promueve amparo para evitar posible remoci\u00f3n del cargo\"}]},{\"@type\":\"WebSite\",\"@id\":\"https:\\\/\\\/quehacerpolitico.mx\\\/#website\",\"url\":\"https:\\\/\\\/quehacerpolitico.mx\\\/\",\"name\":\"\",\"description\":\"\",\"potentialAction\":[{\"@type\":\"SearchAction\",\"target\":{\"@type\":\"EntryPoint\",\"urlTemplate\":\"https:\\\/\\\/quehacerpolitico.mx\\\/?s={search_term_string}\"},\"query-input\":{\"@type\":\"PropertyValueSpecification\",\"valueRequired\":true,\"valueName\":\"search_term_string\"}}],\"inLanguage\":\"es\"},{\"@type\":\"Person\",\"@id\":\"https:\\\/\\\/quehacerpolitico.mx\\\/#\\\/schema\\\/person\\\/496d8ad2d1d3f8036101dca7ee39e585\",\"name\":\"Redacci\u00f3n QP\",\"image\":{\"@type\":\"ImageObject\",\"inLanguage\":\"es\",\"@id\":\"https:\\\/\\\/secure.gravatar.com\\\/avatar\\\/c7164ed6fdec453195284ad24a5ae5b6e1eed2b848477fa2a4787ba9adf39a41?s=96&d=mm&r=g\",\"url\":\"https:\\\/\\\/secure.gravatar.com\\\/avatar\\\/c7164ed6fdec453195284ad24a5ae5b6e1eed2b848477fa2a4787ba9adf39a41?s=96&d=mm&r=g\",\"contentUrl\":\"https:\\\/\\\/secure.gravatar.com\\\/avatar\\\/c7164ed6fdec453195284ad24a5ae5b6e1eed2b848477fa2a4787ba9adf39a41?s=96&d=mm&r=g\",\"caption\":\"Redacci\u00f3n QP\"},\"url\":\"https:\\\/\\\/quehacerpolitico.mx\\\/?author=2\"}]}<\/script>\n<!-- \/ Yoast SEO plugin. -->","yoast_head_json":{"title":"El Fiscal de Veracruz, Jorge Winckler, promueve amparo para evitar posible remoci\u00f3n del cargo -","robots":{"index":"index","follow":"follow","max-snippet":"max-snippet:-1","max-image-preview":"max-image-preview:large","max-video-preview":"max-video-preview:-1"},"canonical":"https:\/\/quehacerpolitico.mx\/?p=11243","og_locale":"es_MX","og_type":"article","og_title":"El Fiscal de Veracruz, Jorge Winckler, promueve amparo para evitar posible remoci\u00f3n del cargo -","og_description":"El Fiscal de Veracruz, Jorge Winckler, promueve amparo para evitar posible remoci\u00f3n del cargo Por Redacci\u00f3n QP","og_url":"https:\/\/quehacerpolitico.mx\/?p=11243","article_published_time":"2018-12-08T04:24:20+00:00","author":"Redacci\u00f3n QP","twitter_card":"summary_large_image","twitter_misc":{"Escrito por":"Redacci\u00f3n QP","Tiempo de lectura":"2 minutos"},"schema":{"@context":"https:\/\/schema.org","@graph":[{"@type":"Article","@id":"https:\/\/quehacerpolitico.mx\/?p=11243#article","isPartOf":{"@id":"https:\/\/quehacerpolitico.mx\/?p=11243"},"author":{"name":"Redacci\u00f3n QP","@id":"https:\/\/quehacerpolitico.mx\/#\/schema\/person\/496d8ad2d1d3f8036101dca7ee39e585"},"headline":"El Fiscal de Veracruz, Jorge Winckler, promueve amparo para evitar posible remoci\u00f3n del cargo","datePublished":"2018-12-08T04:24:20+00:00","mainEntityOfPage":{"@id":"https:\/\/quehacerpolitico.mx\/?p=11243"},"wordCount":428,"commentCount":0,"image":{"@id":"https:\/\/quehacerpolitico.mx\/?p=11243#primaryimage"},"thumbnailUrl":"","articleSection":["Noticias"],"inLanguage":"es","potentialAction":[{"@type":"CommentAction","name":"Comment","target":["https:\/\/quehacerpolitico.mx\/?p=11243#respond"]}]},{"@type":"WebPage","@id":"https:\/\/quehacerpolitico.mx\/?p=11243","url":"https:\/\/quehacerpolitico.mx\/?p=11243","name":"El Fiscal de Veracruz, Jorge Winckler, promueve amparo para evitar posible remoci\u00f3n del cargo -","isPartOf":{"@id":"https:\/\/quehacerpolitico.mx\/#website"},"primaryImageOfPage":{"@id":"https:\/\/quehacerpolitico.mx\/?p=11243#primaryimage"},"image":{"@id":"https:\/\/quehacerpolitico.mx\/?p=11243#primaryimage"},"thumbnailUrl":"","datePublished":"2018-12-08T04:24:20+00:00","author":{"@id":"https:\/\/quehacerpolitico.mx\/#\/schema\/person\/496d8ad2d1d3f8036101dca7ee39e585"},"breadcrumb":{"@id":"https:\/\/quehacerpolitico.mx\/?p=11243#breadcrumb"},"inLanguage":"es","potentialAction":[{"@type":"ReadAction","target":["https:\/\/quehacerpolitico.mx\/?p=11243"]}]},{"@type":"ImageObject","inLanguage":"es","@id":"https:\/\/quehacerpolitico.mx\/?p=11243#primaryimage","url":"","contentUrl":""},{"@type":"BreadcrumbList","@id":"https:\/\/quehacerpolitico.mx\/?p=11243#breadcrumb","itemListElement":[{"@type":"ListItem","position":1,"name":"Inicio","item":"https:\/\/quehacerpolitico.mx\/"},{"@type":"ListItem","position":2,"name":"El Fiscal de Veracruz, Jorge Winckler, promueve amparo para evitar posible remoci\u00f3n del cargo"}]},{"@type":"WebSite","@id":"https:\/\/quehacerpolitico.mx\/#website","url":"https:\/\/quehacerpolitico.mx\/","name":"","description":"","potentialAction":[{"@type":"SearchAction","target":{"@type":"EntryPoint","urlTemplate":"https:\/\/quehacerpolitico.mx\/?s={search_term_string}"},"query-input":{"@type":"PropertyValueSpecification","valueRequired":true,"valueName":"search_term_string"}}],"inLanguage":"es"},{"@type":"Person","@id":"https:\/\/quehacerpolitico.mx\/#\/schema\/person\/496d8ad2d1d3f8036101dca7ee39e585","name":"Redacci\u00f3n QP","image":{"@type":"ImageObject","inLanguage":"es","@id":"https:\/\/secure.gravatar.com\/avatar\/c7164ed6fdec453195284ad24a5ae5b6e1eed2b848477fa2a4787ba9adf39a41?s=96&d=mm&r=g","url":"https:\/\/secure.gravatar.com\/avatar\/c7164ed6fdec453195284ad24a5ae5b6e1eed2b848477fa2a4787ba9adf39a41?s=96&d=mm&r=g","contentUrl":"https:\/\/secure.gravatar.com\/avatar\/c7164ed6fdec453195284ad24a5ae5b6e1eed2b848477fa2a4787ba9adf39a41?s=96&d=mm&r=g","caption":"Redacci\u00f3n QP"},"url":"https:\/\/quehacerpolitico.mx\/?author=2"}]}},"featured_image_urls":{"full":"","thumbnail":"","medium":"","medium_large":"","large":"","1536x1536":"","2048x2048":"","covernews-featured":"","covernews-medium":""},"author_info":{"display_name":"Redacci\u00f3n QP","author_link":"https:\/\/quehacerpolitico.mx\/?author=2"},"category_info":"<a href=\"https:\/\/quehacerpolitico.mx\/?cat=2\" rel=\"category\">Noticias<\/a>","tag_info":"Noticias","comment_count":"0","_links":{"self":[{"href":"https:\/\/quehacerpolitico.mx\/index.php?rest_route=\/wp\/v2\/posts\/11243","targetHints":{"allow":["GET"]}}],"collection":[{"href":"https:\/\/quehacerpolitico.mx\/index.php?rest_route=\/wp\/v2\/posts"}],"about":[{"href":"https:\/\/quehacerpolitico.mx\/index.php?rest_route=\/wp\/v2\/types\/post"}],"author":[{"embeddable":true,"href":"https:\/\/quehacerpolitico.mx\/index.php?rest_route=\/wp\/v2\/users\/2"}],"replies":[{"embeddable":true,"href":"https:\/\/quehacerpolitico.mx\/index.php?rest_route=%2Fwp%2Fv2%2Fcomments&post=11243"}],"version-history":[{"count":0,"href":"https:\/\/quehacerpolitico.mx\/index.php?rest_route=\/wp\/v2\/posts\/11243\/revisions"}],"wp:featuredmedia":[{"embeddable":true,"href":"https:\/\/quehacerpolitico.mx\/index.php?rest_route=\/"}],"wp:attachment":[{"href":"https:\/\/quehacerpolitico.mx\/index.php?rest_route=%2Fwp%2Fv2%2Fmedia&parent=11243"}],"wp:term":[{"taxonomy":"category","embeddable":true,"href":"https:\/\/quehacerpolitico.mx\/index.php?rest_route=%2Fwp%2Fv2%2Fcategories&post=11243"},{"taxonomy":"post_tag","embeddable":true,"href":"https:\/\/quehacerpolitico.mx\/index.php?rest_route=%2Fwp%2Fv2%2Ftags&post=11243"}],"curies":[{"name":"wp","href":"https:\/\/api.w.org\/{rel}","templated":true}]}}