{"id":112419,"date":"2024-09-10T19:03:35","date_gmt":"2024-09-10T19:03:35","guid":{"rendered":"https:\/\/quehacerpolitico.mx\/?p=112419"},"modified":"2024-09-10T19:03:38","modified_gmt":"2024-09-10T19:03:38","slug":"buena-vecindad-de-gobernadores-de-yucatan-y-quintana-roo-en-las-nuevas-formas-de-gobernar","status":"publish","type":"post","link":"https:\/\/quehacerpolitico.mx\/?p=112419","title":{"rendered":"BUENA VECINDAD DE GOBERNADORES DE YUCAT\u00c0N Y QUINTANA ROO EN LAS NUEVAS FORMAS DE GOBERNAR"},"content":{"rendered":"\n<p>Por Lic. Francisco Javier Gracidas Ceballos<\/p>\n\n\n\n<p>Coordinador de informaci\u00f3n para zona de la pen\u00ednsula en los Estados de Quintana Roo, Merida Yucat\u00e1n, Campeche, Tabasco y Veracruz <\/p>\n\n\n\n<p>El gobernador electo de Yucat\u00e1n, Joaqu\u00edn D\u00edaz Mena, asisti\u00f3 al segundo informe de gobierno de la Gobernadora Mara Lezama, reafirmando una vez m\u00e1s los lazos de hermandad que nos unen al vecino estado de Quintana Roo. \u201cPondremos al frente el bienestar de nuestros estados hermanos para que la Transformaci\u00f3n sea para todas y todos\u201d, afirm\u00f3.<\/p>\n\n\n\n<p>Asiste Joaqu\u00edn Diaz Mena, Gobernador Electo de Yucat\u00e1n M\u00e9xico al segundo inform de la gobernadora Mara Lezama Gobernadora de Quintana Roo.<\/p>\n\n\n\n<p>El Gobernador electo de Yucat\u00e1n afirm\u00f3 que, a v\u00edsperas de comenzar su gobierno, se siente muy contento y muy motivado, y reafirm\u00f3 que, en Yucat\u00e1n, a partir del 1 de octubre, se pondr\u00e1 en primer lugar la igualdad y la justicia social.<\/p>\n\n\n\n<figure class=\"wp-block-image\"><a href=\"https:\/\/blogger.googleusercontent.com\/img\/b\/R29vZ2xl\/AVvXsEj48EDKAX4ly9hKCN_VSZ8IZxZgzXKZU1rmBwUsZyfy8waPdprVWNYHlQZ3dG21V1gnSYvwdFe1iC4U9dBe7G751zByZG7KeVNqXtk8LhxQwQtjQCOXBO34ltyfSxvkvWAAxskVjlAD3Z-CoHmFcLI9KMwVZ0puN2_mPJuNBJ0RdEnXNnMK1GWj7ERUv9IE\/s1600\/IMG-20240910-WA0001.jpg\" data-src=\"https:\/\/blogger.googleusercontent.com\/img\/b\/R29vZ2xl\/AVvXsEj48EDKAX4ly9hKCN_VSZ8IZxZgzXKZU1rmBwUsZyfy8waPdprVWNYHlQZ3dG21V1gnSYvwdFe1iC4U9dBe7G751zByZG7KeVNqXtk8LhxQwQtjQCOXBO34ltyfSxvkvWAAxskVjlAD3Z-CoHmFcLI9KMwVZ0puN2_mPJuNBJ0RdEnXNnMK1GWj7ERUv9IE\/s1600\/IMG-20240910-WA0001.jpg\" data-thumb=\"https:\/\/blogger.googleusercontent.com\/img\/b\/R29vZ2xl\/AVvXsEj48EDKAX4ly9hKCN_VSZ8IZxZgzXKZU1rmBwUsZyfy8waPdprVWNYHlQZ3dG21V1gnSYvwdFe1iC4U9dBe7G751zByZG7KeVNqXtk8LhxQwQtjQCOXBO34ltyfSxvkvWAAxskVjlAD3Z-CoHmFcLI9KMwVZ0puN2_mPJuNBJ0RdEnXNnMK1GWj7ERUv9IE\/w640-h426\/IMG-20240910-WA0001.jpg\" class=\"ml-lightbox-enabled\"><img decoding=\"async\" src=\"https:\/\/blogger.googleusercontent.com\/img\/b\/R29vZ2xl\/AVvXsEj48EDKAX4ly9hKCN_VSZ8IZxZgzXKZU1rmBwUsZyfy8waPdprVWNYHlQZ3dG21V1gnSYvwdFe1iC4U9dBe7G751zByZG7KeVNqXtk8LhxQwQtjQCOXBO34ltyfSxvkvWAAxskVjlAD3Z-CoHmFcLI9KMwVZ0puN2_mPJuNBJ0RdEnXNnMK1GWj7ERUv9IE\/w640-h426\/IMG-20240910-WA0001.jpg\" alt=\"\"\/><\/a><\/figure>\n\n\n\n<p><a href=\"http:\/\/www.fvsnoticiasinternet.com\/\">www.fvsnoticiasinternet.com<\/a>&nbsp; y&nbsp;<a href=\"http:\/\/www.quehacerpolitico.mx\/\">www.quehacerpolitico.mx<\/a>&nbsp;Chetumal, Quintana Roo, 10 de septiembre de 2024.- El gobernador electo de Yucat\u00e1n, Joaqu\u00edn D\u00edaz Mena, asisti\u00f3 el dia de ayer 9 de septiembre 2024 sl segundo informe de gobierno de la Gobernadora Mara Lezama, reafirmando una vez m\u00e1s los lazos de hermandad que nos unen al vecino estado de Quintana Roo. \u201cPondremos al frente el bienestar de nuestros estados hermanos para que la Transformaci\u00f3n sea para todas y todos\u201d, afirm\u00f3.<\/p>\n\n\n\n<p>Desde la explanada a La Bandera, frente al Palacio de Gobierno en Chetumal, la gobernadora Mara Lezama se dirigi\u00f3 a los ciudadanos en un ejercicio democr\u00e1tico y de rendici\u00f3n de cuentas, afirmando que su gobierno ha trabajado de manera distinta, en territorio, obteniendo grandes logros que marcan el inicio de una &#8220;nueva era de la Transformaci\u00f3n&#8221;.<\/p>\n\n\n\n<figure class=\"wp-block-image\"><a href=\"https:\/\/blogger.googleusercontent.com\/img\/b\/R29vZ2xl\/AVvXsEgcuGBnp2jxNSGBNH3tPSui27RkpCO71fe1fzffmoYhRkdjiS9kxIe4QLgzjAy_Ku6wwEDhNsQpww6dkzn2Vd-70Bpxyq5WaeZ0H8Q9i9mCvqXQr6KY4WWIvSDoZ-lMUluqeAcRgDceM2y16pwVH5qVARczsDijb4kRKvx80FivWWx9lbH7fxeIolODWact\/s1600\/IMG-20240910-WA0002.jpg\" data-src=\"https:\/\/blogger.googleusercontent.com\/img\/b\/R29vZ2xl\/AVvXsEgcuGBnp2jxNSGBNH3tPSui27RkpCO71fe1fzffmoYhRkdjiS9kxIe4QLgzjAy_Ku6wwEDhNsQpww6dkzn2Vd-70Bpxyq5WaeZ0H8Q9i9mCvqXQr6KY4WWIvSDoZ-lMUluqeAcRgDceM2y16pwVH5qVARczsDijb4kRKvx80FivWWx9lbH7fxeIolODWact\/s1600\/IMG-20240910-WA0002.jpg\" data-thumb=\"https:\/\/blogger.googleusercontent.com\/img\/b\/R29vZ2xl\/AVvXsEgcuGBnp2jxNSGBNH3tPSui27RkpCO71fe1fzffmoYhRkdjiS9kxIe4QLgzjAy_Ku6wwEDhNsQpww6dkzn2Vd-70Bpxyq5WaeZ0H8Q9i9mCvqXQr6KY4WWIvSDoZ-lMUluqeAcRgDceM2y16pwVH5qVARczsDijb4kRKvx80FivWWx9lbH7fxeIolODWact\/w640-h426\/IMG-20240910-WA0002.jpg\" class=\"ml-lightbox-enabled\"><img decoding=\"async\" src=\"https:\/\/blogger.googleusercontent.com\/img\/b\/R29vZ2xl\/AVvXsEgcuGBnp2jxNSGBNH3tPSui27RkpCO71fe1fzffmoYhRkdjiS9kxIe4QLgzjAy_Ku6wwEDhNsQpww6dkzn2Vd-70Bpxyq5WaeZ0H8Q9i9mCvqXQr6KY4WWIvSDoZ-lMUluqeAcRgDceM2y16pwVH5qVARczsDijb4kRKvx80FivWWx9lbH7fxeIolODWact\/w640-h426\/IMG-20240910-WA0002.jpg\" alt=\"\"\/><\/a><\/figure>\n\n\n\n<p>Acompa\u00f1ado de su esposa, la maestra Wendy M\u00e9ndez Naal, D\u00edaz Mena afirm\u00f3 que, a v\u00edsperas de comenzar su gobierno, se siente muy contento y muy motivado, y refrend\u00f3 que en Yucat\u00e1n, a partir del 1 de octubre, se pondr\u00e1 en primer lugar la igualdad y la justicia social en beneficio de las y los yucatecos.<\/p>\n\n\n\n<figure class=\"wp-block-image\"><a href=\"https:\/\/blogger.googleusercontent.com\/img\/b\/R29vZ2xl\/AVvXsEiPIYmRSUrmI5xWXh4BdFysJzAPM_GYxQYevDy0xAlS4MwahthTd8CKtHxUaV8i__tc8y2adM2P-PvWuh6kQ1NiCfW2xXeU4_4qEGy5zGVkrtnFHvjvwXsuQt-VyWtGGgXwY0VmqJuw4ciDPTceeJHZ6Z_vEIKIycJ7zi9SyHgBjotBT_2HJZXXaMfeyA5r\/s1600\/IMG-20240910-WA0003.jpg\" data-src=\"https:\/\/blogger.googleusercontent.com\/img\/b\/R29vZ2xl\/AVvXsEiPIYmRSUrmI5xWXh4BdFysJzAPM_GYxQYevDy0xAlS4MwahthTd8CKtHxUaV8i__tc8y2adM2P-PvWuh6kQ1NiCfW2xXeU4_4qEGy5zGVkrtnFHvjvwXsuQt-VyWtGGgXwY0VmqJuw4ciDPTceeJHZ6Z_vEIKIycJ7zi9SyHgBjotBT_2HJZXXaMfeyA5r\/s1600\/IMG-20240910-WA0003.jpg\" data-thumb=\"https:\/\/blogger.googleusercontent.com\/img\/b\/R29vZ2xl\/AVvXsEiPIYmRSUrmI5xWXh4BdFysJzAPM_GYxQYevDy0xAlS4MwahthTd8CKtHxUaV8i__tc8y2adM2P-PvWuh6kQ1NiCfW2xXeU4_4qEGy5zGVkrtnFHvjvwXsuQt-VyWtGGgXwY0VmqJuw4ciDPTceeJHZ6Z_vEIKIycJ7zi9SyHgBjotBT_2HJZXXaMfeyA5r\/w640-h426\/IMG-20240910-WA0003.jpg\" class=\"ml-lightbox-enabled\"><img decoding=\"async\" src=\"https:\/\/blogger.googleusercontent.com\/img\/b\/R29vZ2xl\/AVvXsEiPIYmRSUrmI5xWXh4BdFysJzAPM_GYxQYevDy0xAlS4MwahthTd8CKtHxUaV8i__tc8y2adM2P-PvWuh6kQ1NiCfW2xXeU4_4qEGy5zGVkrtnFHvjvwXsuQt-VyWtGGgXwY0VmqJuw4ciDPTceeJHZ6Z_vEIKIycJ7zi9SyHgBjotBT_2HJZXXaMfeyA5r\/w640-h426\/IMG-20240910-WA0003.jpg\" alt=\"\"\/><\/a><\/figure>\n\n\n\n<p>Felicit\u00f3 a la gobernadora Mara Lezama por los resultados presentados en su segundo informe de gobierno, reconociendo su compromiso con la transformaci\u00f3n de Quintana Roo. \u201cMe da much\u00edsimo gusto poder acompa\u00f1arla y ver cada una de las acciones; Todos los d\u00edas entregada y con amor al pueblo\u201d, resalt\u00f3.<\/p>\n\n\n\n<p>Finalmente, D\u00edaz Mena reiter\u00f3 que a partir del 1 de octubre \u201cvamos a trabajar en la justicia para el pueblo; llevaremos bienestar con programas, servicios y apoyos sociales que le permitan a los yucatecos tener m\u00e1s y mejores oportunidades de desarrollo y bienestar compartido\u201d.<\/p>\n\n\n\n<figure class=\"wp-block-image size-large\"><img loading=\"lazy\" decoding=\"async\" width=\"1024\" height=\"747\" src=\"https:\/\/quehacerpolitico.mx\/wp-content\/uploads\/2024\/09\/image-29-1024x747.jpeg\" alt=\"\" class=\"wp-image-112420\" srcset=\"https:\/\/quehacerpolitico.mx\/wp-content\/uploads\/2024\/09\/image-29-1024x747.jpeg 1024w, https:\/\/quehacerpolitico.mx\/wp-content\/uploads\/2024\/09\/image-29-300x219.jpeg 300w, https:\/\/quehacerpolitico.mx\/wp-content\/uploads\/2024\/09\/image-29-768x560.jpeg 768w, https:\/\/quehacerpolitico.mx\/wp-content\/uploads\/2024\/09\/image-29-1536x1120.jpeg 1536w, https:\/\/quehacerpolitico.mx\/wp-content\/uploads\/2024\/09\/image-29-200x146.jpeg 200w, https:\/\/quehacerpolitico.mx\/wp-content\/uploads\/2024\/09\/image-29-50x36.jpeg 50w, https:\/\/quehacerpolitico.mx\/wp-content\/uploads\/2024\/09\/image-29-103x75.jpeg 103w, https:\/\/quehacerpolitico.mx\/wp-content\/uploads\/2024\/09\/image-29.jpeg 2046w\" sizes=\"auto, (max-width: 1024px) 100vw, 1024px\" \/><\/figure>\n\n\n\n<p>Informa :&nbsp;<\/p>\n\n\n\n<p>Lic. Francisco Javier Gracidas Ceballos&nbsp;<\/p>\n\n\n\n<p>Corresponsal<\/p>\n\n\n\n<p><a href=\"http:\/\/www.fvsnoticiasinternet.com\/\">www.fvsnoticiasinternet.com<\/a>&nbsp;<\/p>\n\n\n\n<p><a href=\"http:\/\/www.quehacerpolitico.mx\/\">www.quehacerpolitico.mx<\/a><\/p>\n","protected":false},"excerpt":{"rendered":"<p>Por Lic. Francisco Javier Gracidas Ceballos Coordinador de informaci\u00f3n para zona de la pen\u00ednsula en&#8230;<\/p>\n","protected":false},"author":2,"featured_media":112421,"comment_status":"open","ping_status":"open","sticky":false,"template":"","format":"standard","meta":{"_monsterinsights_skip_tracking":false,"_monsterinsights_sitenote_active":false,"_monsterinsights_sitenote_note":"","_monsterinsights_sitenote_category":0,"footnotes":""},"categories":[2],"tags":[],"class_list":["post-112419","post","type-post","status-publish","format-standard","has-post-thumbnail","hentry","category-noticias"],"yoast_head":"<!-- This site is optimized with the Yoast SEO plugin v27.3 - https:\/\/yoast.com\/product\/yoast-seo-wordpress\/ -->\n<title>BUENA VECINDAD DE GOBERNADORES DE YUCAT\u00c0N Y QUINTANA ROO EN LAS NUEVAS FORMAS DE GOBERNAR -<\/title>\n<meta name=\"robots\" content=\"index, follow, max-snippet:-1, max-image-preview:large, max-video-preview:-1\" \/>\n<link rel=\"canonical\" href=\"https:\/\/quehacerpolitico.mx\/?p=112419\" \/>\n<meta property=\"og:locale\" content=\"es_MX\" \/>\n<meta property=\"og:type\" content=\"article\" \/>\n<meta property=\"og:title\" content=\"BUENA VECINDAD DE GOBERNADORES DE YUCAT\u00c0N Y QUINTANA ROO EN LAS NUEVAS FORMAS DE GOBERNAR -\" \/>\n<meta property=\"og:description\" content=\"Por Lic. Francisco Javier Gracidas Ceballos Coordinador de informaci\u00f3n para zona de la pen\u00ednsula en...\" \/>\n<meta property=\"og:url\" content=\"https:\/\/quehacerpolitico.mx\/?p=112419\" \/>\n<meta property=\"article:published_time\" content=\"2024-09-10T19:03:35+00:00\" \/>\n<meta property=\"article:modified_time\" content=\"2024-09-10T19:03:38+00:00\" \/>\n<meta property=\"og:image\" content=\"https:\/\/quehacerpolitico.mx\/wp-content\/uploads\/2024\/09\/IMG_7960.jpeg\" \/>\n\t<meta property=\"og:image:width\" content=\"640\" \/>\n\t<meta property=\"og:image:height\" content=\"426\" \/>\n\t<meta property=\"og:image:type\" content=\"image\/jpeg\" \/>\n<meta name=\"author\" content=\"Redacci\u00f3n QP\" \/>\n<meta name=\"twitter:card\" content=\"summary_large_image\" \/>\n<meta name=\"twitter:label1\" content=\"Escrito por\" \/>\n\t<meta name=\"twitter:data1\" content=\"Redacci\u00f3n QP\" \/>\n\t<meta name=\"twitter:label2\" content=\"Tiempo de lectura\" \/>\n\t<meta name=\"twitter:data2\" content=\"2 minutos\" \/>\n<script type=\"application\/ld+json\" class=\"yoast-schema-graph\">{\"@context\":\"https:\\\/\\\/schema.org\",\"@graph\":[{\"@type\":\"Article\",\"@id\":\"https:\\\/\\\/quehacerpolitico.mx\\\/?p=112419#article\",\"isPartOf\":{\"@id\":\"https:\\\/\\\/quehacerpolitico.mx\\\/?p=112419\"},\"author\":{\"name\":\"Redacci\u00f3n QP\",\"@id\":\"https:\\\/\\\/quehacerpolitico.mx\\\/#\\\/schema\\\/person\\\/496d8ad2d1d3f8036101dca7ee39e585\"},\"headline\":\"BUENA VECINDAD DE GOBERNADORES DE YUCAT\u00c0N Y QUINTANA ROO EN LAS NUEVAS FORMAS DE GOBERNAR\",\"datePublished\":\"2024-09-10T19:03:35+00:00\",\"dateModified\":\"2024-09-10T19:03:38+00:00\",\"mainEntityOfPage\":{\"@id\":\"https:\\\/\\\/quehacerpolitico.mx\\\/?p=112419\"},\"wordCount\":487,\"commentCount\":0,\"image\":{\"@id\":\"https:\\\/\\\/quehacerpolitico.mx\\\/?p=112419#primaryimage\"},\"thumbnailUrl\":\"https:\\\/\\\/quehacerpolitico.mx\\\/wp-content\\\/uploads\\\/2024\\\/09\\\/IMG_7960.jpeg\",\"articleSection\":[\"Noticias\"],\"inLanguage\":\"es\",\"potentialAction\":[{\"@type\":\"CommentAction\",\"name\":\"Comment\",\"target\":[\"https:\\\/\\\/quehacerpolitico.mx\\\/?p=112419#respond\"]}]},{\"@type\":\"WebPage\",\"@id\":\"https:\\\/\\\/quehacerpolitico.mx\\\/?p=112419\",\"url\":\"https:\\\/\\\/quehacerpolitico.mx\\\/?p=112419\",\"name\":\"BUENA VECINDAD DE GOBERNADORES DE YUCAT\u00c0N Y QUINTANA ROO EN LAS NUEVAS FORMAS DE GOBERNAR -\",\"isPartOf\":{\"@id\":\"https:\\\/\\\/quehacerpolitico.mx\\\/#website\"},\"primaryImageOfPage\":{\"@id\":\"https:\\\/\\\/quehacerpolitico.mx\\\/?p=112419#primaryimage\"},\"image\":{\"@id\":\"https:\\\/\\\/quehacerpolitico.mx\\\/?p=112419#primaryimage\"},\"thumbnailUrl\":\"https:\\\/\\\/quehacerpolitico.mx\\\/wp-content\\\/uploads\\\/2024\\\/09\\\/IMG_7960.jpeg\",\"datePublished\":\"2024-09-10T19:03:35+00:00\",\"dateModified\":\"2024-09-10T19:03:38+00:00\",\"author\":{\"@id\":\"https:\\\/\\\/quehacerpolitico.mx\\\/#\\\/schema\\\/person\\\/496d8ad2d1d3f8036101dca7ee39e585\"},\"breadcrumb\":{\"@id\":\"https:\\\/\\\/quehacerpolitico.mx\\\/?p=112419#breadcrumb\"},\"inLanguage\":\"es\",\"potentialAction\":[{\"@type\":\"ReadAction\",\"target\":[\"https:\\\/\\\/quehacerpolitico.mx\\\/?p=112419\"]}]},{\"@type\":\"ImageObject\",\"inLanguage\":\"es\",\"@id\":\"https:\\\/\\\/quehacerpolitico.mx\\\/?p=112419#primaryimage\",\"url\":\"https:\\\/\\\/quehacerpolitico.mx\\\/wp-content\\\/uploads\\\/2024\\\/09\\\/IMG_7960.jpeg\",\"contentUrl\":\"https:\\\/\\\/quehacerpolitico.mx\\\/wp-content\\\/uploads\\\/2024\\\/09\\\/IMG_7960.jpeg\",\"width\":640,\"height\":426},{\"@type\":\"BreadcrumbList\",\"@id\":\"https:\\\/\\\/quehacerpolitico.mx\\\/?p=112419#breadcrumb\",\"itemListElement\":[{\"@type\":\"ListItem\",\"position\":1,\"name\":\"Inicio\",\"item\":\"https:\\\/\\\/quehacerpolitico.mx\\\/\"},{\"@type\":\"ListItem\",\"position\":2,\"name\":\"BUENA VECINDAD DE GOBERNADORES DE YUCAT\u00c0N Y QUINTANA ROO EN LAS NUEVAS FORMAS DE GOBERNAR\"}]},{\"@type\":\"WebSite\",\"@id\":\"https:\\\/\\\/quehacerpolitico.mx\\\/#website\",\"url\":\"https:\\\/\\\/quehacerpolitico.mx\\\/\",\"name\":\"\",\"description\":\"\",\"potentialAction\":[{\"@type\":\"SearchAction\",\"target\":{\"@type\":\"EntryPoint\",\"urlTemplate\":\"https:\\\/\\\/quehacerpolitico.mx\\\/?s={search_term_string}\"},\"query-input\":{\"@type\":\"PropertyValueSpecification\",\"valueRequired\":true,\"valueName\":\"search_term_string\"}}],\"inLanguage\":\"es\"},{\"@type\":\"Person\",\"@id\":\"https:\\\/\\\/quehacerpolitico.mx\\\/#\\\/schema\\\/person\\\/496d8ad2d1d3f8036101dca7ee39e585\",\"name\":\"Redacci\u00f3n QP\",\"image\":{\"@type\":\"ImageObject\",\"inLanguage\":\"es\",\"@id\":\"https:\\\/\\\/secure.gravatar.com\\\/avatar\\\/c7164ed6fdec453195284ad24a5ae5b6e1eed2b848477fa2a4787ba9adf39a41?s=96&d=mm&r=g\",\"url\":\"https:\\\/\\\/secure.gravatar.com\\\/avatar\\\/c7164ed6fdec453195284ad24a5ae5b6e1eed2b848477fa2a4787ba9adf39a41?s=96&d=mm&r=g\",\"contentUrl\":\"https:\\\/\\\/secure.gravatar.com\\\/avatar\\\/c7164ed6fdec453195284ad24a5ae5b6e1eed2b848477fa2a4787ba9adf39a41?s=96&d=mm&r=g\",\"caption\":\"Redacci\u00f3n QP\"},\"url\":\"https:\\\/\\\/quehacerpolitico.mx\\\/?author=2\"}]}<\/script>\n<!-- \/ Yoast SEO plugin. -->","yoast_head_json":{"title":"BUENA VECINDAD DE GOBERNADORES DE YUCAT\u00c0N Y QUINTANA ROO EN LAS NUEVAS FORMAS DE GOBERNAR -","robots":{"index":"index","follow":"follow","max-snippet":"max-snippet:-1","max-image-preview":"max-image-preview:large","max-video-preview":"max-video-preview:-1"},"canonical":"https:\/\/quehacerpolitico.mx\/?p=112419","og_locale":"es_MX","og_type":"article","og_title":"BUENA VECINDAD DE GOBERNADORES DE YUCAT\u00c0N Y QUINTANA ROO EN LAS NUEVAS FORMAS DE GOBERNAR -","og_description":"Por Lic. Francisco Javier Gracidas Ceballos Coordinador de informaci\u00f3n para zona de la pen\u00ednsula en...","og_url":"https:\/\/quehacerpolitico.mx\/?p=112419","article_published_time":"2024-09-10T19:03:35+00:00","article_modified_time":"2024-09-10T19:03:38+00:00","og_image":[{"width":640,"height":426,"url":"https:\/\/quehacerpolitico.mx\/wp-content\/uploads\/2024\/09\/IMG_7960.jpeg","type":"image\/jpeg"}],"author":"Redacci\u00f3n QP","twitter_card":"summary_large_image","twitter_misc":{"Escrito por":"Redacci\u00f3n QP","Tiempo de lectura":"2 minutos"},"schema":{"@context":"https:\/\/schema.org","@graph":[{"@type":"Article","@id":"https:\/\/quehacerpolitico.mx\/?p=112419#article","isPartOf":{"@id":"https:\/\/quehacerpolitico.mx\/?p=112419"},"author":{"name":"Redacci\u00f3n QP","@id":"https:\/\/quehacerpolitico.mx\/#\/schema\/person\/496d8ad2d1d3f8036101dca7ee39e585"},"headline":"BUENA VECINDAD DE GOBERNADORES DE YUCAT\u00c0N Y QUINTANA ROO EN LAS NUEVAS FORMAS DE GOBERNAR","datePublished":"2024-09-10T19:03:35+00:00","dateModified":"2024-09-10T19:03:38+00:00","mainEntityOfPage":{"@id":"https:\/\/quehacerpolitico.mx\/?p=112419"},"wordCount":487,"commentCount":0,"image":{"@id":"https:\/\/quehacerpolitico.mx\/?p=112419#primaryimage"},"thumbnailUrl":"https:\/\/quehacerpolitico.mx\/wp-content\/uploads\/2024\/09\/IMG_7960.jpeg","articleSection":["Noticias"],"inLanguage":"es","potentialAction":[{"@type":"CommentAction","name":"Comment","target":["https:\/\/quehacerpolitico.mx\/?p=112419#respond"]}]},{"@type":"WebPage","@id":"https:\/\/quehacerpolitico.mx\/?p=112419","url":"https:\/\/quehacerpolitico.mx\/?p=112419","name":"BUENA VECINDAD DE GOBERNADORES DE YUCAT\u00c0N Y QUINTANA ROO EN LAS NUEVAS FORMAS DE GOBERNAR -","isPartOf":{"@id":"https:\/\/quehacerpolitico.mx\/#website"},"primaryImageOfPage":{"@id":"https:\/\/quehacerpolitico.mx\/?p=112419#primaryimage"},"image":{"@id":"https:\/\/quehacerpolitico.mx\/?p=112419#primaryimage"},"thumbnailUrl":"https:\/\/quehacerpolitico.mx\/wp-content\/uploads\/2024\/09\/IMG_7960.jpeg","datePublished":"2024-09-10T19:03:35+00:00","dateModified":"2024-09-10T19:03:38+00:00","author":{"@id":"https:\/\/quehacerpolitico.mx\/#\/schema\/person\/496d8ad2d1d3f8036101dca7ee39e585"},"breadcrumb":{"@id":"https:\/\/quehacerpolitico.mx\/?p=112419#breadcrumb"},"inLanguage":"es","potentialAction":[{"@type":"ReadAction","target":["https:\/\/quehacerpolitico.mx\/?p=112419"]}]},{"@type":"ImageObject","inLanguage":"es","@id":"https:\/\/quehacerpolitico.mx\/?p=112419#primaryimage","url":"https:\/\/quehacerpolitico.mx\/wp-content\/uploads\/2024\/09\/IMG_7960.jpeg","contentUrl":"https:\/\/quehacerpolitico.mx\/wp-content\/uploads\/2024\/09\/IMG_7960.jpeg","width":640,"height":426},{"@type":"BreadcrumbList","@id":"https:\/\/quehacerpolitico.mx\/?p=112419#breadcrumb","itemListElement":[{"@type":"ListItem","position":1,"name":"Inicio","item":"https:\/\/quehacerpolitico.mx\/"},{"@type":"ListItem","position":2,"name":"BUENA VECINDAD DE GOBERNADORES DE YUCAT\u00c0N Y QUINTANA ROO EN LAS NUEVAS FORMAS DE GOBERNAR"}]},{"@type":"WebSite","@id":"https:\/\/quehacerpolitico.mx\/#website","url":"https:\/\/quehacerpolitico.mx\/","name":"","description":"","potentialAction":[{"@type":"SearchAction","target":{"@type":"EntryPoint","urlTemplate":"https:\/\/quehacerpolitico.mx\/?s={search_term_string}"},"query-input":{"@type":"PropertyValueSpecification","valueRequired":true,"valueName":"search_term_string"}}],"inLanguage":"es"},{"@type":"Person","@id":"https:\/\/quehacerpolitico.mx\/#\/schema\/person\/496d8ad2d1d3f8036101dca7ee39e585","name":"Redacci\u00f3n QP","image":{"@type":"ImageObject","inLanguage":"es","@id":"https:\/\/secure.gravatar.com\/avatar\/c7164ed6fdec453195284ad24a5ae5b6e1eed2b848477fa2a4787ba9adf39a41?s=96&d=mm&r=g","url":"https:\/\/secure.gravatar.com\/avatar\/c7164ed6fdec453195284ad24a5ae5b6e1eed2b848477fa2a4787ba9adf39a41?s=96&d=mm&r=g","contentUrl":"https:\/\/secure.gravatar.com\/avatar\/c7164ed6fdec453195284ad24a5ae5b6e1eed2b848477fa2a4787ba9adf39a41?s=96&d=mm&r=g","caption":"Redacci\u00f3n QP"},"url":"https:\/\/quehacerpolitico.mx\/?author=2"}]}},"featured_image_urls":{"full":["https:\/\/quehacerpolitico.mx\/wp-content\/uploads\/2024\/09\/IMG_7960.jpeg",640,426,false],"thumbnail":["https:\/\/quehacerpolitico.mx\/wp-content\/uploads\/2024\/09\/IMG_7960-150x150.jpeg",150,150,true],"medium":["https:\/\/quehacerpolitico.mx\/wp-content\/uploads\/2024\/09\/IMG_7960-300x200.jpeg",300,200,true],"medium_large":["https:\/\/quehacerpolitico.mx\/wp-content\/uploads\/2024\/09\/IMG_7960.jpeg",640,426,false],"large":["https:\/\/quehacerpolitico.mx\/wp-content\/uploads\/2024\/09\/IMG_7960.jpeg",640,426,false],"1536x1536":["https:\/\/quehacerpolitico.mx\/wp-content\/uploads\/2024\/09\/IMG_7960.jpeg",640,426,false],"2048x2048":["https:\/\/quehacerpolitico.mx\/wp-content\/uploads\/2024\/09\/IMG_7960.jpeg",640,426,false],"covernews-featured":["https:\/\/quehacerpolitico.mx\/wp-content\/uploads\/2024\/09\/IMG_7960.jpeg",640,426,false],"covernews-medium":["https:\/\/quehacerpolitico.mx\/wp-content\/uploads\/2024\/09\/IMG_7960.jpeg",511,340,false]},"author_info":{"display_name":"Redacci\u00f3n QP","author_link":"https:\/\/quehacerpolitico.mx\/?author=2"},"category_info":"<a href=\"https:\/\/quehacerpolitico.mx\/?cat=2\" rel=\"category\">Noticias<\/a>","tag_info":"Noticias","comment_count":"0","_links":{"self":[{"href":"https:\/\/quehacerpolitico.mx\/index.php?rest_route=\/wp\/v2\/posts\/112419","targetHints":{"allow":["GET"]}}],"collection":[{"href":"https:\/\/quehacerpolitico.mx\/index.php?rest_route=\/wp\/v2\/posts"}],"about":[{"href":"https:\/\/quehacerpolitico.mx\/index.php?rest_route=\/wp\/v2\/types\/post"}],"author":[{"embeddable":true,"href":"https:\/\/quehacerpolitico.mx\/index.php?rest_route=\/wp\/v2\/users\/2"}],"replies":[{"embeddable":true,"href":"https:\/\/quehacerpolitico.mx\/index.php?rest_route=%2Fwp%2Fv2%2Fcomments&post=112419"}],"version-history":[{"count":1,"href":"https:\/\/quehacerpolitico.mx\/index.php?rest_route=\/wp\/v2\/posts\/112419\/revisions"}],"predecessor-version":[{"id":112422,"href":"https:\/\/quehacerpolitico.mx\/index.php?rest_route=\/wp\/v2\/posts\/112419\/revisions\/112422"}],"wp:featuredmedia":[{"embeddable":true,"href":"https:\/\/quehacerpolitico.mx\/index.php?rest_route=\/wp\/v2\/media\/112421"}],"wp:attachment":[{"href":"https:\/\/quehacerpolitico.mx\/index.php?rest_route=%2Fwp%2Fv2%2Fmedia&parent=112419"}],"wp:term":[{"taxonomy":"category","embeddable":true,"href":"https:\/\/quehacerpolitico.mx\/index.php?rest_route=%2Fwp%2Fv2%2Fcategories&post=112419"},{"taxonomy":"post_tag","embeddable":true,"href":"https:\/\/quehacerpolitico.mx\/index.php?rest_route=%2Fwp%2Fv2%2Ftags&post=112419"}],"curies":[{"name":"wp","href":"https:\/\/api.w.org\/{rel}","templated":true}]}}