{"id":112416,"date":"2024-09-09T15:33:19","date_gmt":"2024-09-09T15:33:19","guid":{"rendered":"https:\/\/quehacerpolitico.mx\/?p=112416"},"modified":"2024-09-09T15:33:23","modified_gmt":"2024-09-09T15:33:23","slug":"amlo-confirma-que-su-hijo-andy-va-por-un-cargo-en-morena-no-voy-yo-a-influr-en-nada-yo-no-tengo-nada-que-ver-con-eso-dice-lopez-obrador","status":"publish","type":"post","link":"https:\/\/quehacerpolitico.mx\/?p=112416","title":{"rendered":"AMLO confirma que su hijo Andy va por un cargo en Morena &#8220;No voy yo a influr en nada; yo no tengo nada que ver con eso&#8221;, dice L\u00f3pez Obrador"},"content":{"rendered":"\n<p>Por Redacci\u00f3n QP<\/p>\n\n\n\n<p>Dijo que su hijo Andy quiere ayudar a consolidar Morena y que apuesta &#8220;a ser electo, no impuesto&#8221;<\/p>\n\n\n\n<p>El presidente&nbsp;<strong>Andr\u00e9s Manuel L\u00f3pez Obrador&nbsp;<\/strong>confirm\u00f3 hoy en su conferencia matutina que su hijo&nbsp;<strong>Andy&nbsp;<\/strong>va por un cargo en&nbsp;<strong>Morena<\/strong>, luego de que desde&nbsp;<strong>Tabasco&nbsp;<\/strong>lo destaparan para la&nbsp;<strong>secretar\u00eda general<\/strong>, y neg\u00f3 una vez m\u00e1s las revelaciones que ha hecho&nbsp;<em>Latinus<\/em>&nbsp;en torno al tr\u00e1fico de influencias de &#8220;El Clan&#8221;.<\/p>\n\n\n\n<p>El mandatario tambi\u00e9n descart\u00f3 que sus hijos\u00a0<strong>Jos\u00e9 Ram\u00f3n<\/strong>\u00a0y\u00a0<strong>Gonzalo L\u00f3pez Beltr\u00e1n<\/strong> vayan a trabajar en el gobierno que encabezar\u00e1\u00a0<strong>Claudia Sheinbaum<\/strong>\u00a0a partir del 1 de octubre.<\/p>\n\n\n\n<p>Record\u00f3 que hab\u00eda hecho un acuerdo con sus hijos en el sentido de que mientras \u00e9l fuera presidente, no participar\u00edan en el gobierno &#8220;y han cumplido&#8221;, pero &#8220;ahora son libres&#8221;.<\/p>\n\n\n\n<p>Agreg\u00f3 que&nbsp;&#8220;voluntariamente me ayudan, pero n<strong>o son funcionarios ni trabajan en el gobierno<\/strong>&#8220;.<\/p>\n\n\n\n<figure class=\"wp-block-embed is-type-rich is-provider-twitter wp-block-embed-twitter\"><div class=\"wp-block-embed__wrapper\">\n<blockquote class=\"twitter-tweet\" data-width=\"550\" data-dnt=\"true\"><p lang=\"es\" dir=\"ltr\">Andr\u00e9s L\u00f3pez Beltr\u00e1n, hijo de AMLO, s\u00ed busca estar en Morena <br><br>&quot;No voy yo a influr en nada; yo no tengo nada que ver con eso&quot;, dice L\u00f3pez Obrador <a href=\"https:\/\/t.co\/rhTVyXbRNY\">pic.twitter.com\/rhTVyXbRNY<\/a><\/p>&mdash; Manuel Lopez San Martin (@MLopezSanMartin) <a href=\"https:\/\/twitter.com\/MLopezSanMartin\/status\/1833161745205985608?ref_src=twsrc%5Etfw\">September 9, 2024<\/a><\/blockquote><script async src=\"https:\/\/platform.twitter.com\/widgets.js\" charset=\"utf-8\"><\/script>\n<\/div><\/figure>\n\n\n\n<p>En cuanto a la participaci\u00f3n de su hijo&nbsp;Andy, dijo que quiere ayudar a consolidar Morena y que apuesta &#8220;a ser electo, no impuesto&#8221;.<\/p>\n\n\n\n<p>Tambi\u00e9n se\u00f1al\u00f3 que &#8220;lo \u00fanico que les he dicho es que todo el&nbsp;<strong>legado&nbsp;<\/strong>que pueda quedar de lo mucho o poco que hicimos, es de la gente, los dirigentes no somos los m\u00e1s importantes en un proceso de&nbsp;<strong>transformaci\u00f3n<\/strong>, no hay derecho a que nadie quiera apropiarse de lo que es de todos, no me pertenece lo que yo contribu\u00ed para la transformaci\u00f3n y no le pertenece a mis hijos ni a nadie&#8221;.<\/p>\n\n\n\n<p>Dijo que&nbsp;&#8220;cada quien tiene que forjarse su propio destino, y as\u00ed lo entienden ellos, porque no se heredan en pol\u00edtica genes, es la conducta, la rectitud, el trabajo y el amor al pueblo, no es la vida pol\u00edtica como en las monarqu\u00edas, en la democracia el pueblo decide, y depende del comportamiento de las personas&#8221;.<\/p>\n\n\n\n<p>Despu\u00e9s neg\u00f3 las revelaciones que ha hecho&nbsp;<em>Latinus&nbsp;<\/em>sobre tr\u00e1fico de influencias de parte de sus hijos y la &#8220;<strong>casa gris<\/strong>&#8221; donde vivi\u00f3 su hijo Jos\u00e9 Ram\u00f3n en Houston y se\u00f1al\u00f3, pese a las evidencias, era falso. &#8220;Nunca han estado envueltos en esc\u00e1ndalos de corrupci\u00f3n, puros inventos&#8221;, concluy\u00f3.<\/p>\n","protected":false},"excerpt":{"rendered":"<p>Por Redacci\u00f3n QP Dijo que su hijo Andy quiere ayudar a consolidar Morena y que&#8230;<\/p>\n","protected":false},"author":2,"featured_media":112417,"comment_status":"open","ping_status":"open","sticky":false,"template":"","format":"standard","meta":{"_monsterinsights_skip_tracking":false,"_monsterinsights_sitenote_active":false,"_monsterinsights_sitenote_note":"","_monsterinsights_sitenote_category":0,"footnotes":""},"categories":[2],"tags":[],"class_list":["post-112416","post","type-post","status-publish","format-standard","has-post-thumbnail","hentry","category-noticias"],"yoast_head":"<!-- This site is optimized with the Yoast SEO plugin v27.3 - https:\/\/yoast.com\/product\/yoast-seo-wordpress\/ -->\n<title>AMLO confirma que su hijo Andy va por un cargo en Morena &quot;No voy yo a influr en nada; yo no tengo nada que ver con eso&quot;, dice L\u00f3pez Obrador -<\/title>\n<meta name=\"robots\" content=\"index, follow, max-snippet:-1, max-image-preview:large, max-video-preview:-1\" \/>\n<link rel=\"canonical\" href=\"https:\/\/quehacerpolitico.mx\/?p=112416\" \/>\n<meta property=\"og:locale\" content=\"es_MX\" \/>\n<meta property=\"og:type\" content=\"article\" \/>\n<meta property=\"og:title\" content=\"AMLO confirma que su hijo Andy va por un cargo en Morena &quot;No voy yo a influr en nada; yo no tengo nada que ver con eso&quot;, dice L\u00f3pez Obrador -\" \/>\n<meta property=\"og:description\" content=\"Por Redacci\u00f3n QP Dijo que su hijo Andy quiere ayudar a consolidar Morena y que...\" \/>\n<meta property=\"og:url\" content=\"https:\/\/quehacerpolitico.mx\/?p=112416\" \/>\n<meta property=\"article:published_time\" content=\"2024-09-09T15:33:19+00:00\" \/>\n<meta property=\"article:modified_time\" content=\"2024-09-09T15:33:23+00:00\" \/>\n<meta property=\"og:image\" content=\"https:\/\/quehacerpolitico.mx\/wp-content\/uploads\/2024\/09\/IMG_7954.jpeg\" \/>\n\t<meta property=\"og:image:width\" content=\"662\" \/>\n\t<meta property=\"og:image:height\" content=\"463\" \/>\n\t<meta property=\"og:image:type\" content=\"image\/jpeg\" \/>\n<meta name=\"author\" content=\"Redacci\u00f3n QP\" \/>\n<meta name=\"twitter:card\" content=\"summary_large_image\" \/>\n<meta name=\"twitter:label1\" content=\"Escrito por\" \/>\n\t<meta name=\"twitter:data1\" content=\"Redacci\u00f3n QP\" \/>\n\t<meta name=\"twitter:label2\" content=\"Tiempo de lectura\" \/>\n\t<meta name=\"twitter:data2\" content=\"2 minutos\" \/>\n<script type=\"application\/ld+json\" class=\"yoast-schema-graph\">{\"@context\":\"https:\\\/\\\/schema.org\",\"@graph\":[{\"@type\":\"Article\",\"@id\":\"https:\\\/\\\/quehacerpolitico.mx\\\/?p=112416#article\",\"isPartOf\":{\"@id\":\"https:\\\/\\\/quehacerpolitico.mx\\\/?p=112416\"},\"author\":{\"name\":\"Redacci\u00f3n QP\",\"@id\":\"https:\\\/\\\/quehacerpolitico.mx\\\/#\\\/schema\\\/person\\\/496d8ad2d1d3f8036101dca7ee39e585\"},\"headline\":\"AMLO confirma que su hijo Andy va por un cargo en Morena &#8220;No voy yo a influr en nada; yo no tengo nada que ver con eso&#8221;, dice L\u00f3pez Obrador\",\"datePublished\":\"2024-09-09T15:33:19+00:00\",\"dateModified\":\"2024-09-09T15:33:23+00:00\",\"mainEntityOfPage\":{\"@id\":\"https:\\\/\\\/quehacerpolitico.mx\\\/?p=112416\"},\"wordCount\":435,\"commentCount\":0,\"image\":{\"@id\":\"https:\\\/\\\/quehacerpolitico.mx\\\/?p=112416#primaryimage\"},\"thumbnailUrl\":\"https:\\\/\\\/quehacerpolitico.mx\\\/wp-content\\\/uploads\\\/2024\\\/09\\\/IMG_7954.jpeg\",\"articleSection\":[\"Noticias\"],\"inLanguage\":\"es\",\"potentialAction\":[{\"@type\":\"CommentAction\",\"name\":\"Comment\",\"target\":[\"https:\\\/\\\/quehacerpolitico.mx\\\/?p=112416#respond\"]}]},{\"@type\":\"WebPage\",\"@id\":\"https:\\\/\\\/quehacerpolitico.mx\\\/?p=112416\",\"url\":\"https:\\\/\\\/quehacerpolitico.mx\\\/?p=112416\",\"name\":\"AMLO confirma que su hijo Andy va por un cargo en Morena \\\"No voy yo a influr en nada; yo no tengo nada que ver con eso\\\", dice L\u00f3pez Obrador -\",\"isPartOf\":{\"@id\":\"https:\\\/\\\/quehacerpolitico.mx\\\/#website\"},\"primaryImageOfPage\":{\"@id\":\"https:\\\/\\\/quehacerpolitico.mx\\\/?p=112416#primaryimage\"},\"image\":{\"@id\":\"https:\\\/\\\/quehacerpolitico.mx\\\/?p=112416#primaryimage\"},\"thumbnailUrl\":\"https:\\\/\\\/quehacerpolitico.mx\\\/wp-content\\\/uploads\\\/2024\\\/09\\\/IMG_7954.jpeg\",\"datePublished\":\"2024-09-09T15:33:19+00:00\",\"dateModified\":\"2024-09-09T15:33:23+00:00\",\"author\":{\"@id\":\"https:\\\/\\\/quehacerpolitico.mx\\\/#\\\/schema\\\/person\\\/496d8ad2d1d3f8036101dca7ee39e585\"},\"breadcrumb\":{\"@id\":\"https:\\\/\\\/quehacerpolitico.mx\\\/?p=112416#breadcrumb\"},\"inLanguage\":\"es\",\"potentialAction\":[{\"@type\":\"ReadAction\",\"target\":[\"https:\\\/\\\/quehacerpolitico.mx\\\/?p=112416\"]}]},{\"@type\":\"ImageObject\",\"inLanguage\":\"es\",\"@id\":\"https:\\\/\\\/quehacerpolitico.mx\\\/?p=112416#primaryimage\",\"url\":\"https:\\\/\\\/quehacerpolitico.mx\\\/wp-content\\\/uploads\\\/2024\\\/09\\\/IMG_7954.jpeg\",\"contentUrl\":\"https:\\\/\\\/quehacerpolitico.mx\\\/wp-content\\\/uploads\\\/2024\\\/09\\\/IMG_7954.jpeg\",\"width\":662,\"height\":463},{\"@type\":\"BreadcrumbList\",\"@id\":\"https:\\\/\\\/quehacerpolitico.mx\\\/?p=112416#breadcrumb\",\"itemListElement\":[{\"@type\":\"ListItem\",\"position\":1,\"name\":\"Inicio\",\"item\":\"https:\\\/\\\/quehacerpolitico.mx\\\/\"},{\"@type\":\"ListItem\",\"position\":2,\"name\":\"AMLO confirma que su hijo Andy va por un cargo en Morena &#8220;No voy yo a influr en nada; yo no tengo nada que ver con eso&#8221;, dice L\u00f3pez Obrador\"}]},{\"@type\":\"WebSite\",\"@id\":\"https:\\\/\\\/quehacerpolitico.mx\\\/#website\",\"url\":\"https:\\\/\\\/quehacerpolitico.mx\\\/\",\"name\":\"\",\"description\":\"\",\"potentialAction\":[{\"@type\":\"SearchAction\",\"target\":{\"@type\":\"EntryPoint\",\"urlTemplate\":\"https:\\\/\\\/quehacerpolitico.mx\\\/?s={search_term_string}\"},\"query-input\":{\"@type\":\"PropertyValueSpecification\",\"valueRequired\":true,\"valueName\":\"search_term_string\"}}],\"inLanguage\":\"es\"},{\"@type\":\"Person\",\"@id\":\"https:\\\/\\\/quehacerpolitico.mx\\\/#\\\/schema\\\/person\\\/496d8ad2d1d3f8036101dca7ee39e585\",\"name\":\"Redacci\u00f3n QP\",\"image\":{\"@type\":\"ImageObject\",\"inLanguage\":\"es\",\"@id\":\"https:\\\/\\\/secure.gravatar.com\\\/avatar\\\/c7164ed6fdec453195284ad24a5ae5b6e1eed2b848477fa2a4787ba9adf39a41?s=96&d=mm&r=g\",\"url\":\"https:\\\/\\\/secure.gravatar.com\\\/avatar\\\/c7164ed6fdec453195284ad24a5ae5b6e1eed2b848477fa2a4787ba9adf39a41?s=96&d=mm&r=g\",\"contentUrl\":\"https:\\\/\\\/secure.gravatar.com\\\/avatar\\\/c7164ed6fdec453195284ad24a5ae5b6e1eed2b848477fa2a4787ba9adf39a41?s=96&d=mm&r=g\",\"caption\":\"Redacci\u00f3n QP\"},\"url\":\"https:\\\/\\\/quehacerpolitico.mx\\\/?author=2\"}]}<\/script>\n<!-- \/ Yoast SEO plugin. -->","yoast_head_json":{"title":"AMLO confirma que su hijo Andy va por un cargo en Morena \"No voy yo a influr en nada; yo no tengo nada que ver con eso\", dice L\u00f3pez Obrador -","robots":{"index":"index","follow":"follow","max-snippet":"max-snippet:-1","max-image-preview":"max-image-preview:large","max-video-preview":"max-video-preview:-1"},"canonical":"https:\/\/quehacerpolitico.mx\/?p=112416","og_locale":"es_MX","og_type":"article","og_title":"AMLO confirma que su hijo Andy va por un cargo en Morena \"No voy yo a influr en nada; yo no tengo nada que ver con eso\", dice L\u00f3pez Obrador -","og_description":"Por Redacci\u00f3n QP Dijo que su hijo Andy quiere ayudar a consolidar Morena y que...","og_url":"https:\/\/quehacerpolitico.mx\/?p=112416","article_published_time":"2024-09-09T15:33:19+00:00","article_modified_time":"2024-09-09T15:33:23+00:00","og_image":[{"width":662,"height":463,"url":"https:\/\/quehacerpolitico.mx\/wp-content\/uploads\/2024\/09\/IMG_7954.jpeg","type":"image\/jpeg"}],"author":"Redacci\u00f3n QP","twitter_card":"summary_large_image","twitter_misc":{"Escrito por":"Redacci\u00f3n QP","Tiempo de lectura":"2 minutos"},"schema":{"@context":"https:\/\/schema.org","@graph":[{"@type":"Article","@id":"https:\/\/quehacerpolitico.mx\/?p=112416#article","isPartOf":{"@id":"https:\/\/quehacerpolitico.mx\/?p=112416"},"author":{"name":"Redacci\u00f3n QP","@id":"https:\/\/quehacerpolitico.mx\/#\/schema\/person\/496d8ad2d1d3f8036101dca7ee39e585"},"headline":"AMLO confirma que su hijo Andy va por un cargo en Morena &#8220;No voy yo a influr en nada; yo no tengo nada que ver con eso&#8221;, dice L\u00f3pez Obrador","datePublished":"2024-09-09T15:33:19+00:00","dateModified":"2024-09-09T15:33:23+00:00","mainEntityOfPage":{"@id":"https:\/\/quehacerpolitico.mx\/?p=112416"},"wordCount":435,"commentCount":0,"image":{"@id":"https:\/\/quehacerpolitico.mx\/?p=112416#primaryimage"},"thumbnailUrl":"https:\/\/quehacerpolitico.mx\/wp-content\/uploads\/2024\/09\/IMG_7954.jpeg","articleSection":["Noticias"],"inLanguage":"es","potentialAction":[{"@type":"CommentAction","name":"Comment","target":["https:\/\/quehacerpolitico.mx\/?p=112416#respond"]}]},{"@type":"WebPage","@id":"https:\/\/quehacerpolitico.mx\/?p=112416","url":"https:\/\/quehacerpolitico.mx\/?p=112416","name":"AMLO confirma que su hijo Andy va por un cargo en Morena \"No voy yo a influr en nada; yo no tengo nada que ver con eso\", dice L\u00f3pez Obrador -","isPartOf":{"@id":"https:\/\/quehacerpolitico.mx\/#website"},"primaryImageOfPage":{"@id":"https:\/\/quehacerpolitico.mx\/?p=112416#primaryimage"},"image":{"@id":"https:\/\/quehacerpolitico.mx\/?p=112416#primaryimage"},"thumbnailUrl":"https:\/\/quehacerpolitico.mx\/wp-content\/uploads\/2024\/09\/IMG_7954.jpeg","datePublished":"2024-09-09T15:33:19+00:00","dateModified":"2024-09-09T15:33:23+00:00","author":{"@id":"https:\/\/quehacerpolitico.mx\/#\/schema\/person\/496d8ad2d1d3f8036101dca7ee39e585"},"breadcrumb":{"@id":"https:\/\/quehacerpolitico.mx\/?p=112416#breadcrumb"},"inLanguage":"es","potentialAction":[{"@type":"ReadAction","target":["https:\/\/quehacerpolitico.mx\/?p=112416"]}]},{"@type":"ImageObject","inLanguage":"es","@id":"https:\/\/quehacerpolitico.mx\/?p=112416#primaryimage","url":"https:\/\/quehacerpolitico.mx\/wp-content\/uploads\/2024\/09\/IMG_7954.jpeg","contentUrl":"https:\/\/quehacerpolitico.mx\/wp-content\/uploads\/2024\/09\/IMG_7954.jpeg","width":662,"height":463},{"@type":"BreadcrumbList","@id":"https:\/\/quehacerpolitico.mx\/?p=112416#breadcrumb","itemListElement":[{"@type":"ListItem","position":1,"name":"Inicio","item":"https:\/\/quehacerpolitico.mx\/"},{"@type":"ListItem","position":2,"name":"AMLO confirma que su hijo Andy va por un cargo en Morena &#8220;No voy yo a influr en nada; yo no tengo nada que ver con eso&#8221;, dice L\u00f3pez Obrador"}]},{"@type":"WebSite","@id":"https:\/\/quehacerpolitico.mx\/#website","url":"https:\/\/quehacerpolitico.mx\/","name":"","description":"","potentialAction":[{"@type":"SearchAction","target":{"@type":"EntryPoint","urlTemplate":"https:\/\/quehacerpolitico.mx\/?s={search_term_string}"},"query-input":{"@type":"PropertyValueSpecification","valueRequired":true,"valueName":"search_term_string"}}],"inLanguage":"es"},{"@type":"Person","@id":"https:\/\/quehacerpolitico.mx\/#\/schema\/person\/496d8ad2d1d3f8036101dca7ee39e585","name":"Redacci\u00f3n QP","image":{"@type":"ImageObject","inLanguage":"es","@id":"https:\/\/secure.gravatar.com\/avatar\/c7164ed6fdec453195284ad24a5ae5b6e1eed2b848477fa2a4787ba9adf39a41?s=96&d=mm&r=g","url":"https:\/\/secure.gravatar.com\/avatar\/c7164ed6fdec453195284ad24a5ae5b6e1eed2b848477fa2a4787ba9adf39a41?s=96&d=mm&r=g","contentUrl":"https:\/\/secure.gravatar.com\/avatar\/c7164ed6fdec453195284ad24a5ae5b6e1eed2b848477fa2a4787ba9adf39a41?s=96&d=mm&r=g","caption":"Redacci\u00f3n QP"},"url":"https:\/\/quehacerpolitico.mx\/?author=2"}]}},"featured_image_urls":{"full":["https:\/\/quehacerpolitico.mx\/wp-content\/uploads\/2024\/09\/IMG_7954.jpeg",662,463,false],"thumbnail":["https:\/\/quehacerpolitico.mx\/wp-content\/uploads\/2024\/09\/IMG_7954-150x150.jpeg",150,150,true],"medium":["https:\/\/quehacerpolitico.mx\/wp-content\/uploads\/2024\/09\/IMG_7954-300x210.jpeg",300,210,true],"medium_large":["https:\/\/quehacerpolitico.mx\/wp-content\/uploads\/2024\/09\/IMG_7954.jpeg",640,448,false],"large":["https:\/\/quehacerpolitico.mx\/wp-content\/uploads\/2024\/09\/IMG_7954.jpeg",640,448,false],"1536x1536":["https:\/\/quehacerpolitico.mx\/wp-content\/uploads\/2024\/09\/IMG_7954.jpeg",662,463,false],"2048x2048":["https:\/\/quehacerpolitico.mx\/wp-content\/uploads\/2024\/09\/IMG_7954.jpeg",662,463,false],"covernews-featured":["https:\/\/quehacerpolitico.mx\/wp-content\/uploads\/2024\/09\/IMG_7954.jpeg",662,463,false],"covernews-medium":["https:\/\/quehacerpolitico.mx\/wp-content\/uploads\/2024\/09\/IMG_7954.jpeg",486,340,false]},"author_info":{"display_name":"Redacci\u00f3n QP","author_link":"https:\/\/quehacerpolitico.mx\/?author=2"},"category_info":"<a href=\"https:\/\/quehacerpolitico.mx\/?cat=2\" rel=\"category\">Noticias<\/a>","tag_info":"Noticias","comment_count":"0","_links":{"self":[{"href":"https:\/\/quehacerpolitico.mx\/index.php?rest_route=\/wp\/v2\/posts\/112416","targetHints":{"allow":["GET"]}}],"collection":[{"href":"https:\/\/quehacerpolitico.mx\/index.php?rest_route=\/wp\/v2\/posts"}],"about":[{"href":"https:\/\/quehacerpolitico.mx\/index.php?rest_route=\/wp\/v2\/types\/post"}],"author":[{"embeddable":true,"href":"https:\/\/quehacerpolitico.mx\/index.php?rest_route=\/wp\/v2\/users\/2"}],"replies":[{"embeddable":true,"href":"https:\/\/quehacerpolitico.mx\/index.php?rest_route=%2Fwp%2Fv2%2Fcomments&post=112416"}],"version-history":[{"count":1,"href":"https:\/\/quehacerpolitico.mx\/index.php?rest_route=\/wp\/v2\/posts\/112416\/revisions"}],"predecessor-version":[{"id":112418,"href":"https:\/\/quehacerpolitico.mx\/index.php?rest_route=\/wp\/v2\/posts\/112416\/revisions\/112418"}],"wp:featuredmedia":[{"embeddable":true,"href":"https:\/\/quehacerpolitico.mx\/index.php?rest_route=\/wp\/v2\/media\/112417"}],"wp:attachment":[{"href":"https:\/\/quehacerpolitico.mx\/index.php?rest_route=%2Fwp%2Fv2%2Fmedia&parent=112416"}],"wp:term":[{"taxonomy":"category","embeddable":true,"href":"https:\/\/quehacerpolitico.mx\/index.php?rest_route=%2Fwp%2Fv2%2Fcategories&post=112416"},{"taxonomy":"post_tag","embeddable":true,"href":"https:\/\/quehacerpolitico.mx\/index.php?rest_route=%2Fwp%2Fv2%2Ftags&post=112416"}],"curies":[{"name":"wp","href":"https:\/\/api.w.org\/{rel}","templated":true}]}}