{"id":11241,"date":"2018-12-08T04:15:43","date_gmt":"2018-12-08T04:15:43","guid":{"rendered":"http:\/\/quehacerpolitico.mx\/el-com-aclara-que-el-boxeador-homofobo-no-ira-a-los-olimpicos-de-tokio-ejercen-presion-en-redes\/"},"modified":"2018-12-08T04:15:43","modified_gmt":"2018-12-08T04:15:43","slug":"el-com-aclara-que-el-boxeador-homofobo-no-ira-a-los-olimpicos-de-tokio-ejercen-presion-en-redes","status":"publish","type":"post","link":"https:\/\/quehacerpolitico.mx\/?p=11241","title":{"rendered":"El COM aclara que el boxeador hom\u00f3fobo no ir\u00e1 a los Ol\u00edmpicos de Tokio; ejercen presi\u00f3n en redes"},"content":{"rendered":"<h1>El COM aclara que el boxeador hom\u00f3fobo no ir\u00e1 a los Ol\u00edmpicos de Tokio; ejercen presi\u00f3n en redes<\/h1>\n<p>Por Redacci\u00f3n QP<\/p>\n<p>Las declaraciones el<strong> boxeador Dar\u00edo Larralde<\/strong> han generado una ola de cr\u00edticas en las redes sociales, para exigir que el autodenomidado \u201c<strong>homof\u00f3bico<\/strong>\u201d ya no represente a M\u00e9xico en los <strong>Juegos Ol\u00edmpicos<\/strong>de Tokio 2020.<\/p>\n<p>Sin embargo, el<strong> Comit\u00e9 Ol\u00edmpico Mexicano<\/strong>aclar\u00f3 esta tarde en Twitter que el p\u00fagil no pertenece a la selecci\u00f3n nacional de boxeo, aunque Larrarde as\u00ed lo presuma en su cuenta de Instagram.<\/p>\n<p>A ra\u00edz de sus declaraciones, decenas de usuarios se han sumado a un llamado a la Conade para que haya cero tolerancia a sus declaraciones de odio y que no se le permita participar en la delegaci\u00f3n mexicana en la justa ol\u00edmpica.<\/p>\n<blockquote class=\"twitter-tweet\" data-width=\"550\" data-dnt=\"true\">\n<p lang=\"es\" dir=\"ltr\">El Comit\u00e9 Ol\u00edmpico Mexicano reprueba las declaraciones homof\u00f3bicas hacia la comunidad LGBT realizadas por Dario Larralde, quien no pertenece a la selecci\u00f3n nacional de boxeo<\/p>\n<p>&mdash; Comit\u00e9 Ol\u00edmpico Mexicano (@COM_Mexico) <a href=\"https:\/\/twitter.com\/COM_Mexico\/status\/1071173363723321344?ref_src=twsrc%5Etfw\">December 7, 2018<\/a><\/p><\/blockquote>\n<p><script async src=\"https:\/\/platform.twitter.com\/widgets.js\" charset=\"utf-8\"><\/script><\/p>\n<p>Ayer jueves en diversos videos que subi\u00f3 a su cuenta de Instagram hizo varias declaraciones contra la comunidad homosexual, a quien llam\u00f3 \u201cuna plaga\u201d, y aunque despu\u00e9s se disculp\u00f3 tambi\u00e9n reafirm\u00f3 que \u00e9l es homof\u00f3bico, que \u00e9l es as\u00ed y no hay mucho que pueda hacer.<\/p>\n<blockquote>\n<p>\u201cMe cagan los putos gays, les tengo una pinche fobia\u2026 en todas las partes a las que voy siempre hay un pinche gay. [\u2026] Todo lo que hace su comunidad, todo lo que hacen ustedes, todo lo que representan, me caga, nunca lo voy a aceptar, me caga\u201d, dijo Dar\u00edo Larralde en una de sus historia de Instagram donde asegur\u00f3 que a todas partes que va siempre hay un gay vi\u00e9ndolo.<\/p>\n<\/blockquote>\n<p>Incluso hizo referencia a Hitler:<\/p>\n<p>\u201cYo s\u00e9 que Hitler era una muy mala persona, pero en eso s\u00ed lo apoyo, los putos gays son una plaga, son algo que me caga, algo que me enferma\u201d, insisti\u00f3.<\/p>\n<blockquote>\n<p>Luego, en Twitter, mand\u00f3 dos mensajes para supuestamente disculparse por lo que calific\u00f3 \u201cdemasiado drama\u201d, pero aclar\u00f3 que \u00e9l es \u201chomof\u00f3bico y la verdad no hay mucho que pueda hacer sobre eso\u201d.<\/p>\n<\/blockquote>\n<p>Sus declaraciones han causado indignaci\u00f3n en redes sociales, donde incluso el actor Luis Gerardo M\u00e9ndez se\u00f1al\u00f3 que \u201ces inaceptable\u201d alguien as\u00ed represente a M\u00e9xico en Tokio 2020.<\/p>\n<blockquote class=\"twitter-tweet\" data-width=\"550\" data-dnt=\"true\">\n<p lang=\"es\" dir=\"ltr\">Es inaceptable que alguien as\u00ed represente a M\u00e9xico en los <a href=\"https:\/\/twitter.com\/juegosolimpicos?ref_src=twsrc%5Etfw\">@JuegosOlimpicos<\/a>. <br \/>El discurso de odio y la ignorancia de @dario_larralde no pueden convivir con una fiesta que celebra la amistad, la hermandad y la inclusi\u00f3n. <br \/>Cero tolerancia al discurso de odio. <a href=\"https:\/\/twitter.com\/CONADE?ref_src=twsrc%5Etfw\">@CONADE<\/a> <a href=\"https:\/\/twitter.com\/CONAPRED?ref_src=twsrc%5Etfw\">@CONAPRED<\/a> <a href=\"https:\/\/t.co\/Hry62cn4F7\">https:\/\/t.co\/Hry62cn4F7<\/a><\/p>\n<p>&mdash; Luis Gerardo M\u00e9ndez (@LuisGerardoM) <a href=\"https:\/\/twitter.com\/LuisGerardoM\/status\/1071069055967088640?ref_src=twsrc%5Etfw\">December 7, 2018<\/a><\/p><\/blockquote>\n<p><script async src=\"https:\/\/platform.twitter.com\/widgets.js\" charset=\"utf-8\"><\/script><\/p>\n<p>https:\/\/twitter.com\/soyladycorrales\/status\/1071077353600647168?s=21<\/p>\n<blockquote class=\"twitter-tweet\" data-width=\"550\" data-dnt=\"true\">\n<p lang=\"es\" dir=\"ltr\">Gracias por viralizar esto y creo que todos esperamos la respuesta de <a href=\"https:\/\/twitter.com\/CONADE?ref_src=twsrc%5Etfw\">@CONADE<\/a> ante est\u00e1s declaraciones que ponen en riesgo la integridad de la comunidad y hasta de la persona que las dio.<\/p>\n<p>&mdash; Isac (@isack8805) <a href=\"https:\/\/twitter.com\/isack8805\/status\/1071083820164763650?ref_src=twsrc%5Etfw\">December 7, 2018<\/a><\/p><\/blockquote>\n<p><script async src=\"https:\/\/platform.twitter.com\/widgets.js\" charset=\"utf-8\"><\/script><\/p>\n<p>https:\/\/twitter.com\/jcnungaray1\/status\/1071163884294324225?s=21<\/p>\n<blockquote class=\"twitter-tweet\" data-width=\"550\" data-dnt=\"true\">\n<p lang=\"es\" dir=\"ltr\">Conf\u00edo en que <a href=\"https:\/\/twitter.com\/CONADE?ref_src=twsrc%5Etfw\">@CONADE<\/a> tome nota de la <a href=\"https:\/\/twitter.com\/hashtag\/homofobia?src=hash&amp;ref_src=twsrc%5Etfw\">#homofobia<\/a> expl\u00edcita e incitaci\u00f3n a la discriminaci\u00f3n por parte de @dario_larralde.<br \/>Jur\u00eddicamente, la libertad de expresi\u00f3n no avala discursos de odio. <br \/>No merece participar en los <a href=\"https:\/\/twitter.com\/juegosolimpicos?ref_src=twsrc%5Etfw\">@juegosolimpicos<\/a>, que representan la paz y respeto.<\/p>\n<p>&mdash; Se\u00f1ora-Vato \ud83d\udc9b\ud83e\udd0d\ud83d\udc9c\ud83d\udda4 (@jorgealdana) <a href=\"https:\/\/twitter.com\/jorgealdana\/status\/1071104173079478274?ref_src=twsrc%5Etfw\">December 7, 2018<\/a><\/p><\/blockquote>\n<p><script async src=\"https:\/\/platform.twitter.com\/widgets.js\" charset=\"utf-8\"><\/script><\/p>\n","protected":false},"excerpt":{"rendered":"<p>El COM aclara que el boxeador hom\u00f3fobo no ir\u00e1 a los Ol\u00edmpicos de Tokio; ejercen presi\u00f3n en redes<br \/>\nPor Redacci\u00f3n QP<\/p>\n","protected":false},"author":2,"featured_media":11240,"comment_status":"open","ping_status":"open","sticky":false,"template":"","format":"standard","meta":{"_monsterinsights_skip_tracking":false,"_monsterinsights_sitenote_active":false,"_monsterinsights_sitenote_note":"","_monsterinsights_sitenote_category":0,"footnotes":""},"categories":[54],"tags":[],"class_list":["post-11241","post","type-post","status-publish","format-standard","has-post-thumbnail","hentry","category-deportes"],"yoast_head":"<!-- This site is optimized with the Yoast SEO plugin v27.3 - https:\/\/yoast.com\/product\/yoast-seo-wordpress\/ -->\n<title>El COM aclara que el boxeador hom\u00f3fobo no ir\u00e1 a los Ol\u00edmpicos de Tokio; ejercen presi\u00f3n en redes -<\/title>\n<meta name=\"robots\" content=\"index, follow, max-snippet:-1, max-image-preview:large, max-video-preview:-1\" \/>\n<link rel=\"canonical\" href=\"https:\/\/quehacerpolitico.mx\/?p=11241\" \/>\n<meta property=\"og:locale\" content=\"es_MX\" \/>\n<meta property=\"og:type\" content=\"article\" \/>\n<meta property=\"og:title\" content=\"El COM aclara que el boxeador hom\u00f3fobo no ir\u00e1 a los Ol\u00edmpicos de Tokio; ejercen presi\u00f3n en redes -\" \/>\n<meta property=\"og:description\" content=\"El COM aclara que el boxeador hom\u00f3fobo no ir\u00e1 a los Ol\u00edmpicos de Tokio; ejercen presi\u00f3n en redes Por Redacci\u00f3n QP\" \/>\n<meta property=\"og:url\" content=\"https:\/\/quehacerpolitico.mx\/?p=11241\" \/>\n<meta property=\"article:published_time\" content=\"2018-12-08T04:15:43+00:00\" \/>\n<meta name=\"author\" content=\"Redacci\u00f3n QP\" \/>\n<meta name=\"twitter:card\" content=\"summary_large_image\" \/>\n<meta name=\"twitter:label1\" content=\"Escrito por\" \/>\n\t<meta name=\"twitter:data1\" content=\"Redacci\u00f3n QP\" \/>\n\t<meta name=\"twitter:label2\" content=\"Tiempo de lectura\" \/>\n\t<meta name=\"twitter:data2\" content=\"2 minutos\" \/>\n<script type=\"application\/ld+json\" class=\"yoast-schema-graph\">{\"@context\":\"https:\\\/\\\/schema.org\",\"@graph\":[{\"@type\":\"Article\",\"@id\":\"https:\\\/\\\/quehacerpolitico.mx\\\/?p=11241#article\",\"isPartOf\":{\"@id\":\"https:\\\/\\\/quehacerpolitico.mx\\\/?p=11241\"},\"author\":{\"name\":\"Redacci\u00f3n QP\",\"@id\":\"https:\\\/\\\/quehacerpolitico.mx\\\/#\\\/schema\\\/person\\\/496d8ad2d1d3f8036101dca7ee39e585\"},\"headline\":\"El COM aclara que el boxeador hom\u00f3fobo no ir\u00e1 a los Ol\u00edmpicos de Tokio; ejercen presi\u00f3n en redes\",\"datePublished\":\"2018-12-08T04:15:43+00:00\",\"mainEntityOfPage\":{\"@id\":\"https:\\\/\\\/quehacerpolitico.mx\\\/?p=11241\"},\"wordCount\":419,\"commentCount\":0,\"image\":{\"@id\":\"https:\\\/\\\/quehacerpolitico.mx\\\/?p=11241#primaryimage\"},\"thumbnailUrl\":\"\",\"articleSection\":[\"Deportes\"],\"inLanguage\":\"es\",\"potentialAction\":[{\"@type\":\"CommentAction\",\"name\":\"Comment\",\"target\":[\"https:\\\/\\\/quehacerpolitico.mx\\\/?p=11241#respond\"]}]},{\"@type\":\"WebPage\",\"@id\":\"https:\\\/\\\/quehacerpolitico.mx\\\/?p=11241\",\"url\":\"https:\\\/\\\/quehacerpolitico.mx\\\/?p=11241\",\"name\":\"El COM aclara que el boxeador hom\u00f3fobo no ir\u00e1 a los Ol\u00edmpicos de Tokio; ejercen presi\u00f3n en redes -\",\"isPartOf\":{\"@id\":\"https:\\\/\\\/quehacerpolitico.mx\\\/#website\"},\"primaryImageOfPage\":{\"@id\":\"https:\\\/\\\/quehacerpolitico.mx\\\/?p=11241#primaryimage\"},\"image\":{\"@id\":\"https:\\\/\\\/quehacerpolitico.mx\\\/?p=11241#primaryimage\"},\"thumbnailUrl\":\"\",\"datePublished\":\"2018-12-08T04:15:43+00:00\",\"author\":{\"@id\":\"https:\\\/\\\/quehacerpolitico.mx\\\/#\\\/schema\\\/person\\\/496d8ad2d1d3f8036101dca7ee39e585\"},\"breadcrumb\":{\"@id\":\"https:\\\/\\\/quehacerpolitico.mx\\\/?p=11241#breadcrumb\"},\"inLanguage\":\"es\",\"potentialAction\":[{\"@type\":\"ReadAction\",\"target\":[\"https:\\\/\\\/quehacerpolitico.mx\\\/?p=11241\"]}]},{\"@type\":\"ImageObject\",\"inLanguage\":\"es\",\"@id\":\"https:\\\/\\\/quehacerpolitico.mx\\\/?p=11241#primaryimage\",\"url\":\"\",\"contentUrl\":\"\"},{\"@type\":\"BreadcrumbList\",\"@id\":\"https:\\\/\\\/quehacerpolitico.mx\\\/?p=11241#breadcrumb\",\"itemListElement\":[{\"@type\":\"ListItem\",\"position\":1,\"name\":\"Inicio\",\"item\":\"https:\\\/\\\/quehacerpolitico.mx\\\/\"},{\"@type\":\"ListItem\",\"position\":2,\"name\":\"El COM aclara que el boxeador hom\u00f3fobo no ir\u00e1 a los Ol\u00edmpicos de Tokio; ejercen presi\u00f3n en redes\"}]},{\"@type\":\"WebSite\",\"@id\":\"https:\\\/\\\/quehacerpolitico.mx\\\/#website\",\"url\":\"https:\\\/\\\/quehacerpolitico.mx\\\/\",\"name\":\"\",\"description\":\"\",\"potentialAction\":[{\"@type\":\"SearchAction\",\"target\":{\"@type\":\"EntryPoint\",\"urlTemplate\":\"https:\\\/\\\/quehacerpolitico.mx\\\/?s={search_term_string}\"},\"query-input\":{\"@type\":\"PropertyValueSpecification\",\"valueRequired\":true,\"valueName\":\"search_term_string\"}}],\"inLanguage\":\"es\"},{\"@type\":\"Person\",\"@id\":\"https:\\\/\\\/quehacerpolitico.mx\\\/#\\\/schema\\\/person\\\/496d8ad2d1d3f8036101dca7ee39e585\",\"name\":\"Redacci\u00f3n QP\",\"image\":{\"@type\":\"ImageObject\",\"inLanguage\":\"es\",\"@id\":\"https:\\\/\\\/secure.gravatar.com\\\/avatar\\\/c7164ed6fdec453195284ad24a5ae5b6e1eed2b848477fa2a4787ba9adf39a41?s=96&d=mm&r=g\",\"url\":\"https:\\\/\\\/secure.gravatar.com\\\/avatar\\\/c7164ed6fdec453195284ad24a5ae5b6e1eed2b848477fa2a4787ba9adf39a41?s=96&d=mm&r=g\",\"contentUrl\":\"https:\\\/\\\/secure.gravatar.com\\\/avatar\\\/c7164ed6fdec453195284ad24a5ae5b6e1eed2b848477fa2a4787ba9adf39a41?s=96&d=mm&r=g\",\"caption\":\"Redacci\u00f3n QP\"},\"url\":\"https:\\\/\\\/quehacerpolitico.mx\\\/?author=2\"}]}<\/script>\n<!-- \/ Yoast SEO plugin. -->","yoast_head_json":{"title":"El COM aclara que el boxeador hom\u00f3fobo no ir\u00e1 a los Ol\u00edmpicos de Tokio; ejercen presi\u00f3n en redes -","robots":{"index":"index","follow":"follow","max-snippet":"max-snippet:-1","max-image-preview":"max-image-preview:large","max-video-preview":"max-video-preview:-1"},"canonical":"https:\/\/quehacerpolitico.mx\/?p=11241","og_locale":"es_MX","og_type":"article","og_title":"El COM aclara que el boxeador hom\u00f3fobo no ir\u00e1 a los Ol\u00edmpicos de Tokio; ejercen presi\u00f3n en redes -","og_description":"El COM aclara que el boxeador hom\u00f3fobo no ir\u00e1 a los Ol\u00edmpicos de Tokio; ejercen presi\u00f3n en redes Por Redacci\u00f3n QP","og_url":"https:\/\/quehacerpolitico.mx\/?p=11241","article_published_time":"2018-12-08T04:15:43+00:00","author":"Redacci\u00f3n QP","twitter_card":"summary_large_image","twitter_misc":{"Escrito por":"Redacci\u00f3n QP","Tiempo de lectura":"2 minutos"},"schema":{"@context":"https:\/\/schema.org","@graph":[{"@type":"Article","@id":"https:\/\/quehacerpolitico.mx\/?p=11241#article","isPartOf":{"@id":"https:\/\/quehacerpolitico.mx\/?p=11241"},"author":{"name":"Redacci\u00f3n QP","@id":"https:\/\/quehacerpolitico.mx\/#\/schema\/person\/496d8ad2d1d3f8036101dca7ee39e585"},"headline":"El COM aclara que el boxeador hom\u00f3fobo no ir\u00e1 a los Ol\u00edmpicos de Tokio; ejercen presi\u00f3n en redes","datePublished":"2018-12-08T04:15:43+00:00","mainEntityOfPage":{"@id":"https:\/\/quehacerpolitico.mx\/?p=11241"},"wordCount":419,"commentCount":0,"image":{"@id":"https:\/\/quehacerpolitico.mx\/?p=11241#primaryimage"},"thumbnailUrl":"","articleSection":["Deportes"],"inLanguage":"es","potentialAction":[{"@type":"CommentAction","name":"Comment","target":["https:\/\/quehacerpolitico.mx\/?p=11241#respond"]}]},{"@type":"WebPage","@id":"https:\/\/quehacerpolitico.mx\/?p=11241","url":"https:\/\/quehacerpolitico.mx\/?p=11241","name":"El COM aclara que el boxeador hom\u00f3fobo no ir\u00e1 a los Ol\u00edmpicos de Tokio; ejercen presi\u00f3n en redes -","isPartOf":{"@id":"https:\/\/quehacerpolitico.mx\/#website"},"primaryImageOfPage":{"@id":"https:\/\/quehacerpolitico.mx\/?p=11241#primaryimage"},"image":{"@id":"https:\/\/quehacerpolitico.mx\/?p=11241#primaryimage"},"thumbnailUrl":"","datePublished":"2018-12-08T04:15:43+00:00","author":{"@id":"https:\/\/quehacerpolitico.mx\/#\/schema\/person\/496d8ad2d1d3f8036101dca7ee39e585"},"breadcrumb":{"@id":"https:\/\/quehacerpolitico.mx\/?p=11241#breadcrumb"},"inLanguage":"es","potentialAction":[{"@type":"ReadAction","target":["https:\/\/quehacerpolitico.mx\/?p=11241"]}]},{"@type":"ImageObject","inLanguage":"es","@id":"https:\/\/quehacerpolitico.mx\/?p=11241#primaryimage","url":"","contentUrl":""},{"@type":"BreadcrumbList","@id":"https:\/\/quehacerpolitico.mx\/?p=11241#breadcrumb","itemListElement":[{"@type":"ListItem","position":1,"name":"Inicio","item":"https:\/\/quehacerpolitico.mx\/"},{"@type":"ListItem","position":2,"name":"El COM aclara que el boxeador hom\u00f3fobo no ir\u00e1 a los Ol\u00edmpicos de Tokio; ejercen presi\u00f3n en redes"}]},{"@type":"WebSite","@id":"https:\/\/quehacerpolitico.mx\/#website","url":"https:\/\/quehacerpolitico.mx\/","name":"","description":"","potentialAction":[{"@type":"SearchAction","target":{"@type":"EntryPoint","urlTemplate":"https:\/\/quehacerpolitico.mx\/?s={search_term_string}"},"query-input":{"@type":"PropertyValueSpecification","valueRequired":true,"valueName":"search_term_string"}}],"inLanguage":"es"},{"@type":"Person","@id":"https:\/\/quehacerpolitico.mx\/#\/schema\/person\/496d8ad2d1d3f8036101dca7ee39e585","name":"Redacci\u00f3n QP","image":{"@type":"ImageObject","inLanguage":"es","@id":"https:\/\/secure.gravatar.com\/avatar\/c7164ed6fdec453195284ad24a5ae5b6e1eed2b848477fa2a4787ba9adf39a41?s=96&d=mm&r=g","url":"https:\/\/secure.gravatar.com\/avatar\/c7164ed6fdec453195284ad24a5ae5b6e1eed2b848477fa2a4787ba9adf39a41?s=96&d=mm&r=g","contentUrl":"https:\/\/secure.gravatar.com\/avatar\/c7164ed6fdec453195284ad24a5ae5b6e1eed2b848477fa2a4787ba9adf39a41?s=96&d=mm&r=g","caption":"Redacci\u00f3n QP"},"url":"https:\/\/quehacerpolitico.mx\/?author=2"}]}},"featured_image_urls":{"full":"","thumbnail":"","medium":"","medium_large":"","large":"","1536x1536":"","2048x2048":"","covernews-featured":"","covernews-medium":""},"author_info":{"display_name":"Redacci\u00f3n QP","author_link":"https:\/\/quehacerpolitico.mx\/?author=2"},"category_info":"<a href=\"https:\/\/quehacerpolitico.mx\/?cat=54\" rel=\"category\">Deportes<\/a>","tag_info":"Deportes","comment_count":"0","_links":{"self":[{"href":"https:\/\/quehacerpolitico.mx\/index.php?rest_route=\/wp\/v2\/posts\/11241","targetHints":{"allow":["GET"]}}],"collection":[{"href":"https:\/\/quehacerpolitico.mx\/index.php?rest_route=\/wp\/v2\/posts"}],"about":[{"href":"https:\/\/quehacerpolitico.mx\/index.php?rest_route=\/wp\/v2\/types\/post"}],"author":[{"embeddable":true,"href":"https:\/\/quehacerpolitico.mx\/index.php?rest_route=\/wp\/v2\/users\/2"}],"replies":[{"embeddable":true,"href":"https:\/\/quehacerpolitico.mx\/index.php?rest_route=%2Fwp%2Fv2%2Fcomments&post=11241"}],"version-history":[{"count":0,"href":"https:\/\/quehacerpolitico.mx\/index.php?rest_route=\/wp\/v2\/posts\/11241\/revisions"}],"wp:featuredmedia":[{"embeddable":true,"href":"https:\/\/quehacerpolitico.mx\/index.php?rest_route=\/"}],"wp:attachment":[{"href":"https:\/\/quehacerpolitico.mx\/index.php?rest_route=%2Fwp%2Fv2%2Fmedia&parent=11241"}],"wp:term":[{"taxonomy":"category","embeddable":true,"href":"https:\/\/quehacerpolitico.mx\/index.php?rest_route=%2Fwp%2Fv2%2Fcategories&post=11241"},{"taxonomy":"post_tag","embeddable":true,"href":"https:\/\/quehacerpolitico.mx\/index.php?rest_route=%2Fwp%2Fv2%2Ftags&post=11241"}],"curies":[{"name":"wp","href":"https:\/\/api.w.org\/{rel}","templated":true}]}}