{"id":112409,"date":"2024-09-09T14:44:47","date_gmt":"2024-09-09T14:44:47","guid":{"rendered":"https:\/\/quehacerpolitico.mx\/?p=112409"},"modified":"2024-09-09T14:44:50","modified_gmt":"2024-09-09T14:44:50","slug":"el-quehacer-politico-en-las-finanzas-desentranando-los-movimientos-del-mercado-impacto-de-los-recortes-de-tasas-de-la-fed-en-el-sp-500-un-analisis-historico-desde-1989","status":"publish","type":"post","link":"https:\/\/quehacerpolitico.mx\/?p=112409","title":{"rendered":"El Quehacer Pol\u00edtico en las Finanzas Desentra\u00f1ando los movimientos del mercado\/\/\/Impacto de los Recortes de Tasas de la Fed en el S&amp;P 500: Un An\u00e1lisis Hist\u00f3rico desde 1989"},"content":{"rendered":"\n<p>Por Pedro Tiburcio<\/p>\n\n\n\n<p>Analista Financiero <\/p>\n\n\n\n<p>Cada mes, la Reserva Federal (Fed) se re\u00fane para definir su pol\u00edtica monetaria, y mientras nos acercamos al cierre del a\u00f1o, el mercado est\u00e1 atento ante la posibilidad de que la Fed inicie un ciclo de reducci\u00f3n de tasas de inter\u00e9s, como ya han hecho varios bancos centrales alrededor del mundo.&nbsp;<\/p>\n\n\n\n<p>Ante este escenario, surge una pregunta clave: \u00bfC\u00f3mo ha reaccionado hist\u00f3ricamente el S&amp;P 500 ante los ciclos de baja de tasas de la Fed?<\/p>\n\n\n\n<p>A continuaci\u00f3n, exploramos los principales periodos de recorte de tasas desde 1989 y la respuesta del S&amp;P 500 durante estos eventos.<\/p>\n\n\n\n<p>1. Ciclo de recortes 1989-1992 (Recesi\u00f3n temprana de los 90)<\/p>\n\n\n\n<p>&nbsp; &#8211; Contexto: La Fed comenz\u00f3 a reducir las tasas en 1989 como respuesta a un debilitamiento econ\u00f3mico tras una expansi\u00f3n prolongada en los 80. Este ciclo continu\u00f3 hasta 1992, en medio de una recesi\u00f3n.<\/p>\n\n\n\n<p>&nbsp; &#8211; Comportamiento del S&amp;P 500:<\/p>\n\n\n\n<p>&nbsp; &nbsp; &#8211; El mercado experiment\u00f3 una ca\u00edda significativa en 1990, perdiendo m\u00e1s del 20% de su valor. No obstante, en los a\u00f1os 1991-1992, el \u00edndice comenz\u00f3 a recuperarse a medida que la Fed intensific\u00f3 la reducci\u00f3n de tasas.<\/p>\n\n\n\n<p>&nbsp; &nbsp; &#8211; A largo plazo, la combinaci\u00f3n de una pol\u00edtica monetaria m\u00e1s flexible y la posterior recuperaci\u00f3n econ\u00f3mica gener\u00f3 un rally importante en los mercados.<\/p>\n\n\n\n<p>2. Ciclo de recortes 2001-2003 (Burbuja de las puntocom y recesi\u00f3n post-11S)<\/p>\n\n\n\n<p>&nbsp; &#8211; Contexto: Tras el colapso de las empresas tecnol\u00f3gicas y los atentados del 11 de septiembre, la Fed actu\u00f3 r\u00e1pidamente para recortar tasas desde 2001.<\/p>\n\n\n\n<p>&nbsp; &#8211; Comportamiento del S&amp;P 500:<\/p>\n\n\n\n<p>&nbsp; &nbsp; &#8211; A pesar de los recortes, el S&amp;P 500 cay\u00f3 un 40% desde el m\u00e1ximo alcanzado en 2000 hasta su punto m\u00e1s bajo en 2002, siendo la burbuja tecnol\u00f3gica el principal factor.<\/p>\n\n\n\n<p>&nbsp; &nbsp; &#8211; Sin embargo, tras los agresivos est\u00edmulos monetarios, el mercado comenz\u00f3 una recuperaci\u00f3n s\u00f3lida en 2003.<\/p>\n\n\n\n<p>3. Ciclo de recortes 2007-2009 (Crisis financiera global)<\/p>\n\n\n\n<p>&nbsp; &#8211; Contexto: En medio de la peor crisis financiera desde la Gran Depresi\u00f3n, la Fed aplic\u00f3 recortes dr\u00e1sticos para tratar de estabilizar la econom\u00eda y los mercados financieros.<\/p>\n\n\n\n<p>&nbsp; &#8211; Comportamiento del S&amp;P 500:<\/p>\n\n\n\n<p>&nbsp; &nbsp; &#8211; El S&amp;P 500 sufri\u00f3 una p\u00e9rdida del 50% entre 2007 y marzo de 2009, alcanzando su punto m\u00e1s bajo en la crisis financiera.<\/p>\n\n\n\n<p>&nbsp; &nbsp; &#8211; A partir de ese punto, y con el respaldo de tasas cercanas a cero, el mercado inici\u00f3 un ciclo alcista que dur\u00f3 m\u00e1s de una d\u00e9cada.<\/p>\n\n\n\n<p>4. Ciclo de recortes 2019-2020 (Guerra comercial y pandemia de COVID-19)<\/p>\n\n\n\n<p>&nbsp; &#8211; Contexto: La Fed empez\u00f3 a bajar tasas en 2019 debido a tensiones comerciales entre EE. UU. y China, y aplic\u00f3 recortes de emergencia en 2020 por la pandemia de COVID-19.<\/p>\n\n\n\n<p>&nbsp; &#8211; Comportamiento del S&amp;P 500:<\/p>\n\n\n\n<p>&nbsp; &nbsp; &#8211; En 2019, el S&amp;P 500 alcanz\u00f3 nuevos m\u00e1ximos tras las primeras reducciones de tasas.<\/p>\n\n\n\n<p>&nbsp; &nbsp; &#8211; Sin embargo, en 2020, la pandemia provoc\u00f3 una ca\u00edda pronunciada en el mercado. A pesar de esto, gracias a las pol\u00edticas monetarias y fiscales expansivas, el \u00edndice se recuper\u00f3 r\u00e1pidamente y marc\u00f3 nuevos r\u00e9cords a finales del a\u00f1o.<\/p>\n\n\n\n<p>Conclusiones:<\/p>\n\n\n\n<p>&nbsp; &#8211; Reacci\u00f3n inicial vol\u00e1til: En muchos casos, el S&amp;P 500 ha mostrado ca\u00eddas o volatilidad en los meses iniciales de los ciclos de recorte, reflejando las tensiones econ\u00f3micas subyacentes.<\/p>\n\n\n\n<p>&nbsp; &#8211; Recuperaci\u00f3n sostenida: Con el tiempo, las reducciones de tasas han sido favorables para el mercado, generando recuperaciones a medida que la econom\u00eda se estabiliza.<\/p>\n\n\n\n<p>&nbsp; &#8211; Influencia de factores externos: Aunque los recortes de tasas son un catalizador, factores externos como crisis econ\u00f3micas o eventos globales tambi\u00e9n juegan un papel crucial en la direcci\u00f3n del mercado.<\/p>\n\n\n\n<p>En resumen, los recortes de tasas suelen preparar el terreno para un mercado m\u00e1s favorable a largo plazo, aunque los&nbsp;inversionistas&nbsp;deben estar preparados para enfrentar volatilidad en las etapas iniciales del ciclo.&nbsp;<\/p>\n\n\n\n<p>A continuaci\u00f3n, se presenta una gr\u00e1fica que ilustra c\u00f3mo el S&amp;P 500 ha reaccionado hist\u00f3ricamente a estos eventos.<\/p>\n\n\n\n<figure class=\"wp-block-image size-full\"><img loading=\"lazy\" decoding=\"async\" width=\"920\" height=\"516\" src=\"https:\/\/quehacerpolitico.mx\/wp-content\/uploads\/2024\/09\/image-28.jpeg\" alt=\"\" class=\"wp-image-112410\" srcset=\"https:\/\/quehacerpolitico.mx\/wp-content\/uploads\/2024\/09\/image-28.jpeg 920w, https:\/\/quehacerpolitico.mx\/wp-content\/uploads\/2024\/09\/image-28-300x168.jpeg 300w, https:\/\/quehacerpolitico.mx\/wp-content\/uploads\/2024\/09\/image-28-768x431.jpeg 768w, https:\/\/quehacerpolitico.mx\/wp-content\/uploads\/2024\/09\/image-28-260x146.jpeg 260w, https:\/\/quehacerpolitico.mx\/wp-content\/uploads\/2024\/09\/image-28-50x28.jpeg 50w, https:\/\/quehacerpolitico.mx\/wp-content\/uploads\/2024\/09\/image-28-134x75.jpeg 134w\" sizes=\"auto, (max-width: 920px) 100vw, 920px\" \/><figcaption class=\"wp-element-caption\">Screenshot<\/figcaption><\/figure>\n\n\n\n<p><a href=\"https:\/\/www.tradingview.com\/x\/pKqpN7t9\">https:\/\/www.tradingview.com\/x\/pKqpN7t9<\/a><\/p>\n\n\n\n<p>Si el mercado sigue estos patrones, podr\u00edamos estar ante una oportunidad significativa de compra, como ha ocurrido en ciclos anteriores.<\/p>\n\n\n\n<p>Te invito a que me sigas en Twitter\/X&nbsp;<a href=\"https:\/\/x.com\/ptiburon\">@ptiburon<\/a>&nbsp;y te unas a mi canal de WhatsApp&nbsp;<a href=\"https:\/\/bit.ly\/460YKlM\">Trading sin L\u00edmites<\/a>&nbsp;para estar al tanto de una manera m\u00e1s puntual y recibir actualizaciones clave sobre los mercados financieros de mayor inter\u00e9s.<\/p>\n\n\n\n<p>As\u00ed el Quehacer Pol\u00edtico en los mercados financieros a trav\u00e9s del an\u00e1lisis t\u00e9cnico con Pedro Tiburcio, desentra\u00f1ando los movimientos del mercado, 44 a\u00f1os inquiriendo en la pol\u00edtica de M\u00e9xico, cuestionando, exponiendo, revelando y razonando.Es cuanto.<\/p>\n\n\n\n<p>Que tengas una excelente semana de trading y recuerda:&nbsp;<\/p>\n\n\n\n<p>\u00a1Nos vemos en los mercados!&nbsp;<\/p>\n\n\n\n<p>Hasta la pr\u00f3xima.<\/p>\n\n\n\n<p>Gr\u00e1ficas cortes\u00eda de&nbsp;<a href=\"https:\/\/www.tradingview.com\/?aff_id=17896\">TradingView<\/a>.<\/p>\n\n\n\n<p>Pedro Tiburcio<\/p>\n\n\n\n<p>Analista de Elliott Wave M\u00e9xico<\/p>\n","protected":false},"excerpt":{"rendered":"<p>Por Pedro Tiburcio Analista Financiero Cada mes, la Reserva Federal (Fed) se re\u00fane para definir&#8230;<\/p>\n","protected":false},"author":2,"featured_media":112411,"comment_status":"open","ping_status":"open","sticky":false,"template":"","format":"standard","meta":{"_monsterinsights_skip_tracking":false,"_monsterinsights_sitenote_active":false,"_monsterinsights_sitenote_note":"","_monsterinsights_sitenote_category":0,"footnotes":""},"categories":[56],"tags":[],"class_list":["post-112409","post","type-post","status-publish","format-standard","has-post-thumbnail","hentry","category-economia"],"yoast_head":"<!-- This site is optimized with the Yoast SEO plugin v27.3 - https:\/\/yoast.com\/product\/yoast-seo-wordpress\/ -->\n<title>El Quehacer Pol\u00edtico en las Finanzas Desentra\u00f1ando los movimientos del mercado\/\/\/Impacto de los Recortes de Tasas de la Fed en el S&amp;P 500: Un An\u00e1lisis Hist\u00f3rico desde 1989 -<\/title>\n<meta name=\"robots\" content=\"index, follow, max-snippet:-1, max-image-preview:large, max-video-preview:-1\" \/>\n<link rel=\"canonical\" href=\"https:\/\/quehacerpolitico.mx\/?p=112409\" \/>\n<meta property=\"og:locale\" content=\"es_MX\" \/>\n<meta property=\"og:type\" content=\"article\" \/>\n<meta property=\"og:title\" content=\"El Quehacer Pol\u00edtico en las Finanzas Desentra\u00f1ando los movimientos del mercado\/\/\/Impacto de los Recortes de Tasas de la Fed en el S&amp;P 500: Un An\u00e1lisis Hist\u00f3rico desde 1989 -\" \/>\n<meta property=\"og:description\" content=\"Por Pedro Tiburcio Analista Financiero Cada mes, la Reserva Federal (Fed) se re\u00fane para definir...\" \/>\n<meta property=\"og:url\" content=\"https:\/\/quehacerpolitico.mx\/?p=112409\" \/>\n<meta property=\"article:published_time\" content=\"2024-09-09T14:44:47+00:00\" \/>\n<meta property=\"article:modified_time\" content=\"2024-09-09T14:44:50+00:00\" \/>\n<meta property=\"og:image\" content=\"https:\/\/quehacerpolitico.mx\/wp-content\/uploads\/2024\/09\/31805cf3-46d8-4ee8-940e-a4ac66b7fd01-1.jpeg\" \/>\n\t<meta property=\"og:image:width\" content=\"963\" \/>\n\t<meta property=\"og:image:height\" content=\"493\" \/>\n\t<meta property=\"og:image:type\" content=\"image\/jpeg\" \/>\n<meta name=\"author\" content=\"Redacci\u00f3n QP\" \/>\n<meta name=\"twitter:card\" content=\"summary_large_image\" \/>\n<meta name=\"twitter:label1\" content=\"Escrito por\" \/>\n\t<meta name=\"twitter:data1\" content=\"Redacci\u00f3n QP\" \/>\n\t<meta name=\"twitter:label2\" content=\"Tiempo de lectura\" \/>\n\t<meta name=\"twitter:data2\" content=\"4 minutos\" \/>\n<script type=\"application\/ld+json\" class=\"yoast-schema-graph\">{\"@context\":\"https:\\\/\\\/schema.org\",\"@graph\":[{\"@type\":\"Article\",\"@id\":\"https:\\\/\\\/quehacerpolitico.mx\\\/?p=112409#article\",\"isPartOf\":{\"@id\":\"https:\\\/\\\/quehacerpolitico.mx\\\/?p=112409\"},\"author\":{\"name\":\"Redacci\u00f3n QP\",\"@id\":\"https:\\\/\\\/quehacerpolitico.mx\\\/#\\\/schema\\\/person\\\/496d8ad2d1d3f8036101dca7ee39e585\"},\"headline\":\"El Quehacer Pol\u00edtico en las Finanzas Desentra\u00f1ando los movimientos del mercado\\\/\\\/\\\/Impacto de los Recortes de Tasas de la Fed en el S&amp;P 500: Un An\u00e1lisis Hist\u00f3rico desde 1989\",\"datePublished\":\"2024-09-09T14:44:47+00:00\",\"dateModified\":\"2024-09-09T14:44:50+00:00\",\"mainEntityOfPage\":{\"@id\":\"https:\\\/\\\/quehacerpolitico.mx\\\/?p=112409\"},\"wordCount\":895,\"commentCount\":0,\"image\":{\"@id\":\"https:\\\/\\\/quehacerpolitico.mx\\\/?p=112409#primaryimage\"},\"thumbnailUrl\":\"https:\\\/\\\/quehacerpolitico.mx\\\/wp-content\\\/uploads\\\/2024\\\/09\\\/31805cf3-46d8-4ee8-940e-a4ac66b7fd01-1.jpeg\",\"articleSection\":[\"Econom\u00eda\"],\"inLanguage\":\"es\",\"potentialAction\":[{\"@type\":\"CommentAction\",\"name\":\"Comment\",\"target\":[\"https:\\\/\\\/quehacerpolitico.mx\\\/?p=112409#respond\"]}]},{\"@type\":\"WebPage\",\"@id\":\"https:\\\/\\\/quehacerpolitico.mx\\\/?p=112409\",\"url\":\"https:\\\/\\\/quehacerpolitico.mx\\\/?p=112409\",\"name\":\"El Quehacer Pol\u00edtico en las Finanzas Desentra\u00f1ando los movimientos del mercado\\\/\\\/\\\/Impacto de los Recortes de Tasas de la Fed en el S&amp;P 500: Un An\u00e1lisis Hist\u00f3rico desde 1989 -\",\"isPartOf\":{\"@id\":\"https:\\\/\\\/quehacerpolitico.mx\\\/#website\"},\"primaryImageOfPage\":{\"@id\":\"https:\\\/\\\/quehacerpolitico.mx\\\/?p=112409#primaryimage\"},\"image\":{\"@id\":\"https:\\\/\\\/quehacerpolitico.mx\\\/?p=112409#primaryimage\"},\"thumbnailUrl\":\"https:\\\/\\\/quehacerpolitico.mx\\\/wp-content\\\/uploads\\\/2024\\\/09\\\/31805cf3-46d8-4ee8-940e-a4ac66b7fd01-1.jpeg\",\"datePublished\":\"2024-09-09T14:44:47+00:00\",\"dateModified\":\"2024-09-09T14:44:50+00:00\",\"author\":{\"@id\":\"https:\\\/\\\/quehacerpolitico.mx\\\/#\\\/schema\\\/person\\\/496d8ad2d1d3f8036101dca7ee39e585\"},\"breadcrumb\":{\"@id\":\"https:\\\/\\\/quehacerpolitico.mx\\\/?p=112409#breadcrumb\"},\"inLanguage\":\"es\",\"potentialAction\":[{\"@type\":\"ReadAction\",\"target\":[\"https:\\\/\\\/quehacerpolitico.mx\\\/?p=112409\"]}]},{\"@type\":\"ImageObject\",\"inLanguage\":\"es\",\"@id\":\"https:\\\/\\\/quehacerpolitico.mx\\\/?p=112409#primaryimage\",\"url\":\"https:\\\/\\\/quehacerpolitico.mx\\\/wp-content\\\/uploads\\\/2024\\\/09\\\/31805cf3-46d8-4ee8-940e-a4ac66b7fd01-1.jpeg\",\"contentUrl\":\"https:\\\/\\\/quehacerpolitico.mx\\\/wp-content\\\/uploads\\\/2024\\\/09\\\/31805cf3-46d8-4ee8-940e-a4ac66b7fd01-1.jpeg\",\"width\":963,\"height\":493},{\"@type\":\"BreadcrumbList\",\"@id\":\"https:\\\/\\\/quehacerpolitico.mx\\\/?p=112409#breadcrumb\",\"itemListElement\":[{\"@type\":\"ListItem\",\"position\":1,\"name\":\"Inicio\",\"item\":\"https:\\\/\\\/quehacerpolitico.mx\\\/\"},{\"@type\":\"ListItem\",\"position\":2,\"name\":\"El Quehacer Pol\u00edtico en las Finanzas Desentra\u00f1ando los movimientos del mercado\\\/\\\/\\\/Impacto de los Recortes de Tasas de la Fed en el S&amp;P 500: Un An\u00e1lisis Hist\u00f3rico desde 1989\"}]},{\"@type\":\"WebSite\",\"@id\":\"https:\\\/\\\/quehacerpolitico.mx\\\/#website\",\"url\":\"https:\\\/\\\/quehacerpolitico.mx\\\/\",\"name\":\"\",\"description\":\"\",\"potentialAction\":[{\"@type\":\"SearchAction\",\"target\":{\"@type\":\"EntryPoint\",\"urlTemplate\":\"https:\\\/\\\/quehacerpolitico.mx\\\/?s={search_term_string}\"},\"query-input\":{\"@type\":\"PropertyValueSpecification\",\"valueRequired\":true,\"valueName\":\"search_term_string\"}}],\"inLanguage\":\"es\"},{\"@type\":\"Person\",\"@id\":\"https:\\\/\\\/quehacerpolitico.mx\\\/#\\\/schema\\\/person\\\/496d8ad2d1d3f8036101dca7ee39e585\",\"name\":\"Redacci\u00f3n QP\",\"image\":{\"@type\":\"ImageObject\",\"inLanguage\":\"es\",\"@id\":\"https:\\\/\\\/secure.gravatar.com\\\/avatar\\\/c7164ed6fdec453195284ad24a5ae5b6e1eed2b848477fa2a4787ba9adf39a41?s=96&d=mm&r=g\",\"url\":\"https:\\\/\\\/secure.gravatar.com\\\/avatar\\\/c7164ed6fdec453195284ad24a5ae5b6e1eed2b848477fa2a4787ba9adf39a41?s=96&d=mm&r=g\",\"contentUrl\":\"https:\\\/\\\/secure.gravatar.com\\\/avatar\\\/c7164ed6fdec453195284ad24a5ae5b6e1eed2b848477fa2a4787ba9adf39a41?s=96&d=mm&r=g\",\"caption\":\"Redacci\u00f3n QP\"},\"url\":\"https:\\\/\\\/quehacerpolitico.mx\\\/?author=2\"}]}<\/script>\n<!-- \/ Yoast SEO plugin. -->","yoast_head_json":{"title":"El Quehacer Pol\u00edtico en las Finanzas Desentra\u00f1ando los movimientos del mercado\/\/\/Impacto de los Recortes de Tasas de la Fed en el S&amp;P 500: Un An\u00e1lisis Hist\u00f3rico desde 1989 -","robots":{"index":"index","follow":"follow","max-snippet":"max-snippet:-1","max-image-preview":"max-image-preview:large","max-video-preview":"max-video-preview:-1"},"canonical":"https:\/\/quehacerpolitico.mx\/?p=112409","og_locale":"es_MX","og_type":"article","og_title":"El Quehacer Pol\u00edtico en las Finanzas Desentra\u00f1ando los movimientos del mercado\/\/\/Impacto de los Recortes de Tasas de la Fed en el S&amp;P 500: Un An\u00e1lisis Hist\u00f3rico desde 1989 -","og_description":"Por Pedro Tiburcio Analista Financiero Cada mes, la Reserva Federal (Fed) se re\u00fane para definir...","og_url":"https:\/\/quehacerpolitico.mx\/?p=112409","article_published_time":"2024-09-09T14:44:47+00:00","article_modified_time":"2024-09-09T14:44:50+00:00","og_image":[{"width":963,"height":493,"url":"https:\/\/quehacerpolitico.mx\/wp-content\/uploads\/2024\/09\/31805cf3-46d8-4ee8-940e-a4ac66b7fd01-1.jpeg","type":"image\/jpeg"}],"author":"Redacci\u00f3n QP","twitter_card":"summary_large_image","twitter_misc":{"Escrito por":"Redacci\u00f3n QP","Tiempo de lectura":"4 minutos"},"schema":{"@context":"https:\/\/schema.org","@graph":[{"@type":"Article","@id":"https:\/\/quehacerpolitico.mx\/?p=112409#article","isPartOf":{"@id":"https:\/\/quehacerpolitico.mx\/?p=112409"},"author":{"name":"Redacci\u00f3n QP","@id":"https:\/\/quehacerpolitico.mx\/#\/schema\/person\/496d8ad2d1d3f8036101dca7ee39e585"},"headline":"El Quehacer Pol\u00edtico en las Finanzas Desentra\u00f1ando los movimientos del mercado\/\/\/Impacto de los Recortes de Tasas de la Fed en el S&amp;P 500: Un An\u00e1lisis Hist\u00f3rico desde 1989","datePublished":"2024-09-09T14:44:47+00:00","dateModified":"2024-09-09T14:44:50+00:00","mainEntityOfPage":{"@id":"https:\/\/quehacerpolitico.mx\/?p=112409"},"wordCount":895,"commentCount":0,"image":{"@id":"https:\/\/quehacerpolitico.mx\/?p=112409#primaryimage"},"thumbnailUrl":"https:\/\/quehacerpolitico.mx\/wp-content\/uploads\/2024\/09\/31805cf3-46d8-4ee8-940e-a4ac66b7fd01-1.jpeg","articleSection":["Econom\u00eda"],"inLanguage":"es","potentialAction":[{"@type":"CommentAction","name":"Comment","target":["https:\/\/quehacerpolitico.mx\/?p=112409#respond"]}]},{"@type":"WebPage","@id":"https:\/\/quehacerpolitico.mx\/?p=112409","url":"https:\/\/quehacerpolitico.mx\/?p=112409","name":"El Quehacer Pol\u00edtico en las Finanzas Desentra\u00f1ando los movimientos del mercado\/\/\/Impacto de los Recortes de Tasas de la Fed en el S&amp;P 500: Un An\u00e1lisis Hist\u00f3rico desde 1989 -","isPartOf":{"@id":"https:\/\/quehacerpolitico.mx\/#website"},"primaryImageOfPage":{"@id":"https:\/\/quehacerpolitico.mx\/?p=112409#primaryimage"},"image":{"@id":"https:\/\/quehacerpolitico.mx\/?p=112409#primaryimage"},"thumbnailUrl":"https:\/\/quehacerpolitico.mx\/wp-content\/uploads\/2024\/09\/31805cf3-46d8-4ee8-940e-a4ac66b7fd01-1.jpeg","datePublished":"2024-09-09T14:44:47+00:00","dateModified":"2024-09-09T14:44:50+00:00","author":{"@id":"https:\/\/quehacerpolitico.mx\/#\/schema\/person\/496d8ad2d1d3f8036101dca7ee39e585"},"breadcrumb":{"@id":"https:\/\/quehacerpolitico.mx\/?p=112409#breadcrumb"},"inLanguage":"es","potentialAction":[{"@type":"ReadAction","target":["https:\/\/quehacerpolitico.mx\/?p=112409"]}]},{"@type":"ImageObject","inLanguage":"es","@id":"https:\/\/quehacerpolitico.mx\/?p=112409#primaryimage","url":"https:\/\/quehacerpolitico.mx\/wp-content\/uploads\/2024\/09\/31805cf3-46d8-4ee8-940e-a4ac66b7fd01-1.jpeg","contentUrl":"https:\/\/quehacerpolitico.mx\/wp-content\/uploads\/2024\/09\/31805cf3-46d8-4ee8-940e-a4ac66b7fd01-1.jpeg","width":963,"height":493},{"@type":"BreadcrumbList","@id":"https:\/\/quehacerpolitico.mx\/?p=112409#breadcrumb","itemListElement":[{"@type":"ListItem","position":1,"name":"Inicio","item":"https:\/\/quehacerpolitico.mx\/"},{"@type":"ListItem","position":2,"name":"El Quehacer Pol\u00edtico en las Finanzas Desentra\u00f1ando los movimientos del mercado\/\/\/Impacto de los Recortes de Tasas de la Fed en el S&amp;P 500: Un An\u00e1lisis Hist\u00f3rico desde 1989"}]},{"@type":"WebSite","@id":"https:\/\/quehacerpolitico.mx\/#website","url":"https:\/\/quehacerpolitico.mx\/","name":"","description":"","potentialAction":[{"@type":"SearchAction","target":{"@type":"EntryPoint","urlTemplate":"https:\/\/quehacerpolitico.mx\/?s={search_term_string}"},"query-input":{"@type":"PropertyValueSpecification","valueRequired":true,"valueName":"search_term_string"}}],"inLanguage":"es"},{"@type":"Person","@id":"https:\/\/quehacerpolitico.mx\/#\/schema\/person\/496d8ad2d1d3f8036101dca7ee39e585","name":"Redacci\u00f3n QP","image":{"@type":"ImageObject","inLanguage":"es","@id":"https:\/\/secure.gravatar.com\/avatar\/c7164ed6fdec453195284ad24a5ae5b6e1eed2b848477fa2a4787ba9adf39a41?s=96&d=mm&r=g","url":"https:\/\/secure.gravatar.com\/avatar\/c7164ed6fdec453195284ad24a5ae5b6e1eed2b848477fa2a4787ba9adf39a41?s=96&d=mm&r=g","contentUrl":"https:\/\/secure.gravatar.com\/avatar\/c7164ed6fdec453195284ad24a5ae5b6e1eed2b848477fa2a4787ba9adf39a41?s=96&d=mm&r=g","caption":"Redacci\u00f3n QP"},"url":"https:\/\/quehacerpolitico.mx\/?author=2"}]}},"featured_image_urls":{"full":["https:\/\/quehacerpolitico.mx\/wp-content\/uploads\/2024\/09\/31805cf3-46d8-4ee8-940e-a4ac66b7fd01-1.jpeg",963,493,false],"thumbnail":["https:\/\/quehacerpolitico.mx\/wp-content\/uploads\/2024\/09\/31805cf3-46d8-4ee8-940e-a4ac66b7fd01-1-150x150.jpeg",150,150,true],"medium":["https:\/\/quehacerpolitico.mx\/wp-content\/uploads\/2024\/09\/31805cf3-46d8-4ee8-940e-a4ac66b7fd01-1-300x154.jpeg",300,154,true],"medium_large":["https:\/\/quehacerpolitico.mx\/wp-content\/uploads\/2024\/09\/31805cf3-46d8-4ee8-940e-a4ac66b7fd01-1-768x393.jpeg",640,328,true],"large":["https:\/\/quehacerpolitico.mx\/wp-content\/uploads\/2024\/09\/31805cf3-46d8-4ee8-940e-a4ac66b7fd01-1.jpeg",640,328,false],"1536x1536":["https:\/\/quehacerpolitico.mx\/wp-content\/uploads\/2024\/09\/31805cf3-46d8-4ee8-940e-a4ac66b7fd01-1.jpeg",963,493,false],"2048x2048":["https:\/\/quehacerpolitico.mx\/wp-content\/uploads\/2024\/09\/31805cf3-46d8-4ee8-940e-a4ac66b7fd01-1.jpeg",963,493,false],"covernews-featured":["https:\/\/quehacerpolitico.mx\/wp-content\/uploads\/2024\/09\/31805cf3-46d8-4ee8-940e-a4ac66b7fd01-1.jpeg",963,493,false],"covernews-medium":["https:\/\/quehacerpolitico.mx\/wp-content\/uploads\/2024\/09\/31805cf3-46d8-4ee8-940e-a4ac66b7fd01-1.jpeg",540,276,false]},"author_info":{"display_name":"Redacci\u00f3n QP","author_link":"https:\/\/quehacerpolitico.mx\/?author=2"},"category_info":"<a href=\"https:\/\/quehacerpolitico.mx\/?cat=56\" rel=\"category\">Econom\u00eda<\/a>","tag_info":"Econom\u00eda","comment_count":"0","_links":{"self":[{"href":"https:\/\/quehacerpolitico.mx\/index.php?rest_route=\/wp\/v2\/posts\/112409","targetHints":{"allow":["GET"]}}],"collection":[{"href":"https:\/\/quehacerpolitico.mx\/index.php?rest_route=\/wp\/v2\/posts"}],"about":[{"href":"https:\/\/quehacerpolitico.mx\/index.php?rest_route=\/wp\/v2\/types\/post"}],"author":[{"embeddable":true,"href":"https:\/\/quehacerpolitico.mx\/index.php?rest_route=\/wp\/v2\/users\/2"}],"replies":[{"embeddable":true,"href":"https:\/\/quehacerpolitico.mx\/index.php?rest_route=%2Fwp%2Fv2%2Fcomments&post=112409"}],"version-history":[{"count":1,"href":"https:\/\/quehacerpolitico.mx\/index.php?rest_route=\/wp\/v2\/posts\/112409\/revisions"}],"predecessor-version":[{"id":112412,"href":"https:\/\/quehacerpolitico.mx\/index.php?rest_route=\/wp\/v2\/posts\/112409\/revisions\/112412"}],"wp:featuredmedia":[{"embeddable":true,"href":"https:\/\/quehacerpolitico.mx\/index.php?rest_route=\/wp\/v2\/media\/112411"}],"wp:attachment":[{"href":"https:\/\/quehacerpolitico.mx\/index.php?rest_route=%2Fwp%2Fv2%2Fmedia&parent=112409"}],"wp:term":[{"taxonomy":"category","embeddable":true,"href":"https:\/\/quehacerpolitico.mx\/index.php?rest_route=%2Fwp%2Fv2%2Fcategories&post=112409"},{"taxonomy":"post_tag","embeddable":true,"href":"https:\/\/quehacerpolitico.mx\/index.php?rest_route=%2Fwp%2Fv2%2Ftags&post=112409"}],"curies":[{"name":"wp","href":"https:\/\/api.w.org\/{rel}","templated":true}]}}