{"id":112400,"date":"2024-09-07T21:41:45","date_gmt":"2024-09-07T21:41:45","guid":{"rendered":"https:\/\/quehacerpolitico.mx\/?p=112400"},"modified":"2024-09-07T21:41:48","modified_gmt":"2024-09-07T21:41:48","slug":"sheinbaum-tendra-que-terminar-estas-obras-iniciadas-por-lopez-obrador","status":"publish","type":"post","link":"https:\/\/quehacerpolitico.mx\/?p=112400","title":{"rendered":"Sheinbaum tendr\u00e1 que terminar ESTAS obras iniciadas por L\u00f3pez Obrador"},"content":{"rendered":"\n<p>Por Redacci\u00f3n QP<\/p>\n\n\n\n<p>A menos de un mes de que concluya el actual sexenio, esto es lo que queda pendiente<\/p>\n\n\n\n<p>A tres semanas de que concluya su gobierno, el Presidente\u00a0Andres Manuel Lopez Obrador y la mandataria electa,\u00a0Claudia Sheinbaum, recorrieron por primera vez el Tramo 5 Sur del Tren Maya, el m\u00e1s pol\u00e9mico de toda la magna obra del actual sexenio.<\/p>\n\n\n\n<p>Se trata de un trayecto identificado como el m\u00e1s complejo del Tren Maya y el que mayor atraso ha presentado de todo el circuito ferroviario, que pasa por los estados de Chiapas, Tabasco, Campeche, Yucat\u00e1n y Quintana Roo.<\/p>\n\n\n\n<p>Desde el inicio de los trabajos, hace 932 d\u00edas, las obras dentro de este pol\u00e9mico trazo, que va de Playa del Carmen a Tulum han enfrentado desaf\u00edos ambientales, t\u00e9cnicos y legales para llevarse a cabo en medio de la selva, sobre suelo k\u00e1rstico, cenotes, cavernas, r\u00edos subterr\u00e1neos y vestigios arqueol\u00f3gicos, con riesgos para el acu\u00edfero y pese a las suspensiones judiciales que obligaban a frenar las obras en este a\u00f1o.<\/p>\n\n\n\n<h2 class=\"wp-block-heading\">Las obras de L\u00f3pez Obrador que tendr\u00e1 que terminar Claudia Sheinbaum<\/h2>\n\n\n\n<p>Aunque el Presidente Andr\u00e9s Manuel L\u00f3pez Obrador&nbsp;<mark><strong>hab\u00eda dicho que no dejar\u00eda obras inconclusas hace unos d\u00edas acept\u00f3 que dejar\u00e1 algunas pendientes;<\/strong><\/mark>&nbsp;sin embargo, en los \u00faltimos meses se ha dedicado a inaugurar varias de estas mega obras, las cuales en m\u00e1s de una han quedado a deber en el 100% de su funcionamiento.<\/p>\n\n\n\n<h4 class=\"wp-block-heading\">El Tren Maya<\/h4>\n\n\n\n<p>Precisamente este\u00a0Tren Maya,\u00a0<strong>una de las magnas obras<\/strong>\u00a0del Presidente L\u00f3pez Obrador, lo tendr\u00e1 que concluir Claudia Sheinbaum en sus \u00faltimos dos tramos que pasar\u00e1n por los estados de Quintana Roo y Campeche.<\/p>\n\n\n\n<p>El Tramo 6 que va de Tulum a Chetumal, est\u00e1 compuesto de 5 estaciones y paraderos que son Tulum, Tulum Aeropuerto, Felipe Carrillo Puerto, Estaci\u00f3n Limones\/Chacchoben, Bacalar y Chetumal Aeropuerto.<\/p>\n\n\n\n<p>Mientras, el Tramo 7 iniciar\u00e1 en la estaci\u00f3n Nicol\u00e1s Bravo-Konhunlich, pasando por Xpujil, Calakmul hasta llegar a Centenario, en Campeche; adem\u00e1s, una base de mantenimiento y un patio de operaciones en Xpujil.<\/p>\n\n\n\n<p>Sheinbaum tambi\u00e9n ha fijado como una de sus prioridades para el sureste mexicano la terminaci\u00f3n de este Tren Maya en su extensi\u00f3n como tren de carga, con una ampliaci\u00f3n a Puerto Progreso, Yucat\u00e1n.<\/p>\n\n\n\n<h4 class=\"wp-block-heading\">Tren Interoce\u00e1nico<\/h4>\n\n\n\n<p>L\u00f3pez Obrador reconoci\u00f3 que el Tren Interoce\u00e1nico no quedar\u00e1 terminado durante su gobierno, pero que ya est\u00e1 operando el ferrocarril del Istmo y que est\u00e1 muy avanzado el de Coatzacoalcos a Palenque y se trabaja en el ferrocarril de Ixtepec hasta los l\u00edmites con Guatemala.<\/p>\n\n\n\n<p>La presidenta electa ha dicho que&nbsp;<mark><strong>se proyecta una inversi\u00f3n de 83 mil millones de pesos para la conclusi\u00f3n del Tren Maya y del Tren Interoce\u00e1nico<\/strong><\/mark>, el cual se planea tener una l\u00ednea hacia Guatemala y otra m\u00e1s que ir\u00eda hacia Dos Bocas, Tabasco.<\/p>\n\n\n\n<p>&#8220;Como saben, en el sur sureste, los proyectos que hemos planteado como prioritarios son la terminaci\u00f3n del Tren Maya como tren de carga\u2026 y la terminaci\u00f3n del Interoce\u00e1nico, (\u2026) entonces, esta es una prioridad para nosotros. Estamos determinando si se puede terminar en un a\u00f1o o van a ser dos a\u00f1os&#8221;, explic\u00f3.<\/p>\n\n\n\n<h2 class=\"wp-block-heading\">Aeropuerto Internacional Felipe \u00c1ngeles (AIFA)<\/h2>\n\n\n\n<p>Si bien el Aeropuerto Internacional Felipe \u00c1ngeles\u00a0(AIFA) es una obra concluida en el sexenio de L\u00f3pez Obrador,\u00a0<strong>no ha logrado destacar como referente en el Sistema Aeroportuario Mexicano<\/strong>, por lo que la pr\u00f3xima presidenta tiene la misi\u00f3n de que\u00a0<strong>se convierta en obra de referencia.<\/strong><\/p>\n\n\n\n<p>Sheinbaum ha se\u00f1alado que el AIFA es&nbsp;<mark><strong>una obra que no descuidar\u00e1, por lo que ser\u00e1 parte importante de la ampliaci\u00f3n del Sistema Aeroportuario Mexicano.<\/strong><\/mark><\/p>\n\n\n\n<p>&#8220;Se debe aprovechar y reforzar el impacto del AIFA como una alternativa para pasajeros de la Zona Metropolitana del Valle de M\u00e9xico (ZMVM), pero tambi\u00e9n como un hub de carga especializado conectado a un corredor de desarrollo que integra al Estado de M\u00e9xico, Hidalgo y la Ciudad de M\u00e9xico; y se prolonga potencialmente hasta el puerto de Tuxpan&#8221;, dijo.<\/p>\n\n\n\n<h4 class=\"wp-block-heading\">Refiner\u00eda &#8220;Olmeca&#8221; de Dos Bocas<\/h4>\n\n\n\n<p>Andr\u00e9s Manuel L\u00f3pez Obrador y la presidenta electa, Claudia Sheinbaum, encabezaron el inicio de producci\u00f3n de la\u00a0refiner\u00eda Dos Bocas a inicios del mes de agosto.<\/p>\n\n\n\n<p><mark><strong>El Mandatario federal detall\u00f3 que dicha obra prioritaria de su Gobierno se concluy\u00f3 en tiempo r\u00e9cord.<\/strong><\/mark><\/p>\n\n\n\n<p>&#8220;Se concluye esta obra y empieza a producir gasolina, di\u00e9sel, combustible. Se construy\u00f3 en un tiempo r\u00e9cord, no se hace en tan poco tiempo en ning\u00fan pa\u00eds. No hay nada que se le parezca en cuanto al tiempo de construcci\u00f3n, tampoco en cuanto al costo&#8221;, subray\u00f3.<\/p>\n\n\n\n<p>Mientras que Sheinbaum resalt\u00f3 la haza\u00f1a de las y los ingenieros mexicanos al conseguir que nuestro petr\u00f3leo sea procesado de forma racional y no se venda en el extranjero para fortalecer la soberan\u00eda energ\u00e9tica y, por tanto, la soberan\u00eda nacional.<\/p>\n\n\n\n<p>A\u00f1adi\u00f3 que continuar\u00e1 el avance en la eficiencia de las refiner\u00edas actuales para reducir a\u00fan m\u00e1s el dos por ciento de importaciones de gasolina y di\u00e9sel; adem\u00e1s,&nbsp;<mark><strong>continuar\u00e1 el impulso a la petroqu\u00edmica y a la industria de fertilizantes, as\u00ed como el fortalecimiento a la Comisi\u00f3n Federal de Electricidad (CFE).<\/strong><\/mark><\/p>\n\n\n\n<h4 class=\"wp-block-heading\">Tren Interurbano M\u00e9xico-Toluca<\/h4>\n\n\n\n<p>A pesar de que el Tren Interurbano M\u00e9xico-Toluca no fue una de las obras insignia de L\u00f3pez Obrador, por su impacto en la ciudadan\u00eda&nbsp;<strong>se convirti\u00f3 en una obra referente de su gobierno.<\/strong><\/p>\n\n\n\n<p>Con informaci\u00f3n de SUN<\/p>\n","protected":false},"excerpt":{"rendered":"<p>Por Redacci\u00f3n QP A menos de un mes de que concluya el actual sexenio, esto&#8230;<\/p>\n","protected":false},"author":2,"featured_media":112401,"comment_status":"open","ping_status":"open","sticky":false,"template":"","format":"standard","meta":{"_monsterinsights_skip_tracking":false,"_monsterinsights_sitenote_active":false,"_monsterinsights_sitenote_note":"","_monsterinsights_sitenote_category":0,"footnotes":""},"categories":[2],"tags":[],"class_list":["post-112400","post","type-post","status-publish","format-standard","has-post-thumbnail","hentry","category-noticias"],"yoast_head":"<!-- This site is optimized with the Yoast SEO plugin v27.3 - https:\/\/yoast.com\/product\/yoast-seo-wordpress\/ -->\n<title>Sheinbaum tendr\u00e1 que terminar ESTAS obras iniciadas por L\u00f3pez Obrador -<\/title>\n<meta name=\"robots\" content=\"index, follow, max-snippet:-1, max-image-preview:large, max-video-preview:-1\" \/>\n<link rel=\"canonical\" href=\"https:\/\/quehacerpolitico.mx\/?p=112400\" \/>\n<meta property=\"og:locale\" content=\"es_MX\" \/>\n<meta property=\"og:type\" content=\"article\" \/>\n<meta property=\"og:title\" content=\"Sheinbaum tendr\u00e1 que terminar ESTAS obras iniciadas por L\u00f3pez Obrador -\" \/>\n<meta property=\"og:description\" content=\"Por Redacci\u00f3n QP A menos de un mes de que concluya el actual sexenio, esto...\" \/>\n<meta property=\"og:url\" content=\"https:\/\/quehacerpolitico.mx\/?p=112400\" \/>\n<meta property=\"article:published_time\" content=\"2024-09-07T21:41:45+00:00\" \/>\n<meta property=\"article:modified_time\" content=\"2024-09-07T21:41:48+00:00\" \/>\n<meta property=\"og:image\" content=\"https:\/\/quehacerpolitico.mx\/wp-content\/uploads\/2024\/09\/IMG_7932.jpeg\" \/>\n\t<meta property=\"og:image:width\" content=\"739\" \/>\n\t<meta property=\"og:image:height\" content=\"415\" \/>\n\t<meta property=\"og:image:type\" content=\"image\/jpeg\" \/>\n<meta name=\"author\" content=\"Redacci\u00f3n QP\" \/>\n<meta name=\"twitter:card\" content=\"summary_large_image\" \/>\n<meta name=\"twitter:label1\" content=\"Escrito por\" \/>\n\t<meta name=\"twitter:data1\" content=\"Redacci\u00f3n QP\" \/>\n\t<meta name=\"twitter:label2\" content=\"Tiempo de lectura\" \/>\n\t<meta name=\"twitter:data2\" content=\"5 minutos\" \/>\n<script type=\"application\/ld+json\" class=\"yoast-schema-graph\">{\"@context\":\"https:\\\/\\\/schema.org\",\"@graph\":[{\"@type\":\"Article\",\"@id\":\"https:\\\/\\\/quehacerpolitico.mx\\\/?p=112400#article\",\"isPartOf\":{\"@id\":\"https:\\\/\\\/quehacerpolitico.mx\\\/?p=112400\"},\"author\":{\"name\":\"Redacci\u00f3n QP\",\"@id\":\"https:\\\/\\\/quehacerpolitico.mx\\\/#\\\/schema\\\/person\\\/496d8ad2d1d3f8036101dca7ee39e585\"},\"headline\":\"Sheinbaum tendr\u00e1 que terminar ESTAS obras iniciadas por L\u00f3pez Obrador\",\"datePublished\":\"2024-09-07T21:41:45+00:00\",\"dateModified\":\"2024-09-07T21:41:48+00:00\",\"mainEntityOfPage\":{\"@id\":\"https:\\\/\\\/quehacerpolitico.mx\\\/?p=112400\"},\"wordCount\":964,\"commentCount\":0,\"image\":{\"@id\":\"https:\\\/\\\/quehacerpolitico.mx\\\/?p=112400#primaryimage\"},\"thumbnailUrl\":\"https:\\\/\\\/quehacerpolitico.mx\\\/wp-content\\\/uploads\\\/2024\\\/09\\\/IMG_7932.jpeg\",\"articleSection\":[\"Noticias\"],\"inLanguage\":\"es\",\"potentialAction\":[{\"@type\":\"CommentAction\",\"name\":\"Comment\",\"target\":[\"https:\\\/\\\/quehacerpolitico.mx\\\/?p=112400#respond\"]}]},{\"@type\":\"WebPage\",\"@id\":\"https:\\\/\\\/quehacerpolitico.mx\\\/?p=112400\",\"url\":\"https:\\\/\\\/quehacerpolitico.mx\\\/?p=112400\",\"name\":\"Sheinbaum tendr\u00e1 que terminar ESTAS obras iniciadas por L\u00f3pez Obrador -\",\"isPartOf\":{\"@id\":\"https:\\\/\\\/quehacerpolitico.mx\\\/#website\"},\"primaryImageOfPage\":{\"@id\":\"https:\\\/\\\/quehacerpolitico.mx\\\/?p=112400#primaryimage\"},\"image\":{\"@id\":\"https:\\\/\\\/quehacerpolitico.mx\\\/?p=112400#primaryimage\"},\"thumbnailUrl\":\"https:\\\/\\\/quehacerpolitico.mx\\\/wp-content\\\/uploads\\\/2024\\\/09\\\/IMG_7932.jpeg\",\"datePublished\":\"2024-09-07T21:41:45+00:00\",\"dateModified\":\"2024-09-07T21:41:48+00:00\",\"author\":{\"@id\":\"https:\\\/\\\/quehacerpolitico.mx\\\/#\\\/schema\\\/person\\\/496d8ad2d1d3f8036101dca7ee39e585\"},\"breadcrumb\":{\"@id\":\"https:\\\/\\\/quehacerpolitico.mx\\\/?p=112400#breadcrumb\"},\"inLanguage\":\"es\",\"potentialAction\":[{\"@type\":\"ReadAction\",\"target\":[\"https:\\\/\\\/quehacerpolitico.mx\\\/?p=112400\"]}]},{\"@type\":\"ImageObject\",\"inLanguage\":\"es\",\"@id\":\"https:\\\/\\\/quehacerpolitico.mx\\\/?p=112400#primaryimage\",\"url\":\"https:\\\/\\\/quehacerpolitico.mx\\\/wp-content\\\/uploads\\\/2024\\\/09\\\/IMG_7932.jpeg\",\"contentUrl\":\"https:\\\/\\\/quehacerpolitico.mx\\\/wp-content\\\/uploads\\\/2024\\\/09\\\/IMG_7932.jpeg\",\"width\":739,\"height\":415},{\"@type\":\"BreadcrumbList\",\"@id\":\"https:\\\/\\\/quehacerpolitico.mx\\\/?p=112400#breadcrumb\",\"itemListElement\":[{\"@type\":\"ListItem\",\"position\":1,\"name\":\"Inicio\",\"item\":\"https:\\\/\\\/quehacerpolitico.mx\\\/\"},{\"@type\":\"ListItem\",\"position\":2,\"name\":\"Sheinbaum tendr\u00e1 que terminar ESTAS obras iniciadas por L\u00f3pez Obrador\"}]},{\"@type\":\"WebSite\",\"@id\":\"https:\\\/\\\/quehacerpolitico.mx\\\/#website\",\"url\":\"https:\\\/\\\/quehacerpolitico.mx\\\/\",\"name\":\"\",\"description\":\"\",\"potentialAction\":[{\"@type\":\"SearchAction\",\"target\":{\"@type\":\"EntryPoint\",\"urlTemplate\":\"https:\\\/\\\/quehacerpolitico.mx\\\/?s={search_term_string}\"},\"query-input\":{\"@type\":\"PropertyValueSpecification\",\"valueRequired\":true,\"valueName\":\"search_term_string\"}}],\"inLanguage\":\"es\"},{\"@type\":\"Person\",\"@id\":\"https:\\\/\\\/quehacerpolitico.mx\\\/#\\\/schema\\\/person\\\/496d8ad2d1d3f8036101dca7ee39e585\",\"name\":\"Redacci\u00f3n QP\",\"image\":{\"@type\":\"ImageObject\",\"inLanguage\":\"es\",\"@id\":\"https:\\\/\\\/secure.gravatar.com\\\/avatar\\\/c7164ed6fdec453195284ad24a5ae5b6e1eed2b848477fa2a4787ba9adf39a41?s=96&d=mm&r=g\",\"url\":\"https:\\\/\\\/secure.gravatar.com\\\/avatar\\\/c7164ed6fdec453195284ad24a5ae5b6e1eed2b848477fa2a4787ba9adf39a41?s=96&d=mm&r=g\",\"contentUrl\":\"https:\\\/\\\/secure.gravatar.com\\\/avatar\\\/c7164ed6fdec453195284ad24a5ae5b6e1eed2b848477fa2a4787ba9adf39a41?s=96&d=mm&r=g\",\"caption\":\"Redacci\u00f3n QP\"},\"url\":\"https:\\\/\\\/quehacerpolitico.mx\\\/?author=2\"}]}<\/script>\n<!-- \/ Yoast SEO plugin. -->","yoast_head_json":{"title":"Sheinbaum tendr\u00e1 que terminar ESTAS obras iniciadas por L\u00f3pez Obrador -","robots":{"index":"index","follow":"follow","max-snippet":"max-snippet:-1","max-image-preview":"max-image-preview:large","max-video-preview":"max-video-preview:-1"},"canonical":"https:\/\/quehacerpolitico.mx\/?p=112400","og_locale":"es_MX","og_type":"article","og_title":"Sheinbaum tendr\u00e1 que terminar ESTAS obras iniciadas por L\u00f3pez Obrador -","og_description":"Por Redacci\u00f3n QP A menos de un mes de que concluya el actual sexenio, esto...","og_url":"https:\/\/quehacerpolitico.mx\/?p=112400","article_published_time":"2024-09-07T21:41:45+00:00","article_modified_time":"2024-09-07T21:41:48+00:00","og_image":[{"width":739,"height":415,"url":"https:\/\/quehacerpolitico.mx\/wp-content\/uploads\/2024\/09\/IMG_7932.jpeg","type":"image\/jpeg"}],"author":"Redacci\u00f3n QP","twitter_card":"summary_large_image","twitter_misc":{"Escrito por":"Redacci\u00f3n QP","Tiempo de lectura":"5 minutos"},"schema":{"@context":"https:\/\/schema.org","@graph":[{"@type":"Article","@id":"https:\/\/quehacerpolitico.mx\/?p=112400#article","isPartOf":{"@id":"https:\/\/quehacerpolitico.mx\/?p=112400"},"author":{"name":"Redacci\u00f3n QP","@id":"https:\/\/quehacerpolitico.mx\/#\/schema\/person\/496d8ad2d1d3f8036101dca7ee39e585"},"headline":"Sheinbaum tendr\u00e1 que terminar ESTAS obras iniciadas por L\u00f3pez Obrador","datePublished":"2024-09-07T21:41:45+00:00","dateModified":"2024-09-07T21:41:48+00:00","mainEntityOfPage":{"@id":"https:\/\/quehacerpolitico.mx\/?p=112400"},"wordCount":964,"commentCount":0,"image":{"@id":"https:\/\/quehacerpolitico.mx\/?p=112400#primaryimage"},"thumbnailUrl":"https:\/\/quehacerpolitico.mx\/wp-content\/uploads\/2024\/09\/IMG_7932.jpeg","articleSection":["Noticias"],"inLanguage":"es","potentialAction":[{"@type":"CommentAction","name":"Comment","target":["https:\/\/quehacerpolitico.mx\/?p=112400#respond"]}]},{"@type":"WebPage","@id":"https:\/\/quehacerpolitico.mx\/?p=112400","url":"https:\/\/quehacerpolitico.mx\/?p=112400","name":"Sheinbaum tendr\u00e1 que terminar ESTAS obras iniciadas por L\u00f3pez Obrador -","isPartOf":{"@id":"https:\/\/quehacerpolitico.mx\/#website"},"primaryImageOfPage":{"@id":"https:\/\/quehacerpolitico.mx\/?p=112400#primaryimage"},"image":{"@id":"https:\/\/quehacerpolitico.mx\/?p=112400#primaryimage"},"thumbnailUrl":"https:\/\/quehacerpolitico.mx\/wp-content\/uploads\/2024\/09\/IMG_7932.jpeg","datePublished":"2024-09-07T21:41:45+00:00","dateModified":"2024-09-07T21:41:48+00:00","author":{"@id":"https:\/\/quehacerpolitico.mx\/#\/schema\/person\/496d8ad2d1d3f8036101dca7ee39e585"},"breadcrumb":{"@id":"https:\/\/quehacerpolitico.mx\/?p=112400#breadcrumb"},"inLanguage":"es","potentialAction":[{"@type":"ReadAction","target":["https:\/\/quehacerpolitico.mx\/?p=112400"]}]},{"@type":"ImageObject","inLanguage":"es","@id":"https:\/\/quehacerpolitico.mx\/?p=112400#primaryimage","url":"https:\/\/quehacerpolitico.mx\/wp-content\/uploads\/2024\/09\/IMG_7932.jpeg","contentUrl":"https:\/\/quehacerpolitico.mx\/wp-content\/uploads\/2024\/09\/IMG_7932.jpeg","width":739,"height":415},{"@type":"BreadcrumbList","@id":"https:\/\/quehacerpolitico.mx\/?p=112400#breadcrumb","itemListElement":[{"@type":"ListItem","position":1,"name":"Inicio","item":"https:\/\/quehacerpolitico.mx\/"},{"@type":"ListItem","position":2,"name":"Sheinbaum tendr\u00e1 que terminar ESTAS obras iniciadas por L\u00f3pez Obrador"}]},{"@type":"WebSite","@id":"https:\/\/quehacerpolitico.mx\/#website","url":"https:\/\/quehacerpolitico.mx\/","name":"","description":"","potentialAction":[{"@type":"SearchAction","target":{"@type":"EntryPoint","urlTemplate":"https:\/\/quehacerpolitico.mx\/?s={search_term_string}"},"query-input":{"@type":"PropertyValueSpecification","valueRequired":true,"valueName":"search_term_string"}}],"inLanguage":"es"},{"@type":"Person","@id":"https:\/\/quehacerpolitico.mx\/#\/schema\/person\/496d8ad2d1d3f8036101dca7ee39e585","name":"Redacci\u00f3n QP","image":{"@type":"ImageObject","inLanguage":"es","@id":"https:\/\/secure.gravatar.com\/avatar\/c7164ed6fdec453195284ad24a5ae5b6e1eed2b848477fa2a4787ba9adf39a41?s=96&d=mm&r=g","url":"https:\/\/secure.gravatar.com\/avatar\/c7164ed6fdec453195284ad24a5ae5b6e1eed2b848477fa2a4787ba9adf39a41?s=96&d=mm&r=g","contentUrl":"https:\/\/secure.gravatar.com\/avatar\/c7164ed6fdec453195284ad24a5ae5b6e1eed2b848477fa2a4787ba9adf39a41?s=96&d=mm&r=g","caption":"Redacci\u00f3n QP"},"url":"https:\/\/quehacerpolitico.mx\/?author=2"}]}},"featured_image_urls":{"full":["https:\/\/quehacerpolitico.mx\/wp-content\/uploads\/2024\/09\/IMG_7932.jpeg",739,415,false],"thumbnail":["https:\/\/quehacerpolitico.mx\/wp-content\/uploads\/2024\/09\/IMG_7932-150x150.jpeg",150,150,true],"medium":["https:\/\/quehacerpolitico.mx\/wp-content\/uploads\/2024\/09\/IMG_7932-300x168.jpeg",300,168,true],"medium_large":["https:\/\/quehacerpolitico.mx\/wp-content\/uploads\/2024\/09\/IMG_7932.jpeg",640,359,false],"large":["https:\/\/quehacerpolitico.mx\/wp-content\/uploads\/2024\/09\/IMG_7932.jpeg",640,359,false],"1536x1536":["https:\/\/quehacerpolitico.mx\/wp-content\/uploads\/2024\/09\/IMG_7932.jpeg",739,415,false],"2048x2048":["https:\/\/quehacerpolitico.mx\/wp-content\/uploads\/2024\/09\/IMG_7932.jpeg",739,415,false],"covernews-featured":["https:\/\/quehacerpolitico.mx\/wp-content\/uploads\/2024\/09\/IMG_7932.jpeg",739,415,false],"covernews-medium":["https:\/\/quehacerpolitico.mx\/wp-content\/uploads\/2024\/09\/IMG_7932.jpeg",540,303,false]},"author_info":{"display_name":"Redacci\u00f3n QP","author_link":"https:\/\/quehacerpolitico.mx\/?author=2"},"category_info":"<a href=\"https:\/\/quehacerpolitico.mx\/?cat=2\" rel=\"category\">Noticias<\/a>","tag_info":"Noticias","comment_count":"0","_links":{"self":[{"href":"https:\/\/quehacerpolitico.mx\/index.php?rest_route=\/wp\/v2\/posts\/112400","targetHints":{"allow":["GET"]}}],"collection":[{"href":"https:\/\/quehacerpolitico.mx\/index.php?rest_route=\/wp\/v2\/posts"}],"about":[{"href":"https:\/\/quehacerpolitico.mx\/index.php?rest_route=\/wp\/v2\/types\/post"}],"author":[{"embeddable":true,"href":"https:\/\/quehacerpolitico.mx\/index.php?rest_route=\/wp\/v2\/users\/2"}],"replies":[{"embeddable":true,"href":"https:\/\/quehacerpolitico.mx\/index.php?rest_route=%2Fwp%2Fv2%2Fcomments&post=112400"}],"version-history":[{"count":1,"href":"https:\/\/quehacerpolitico.mx\/index.php?rest_route=\/wp\/v2\/posts\/112400\/revisions"}],"predecessor-version":[{"id":112402,"href":"https:\/\/quehacerpolitico.mx\/index.php?rest_route=\/wp\/v2\/posts\/112400\/revisions\/112402"}],"wp:featuredmedia":[{"embeddable":true,"href":"https:\/\/quehacerpolitico.mx\/index.php?rest_route=\/wp\/v2\/media\/112401"}],"wp:attachment":[{"href":"https:\/\/quehacerpolitico.mx\/index.php?rest_route=%2Fwp%2Fv2%2Fmedia&parent=112400"}],"wp:term":[{"taxonomy":"category","embeddable":true,"href":"https:\/\/quehacerpolitico.mx\/index.php?rest_route=%2Fwp%2Fv2%2Fcategories&post=112400"},{"taxonomy":"post_tag","embeddable":true,"href":"https:\/\/quehacerpolitico.mx\/index.php?rest_route=%2Fwp%2Fv2%2Ftags&post=112400"}],"curies":[{"name":"wp","href":"https:\/\/api.w.org\/{rel}","templated":true}]}}