{"id":11239,"date":"2018-12-08T04:07:21","date_gmt":"2018-12-08T04:07:21","guid":{"rendered":"http:\/\/quehacerpolitico.mx\/la-mas-chica-a-angelica-rivera-oye-mama-y-como-son-esos-aviones-donde-viaja-toda-esa-gente\/"},"modified":"2018-12-08T04:07:21","modified_gmt":"2018-12-08T04:07:21","slug":"la-mas-chica-a-angelica-rivera-oye-mama-y-como-son-esos-aviones-donde-viaja-toda-esa-gente","status":"publish","type":"post","link":"https:\/\/quehacerpolitico.mx\/?p=11239","title":{"rendered":"La m\u00e1s chica, a Ang\u00e9lica Rivera: \u201cOye mam\u00e1, \u00bfy c\u00f3mo son esos aviones d\u00f3nde viaja toda esa gente?\u201d"},"content":{"rendered":"<h1>La m\u00e1s chica, a Ang\u00e9lica Rivera: \u201cOye mam\u00e1, \u00bfy c\u00f3mo son esos aviones d\u00f3nde viaja toda esa gente?\u201d<\/h1>\n<p>Por Redacci\u00f3n QP<\/p>\n<p>El tema de la <strong>ex familia Presidencial<\/strong>, no ha dejado de sonar desde la salida de<strong> Enrique Pe\u00f1a Nieto<\/strong>, convirti\u00e9ndose en tendencia cuando Paty Chapoy y todo el equipo de <em>Ventaneando<\/em>, visitaron a la Primera Dama en su a\u00fan residencia de <strong>Los Pinos<\/strong>.<\/p>\n<p>Desde que los conductores salieron del lugar, al d\u00eda siguiente en su programa compartieron an\u00e9cdotas de la visita, y sobre la maravillosamente \u201chumana y sencilla\u201d que era <strong>Ang\u00e9lica Rivera<\/strong>, as\u00ed como los gestos de humildad que la actriz tuvo durante sus primeros d\u00edas como esposa del presidente de M\u00e9xico.<\/p>\n<p><iframe loading=\"lazy\" title=\"Pedro Sola y sus visitas a Los Pinos\" width=\"640\" height=\"360\" src=\"https:\/\/www.youtube.com\/embed\/yKol2HmtJ4s?feature=oembed\" frameborder=\"0\" allow=\"accelerometer; autoplay; clipboard-write; encrypted-media; gyroscope; picture-in-picture; web-share\" referrerpolicy=\"strict-origin-when-cross-origin\" allowfullscreen><\/iframe><\/p>\n<p>De ah\u00ed Pedro Sola sac\u00f3 una de las experiencias relatadas por Rivera, misma que el conductor comparti\u00f3 en su canal de Youtube. Y es que, seg\u00fan relata, pese a la vida de lujos, viajes, cenas con importantes figuras, ella siempre trat\u00f3 de mantener los pies sobre la tierra y transmitir lo mismo para sus hijas, por eso el d\u00eda que su hija m\u00e1s peque\u00f1a le pregunt\u00f3 \u201coye mam\u00e1 y \u00bfc\u00f3mo son esos aviones d\u00f3nde viaja toda esa gente?\u201d, Ang\u00e9lica actu\u00f3 de esta manera.<\/p>\n<blockquote>\n<p>\u201cEl caso es que organiz\u00f3 un viaje, creo que a Nueva York, y entonces se fue y se form\u00f3 (mientras) el Estado Mayor Presidencial le dec\u00eda \u2018se\u00f1ora por ac\u00e1 por favor, sus maletas\u2019 y (Ang\u00e9lica) dec\u00eda \u2018no, no, quiero que la ni\u00f1a vea de lo que se trata de hacer fila en el avi\u00f3n\u201d, narr\u00f3 Pedrito sola en su canal.<\/p>\n<p>\u201cPues ya se form\u00f3 y la ni\u00f1a (dec\u00eda) \u2018ay mam\u00e1, estoy cansada\u2019 (y Ang\u00e9lica) le contestaba \u2018as\u00ed se cansan todos, mi hijita, as\u00ed nos cansamos todos para hacer fila en el avi\u00f3n\u2019. Se subieron al avi\u00f3n y la ni\u00f1a estaba encantada porque se dio cuenta de c\u00f3mo eran los aviones, en donde toda esa gente, que somos nosotros, pues, viajamos. Efectivamente, toda esa gente que es tan importante en el mundo, pues viven un poco fuera de la realidad y aparte pues tambi\u00e9n se acostumbran a lo bueno\u201d, reitero el conductor.<\/p>\n<\/blockquote>\n<p>Seg\u00fan platica, \u201cla ni\u00f1a estaba muy ni\u00f1a\u201d, se hab\u00eda subido al helic\u00f3ptero y al avi\u00f3n presidencial y nunca se hab\u00eda subido a un avi\u00f3n de Aerom\u00e9xico, y fue por esa raz\u00f3n que Ang\u00e9lica Rivera intent\u00f3 darle un \u201cba\u00f1o de pueblo\u201d a su hija subi\u00e9ndola a un vuelo comercial de Aerom\u00e9xico.<\/p>\n<p>Con Informaci\u00f3n de Vanguardia\u00a0<\/p>\n","protected":false},"excerpt":{"rendered":"<p>La m\u00e1s chica, a Ang\u00e9lica Rivera: \u201cOye mam\u00e1, \u00bfy c\u00f3mo son esos aviones d\u00f3nde viaja toda esa gente?\u201d<br \/>\nPor Redacci\u00f3n QP<\/p>\n","protected":false},"author":2,"featured_media":11238,"comment_status":"open","ping_status":"open","sticky":false,"template":"","format":"standard","meta":{"_monsterinsights_skip_tracking":false,"_monsterinsights_sitenote_active":false,"_monsterinsights_sitenote_note":"","_monsterinsights_sitenote_category":0,"footnotes":""},"categories":[2],"tags":[],"class_list":["post-11239","post","type-post","status-publish","format-standard","has-post-thumbnail","hentry","category-noticias"],"yoast_head":"<!-- This site is optimized with the Yoast SEO plugin v27.3 - https:\/\/yoast.com\/product\/yoast-seo-wordpress\/ -->\n<title>La m\u00e1s chica, a Ang\u00e9lica Rivera: \u201cOye mam\u00e1, \u00bfy c\u00f3mo son esos aviones d\u00f3nde viaja toda esa gente?\u201d -<\/title>\n<meta name=\"robots\" content=\"index, follow, max-snippet:-1, max-image-preview:large, max-video-preview:-1\" \/>\n<link rel=\"canonical\" href=\"https:\/\/quehacerpolitico.mx\/?p=11239\" \/>\n<meta property=\"og:locale\" content=\"es_MX\" \/>\n<meta property=\"og:type\" content=\"article\" \/>\n<meta property=\"og:title\" content=\"La m\u00e1s chica, a Ang\u00e9lica Rivera: \u201cOye mam\u00e1, \u00bfy c\u00f3mo son esos aviones d\u00f3nde viaja toda esa gente?\u201d -\" \/>\n<meta property=\"og:description\" content=\"La m\u00e1s chica, a Ang\u00e9lica Rivera: \u201cOye mam\u00e1, \u00bfy c\u00f3mo son esos aviones d\u00f3nde viaja toda esa gente?\u201d Por Redacci\u00f3n QP\" \/>\n<meta property=\"og:url\" content=\"https:\/\/quehacerpolitico.mx\/?p=11239\" \/>\n<meta property=\"article:published_time\" content=\"2018-12-08T04:07:21+00:00\" \/>\n<meta name=\"author\" content=\"Redacci\u00f3n QP\" \/>\n<meta name=\"twitter:card\" content=\"summary_large_image\" \/>\n<meta name=\"twitter:label1\" content=\"Escrito por\" \/>\n\t<meta name=\"twitter:data1\" content=\"Redacci\u00f3n QP\" \/>\n\t<meta name=\"twitter:label2\" content=\"Tiempo de lectura\" \/>\n\t<meta name=\"twitter:data2\" content=\"2 minutos\" \/>\n<script type=\"application\/ld+json\" class=\"yoast-schema-graph\">{\"@context\":\"https:\\\/\\\/schema.org\",\"@graph\":[{\"@type\":\"Article\",\"@id\":\"https:\\\/\\\/quehacerpolitico.mx\\\/?p=11239#article\",\"isPartOf\":{\"@id\":\"https:\\\/\\\/quehacerpolitico.mx\\\/?p=11239\"},\"author\":{\"name\":\"Redacci\u00f3n QP\",\"@id\":\"https:\\\/\\\/quehacerpolitico.mx\\\/#\\\/schema\\\/person\\\/496d8ad2d1d3f8036101dca7ee39e585\"},\"headline\":\"La m\u00e1s chica, a Ang\u00e9lica Rivera: \u201cOye mam\u00e1, \u00bfy c\u00f3mo son esos aviones d\u00f3nde viaja toda esa gente?\u201d\",\"datePublished\":\"2018-12-08T04:07:21+00:00\",\"mainEntityOfPage\":{\"@id\":\"https:\\\/\\\/quehacerpolitico.mx\\\/?p=11239\"},\"wordCount\":478,\"commentCount\":0,\"image\":{\"@id\":\"https:\\\/\\\/quehacerpolitico.mx\\\/?p=11239#primaryimage\"},\"thumbnailUrl\":\"\",\"articleSection\":[\"Noticias\"],\"inLanguage\":\"es\",\"potentialAction\":[{\"@type\":\"CommentAction\",\"name\":\"Comment\",\"target\":[\"https:\\\/\\\/quehacerpolitico.mx\\\/?p=11239#respond\"]}]},{\"@type\":\"WebPage\",\"@id\":\"https:\\\/\\\/quehacerpolitico.mx\\\/?p=11239\",\"url\":\"https:\\\/\\\/quehacerpolitico.mx\\\/?p=11239\",\"name\":\"La m\u00e1s chica, a Ang\u00e9lica Rivera: \u201cOye mam\u00e1, \u00bfy c\u00f3mo son esos aviones d\u00f3nde viaja toda esa gente?\u201d -\",\"isPartOf\":{\"@id\":\"https:\\\/\\\/quehacerpolitico.mx\\\/#website\"},\"primaryImageOfPage\":{\"@id\":\"https:\\\/\\\/quehacerpolitico.mx\\\/?p=11239#primaryimage\"},\"image\":{\"@id\":\"https:\\\/\\\/quehacerpolitico.mx\\\/?p=11239#primaryimage\"},\"thumbnailUrl\":\"\",\"datePublished\":\"2018-12-08T04:07:21+00:00\",\"author\":{\"@id\":\"https:\\\/\\\/quehacerpolitico.mx\\\/#\\\/schema\\\/person\\\/496d8ad2d1d3f8036101dca7ee39e585\"},\"breadcrumb\":{\"@id\":\"https:\\\/\\\/quehacerpolitico.mx\\\/?p=11239#breadcrumb\"},\"inLanguage\":\"es\",\"potentialAction\":[{\"@type\":\"ReadAction\",\"target\":[\"https:\\\/\\\/quehacerpolitico.mx\\\/?p=11239\"]}]},{\"@type\":\"ImageObject\",\"inLanguage\":\"es\",\"@id\":\"https:\\\/\\\/quehacerpolitico.mx\\\/?p=11239#primaryimage\",\"url\":\"\",\"contentUrl\":\"\"},{\"@type\":\"BreadcrumbList\",\"@id\":\"https:\\\/\\\/quehacerpolitico.mx\\\/?p=11239#breadcrumb\",\"itemListElement\":[{\"@type\":\"ListItem\",\"position\":1,\"name\":\"Inicio\",\"item\":\"https:\\\/\\\/quehacerpolitico.mx\\\/\"},{\"@type\":\"ListItem\",\"position\":2,\"name\":\"La m\u00e1s chica, a Ang\u00e9lica Rivera: \u201cOye mam\u00e1, \u00bfy c\u00f3mo son esos aviones d\u00f3nde viaja toda esa gente?\u201d\"}]},{\"@type\":\"WebSite\",\"@id\":\"https:\\\/\\\/quehacerpolitico.mx\\\/#website\",\"url\":\"https:\\\/\\\/quehacerpolitico.mx\\\/\",\"name\":\"\",\"description\":\"\",\"potentialAction\":[{\"@type\":\"SearchAction\",\"target\":{\"@type\":\"EntryPoint\",\"urlTemplate\":\"https:\\\/\\\/quehacerpolitico.mx\\\/?s={search_term_string}\"},\"query-input\":{\"@type\":\"PropertyValueSpecification\",\"valueRequired\":true,\"valueName\":\"search_term_string\"}}],\"inLanguage\":\"es\"},{\"@type\":\"Person\",\"@id\":\"https:\\\/\\\/quehacerpolitico.mx\\\/#\\\/schema\\\/person\\\/496d8ad2d1d3f8036101dca7ee39e585\",\"name\":\"Redacci\u00f3n QP\",\"image\":{\"@type\":\"ImageObject\",\"inLanguage\":\"es\",\"@id\":\"https:\\\/\\\/secure.gravatar.com\\\/avatar\\\/c7164ed6fdec453195284ad24a5ae5b6e1eed2b848477fa2a4787ba9adf39a41?s=96&d=mm&r=g\",\"url\":\"https:\\\/\\\/secure.gravatar.com\\\/avatar\\\/c7164ed6fdec453195284ad24a5ae5b6e1eed2b848477fa2a4787ba9adf39a41?s=96&d=mm&r=g\",\"contentUrl\":\"https:\\\/\\\/secure.gravatar.com\\\/avatar\\\/c7164ed6fdec453195284ad24a5ae5b6e1eed2b848477fa2a4787ba9adf39a41?s=96&d=mm&r=g\",\"caption\":\"Redacci\u00f3n QP\"},\"url\":\"https:\\\/\\\/quehacerpolitico.mx\\\/?author=2\"}]}<\/script>\n<!-- \/ Yoast SEO plugin. -->","yoast_head_json":{"title":"La m\u00e1s chica, a Ang\u00e9lica Rivera: \u201cOye mam\u00e1, \u00bfy c\u00f3mo son esos aviones d\u00f3nde viaja toda esa gente?\u201d -","robots":{"index":"index","follow":"follow","max-snippet":"max-snippet:-1","max-image-preview":"max-image-preview:large","max-video-preview":"max-video-preview:-1"},"canonical":"https:\/\/quehacerpolitico.mx\/?p=11239","og_locale":"es_MX","og_type":"article","og_title":"La m\u00e1s chica, a Ang\u00e9lica Rivera: \u201cOye mam\u00e1, \u00bfy c\u00f3mo son esos aviones d\u00f3nde viaja toda esa gente?\u201d -","og_description":"La m\u00e1s chica, a Ang\u00e9lica Rivera: \u201cOye mam\u00e1, \u00bfy c\u00f3mo son esos aviones d\u00f3nde viaja toda esa gente?\u201d Por Redacci\u00f3n QP","og_url":"https:\/\/quehacerpolitico.mx\/?p=11239","article_published_time":"2018-12-08T04:07:21+00:00","author":"Redacci\u00f3n QP","twitter_card":"summary_large_image","twitter_misc":{"Escrito por":"Redacci\u00f3n QP","Tiempo de lectura":"2 minutos"},"schema":{"@context":"https:\/\/schema.org","@graph":[{"@type":"Article","@id":"https:\/\/quehacerpolitico.mx\/?p=11239#article","isPartOf":{"@id":"https:\/\/quehacerpolitico.mx\/?p=11239"},"author":{"name":"Redacci\u00f3n QP","@id":"https:\/\/quehacerpolitico.mx\/#\/schema\/person\/496d8ad2d1d3f8036101dca7ee39e585"},"headline":"La m\u00e1s chica, a Ang\u00e9lica Rivera: \u201cOye mam\u00e1, \u00bfy c\u00f3mo son esos aviones d\u00f3nde viaja toda esa gente?\u201d","datePublished":"2018-12-08T04:07:21+00:00","mainEntityOfPage":{"@id":"https:\/\/quehacerpolitico.mx\/?p=11239"},"wordCount":478,"commentCount":0,"image":{"@id":"https:\/\/quehacerpolitico.mx\/?p=11239#primaryimage"},"thumbnailUrl":"","articleSection":["Noticias"],"inLanguage":"es","potentialAction":[{"@type":"CommentAction","name":"Comment","target":["https:\/\/quehacerpolitico.mx\/?p=11239#respond"]}]},{"@type":"WebPage","@id":"https:\/\/quehacerpolitico.mx\/?p=11239","url":"https:\/\/quehacerpolitico.mx\/?p=11239","name":"La m\u00e1s chica, a Ang\u00e9lica Rivera: \u201cOye mam\u00e1, \u00bfy c\u00f3mo son esos aviones d\u00f3nde viaja toda esa gente?\u201d -","isPartOf":{"@id":"https:\/\/quehacerpolitico.mx\/#website"},"primaryImageOfPage":{"@id":"https:\/\/quehacerpolitico.mx\/?p=11239#primaryimage"},"image":{"@id":"https:\/\/quehacerpolitico.mx\/?p=11239#primaryimage"},"thumbnailUrl":"","datePublished":"2018-12-08T04:07:21+00:00","author":{"@id":"https:\/\/quehacerpolitico.mx\/#\/schema\/person\/496d8ad2d1d3f8036101dca7ee39e585"},"breadcrumb":{"@id":"https:\/\/quehacerpolitico.mx\/?p=11239#breadcrumb"},"inLanguage":"es","potentialAction":[{"@type":"ReadAction","target":["https:\/\/quehacerpolitico.mx\/?p=11239"]}]},{"@type":"ImageObject","inLanguage":"es","@id":"https:\/\/quehacerpolitico.mx\/?p=11239#primaryimage","url":"","contentUrl":""},{"@type":"BreadcrumbList","@id":"https:\/\/quehacerpolitico.mx\/?p=11239#breadcrumb","itemListElement":[{"@type":"ListItem","position":1,"name":"Inicio","item":"https:\/\/quehacerpolitico.mx\/"},{"@type":"ListItem","position":2,"name":"La m\u00e1s chica, a Ang\u00e9lica Rivera: \u201cOye mam\u00e1, \u00bfy c\u00f3mo son esos aviones d\u00f3nde viaja toda esa gente?\u201d"}]},{"@type":"WebSite","@id":"https:\/\/quehacerpolitico.mx\/#website","url":"https:\/\/quehacerpolitico.mx\/","name":"","description":"","potentialAction":[{"@type":"SearchAction","target":{"@type":"EntryPoint","urlTemplate":"https:\/\/quehacerpolitico.mx\/?s={search_term_string}"},"query-input":{"@type":"PropertyValueSpecification","valueRequired":true,"valueName":"search_term_string"}}],"inLanguage":"es"},{"@type":"Person","@id":"https:\/\/quehacerpolitico.mx\/#\/schema\/person\/496d8ad2d1d3f8036101dca7ee39e585","name":"Redacci\u00f3n QP","image":{"@type":"ImageObject","inLanguage":"es","@id":"https:\/\/secure.gravatar.com\/avatar\/c7164ed6fdec453195284ad24a5ae5b6e1eed2b848477fa2a4787ba9adf39a41?s=96&d=mm&r=g","url":"https:\/\/secure.gravatar.com\/avatar\/c7164ed6fdec453195284ad24a5ae5b6e1eed2b848477fa2a4787ba9adf39a41?s=96&d=mm&r=g","contentUrl":"https:\/\/secure.gravatar.com\/avatar\/c7164ed6fdec453195284ad24a5ae5b6e1eed2b848477fa2a4787ba9adf39a41?s=96&d=mm&r=g","caption":"Redacci\u00f3n QP"},"url":"https:\/\/quehacerpolitico.mx\/?author=2"}]}},"featured_image_urls":{"full":"","thumbnail":"","medium":"","medium_large":"","large":"","1536x1536":"","2048x2048":"","covernews-featured":"","covernews-medium":""},"author_info":{"display_name":"Redacci\u00f3n QP","author_link":"https:\/\/quehacerpolitico.mx\/?author=2"},"category_info":"<a href=\"https:\/\/quehacerpolitico.mx\/?cat=2\" rel=\"category\">Noticias<\/a>","tag_info":"Noticias","comment_count":"0","_links":{"self":[{"href":"https:\/\/quehacerpolitico.mx\/index.php?rest_route=\/wp\/v2\/posts\/11239","targetHints":{"allow":["GET"]}}],"collection":[{"href":"https:\/\/quehacerpolitico.mx\/index.php?rest_route=\/wp\/v2\/posts"}],"about":[{"href":"https:\/\/quehacerpolitico.mx\/index.php?rest_route=\/wp\/v2\/types\/post"}],"author":[{"embeddable":true,"href":"https:\/\/quehacerpolitico.mx\/index.php?rest_route=\/wp\/v2\/users\/2"}],"replies":[{"embeddable":true,"href":"https:\/\/quehacerpolitico.mx\/index.php?rest_route=%2Fwp%2Fv2%2Fcomments&post=11239"}],"version-history":[{"count":0,"href":"https:\/\/quehacerpolitico.mx\/index.php?rest_route=\/wp\/v2\/posts\/11239\/revisions"}],"wp:featuredmedia":[{"embeddable":true,"href":"https:\/\/quehacerpolitico.mx\/index.php?rest_route=\/"}],"wp:attachment":[{"href":"https:\/\/quehacerpolitico.mx\/index.php?rest_route=%2Fwp%2Fv2%2Fmedia&parent=11239"}],"wp:term":[{"taxonomy":"category","embeddable":true,"href":"https:\/\/quehacerpolitico.mx\/index.php?rest_route=%2Fwp%2Fv2%2Fcategories&post=11239"},{"taxonomy":"post_tag","embeddable":true,"href":"https:\/\/quehacerpolitico.mx\/index.php?rest_route=%2Fwp%2Fv2%2Ftags&post=11239"}],"curies":[{"name":"wp","href":"https:\/\/api.w.org\/{rel}","templated":true}]}}