{"id":112376,"date":"2024-09-07T20:06:03","date_gmt":"2024-09-07T20:06:03","guid":{"rendered":"https:\/\/quehacerpolitico.mx\/?p=112376"},"modified":"2024-09-07T20:10:15","modified_gmt":"2024-09-07T20:10:15","slug":"el-quehacer-politico-a-traves-de-las-visiones-en-papel-karla-flores-el-reto-del-gobierno-mexicano-esta-en-convertir-esfuerzos-en-acciones-para-un-futuro-libre-de-explotacion-trata-y-desaparicion","status":"publish","type":"post","link":"https:\/\/quehacerpolitico.mx\/?p=112376","title":{"rendered":"El Quehacer Pol\u00edtico a trav\u00e9s de las visiones en papel\/\/\/Karla Flores\/\/\/El reto del gobierno mexicano est\u00e1 en convertir esfuerzos en acciones para un futuro libre de explotaci\u00f3n, trata y desaparici\u00f3n\u00a0"},"content":{"rendered":"\n<p>Por Karla Flores <\/p>\n\n\n\n<p>Analista<\/p>\n\n\n\n<p>El gobierno mexicano, ahora con una mujer a la cabeza, debe convertir sus esfuerzos en estrategias efectivas para erradicar la explotaci\u00f3n, la trata y la desaparici\u00f3n de personas, asegurando un futuro seguro y justo para todos.<\/p>\n\n\n\n<p>&#8211;&nbsp;El compromiso debe estar en la implementaci\u00f3n real de pol\u00edticas que prevengan y combatan la explotaci\u00f3n, la trata y la desaparici\u00f3n, garantizando protecci\u00f3n y justicia para los m\u00e1s vulnerables.&nbsp;<\/p>\n\n\n\n<p>Cada 23 de septiembre, se conmemora el D\u00eda Internacional contra la Explotaci\u00f3n Sexual y el Tr\u00e1fico de Mujeres, Ni\u00f1as y Ni\u00f1os, una jornada dedicada a exponer y sensibilizar sobre una de las m\u00e1s atroces violaciones de los derechos humanos.&nbsp;<\/p>\n\n\n\n<p>Esta fecha, establecida en 1999 por la Conferencia Mundial de la Coalici\u00f3n contra el Tr\u00e1fico de Personas, llama la atenci\u00f3n sobre un problema que, lejos de disminuir, sigue expandi\u00e9ndose a nivel global pues millones de personas caen v\u00edctimas de redes de trata, siendo las mujeres y los menores de edad los m\u00e1s afectados.<\/p>\n\n\n\n<figure class=\"wp-block-image size-large\"><img loading=\"lazy\" decoding=\"async\" width=\"797\" height=\"1024\" src=\"https:\/\/quehacerpolitico.mx\/wp-content\/uploads\/2024\/09\/image-22-797x1024.jpeg\" alt=\"\" class=\"wp-image-112379\" srcset=\"https:\/\/quehacerpolitico.mx\/wp-content\/uploads\/2024\/09\/image-22-797x1024.jpeg 797w, https:\/\/quehacerpolitico.mx\/wp-content\/uploads\/2024\/09\/image-22-233x300.jpeg 233w, https:\/\/quehacerpolitico.mx\/wp-content\/uploads\/2024\/09\/image-22-768x987.jpeg 768w, https:\/\/quehacerpolitico.mx\/wp-content\/uploads\/2024\/09\/image-22-1195x1536.jpeg 1195w, https:\/\/quehacerpolitico.mx\/wp-content\/uploads\/2024\/09\/image-22-114x146.jpeg 114w, https:\/\/quehacerpolitico.mx\/wp-content\/uploads\/2024\/09\/image-22-39x50.jpeg 39w, https:\/\/quehacerpolitico.mx\/wp-content\/uploads\/2024\/09\/image-22-58x75.jpeg 58w, https:\/\/quehacerpolitico.mx\/wp-content\/uploads\/2024\/09\/image-22.jpeg 1253w\" sizes=\"auto, (max-width: 797px) 100vw, 797px\" \/><figcaption class=\"wp-element-caption\">Screenshot<\/figcaption><\/figure>\n\n\n\n<p>Los grupos vulnerables son frecuentemente enga\u00f1ados, secuestrados o forzados a vivir en condiciones de explotaci\u00f3n extrema, donde son sometidos a abusos f\u00edsicos y psicol\u00f3gicos, despojados de su libertad y dignidad. La explotaci\u00f3n sexual es s\u00f3lo una de las formas en las que estas personas son cruelmente utilizadas para el beneficio de otros, un recordatorio de que la esclavitud, en sus formas modernas, sigue siendo una realidad dolorosa en el siglo XXI.<\/p>\n\n\n\n<p>En M\u00e9xico, el panorama es preocupante, seg\u00fan datos de la Comisi\u00f3n Nacional de los Derechos Humanos (CNDH) y otras organizaciones civiles, el pa\u00eds es tanto un lugar de origen, tr\u00e1nsito y destino para las v\u00edctimas de trata de personas. La explotaci\u00f3n sexual es la forma m\u00e1s com\u00fan de trata en M\u00e9xico, donde el 70% de las v\u00edctimas son mujeres y ni\u00f1as. La situaci\u00f3n se agrava debido a factores como la pobreza, la desigualdad de g\u00e9nero y la violencia generalizada, que crean un caldo de cultivo propicio para estas redes criminales.<\/p>\n\n\n\n<p>Se estima que en M\u00e9xicom m\u00e1s de 20,000 personas son v\u00edctimas de trata cada a\u00f1o, &nbsp;y seg\u00fan el Observatorio Nacional Ciudadano, la explotaci\u00f3n sexual es la modalidad m\u00e1s com\u00fan de la trata en el pa\u00eds. Entre 2015 y 2020, las denuncias por trata de personas aumentaron en un 46%, seg\u00fan el Secretariado Ejecutivo del Sistema Nacional de Seguridad P\u00fablica (SESNSP) y s\u00f3lo el 1% de los casos de trata en M\u00e9xico resulta en una sentencia condenatoria, lo que subraya la dificultad para combatir eficazmente este delito.<\/p>\n\n\n\n<p>Las cifras oficiales son alarmantes, pero la realidad podr\u00eda ser a\u00fan m\u00e1s sombr\u00eda. La trata de personas es un delito dif\u00edcil de rastrear debido a su naturaleza clandestina. Muchas v\u00edctimas no denuncian por miedo, desconfianza en las autoridades o falta de alternativas. En este contexto, la impunidad se convierte en un aliado de los tratantes.<\/p>\n\n\n\n<p>El gobierno mexicano ha implementado diversas estrategias para combatir la trata de personas, como la creaci\u00f3n de la Ley General para Prevenir, Sancionar y Erradicar los Delitos en Materia de Trata de Personas, y la asistencia a las v\u00edctimas. Sin embargo, los resultados han sido limitados. La falta de recursos, la corrupci\u00f3n y la colusi\u00f3n de algunas autoridades con redes de trata siguen siendo obst\u00e1culos importantes en la lucha contra este flagelo.<\/p>\n\n\n\n<p>El D\u00eda Internacional contra la Explotaci\u00f3n Sexual y el Tr\u00e1fico de Mujeres, Ni\u00f1as y Ni\u00f1os es una oportunidad para reflexionar sobre la responsabilidad que tienen los gobiernos, la sociedad civil y cada uno de nosotros en la erradicaci\u00f3n de este crimen. En M\u00e9xico, es imperativo reforzar la prevenci\u00f3n, mejorar la persecuci\u00f3n del delito y, sobre todo, garantizar la protecci\u00f3n y rehabilitaci\u00f3n de las v\u00edctimas.<\/p>\n\n\n\n<p>La lucha contra la explotaci\u00f3n sexual y la trata de personas requiere un compromiso constante. No s\u00f3lo es una cuesti\u00f3n de justicia, sino de humanidad. M\u00e9xico tiene el reto de convertir sus esfuerzos en acciones efectivas para proteger a los m\u00e1s vulnerables y asegurar un futuro libre de explotaci\u00f3n para todos.<\/p>\n","protected":false},"excerpt":{"rendered":"<p>Por Karla Flores Analista El gobierno mexicano, ahora con una mujer a la cabeza, debe&#8230;<\/p>\n","protected":false},"author":2,"featured_media":112377,"comment_status":"open","ping_status":"open","sticky":false,"template":"","format":"standard","meta":{"_monsterinsights_skip_tracking":false,"_monsterinsights_sitenote_active":false,"_monsterinsights_sitenote_note":"","_monsterinsights_sitenote_category":0,"footnotes":""},"categories":[2],"tags":[],"class_list":["post-112376","post","type-post","status-publish","format-standard","has-post-thumbnail","hentry","category-noticias"],"yoast_head":"<!-- This site is optimized with the Yoast SEO plugin v27.3 - https:\/\/yoast.com\/product\/yoast-seo-wordpress\/ -->\n<title>El Quehacer Pol\u00edtico a trav\u00e9s de las visiones en papel\/\/\/Karla Flores\/\/\/El reto del gobierno mexicano est\u00e1 en convertir esfuerzos en acciones para un futuro libre de explotaci\u00f3n, trata y desaparici\u00f3n\u00a0 -<\/title>\n<meta name=\"robots\" content=\"index, follow, max-snippet:-1, max-image-preview:large, max-video-preview:-1\" \/>\n<link rel=\"canonical\" href=\"https:\/\/quehacerpolitico.mx\/?p=112376\" \/>\n<meta property=\"og:locale\" content=\"es_MX\" \/>\n<meta property=\"og:type\" content=\"article\" \/>\n<meta property=\"og:title\" content=\"El Quehacer Pol\u00edtico a trav\u00e9s de las visiones en papel\/\/\/Karla Flores\/\/\/El reto del gobierno mexicano est\u00e1 en convertir esfuerzos en acciones para un futuro libre de explotaci\u00f3n, trata y desaparici\u00f3n\u00a0 -\" \/>\n<meta property=\"og:description\" content=\"Por Karla Flores Analista El gobierno mexicano, ahora con una mujer a la cabeza, debe...\" \/>\n<meta property=\"og:url\" content=\"https:\/\/quehacerpolitico.mx\/?p=112376\" \/>\n<meta property=\"article:published_time\" content=\"2024-09-07T20:06:03+00:00\" \/>\n<meta property=\"article:modified_time\" content=\"2024-09-07T20:10:15+00:00\" \/>\n<meta property=\"og:image\" content=\"https:\/\/quehacerpolitico.mx\/wp-content\/uploads\/2024\/09\/3edbde9e-59ea-422f-9a1e-ab2bc0046014.jpeg\" \/>\n\t<meta property=\"og:image:width\" content=\"963\" \/>\n\t<meta property=\"og:image:height\" content=\"493\" \/>\n\t<meta property=\"og:image:type\" content=\"image\/jpeg\" \/>\n<meta name=\"author\" content=\"Redacci\u00f3n QP\" \/>\n<meta name=\"twitter:card\" content=\"summary_large_image\" \/>\n<meta name=\"twitter:label1\" content=\"Escrito por\" \/>\n\t<meta name=\"twitter:data1\" content=\"Redacci\u00f3n QP\" \/>\n\t<meta name=\"twitter:label2\" content=\"Tiempo de lectura\" \/>\n\t<meta name=\"twitter:data2\" content=\"4 minutos\" \/>\n<script type=\"application\/ld+json\" class=\"yoast-schema-graph\">{\"@context\":\"https:\\\/\\\/schema.org\",\"@graph\":[{\"@type\":\"Article\",\"@id\":\"https:\\\/\\\/quehacerpolitico.mx\\\/?p=112376#article\",\"isPartOf\":{\"@id\":\"https:\\\/\\\/quehacerpolitico.mx\\\/?p=112376\"},\"author\":{\"name\":\"Redacci\u00f3n QP\",\"@id\":\"https:\\\/\\\/quehacerpolitico.mx\\\/#\\\/schema\\\/person\\\/496d8ad2d1d3f8036101dca7ee39e585\"},\"headline\":\"El Quehacer Pol\u00edtico a trav\u00e9s de las visiones en papel\\\/\\\/\\\/Karla Flores\\\/\\\/\\\/El reto del gobierno mexicano est\u00e1 en convertir esfuerzos en acciones para un futuro libre de explotaci\u00f3n, trata y desaparici\u00f3n\u00a0\",\"datePublished\":\"2024-09-07T20:06:03+00:00\",\"dateModified\":\"2024-09-07T20:10:15+00:00\",\"mainEntityOfPage\":{\"@id\":\"https:\\\/\\\/quehacerpolitico.mx\\\/?p=112376\"},\"wordCount\":766,\"commentCount\":0,\"image\":{\"@id\":\"https:\\\/\\\/quehacerpolitico.mx\\\/?p=112376#primaryimage\"},\"thumbnailUrl\":\"https:\\\/\\\/quehacerpolitico.mx\\\/wp-content\\\/uploads\\\/2024\\\/09\\\/3edbde9e-59ea-422f-9a1e-ab2bc0046014.jpeg\",\"articleSection\":[\"Noticias\"],\"inLanguage\":\"es\",\"potentialAction\":[{\"@type\":\"CommentAction\",\"name\":\"Comment\",\"target\":[\"https:\\\/\\\/quehacerpolitico.mx\\\/?p=112376#respond\"]}]},{\"@type\":\"WebPage\",\"@id\":\"https:\\\/\\\/quehacerpolitico.mx\\\/?p=112376\",\"url\":\"https:\\\/\\\/quehacerpolitico.mx\\\/?p=112376\",\"name\":\"El Quehacer Pol\u00edtico a trav\u00e9s de las visiones en papel\\\/\\\/\\\/Karla Flores\\\/\\\/\\\/El reto del gobierno mexicano est\u00e1 en convertir esfuerzos en acciones para un futuro libre de explotaci\u00f3n, trata y desaparici\u00f3n\u00a0 -\",\"isPartOf\":{\"@id\":\"https:\\\/\\\/quehacerpolitico.mx\\\/#website\"},\"primaryImageOfPage\":{\"@id\":\"https:\\\/\\\/quehacerpolitico.mx\\\/?p=112376#primaryimage\"},\"image\":{\"@id\":\"https:\\\/\\\/quehacerpolitico.mx\\\/?p=112376#primaryimage\"},\"thumbnailUrl\":\"https:\\\/\\\/quehacerpolitico.mx\\\/wp-content\\\/uploads\\\/2024\\\/09\\\/3edbde9e-59ea-422f-9a1e-ab2bc0046014.jpeg\",\"datePublished\":\"2024-09-07T20:06:03+00:00\",\"dateModified\":\"2024-09-07T20:10:15+00:00\",\"author\":{\"@id\":\"https:\\\/\\\/quehacerpolitico.mx\\\/#\\\/schema\\\/person\\\/496d8ad2d1d3f8036101dca7ee39e585\"},\"breadcrumb\":{\"@id\":\"https:\\\/\\\/quehacerpolitico.mx\\\/?p=112376#breadcrumb\"},\"inLanguage\":\"es\",\"potentialAction\":[{\"@type\":\"ReadAction\",\"target\":[\"https:\\\/\\\/quehacerpolitico.mx\\\/?p=112376\"]}]},{\"@type\":\"ImageObject\",\"inLanguage\":\"es\",\"@id\":\"https:\\\/\\\/quehacerpolitico.mx\\\/?p=112376#primaryimage\",\"url\":\"https:\\\/\\\/quehacerpolitico.mx\\\/wp-content\\\/uploads\\\/2024\\\/09\\\/3edbde9e-59ea-422f-9a1e-ab2bc0046014.jpeg\",\"contentUrl\":\"https:\\\/\\\/quehacerpolitico.mx\\\/wp-content\\\/uploads\\\/2024\\\/09\\\/3edbde9e-59ea-422f-9a1e-ab2bc0046014.jpeg\",\"width\":963,\"height\":493},{\"@type\":\"BreadcrumbList\",\"@id\":\"https:\\\/\\\/quehacerpolitico.mx\\\/?p=112376#breadcrumb\",\"itemListElement\":[{\"@type\":\"ListItem\",\"position\":1,\"name\":\"Inicio\",\"item\":\"https:\\\/\\\/quehacerpolitico.mx\\\/\"},{\"@type\":\"ListItem\",\"position\":2,\"name\":\"El Quehacer Pol\u00edtico a trav\u00e9s de las visiones en papel\\\/\\\/\\\/Karla Flores\\\/\\\/\\\/El reto del gobierno mexicano est\u00e1 en convertir esfuerzos en acciones para un futuro libre de explotaci\u00f3n, trata y desaparici\u00f3n\u00a0\"}]},{\"@type\":\"WebSite\",\"@id\":\"https:\\\/\\\/quehacerpolitico.mx\\\/#website\",\"url\":\"https:\\\/\\\/quehacerpolitico.mx\\\/\",\"name\":\"\",\"description\":\"\",\"potentialAction\":[{\"@type\":\"SearchAction\",\"target\":{\"@type\":\"EntryPoint\",\"urlTemplate\":\"https:\\\/\\\/quehacerpolitico.mx\\\/?s={search_term_string}\"},\"query-input\":{\"@type\":\"PropertyValueSpecification\",\"valueRequired\":true,\"valueName\":\"search_term_string\"}}],\"inLanguage\":\"es\"},{\"@type\":\"Person\",\"@id\":\"https:\\\/\\\/quehacerpolitico.mx\\\/#\\\/schema\\\/person\\\/496d8ad2d1d3f8036101dca7ee39e585\",\"name\":\"Redacci\u00f3n QP\",\"image\":{\"@type\":\"ImageObject\",\"inLanguage\":\"es\",\"@id\":\"https:\\\/\\\/secure.gravatar.com\\\/avatar\\\/c7164ed6fdec453195284ad24a5ae5b6e1eed2b848477fa2a4787ba9adf39a41?s=96&d=mm&r=g\",\"url\":\"https:\\\/\\\/secure.gravatar.com\\\/avatar\\\/c7164ed6fdec453195284ad24a5ae5b6e1eed2b848477fa2a4787ba9adf39a41?s=96&d=mm&r=g\",\"contentUrl\":\"https:\\\/\\\/secure.gravatar.com\\\/avatar\\\/c7164ed6fdec453195284ad24a5ae5b6e1eed2b848477fa2a4787ba9adf39a41?s=96&d=mm&r=g\",\"caption\":\"Redacci\u00f3n QP\"},\"url\":\"https:\\\/\\\/quehacerpolitico.mx\\\/?author=2\"}]}<\/script>\n<!-- \/ Yoast SEO plugin. -->","yoast_head_json":{"title":"El Quehacer Pol\u00edtico a trav\u00e9s de las visiones en papel\/\/\/Karla Flores\/\/\/El reto del gobierno mexicano est\u00e1 en convertir esfuerzos en acciones para un futuro libre de explotaci\u00f3n, trata y desaparici\u00f3n\u00a0 -","robots":{"index":"index","follow":"follow","max-snippet":"max-snippet:-1","max-image-preview":"max-image-preview:large","max-video-preview":"max-video-preview:-1"},"canonical":"https:\/\/quehacerpolitico.mx\/?p=112376","og_locale":"es_MX","og_type":"article","og_title":"El Quehacer Pol\u00edtico a trav\u00e9s de las visiones en papel\/\/\/Karla Flores\/\/\/El reto del gobierno mexicano est\u00e1 en convertir esfuerzos en acciones para un futuro libre de explotaci\u00f3n, trata y desaparici\u00f3n\u00a0 -","og_description":"Por Karla Flores Analista El gobierno mexicano, ahora con una mujer a la cabeza, debe...","og_url":"https:\/\/quehacerpolitico.mx\/?p=112376","article_published_time":"2024-09-07T20:06:03+00:00","article_modified_time":"2024-09-07T20:10:15+00:00","og_image":[{"width":963,"height":493,"url":"https:\/\/quehacerpolitico.mx\/wp-content\/uploads\/2024\/09\/3edbde9e-59ea-422f-9a1e-ab2bc0046014.jpeg","type":"image\/jpeg"}],"author":"Redacci\u00f3n QP","twitter_card":"summary_large_image","twitter_misc":{"Escrito por":"Redacci\u00f3n QP","Tiempo de lectura":"4 minutos"},"schema":{"@context":"https:\/\/schema.org","@graph":[{"@type":"Article","@id":"https:\/\/quehacerpolitico.mx\/?p=112376#article","isPartOf":{"@id":"https:\/\/quehacerpolitico.mx\/?p=112376"},"author":{"name":"Redacci\u00f3n QP","@id":"https:\/\/quehacerpolitico.mx\/#\/schema\/person\/496d8ad2d1d3f8036101dca7ee39e585"},"headline":"El Quehacer Pol\u00edtico a trav\u00e9s de las visiones en papel\/\/\/Karla Flores\/\/\/El reto del gobierno mexicano est\u00e1 en convertir esfuerzos en acciones para un futuro libre de explotaci\u00f3n, trata y desaparici\u00f3n\u00a0","datePublished":"2024-09-07T20:06:03+00:00","dateModified":"2024-09-07T20:10:15+00:00","mainEntityOfPage":{"@id":"https:\/\/quehacerpolitico.mx\/?p=112376"},"wordCount":766,"commentCount":0,"image":{"@id":"https:\/\/quehacerpolitico.mx\/?p=112376#primaryimage"},"thumbnailUrl":"https:\/\/quehacerpolitico.mx\/wp-content\/uploads\/2024\/09\/3edbde9e-59ea-422f-9a1e-ab2bc0046014.jpeg","articleSection":["Noticias"],"inLanguage":"es","potentialAction":[{"@type":"CommentAction","name":"Comment","target":["https:\/\/quehacerpolitico.mx\/?p=112376#respond"]}]},{"@type":"WebPage","@id":"https:\/\/quehacerpolitico.mx\/?p=112376","url":"https:\/\/quehacerpolitico.mx\/?p=112376","name":"El Quehacer Pol\u00edtico a trav\u00e9s de las visiones en papel\/\/\/Karla Flores\/\/\/El reto del gobierno mexicano est\u00e1 en convertir esfuerzos en acciones para un futuro libre de explotaci\u00f3n, trata y desaparici\u00f3n\u00a0 -","isPartOf":{"@id":"https:\/\/quehacerpolitico.mx\/#website"},"primaryImageOfPage":{"@id":"https:\/\/quehacerpolitico.mx\/?p=112376#primaryimage"},"image":{"@id":"https:\/\/quehacerpolitico.mx\/?p=112376#primaryimage"},"thumbnailUrl":"https:\/\/quehacerpolitico.mx\/wp-content\/uploads\/2024\/09\/3edbde9e-59ea-422f-9a1e-ab2bc0046014.jpeg","datePublished":"2024-09-07T20:06:03+00:00","dateModified":"2024-09-07T20:10:15+00:00","author":{"@id":"https:\/\/quehacerpolitico.mx\/#\/schema\/person\/496d8ad2d1d3f8036101dca7ee39e585"},"breadcrumb":{"@id":"https:\/\/quehacerpolitico.mx\/?p=112376#breadcrumb"},"inLanguage":"es","potentialAction":[{"@type":"ReadAction","target":["https:\/\/quehacerpolitico.mx\/?p=112376"]}]},{"@type":"ImageObject","inLanguage":"es","@id":"https:\/\/quehacerpolitico.mx\/?p=112376#primaryimage","url":"https:\/\/quehacerpolitico.mx\/wp-content\/uploads\/2024\/09\/3edbde9e-59ea-422f-9a1e-ab2bc0046014.jpeg","contentUrl":"https:\/\/quehacerpolitico.mx\/wp-content\/uploads\/2024\/09\/3edbde9e-59ea-422f-9a1e-ab2bc0046014.jpeg","width":963,"height":493},{"@type":"BreadcrumbList","@id":"https:\/\/quehacerpolitico.mx\/?p=112376#breadcrumb","itemListElement":[{"@type":"ListItem","position":1,"name":"Inicio","item":"https:\/\/quehacerpolitico.mx\/"},{"@type":"ListItem","position":2,"name":"El Quehacer Pol\u00edtico a trav\u00e9s de las visiones en papel\/\/\/Karla Flores\/\/\/El reto del gobierno mexicano est\u00e1 en convertir esfuerzos en acciones para un futuro libre de explotaci\u00f3n, trata y desaparici\u00f3n\u00a0"}]},{"@type":"WebSite","@id":"https:\/\/quehacerpolitico.mx\/#website","url":"https:\/\/quehacerpolitico.mx\/","name":"","description":"","potentialAction":[{"@type":"SearchAction","target":{"@type":"EntryPoint","urlTemplate":"https:\/\/quehacerpolitico.mx\/?s={search_term_string}"},"query-input":{"@type":"PropertyValueSpecification","valueRequired":true,"valueName":"search_term_string"}}],"inLanguage":"es"},{"@type":"Person","@id":"https:\/\/quehacerpolitico.mx\/#\/schema\/person\/496d8ad2d1d3f8036101dca7ee39e585","name":"Redacci\u00f3n QP","image":{"@type":"ImageObject","inLanguage":"es","@id":"https:\/\/secure.gravatar.com\/avatar\/c7164ed6fdec453195284ad24a5ae5b6e1eed2b848477fa2a4787ba9adf39a41?s=96&d=mm&r=g","url":"https:\/\/secure.gravatar.com\/avatar\/c7164ed6fdec453195284ad24a5ae5b6e1eed2b848477fa2a4787ba9adf39a41?s=96&d=mm&r=g","contentUrl":"https:\/\/secure.gravatar.com\/avatar\/c7164ed6fdec453195284ad24a5ae5b6e1eed2b848477fa2a4787ba9adf39a41?s=96&d=mm&r=g","caption":"Redacci\u00f3n QP"},"url":"https:\/\/quehacerpolitico.mx\/?author=2"}]}},"featured_image_urls":{"full":["https:\/\/quehacerpolitico.mx\/wp-content\/uploads\/2024\/09\/3edbde9e-59ea-422f-9a1e-ab2bc0046014.jpeg",963,493,false],"thumbnail":["https:\/\/quehacerpolitico.mx\/wp-content\/uploads\/2024\/09\/3edbde9e-59ea-422f-9a1e-ab2bc0046014-150x150.jpeg",150,150,true],"medium":["https:\/\/quehacerpolitico.mx\/wp-content\/uploads\/2024\/09\/3edbde9e-59ea-422f-9a1e-ab2bc0046014-300x154.jpeg",300,154,true],"medium_large":["https:\/\/quehacerpolitico.mx\/wp-content\/uploads\/2024\/09\/3edbde9e-59ea-422f-9a1e-ab2bc0046014-768x393.jpeg",640,328,true],"large":["https:\/\/quehacerpolitico.mx\/wp-content\/uploads\/2024\/09\/3edbde9e-59ea-422f-9a1e-ab2bc0046014.jpeg",640,328,false],"1536x1536":["https:\/\/quehacerpolitico.mx\/wp-content\/uploads\/2024\/09\/3edbde9e-59ea-422f-9a1e-ab2bc0046014.jpeg",963,493,false],"2048x2048":["https:\/\/quehacerpolitico.mx\/wp-content\/uploads\/2024\/09\/3edbde9e-59ea-422f-9a1e-ab2bc0046014.jpeg",963,493,false],"covernews-featured":["https:\/\/quehacerpolitico.mx\/wp-content\/uploads\/2024\/09\/3edbde9e-59ea-422f-9a1e-ab2bc0046014.jpeg",963,493,false],"covernews-medium":["https:\/\/quehacerpolitico.mx\/wp-content\/uploads\/2024\/09\/3edbde9e-59ea-422f-9a1e-ab2bc0046014.jpeg",540,276,false]},"author_info":{"display_name":"Redacci\u00f3n QP","author_link":"https:\/\/quehacerpolitico.mx\/?author=2"},"category_info":"<a href=\"https:\/\/quehacerpolitico.mx\/?cat=2\" rel=\"category\">Noticias<\/a>","tag_info":"Noticias","comment_count":"0","_links":{"self":[{"href":"https:\/\/quehacerpolitico.mx\/index.php?rest_route=\/wp\/v2\/posts\/112376","targetHints":{"allow":["GET"]}}],"collection":[{"href":"https:\/\/quehacerpolitico.mx\/index.php?rest_route=\/wp\/v2\/posts"}],"about":[{"href":"https:\/\/quehacerpolitico.mx\/index.php?rest_route=\/wp\/v2\/types\/post"}],"author":[{"embeddable":true,"href":"https:\/\/quehacerpolitico.mx\/index.php?rest_route=\/wp\/v2\/users\/2"}],"replies":[{"embeddable":true,"href":"https:\/\/quehacerpolitico.mx\/index.php?rest_route=%2Fwp%2Fv2%2Fcomments&post=112376"}],"version-history":[{"count":2,"href":"https:\/\/quehacerpolitico.mx\/index.php?rest_route=\/wp\/v2\/posts\/112376\/revisions"}],"predecessor-version":[{"id":112381,"href":"https:\/\/quehacerpolitico.mx\/index.php?rest_route=\/wp\/v2\/posts\/112376\/revisions\/112381"}],"wp:featuredmedia":[{"embeddable":true,"href":"https:\/\/quehacerpolitico.mx\/index.php?rest_route=\/wp\/v2\/media\/112377"}],"wp:attachment":[{"href":"https:\/\/quehacerpolitico.mx\/index.php?rest_route=%2Fwp%2Fv2%2Fmedia&parent=112376"}],"wp:term":[{"taxonomy":"category","embeddable":true,"href":"https:\/\/quehacerpolitico.mx\/index.php?rest_route=%2Fwp%2Fv2%2Fcategories&post=112376"},{"taxonomy":"post_tag","embeddable":true,"href":"https:\/\/quehacerpolitico.mx\/index.php?rest_route=%2Fwp%2Fv2%2Ftags&post=112376"}],"curies":[{"name":"wp","href":"https:\/\/api.w.org\/{rel}","templated":true}]}}