{"id":112373,"date":"2024-09-07T19:50:02","date_gmt":"2024-09-07T19:50:02","guid":{"rendered":"https:\/\/quehacerpolitico.mx\/?p=112373"},"modified":"2024-09-07T20:25:39","modified_gmt":"2024-09-07T20:25:39","slug":"el-quehacer-politico-a-traves-del-punto-de-vista-dra-blanca-estela-castanedo-gallardo-la-nueva-reforma-judicial-en-mexico","status":"publish","type":"post","link":"https:\/\/quehacerpolitico.mx\/?p=112373","title":{"rendered":"El Quehacer Pol\u00edtico a trav\u00e9s del punto de vista\/\/\/Dra Blanca Estela Casta\u00f1edo Gallardo\/\/\/LA NUEVA REFORMA JUDICIAL EN M\u00c9XICO"},"content":{"rendered":"\n<p>Por Dra Blanca Estela Casta\u00f1edo Gallardo<\/p>\n\n\n\n<p>Analista<\/p>\n\n\n\n<p>La nueva reforma judicial en M\u00e9xico ha generado un amplio debate tanto entre los expertos legales como en la opini\u00f3n p\u00fablica. Si bien la reforma se propone modernizar y fortalecer el sistema de justicia, han surgido numerosos problemas y preocupaciones en torno a su implementaci\u00f3n y sus posibles implicaciones.&nbsp;<\/p>\n\n\n\n<p>Uno de los principales temores asociados con la nueva reforma judicial es la posible centralizaci\u00f3n del poder en manos del Ejecutivo. Algunos cr\u00edticos argumentan que ciertas disposiciones de la reforma podr\u00edan permitir una mayor influencia pol\u00edtica sobre el Poder Judicial, socavando su independencia. Espec\u00edficamente, la preocupaci\u00f3n radica en los mecanismos de nombramiento y remoci\u00f3n de jueces y magistrados, que podr\u00edan ser utilizados para ejercer presi\u00f3n pol\u00edtica y coartar la autonom\u00eda judicial.<\/p>\n\n\n\n<p>La implementaci\u00f3n efectiva de la reforma requiere una inversi\u00f3n significativa en recursos y capacitaci\u00f3n. Sin embargo, existe una preocupaci\u00f3n creciente de que los tribunales no cuenten con los recursos financieros y humanos necesarios para adaptarse a los cambios propuestos. La falta de inversi\u00f3n en infraestructura, tecnolog\u00eda y capacitaci\u00f3n podr\u00eda resultar en una transici\u00f3n ca\u00f3tica, con jueces y personal judicial mal preparados para manejar las nuevas exigencias del sistema.<\/p>\n\n\n\n<figure class=\"wp-block-image size-large\"><img loading=\"lazy\" decoding=\"async\" width=\"801\" height=\"1024\" src=\"https:\/\/quehacerpolitico.mx\/wp-content\/uploads\/2024\/09\/image-23-801x1024.jpeg\" alt=\"\" class=\"wp-image-112382\" srcset=\"https:\/\/quehacerpolitico.mx\/wp-content\/uploads\/2024\/09\/image-23-801x1024.jpeg 801w, https:\/\/quehacerpolitico.mx\/wp-content\/uploads\/2024\/09\/image-23-235x300.jpeg 235w, https:\/\/quehacerpolitico.mx\/wp-content\/uploads\/2024\/09\/image-23-768x982.jpeg 768w, https:\/\/quehacerpolitico.mx\/wp-content\/uploads\/2024\/09\/image-23-1201x1536.jpeg 1201w, https:\/\/quehacerpolitico.mx\/wp-content\/uploads\/2024\/09\/image-23-114x146.jpeg 114w, https:\/\/quehacerpolitico.mx\/wp-content\/uploads\/2024\/09\/image-23-39x50.jpeg 39w, https:\/\/quehacerpolitico.mx\/wp-content\/uploads\/2024\/09\/image-23-59x75.jpeg 59w, https:\/\/quehacerpolitico.mx\/wp-content\/uploads\/2024\/09\/image-23.jpeg 1251w\" sizes=\"auto, (max-width: 801px) 100vw, 801px\" \/><figcaption class=\"wp-element-caption\">Screenshot<\/figcaption><\/figure>\n\n\n\n<p>A pesar de que la reforma busca mejorar el acceso a la justicia, algunos analistas temen que las medidas propuestas puedan exacerbar las desigualdades existentes. La introducci\u00f3n de tecnolog\u00edas avanzadas, como audiencias virtuales y la digitalizaci\u00f3n de expedientes, aunque positiva en teor\u00eda, podr\u00eda dejar atr\u00e1s a aquellos sectores de la poblaci\u00f3n que no tienen acceso a la tecnolog\u00eda o carecen de habilidades digitales. Esto podr\u00eda agravar la exclusi\u00f3n de comunidades marginadas y rurales, limitando su acceso efectivo a la justicia.<\/p>\n\n\n\n<p>La creaci\u00f3n de tribunales especializados, como parte de la reforma, busca mejorar la calidad de las resoluciones judiciales. No obstante, esta medida podr\u00eda sobrecargar a\u00fan m\u00e1s un sistema judicial que ya enfrenta una acumulaci\u00f3n significativa de casos. Sin una planificaci\u00f3n adecuada y una distribuci\u00f3n eficiente de los recursos, los nuevos tribunales especializados podr\u00edan enfrentar dificultades para manejar su carga de trabajo, lo que resultar\u00eda en mayores retrasos y una disminuci\u00f3n en la eficiencia del sistema judicial en su conjunto.<\/p>\n\n\n\n<p>La reforma tambi\u00e9n ha sido criticada por no abordar de manera suficientemente contundente el problema de la corrupci\u00f3n dentro del sistema judicial. A pesar de que se incluyen medidas para combatir la corrupci\u00f3n, algunos expertos se\u00f1alan que estas disposiciones no son lo suficientemente fuertes o espec\u00edficas como para&nbsp;generar un cambio real. Existe el riesgo de que, sin mecanismos de control y sanci\u00f3n m\u00e1s rigurosos, la corrupci\u00f3n persista y siga socavando la confianza en el sistema de justicia.<\/p>\n\n\n\n<p>Otro aspecto controvertido de la reforma es la percepci\u00f3n de que se ha implementado sin una consulta amplia y significativa con todos los actores involucrados. Muchos abogados, jueces, acad\u00e9micos y organizaciones de la sociedad civil han expresado su preocupaci\u00f3n de que no se les haya dado una participaci\u00f3n adecuada en el proceso de dise\u00f1o de la reforma. Esto ha generado una sensaci\u00f3n de exclusi\u00f3n y ha cuestionado la legitimidad del proceso, lo que podr\u00eda dificultar la aceptaci\u00f3n y el \u00e9xito de la reforma.<\/p>\n\n\n\n<p>Algunos aspectos de la reforma han sido cuestionados en t\u00e9rminos de su constitucionalidad y legalidad. La posibilidad de que ciertas disposiciones de la reforma sean impugnadas ante la Suprema Corte de Justicia de la Naci\u00f3n (SCJN) ha creado un ambiente de incertidumbre legal. Este tipo de desaf\u00edos legales podr\u00eda retrasar la implementaci\u00f3n de la reforma y generar conflictos entre los poderes del Estado.<\/p>\n\n\n\n<p>La nueva reforma judicial en M\u00e9xico, aunque bien intencionada en su b\u00fasqueda por modernizar y mejorar el sistema de justicia, enfrenta una serie de problematicas&nbsp;y controversias&nbsp;que ponen &nbsp;en tela de juicio su efectividad.&nbsp;Sin embargo los desaf\u00edos relacionados con la centralizaci\u00f3n del poder, la falta de recursos, la desigualdad en el acceso a la justicia, la sobrecarga del sistema y la lucha contra la corrupci\u00f3n deben abordarse de manera integral y transparente. Solo as\u00ed se podr\u00e1 asegurar que la reforma judicial logre sus objetivos y fortalezca verdaderamente el sistema de justicia en M\u00e9xico.<\/p>\n","protected":false},"excerpt":{"rendered":"<p>Por Dra Blanca Estela Casta\u00f1edo Gallardo Analista La nueva reforma judicial en M\u00e9xico ha generado&#8230;<\/p>\n","protected":false},"author":2,"featured_media":112374,"comment_status":"open","ping_status":"open","sticky":false,"template":"","format":"standard","meta":{"_monsterinsights_skip_tracking":false,"_monsterinsights_sitenote_active":false,"_monsterinsights_sitenote_note":"","_monsterinsights_sitenote_category":0,"footnotes":""},"categories":[2],"tags":[],"class_list":["post-112373","post","type-post","status-publish","format-standard","has-post-thumbnail","hentry","category-noticias"],"yoast_head":"<!-- This site is optimized with the Yoast SEO plugin v27.3 - https:\/\/yoast.com\/product\/yoast-seo-wordpress\/ -->\n<title>El Quehacer Pol\u00edtico a trav\u00e9s del punto de vista\/\/\/Dra Blanca Estela Casta\u00f1edo Gallardo\/\/\/LA NUEVA REFORMA JUDICIAL EN M\u00c9XICO -<\/title>\n<meta name=\"robots\" content=\"index, follow, max-snippet:-1, max-image-preview:large, max-video-preview:-1\" \/>\n<link rel=\"canonical\" href=\"https:\/\/quehacerpolitico.mx\/?p=112373\" \/>\n<meta property=\"og:locale\" content=\"es_MX\" \/>\n<meta property=\"og:type\" content=\"article\" \/>\n<meta property=\"og:title\" content=\"El Quehacer Pol\u00edtico a trav\u00e9s del punto de vista\/\/\/Dra Blanca Estela Casta\u00f1edo Gallardo\/\/\/LA NUEVA REFORMA JUDICIAL EN M\u00c9XICO -\" \/>\n<meta property=\"og:description\" content=\"Por Dra Blanca Estela Casta\u00f1edo Gallardo Analista La nueva reforma judicial en M\u00e9xico ha generado...\" \/>\n<meta property=\"og:url\" content=\"https:\/\/quehacerpolitico.mx\/?p=112373\" \/>\n<meta property=\"article:published_time\" content=\"2024-09-07T19:50:02+00:00\" \/>\n<meta property=\"article:modified_time\" content=\"2024-09-07T20:25:39+00:00\" \/>\n<meta property=\"og:image\" content=\"https:\/\/quehacerpolitico.mx\/wp-content\/uploads\/2024\/09\/b4a29bce-18e1-4a7d-b138-a1cb60d5ae54.jpeg\" \/>\n\t<meta property=\"og:image:width\" content=\"963\" \/>\n\t<meta property=\"og:image:height\" content=\"493\" \/>\n\t<meta property=\"og:image:type\" content=\"image\/jpeg\" \/>\n<meta name=\"author\" content=\"Redacci\u00f3n QP\" \/>\n<meta name=\"twitter:card\" content=\"summary_large_image\" \/>\n<meta name=\"twitter:label1\" content=\"Escrito por\" \/>\n\t<meta name=\"twitter:data1\" content=\"Redacci\u00f3n QP\" \/>\n\t<meta name=\"twitter:label2\" content=\"Tiempo de lectura\" \/>\n\t<meta name=\"twitter:data2\" content=\"4 minutos\" \/>\n<script type=\"application\/ld+json\" class=\"yoast-schema-graph\">{\"@context\":\"https:\\\/\\\/schema.org\",\"@graph\":[{\"@type\":\"Article\",\"@id\":\"https:\\\/\\\/quehacerpolitico.mx\\\/?p=112373#article\",\"isPartOf\":{\"@id\":\"https:\\\/\\\/quehacerpolitico.mx\\\/?p=112373\"},\"author\":{\"name\":\"Redacci\u00f3n QP\",\"@id\":\"https:\\\/\\\/quehacerpolitico.mx\\\/#\\\/schema\\\/person\\\/496d8ad2d1d3f8036101dca7ee39e585\"},\"headline\":\"El Quehacer Pol\u00edtico a trav\u00e9s del punto de vista\\\/\\\/\\\/Dra Blanca Estela Casta\u00f1edo Gallardo\\\/\\\/\\\/LA NUEVA REFORMA JUDICIAL EN M\u00c9XICO\",\"datePublished\":\"2024-09-07T19:50:02+00:00\",\"dateModified\":\"2024-09-07T20:25:39+00:00\",\"mainEntityOfPage\":{\"@id\":\"https:\\\/\\\/quehacerpolitico.mx\\\/?p=112373\"},\"wordCount\":778,\"commentCount\":0,\"image\":{\"@id\":\"https:\\\/\\\/quehacerpolitico.mx\\\/?p=112373#primaryimage\"},\"thumbnailUrl\":\"https:\\\/\\\/quehacerpolitico.mx\\\/wp-content\\\/uploads\\\/2024\\\/09\\\/b4a29bce-18e1-4a7d-b138-a1cb60d5ae54.jpeg\",\"articleSection\":[\"Noticias\"],\"inLanguage\":\"es\",\"potentialAction\":[{\"@type\":\"CommentAction\",\"name\":\"Comment\",\"target\":[\"https:\\\/\\\/quehacerpolitico.mx\\\/?p=112373#respond\"]}]},{\"@type\":\"WebPage\",\"@id\":\"https:\\\/\\\/quehacerpolitico.mx\\\/?p=112373\",\"url\":\"https:\\\/\\\/quehacerpolitico.mx\\\/?p=112373\",\"name\":\"El Quehacer Pol\u00edtico a trav\u00e9s del punto de vista\\\/\\\/\\\/Dra Blanca Estela Casta\u00f1edo Gallardo\\\/\\\/\\\/LA NUEVA REFORMA JUDICIAL EN M\u00c9XICO -\",\"isPartOf\":{\"@id\":\"https:\\\/\\\/quehacerpolitico.mx\\\/#website\"},\"primaryImageOfPage\":{\"@id\":\"https:\\\/\\\/quehacerpolitico.mx\\\/?p=112373#primaryimage\"},\"image\":{\"@id\":\"https:\\\/\\\/quehacerpolitico.mx\\\/?p=112373#primaryimage\"},\"thumbnailUrl\":\"https:\\\/\\\/quehacerpolitico.mx\\\/wp-content\\\/uploads\\\/2024\\\/09\\\/b4a29bce-18e1-4a7d-b138-a1cb60d5ae54.jpeg\",\"datePublished\":\"2024-09-07T19:50:02+00:00\",\"dateModified\":\"2024-09-07T20:25:39+00:00\",\"author\":{\"@id\":\"https:\\\/\\\/quehacerpolitico.mx\\\/#\\\/schema\\\/person\\\/496d8ad2d1d3f8036101dca7ee39e585\"},\"breadcrumb\":{\"@id\":\"https:\\\/\\\/quehacerpolitico.mx\\\/?p=112373#breadcrumb\"},\"inLanguage\":\"es\",\"potentialAction\":[{\"@type\":\"ReadAction\",\"target\":[\"https:\\\/\\\/quehacerpolitico.mx\\\/?p=112373\"]}]},{\"@type\":\"ImageObject\",\"inLanguage\":\"es\",\"@id\":\"https:\\\/\\\/quehacerpolitico.mx\\\/?p=112373#primaryimage\",\"url\":\"https:\\\/\\\/quehacerpolitico.mx\\\/wp-content\\\/uploads\\\/2024\\\/09\\\/b4a29bce-18e1-4a7d-b138-a1cb60d5ae54.jpeg\",\"contentUrl\":\"https:\\\/\\\/quehacerpolitico.mx\\\/wp-content\\\/uploads\\\/2024\\\/09\\\/b4a29bce-18e1-4a7d-b138-a1cb60d5ae54.jpeg\",\"width\":963,\"height\":493},{\"@type\":\"BreadcrumbList\",\"@id\":\"https:\\\/\\\/quehacerpolitico.mx\\\/?p=112373#breadcrumb\",\"itemListElement\":[{\"@type\":\"ListItem\",\"position\":1,\"name\":\"Inicio\",\"item\":\"https:\\\/\\\/quehacerpolitico.mx\\\/\"},{\"@type\":\"ListItem\",\"position\":2,\"name\":\"El Quehacer Pol\u00edtico a trav\u00e9s del punto de vista\\\/\\\/\\\/Dra Blanca Estela Casta\u00f1edo Gallardo\\\/\\\/\\\/LA NUEVA REFORMA JUDICIAL EN M\u00c9XICO\"}]},{\"@type\":\"WebSite\",\"@id\":\"https:\\\/\\\/quehacerpolitico.mx\\\/#website\",\"url\":\"https:\\\/\\\/quehacerpolitico.mx\\\/\",\"name\":\"\",\"description\":\"\",\"potentialAction\":[{\"@type\":\"SearchAction\",\"target\":{\"@type\":\"EntryPoint\",\"urlTemplate\":\"https:\\\/\\\/quehacerpolitico.mx\\\/?s={search_term_string}\"},\"query-input\":{\"@type\":\"PropertyValueSpecification\",\"valueRequired\":true,\"valueName\":\"search_term_string\"}}],\"inLanguage\":\"es\"},{\"@type\":\"Person\",\"@id\":\"https:\\\/\\\/quehacerpolitico.mx\\\/#\\\/schema\\\/person\\\/496d8ad2d1d3f8036101dca7ee39e585\",\"name\":\"Redacci\u00f3n QP\",\"image\":{\"@type\":\"ImageObject\",\"inLanguage\":\"es\",\"@id\":\"https:\\\/\\\/secure.gravatar.com\\\/avatar\\\/c7164ed6fdec453195284ad24a5ae5b6e1eed2b848477fa2a4787ba9adf39a41?s=96&d=mm&r=g\",\"url\":\"https:\\\/\\\/secure.gravatar.com\\\/avatar\\\/c7164ed6fdec453195284ad24a5ae5b6e1eed2b848477fa2a4787ba9adf39a41?s=96&d=mm&r=g\",\"contentUrl\":\"https:\\\/\\\/secure.gravatar.com\\\/avatar\\\/c7164ed6fdec453195284ad24a5ae5b6e1eed2b848477fa2a4787ba9adf39a41?s=96&d=mm&r=g\",\"caption\":\"Redacci\u00f3n QP\"},\"url\":\"https:\\\/\\\/quehacerpolitico.mx\\\/?author=2\"}]}<\/script>\n<!-- \/ Yoast SEO plugin. -->","yoast_head_json":{"title":"El Quehacer Pol\u00edtico a trav\u00e9s del punto de vista\/\/\/Dra Blanca Estela Casta\u00f1edo Gallardo\/\/\/LA NUEVA REFORMA JUDICIAL EN M\u00c9XICO -","robots":{"index":"index","follow":"follow","max-snippet":"max-snippet:-1","max-image-preview":"max-image-preview:large","max-video-preview":"max-video-preview:-1"},"canonical":"https:\/\/quehacerpolitico.mx\/?p=112373","og_locale":"es_MX","og_type":"article","og_title":"El Quehacer Pol\u00edtico a trav\u00e9s del punto de vista\/\/\/Dra Blanca Estela Casta\u00f1edo Gallardo\/\/\/LA NUEVA REFORMA JUDICIAL EN M\u00c9XICO -","og_description":"Por Dra Blanca Estela Casta\u00f1edo Gallardo Analista La nueva reforma judicial en M\u00e9xico ha generado...","og_url":"https:\/\/quehacerpolitico.mx\/?p=112373","article_published_time":"2024-09-07T19:50:02+00:00","article_modified_time":"2024-09-07T20:25:39+00:00","og_image":[{"width":963,"height":493,"url":"https:\/\/quehacerpolitico.mx\/wp-content\/uploads\/2024\/09\/b4a29bce-18e1-4a7d-b138-a1cb60d5ae54.jpeg","type":"image\/jpeg"}],"author":"Redacci\u00f3n QP","twitter_card":"summary_large_image","twitter_misc":{"Escrito por":"Redacci\u00f3n QP","Tiempo de lectura":"4 minutos"},"schema":{"@context":"https:\/\/schema.org","@graph":[{"@type":"Article","@id":"https:\/\/quehacerpolitico.mx\/?p=112373#article","isPartOf":{"@id":"https:\/\/quehacerpolitico.mx\/?p=112373"},"author":{"name":"Redacci\u00f3n QP","@id":"https:\/\/quehacerpolitico.mx\/#\/schema\/person\/496d8ad2d1d3f8036101dca7ee39e585"},"headline":"El Quehacer Pol\u00edtico a trav\u00e9s del punto de vista\/\/\/Dra Blanca Estela Casta\u00f1edo Gallardo\/\/\/LA NUEVA REFORMA JUDICIAL EN M\u00c9XICO","datePublished":"2024-09-07T19:50:02+00:00","dateModified":"2024-09-07T20:25:39+00:00","mainEntityOfPage":{"@id":"https:\/\/quehacerpolitico.mx\/?p=112373"},"wordCount":778,"commentCount":0,"image":{"@id":"https:\/\/quehacerpolitico.mx\/?p=112373#primaryimage"},"thumbnailUrl":"https:\/\/quehacerpolitico.mx\/wp-content\/uploads\/2024\/09\/b4a29bce-18e1-4a7d-b138-a1cb60d5ae54.jpeg","articleSection":["Noticias"],"inLanguage":"es","potentialAction":[{"@type":"CommentAction","name":"Comment","target":["https:\/\/quehacerpolitico.mx\/?p=112373#respond"]}]},{"@type":"WebPage","@id":"https:\/\/quehacerpolitico.mx\/?p=112373","url":"https:\/\/quehacerpolitico.mx\/?p=112373","name":"El Quehacer Pol\u00edtico a trav\u00e9s del punto de vista\/\/\/Dra Blanca Estela Casta\u00f1edo Gallardo\/\/\/LA NUEVA REFORMA JUDICIAL EN M\u00c9XICO -","isPartOf":{"@id":"https:\/\/quehacerpolitico.mx\/#website"},"primaryImageOfPage":{"@id":"https:\/\/quehacerpolitico.mx\/?p=112373#primaryimage"},"image":{"@id":"https:\/\/quehacerpolitico.mx\/?p=112373#primaryimage"},"thumbnailUrl":"https:\/\/quehacerpolitico.mx\/wp-content\/uploads\/2024\/09\/b4a29bce-18e1-4a7d-b138-a1cb60d5ae54.jpeg","datePublished":"2024-09-07T19:50:02+00:00","dateModified":"2024-09-07T20:25:39+00:00","author":{"@id":"https:\/\/quehacerpolitico.mx\/#\/schema\/person\/496d8ad2d1d3f8036101dca7ee39e585"},"breadcrumb":{"@id":"https:\/\/quehacerpolitico.mx\/?p=112373#breadcrumb"},"inLanguage":"es","potentialAction":[{"@type":"ReadAction","target":["https:\/\/quehacerpolitico.mx\/?p=112373"]}]},{"@type":"ImageObject","inLanguage":"es","@id":"https:\/\/quehacerpolitico.mx\/?p=112373#primaryimage","url":"https:\/\/quehacerpolitico.mx\/wp-content\/uploads\/2024\/09\/b4a29bce-18e1-4a7d-b138-a1cb60d5ae54.jpeg","contentUrl":"https:\/\/quehacerpolitico.mx\/wp-content\/uploads\/2024\/09\/b4a29bce-18e1-4a7d-b138-a1cb60d5ae54.jpeg","width":963,"height":493},{"@type":"BreadcrumbList","@id":"https:\/\/quehacerpolitico.mx\/?p=112373#breadcrumb","itemListElement":[{"@type":"ListItem","position":1,"name":"Inicio","item":"https:\/\/quehacerpolitico.mx\/"},{"@type":"ListItem","position":2,"name":"El Quehacer Pol\u00edtico a trav\u00e9s del punto de vista\/\/\/Dra Blanca Estela Casta\u00f1edo Gallardo\/\/\/LA NUEVA REFORMA JUDICIAL EN M\u00c9XICO"}]},{"@type":"WebSite","@id":"https:\/\/quehacerpolitico.mx\/#website","url":"https:\/\/quehacerpolitico.mx\/","name":"","description":"","potentialAction":[{"@type":"SearchAction","target":{"@type":"EntryPoint","urlTemplate":"https:\/\/quehacerpolitico.mx\/?s={search_term_string}"},"query-input":{"@type":"PropertyValueSpecification","valueRequired":true,"valueName":"search_term_string"}}],"inLanguage":"es"},{"@type":"Person","@id":"https:\/\/quehacerpolitico.mx\/#\/schema\/person\/496d8ad2d1d3f8036101dca7ee39e585","name":"Redacci\u00f3n QP","image":{"@type":"ImageObject","inLanguage":"es","@id":"https:\/\/secure.gravatar.com\/avatar\/c7164ed6fdec453195284ad24a5ae5b6e1eed2b848477fa2a4787ba9adf39a41?s=96&d=mm&r=g","url":"https:\/\/secure.gravatar.com\/avatar\/c7164ed6fdec453195284ad24a5ae5b6e1eed2b848477fa2a4787ba9adf39a41?s=96&d=mm&r=g","contentUrl":"https:\/\/secure.gravatar.com\/avatar\/c7164ed6fdec453195284ad24a5ae5b6e1eed2b848477fa2a4787ba9adf39a41?s=96&d=mm&r=g","caption":"Redacci\u00f3n QP"},"url":"https:\/\/quehacerpolitico.mx\/?author=2"}]}},"featured_image_urls":{"full":["https:\/\/quehacerpolitico.mx\/wp-content\/uploads\/2024\/09\/b4a29bce-18e1-4a7d-b138-a1cb60d5ae54.jpeg",963,493,false],"thumbnail":["https:\/\/quehacerpolitico.mx\/wp-content\/uploads\/2024\/09\/b4a29bce-18e1-4a7d-b138-a1cb60d5ae54-150x150.jpeg",150,150,true],"medium":["https:\/\/quehacerpolitico.mx\/wp-content\/uploads\/2024\/09\/b4a29bce-18e1-4a7d-b138-a1cb60d5ae54-300x154.jpeg",300,154,true],"medium_large":["https:\/\/quehacerpolitico.mx\/wp-content\/uploads\/2024\/09\/b4a29bce-18e1-4a7d-b138-a1cb60d5ae54-768x393.jpeg",640,328,true],"large":["https:\/\/quehacerpolitico.mx\/wp-content\/uploads\/2024\/09\/b4a29bce-18e1-4a7d-b138-a1cb60d5ae54.jpeg",640,328,false],"1536x1536":["https:\/\/quehacerpolitico.mx\/wp-content\/uploads\/2024\/09\/b4a29bce-18e1-4a7d-b138-a1cb60d5ae54.jpeg",963,493,false],"2048x2048":["https:\/\/quehacerpolitico.mx\/wp-content\/uploads\/2024\/09\/b4a29bce-18e1-4a7d-b138-a1cb60d5ae54.jpeg",963,493,false],"covernews-featured":["https:\/\/quehacerpolitico.mx\/wp-content\/uploads\/2024\/09\/b4a29bce-18e1-4a7d-b138-a1cb60d5ae54.jpeg",963,493,false],"covernews-medium":["https:\/\/quehacerpolitico.mx\/wp-content\/uploads\/2024\/09\/b4a29bce-18e1-4a7d-b138-a1cb60d5ae54.jpeg",540,276,false]},"author_info":{"display_name":"Redacci\u00f3n QP","author_link":"https:\/\/quehacerpolitico.mx\/?author=2"},"category_info":"<a href=\"https:\/\/quehacerpolitico.mx\/?cat=2\" rel=\"category\">Noticias<\/a>","tag_info":"Noticias","comment_count":"0","_links":{"self":[{"href":"https:\/\/quehacerpolitico.mx\/index.php?rest_route=\/wp\/v2\/posts\/112373","targetHints":{"allow":["GET"]}}],"collection":[{"href":"https:\/\/quehacerpolitico.mx\/index.php?rest_route=\/wp\/v2\/posts"}],"about":[{"href":"https:\/\/quehacerpolitico.mx\/index.php?rest_route=\/wp\/v2\/types\/post"}],"author":[{"embeddable":true,"href":"https:\/\/quehacerpolitico.mx\/index.php?rest_route=\/wp\/v2\/users\/2"}],"replies":[{"embeddable":true,"href":"https:\/\/quehacerpolitico.mx\/index.php?rest_route=%2Fwp%2Fv2%2Fcomments&post=112373"}],"version-history":[{"count":2,"href":"https:\/\/quehacerpolitico.mx\/index.php?rest_route=\/wp\/v2\/posts\/112373\/revisions"}],"predecessor-version":[{"id":112383,"href":"https:\/\/quehacerpolitico.mx\/index.php?rest_route=\/wp\/v2\/posts\/112373\/revisions\/112383"}],"wp:featuredmedia":[{"embeddable":true,"href":"https:\/\/quehacerpolitico.mx\/index.php?rest_route=\/wp\/v2\/media\/112374"}],"wp:attachment":[{"href":"https:\/\/quehacerpolitico.mx\/index.php?rest_route=%2Fwp%2Fv2%2Fmedia&parent=112373"}],"wp:term":[{"taxonomy":"category","embeddable":true,"href":"https:\/\/quehacerpolitico.mx\/index.php?rest_route=%2Fwp%2Fv2%2Fcategories&post=112373"},{"taxonomy":"post_tag","embeddable":true,"href":"https:\/\/quehacerpolitico.mx\/index.php?rest_route=%2Fwp%2Fv2%2Ftags&post=112373"}],"curies":[{"name":"wp","href":"https:\/\/api.w.org\/{rel}","templated":true}]}}