{"id":11237,"date":"2018-12-08T03:58:43","date_gmt":"2018-12-08T03:58:43","guid":{"rendered":"http:\/\/quehacerpolitico.mx\/los-de-arriba-estan-enojados-porque-ganaban-600-mil-al-mes-y-eso-se-acabo-dice-amlo-en-nayarit\/"},"modified":"2018-12-08T03:58:43","modified_gmt":"2018-12-08T03:58:43","slug":"los-de-arriba-estan-enojados-porque-ganaban-600-mil-al-mes-y-eso-se-acabo-dice-amlo-en-nayarit","status":"publish","type":"post","link":"https:\/\/quehacerpolitico.mx\/?p=11237","title":{"rendered":"Los de arriba est\u00e1n enojados porque ganaban 600 mil al mes y eso se acab\u00f3, dice AMLO en Nayarit"},"content":{"rendered":"<h1>Los de arriba est\u00e1n enojados porque ganaban 600 mil al mes y eso se acab\u00f3, dice AMLO en Nayarit<\/h1>\n<p>Por Redacci\u00f3n QP<\/p>\n<p>El Presidente <strong>Andr\u00e9s Manuel L\u00f3pez Obrador<\/strong> dijo que \u201c<strong>los de arriba<\/strong>\u201d est\u00e1n <strong>enojados<\/strong> porque ganaban 600 mil pesos <strong>mensuales<\/strong> y ahora eso se termin\u00f3 con su pol\u00edtica de <strong>austeridad<\/strong>.<\/p>\n<blockquote>\n<p>\u201cSe va a acabar la robadera. Y tambi\u00e9n vamos a tener presupuesto. Hoy me lo dec\u00edan en Acaponeta, muy claramente un se\u00f1or: no le entregue el dinero al gobierno. Entr\u00e9gueselo al pueblo. As\u00ed va a ser. No puede haber gobierno rico con pueblo pobre, que eso es lo que ha venido pasando. Los de arriba se dan la gran vida. Ahora est\u00e1n enojados porque ganaban 600 mil pesos mensuales. Y se acab\u00f3 todo eso\u201d, dijo desde un evento en Tuxpan, Nayarit, donde estuvieron presentes damnificados por el hurac\u00e1n \u201cWilla\u201d.<\/p>\n<\/blockquote>\n<p>Las declaraciones del Presidente se dieron el mismo d\u00eda que el Ministro Alberto P\u00e9rez Day\u00e1n, de la Suprema Corte de Justicia de la Naci\u00f3n (SCJN), prohibi\u00f3 que se utilice la Ley Federal de Remuneraciones para fijar los salarios de los funcionarios p\u00fablicos en el Presupuesto de 2019.<\/p>\n<p>La legislaci\u00f3n, impulsada por Morena en el Congreso, establece que ning\u00fan funcionario puede ganar m\u00e1s que el Presidente de la Rep\u00fablica. Ayer, Andr\u00e9s Manuel anunci\u00f3 que ganar\u00e1 entre 108 y 110 mil pesos mensuales.<\/p>\n<div id=\"attachment_3508222\" class=\"wp-caption alignnone\"><img loading=\"lazy\" decoding=\"async\" class=\"wp-image-3508222 size-full\" src=\"https:\/\/www.sinembargo.mx\/wp-content\/uploads\/2018\/12\/07-12-18-fotos-05-visita-presidente-a-damnificados-de-tuxpan-nayarit.jpg\" sizes=\"auto, (max-width: 700px) 100vw, 700px\" srcset=\"https:\/\/www.sinembargo.mx\/wp-content\/uploads\/2018\/12\/07-12-18-fotos-05-visita-presidente-a-damnificados-de-tuxpan-nayarit.jpg 700w, https:\/\/www.sinembargo.mx\/wp-content\/uploads\/2018\/12\/07-12-18-fotos-05-visita-presidente-a-damnificados-de-tuxpan-nayarit-300x200.jpg 300w\" alt=\"\" width=\"700\" height=\"467\" \/><\/p>\n<p class=\"wp-caption-text\">El Presidente recorri\u00f3 hoy calles de Nayarit afectadas por las inundaciones por el hurac\u00e1n \u201cWilla\u201d. Foto: Prensa Presidencia<\/p>\n<\/div>\n<p>La suspensi\u00f3n de la SCJN no impide expresamente la reducci\u00f3n de los salarios, pero obliga a que los sueldos se fijen con base en reglas previstas en la Constituci\u00f3n, seg\u00fan los art\u00edculos 75, 94 y 127. El Congreso y el Ejecutivo Federal a\u00fan pueden impugnar esta suspensi\u00f3n con una reclamaci\u00f3n que tendr\u00eda que resolver una de las Salas o el Pleno de la Corte, lo cual se podr\u00e1 dar hasta 2019 cuando ya est\u00e9 vigente el Presupuesto, porque la SCJN ya no tendr\u00e1 m\u00e1s sesiones este a\u00f1o porque entra en per\u00edodo vacacional el 15 de diciembre.<\/p>\n<p>Los l\u00edderes de Morena en el Congreso criticaron tambi\u00e9n esta tarde la suspensi\u00f3n de la Suprema Corte y advirtieron que la ley de austeridad seguir\u00e1 adelante.<\/p>\n<p>El presidente de la Mesa Directiva del Senado, Mart\u00ed Batres, consider\u00f3 que habr\u00e1 mucha resistencia de quienes no quieren perder sus privilegios pero que continuar\u00e1n impulsando estas reformas.<\/p>\n<blockquote class=\"twitter-tweet\" data-width=\"550\" data-dnt=\"true\">\n<p lang=\"es\" dir=\"ltr\">Va a haber mucha resistencia de quienes no quieren perder privilegios. Pero vamos a seguir haciendo reformas para disminuir los sueldos de los altos mandos y elevar los sueldos de los de abajo.<\/p>\n<p>&mdash; Mart\u00ed Batres (@martibatres) <a href=\"https:\/\/twitter.com\/martibatres\/status\/1071200191347228672?ref_src=twsrc%5Etfw\">December 8, 2018<\/a><\/p><\/blockquote>\n<p><script async src=\"https:\/\/platform.twitter.com\/widgets.js\" charset=\"utf-8\"><\/script><\/p>\n<p>El coordinador de Morena en el Senado, Ricardo Monreal, asegur\u00f3 que la acci\u00f3n de inconstitucionalidad fue \u201ccabildeada\u201d por los ministros de la Suprema Corte.<\/p>\n<blockquote class=\"twitter-tweet\" data-width=\"550\" data-dnt=\"true\">\n<p lang=\"es\" dir=\"ltr\">Confirmado: la acci\u00f3n de inconstitucionalidad contra la Ley de Remuneraciones (que establece que ning\u00fan servidor p\u00fablico gane m\u00e1s que el <a href=\"https:\/\/twitter.com\/hashtag\/PresidenteDeM%C3%A9xico?src=hash&amp;ref_src=twsrc%5Etfw\">#PresidenteDeM\u00e9xico<\/a> ) fue elaborada, redactada y cabildeada por ministros de la <a href=\"https:\/\/twitter.com\/SCJN?ref_src=twsrc%5Etfw\">@SCJN<\/a>. Jueces y parte. Ins\u00f3lito. \u00bfAlguien duda c\u00f3mo resolver\u00e1n?<\/p>\n<p>&mdash; Ricardo Monreal A. (@RicardoMonrealA) <a href=\"https:\/\/twitter.com\/RicardoMonrealA\/status\/1071178192558411776?ref_src=twsrc%5Etfw\">December 7, 2018<\/a><\/p><\/blockquote>\n<p><script async src=\"https:\/\/platform.twitter.com\/widgets.js\" charset=\"utf-8\"><\/script><\/p>\n<p>El coordinador de los Diputados de Morena, Mario Delgado, dijo que pese a la suspensi\u00f3n de la Suprema Corte, en el Presupuesto de 2019 se ajustar\u00e1n los salarios para que nadie gane m\u00e1s que el Presidente.<\/p>\n<blockquote class=\"twitter-tweet\" data-width=\"550\" data-dnt=\"true\">\n<p lang=\"es\" dir=\"ltr\">A pesar de la suspensi\u00f3n de la <a href=\"https:\/\/twitter.com\/SCJN?ref_src=twsrc%5Etfw\">@SCJN<\/a> de la Ley Federal de Remuneraciones, en el decreto de Presupuesto 2019 se ajustar\u00e1n los salarios para que nadie gane m\u00e1s que  <a href=\"https:\/\/twitter.com\/lopezobrador_?ref_src=twsrc%5Etfw\">@lopezobrador_<\/a> como lo ordena la Constituci\u00f3n. Aunque se resistan, habr\u00e1 <a href=\"https:\/\/twitter.com\/hashtag\/AusteridadRepublicana?src=hash&amp;ref_src=twsrc%5Etfw\">#AusteridadRepublicana<\/a> <a href=\"https:\/\/t.co\/RbSnbhIuEg\">https:\/\/t.co\/RbSnbhIuEg<\/a><\/p>\n<p>&mdash; Mario Delgado (@mario_delgado) <a href=\"https:\/\/twitter.com\/mario_delgado\/status\/1071186171210985472?ref_src=twsrc%5Etfw\">December 7, 2018<\/a><\/p><\/blockquote>\n<p><script async src=\"https:\/\/platform.twitter.com\/widgets.js\" charset=\"utf-8\"><\/script><\/p>\n<p>Mientras, el Diputado Pablo G\u00f3mez dijo que la remuneraci\u00f3n del Presidente no depende de la Ley de Remuneraciones sino de la decisi\u00f3n de la mayor\u00eda de legisladores.<\/p>\n<blockquote class=\"twitter-tweet\" data-width=\"550\" data-dnt=\"true\">\n<p lang=\"es\" dir=\"ltr\">La remuneraci\u00f3n del Presidente de la Rep\u00fablica se fijar\u00e1 por la C\u00e1mara de Diputados en su momento y no depende de la Ley de Remuneraciones sino de la decisi\u00f3n de la mayor\u00eda. Nadie podr\u00e1 ganar m\u00e1s que el Presidente por disposici\u00f3n constitucional.<\/p>\n<p>&mdash; Pablo G\u00f3mez (@PabloGomez1968) <a href=\"https:\/\/twitter.com\/PabloGomez1968\/status\/1071184067020906498?ref_src=twsrc%5Etfw\">December 7, 2018<\/a><\/p><\/blockquote>\n<p><script async src=\"https:\/\/platform.twitter.com\/widgets.js\" charset=\"utf-8\"><\/script><\/p>\n<p>El 5 de noviembre, la Ley Federal de Remuneraciones de los Servidores P\u00fablicos fue publicada en el Diario Oficial de la Federaci\u00f3n (DOF) con lo que entrar\u00e1n en vigor, cuando se apruebe el presupuesto 2019, el tope de salario para los funcionarios p\u00fablicos, quienes no podr\u00e1n ganas m\u00e1s que el Presidente del pa\u00eds y quita las pensiones a los ex mandatarios, entre otras regulaciones.<\/p>\n<p><strong>NO VOY A ESTAR HACIENDO M\u00c1S COMPROMISOS<\/strong><\/p>\n<p>En Nayarit, el Presidente anunci\u00f3 cuatro acciones para la reconstrucci\u00f3n de los municipios afectados en Nayarit por el hurac\u00e1n \u201cWilla\u201d: la entrega de 5 mil pesos mensuales para limpiar las casas de los damnificados; apoyo para comprar electrodom\u00e9sticos, como refrigeradores; reconstrucci\u00f3n de viviendas, y mejora de las las calles y drenajes da\u00f1ados.<\/p>\n<p>Anunci\u00f3 que se entregar\u00e1n 60 millones de pesos para cada uno de los ochos municipios afectados por las inundaciones. \u201cSi no alcanza vamos a buscar que haya una ampliaci\u00f3n\u201d del presupuesto, previ\u00f3. Anunci\u00f3 que el Secretario de Desarrollo Agrario, Territorial y Urbano, Rom\u00e1n Meyer, estar\u00e1 a cargo del monitoreo de la reconstrucci\u00f3n en la zona.<\/p>\n<p>Sin embargo, desde el parque de beisbol de Tuxpan, dijo que no har\u00e1 m\u00e1s y m\u00e1s compromisos, porque dijo que se tiene que esperar a ver el presupuesto.<\/p>\n<p>\u201cNo quiero dar respuesta a todo, \u00bfsaben por qu\u00e9? Porque yo cuando doy mi palabra, cumplo. Y estoy viendo muchos letreros, pero me tengo que esperar\u201d, indic\u00f3.<\/p>\n<p>\u201cSaben por qu\u00e9. Porque hemos hecho bastantes compromisos con el pueblo y los quiero cumplir todos. Y no voy a estar haciendo m\u00e1s y m\u00e1s, y m\u00e1s, compromisos. Y qu\u00e9 tal que no nos alcance el presupuesto, y me voy a quedar como un mentiroso, como un demagogo. Eso no. Nunca jam\u00e1s. Mejor hablar con la verdad\u201d, a\u00f1adi\u00f3.<\/p>\n","protected":false},"excerpt":{"rendered":"<p>Los de arriba est\u00e1n enojados porque ganaban 600 mil al mes y eso se acab\u00f3, dice AMLO en Nayarit<br \/>\nPor Redacci\u00f3n QP<\/p>\n","protected":false},"author":2,"featured_media":11236,"comment_status":"open","ping_status":"open","sticky":false,"template":"","format":"standard","meta":{"_monsterinsights_skip_tracking":false,"_monsterinsights_sitenote_active":false,"_monsterinsights_sitenote_note":"","_monsterinsights_sitenote_category":0,"footnotes":""},"categories":[2],"tags":[],"class_list":["post-11237","post","type-post","status-publish","format-standard","has-post-thumbnail","hentry","category-noticias"],"yoast_head":"<!-- This site is optimized with the Yoast SEO plugin v27.3 - https:\/\/yoast.com\/product\/yoast-seo-wordpress\/ -->\n<title>Los de arriba est\u00e1n enojados porque ganaban 600 mil al mes y eso se acab\u00f3, dice AMLO en Nayarit -<\/title>\n<meta name=\"robots\" content=\"index, follow, max-snippet:-1, max-image-preview:large, max-video-preview:-1\" \/>\n<link rel=\"canonical\" href=\"https:\/\/quehacerpolitico.mx\/?p=11237\" \/>\n<meta property=\"og:locale\" content=\"es_MX\" \/>\n<meta property=\"og:type\" content=\"article\" \/>\n<meta property=\"og:title\" content=\"Los de arriba est\u00e1n enojados porque ganaban 600 mil al mes y eso se acab\u00f3, dice AMLO en Nayarit -\" \/>\n<meta property=\"og:description\" content=\"Los de arriba est\u00e1n enojados porque ganaban 600 mil al mes y eso se acab\u00f3, dice AMLO en Nayarit Por Redacci\u00f3n QP\" \/>\n<meta property=\"og:url\" content=\"https:\/\/quehacerpolitico.mx\/?p=11237\" \/>\n<meta property=\"article:published_time\" content=\"2018-12-08T03:58:43+00:00\" \/>\n<meta name=\"author\" content=\"Redacci\u00f3n QP\" \/>\n<meta name=\"twitter:card\" content=\"summary_large_image\" \/>\n<meta name=\"twitter:label1\" content=\"Escrito por\" \/>\n\t<meta name=\"twitter:data1\" content=\"Redacci\u00f3n QP\" \/>\n\t<meta name=\"twitter:label2\" content=\"Tiempo de lectura\" \/>\n\t<meta name=\"twitter:data2\" content=\"4 minutos\" \/>\n<script type=\"application\/ld+json\" class=\"yoast-schema-graph\">{\"@context\":\"https:\\\/\\\/schema.org\",\"@graph\":[{\"@type\":\"Article\",\"@id\":\"https:\\\/\\\/quehacerpolitico.mx\\\/?p=11237#article\",\"isPartOf\":{\"@id\":\"https:\\\/\\\/quehacerpolitico.mx\\\/?p=11237\"},\"author\":{\"name\":\"Redacci\u00f3n QP\",\"@id\":\"https:\\\/\\\/quehacerpolitico.mx\\\/#\\\/schema\\\/person\\\/496d8ad2d1d3f8036101dca7ee39e585\"},\"headline\":\"Los de arriba est\u00e1n enojados porque ganaban 600 mil al mes y eso se acab\u00f3, dice AMLO en Nayarit\",\"datePublished\":\"2018-12-08T03:58:43+00:00\",\"mainEntityOfPage\":{\"@id\":\"https:\\\/\\\/quehacerpolitico.mx\\\/?p=11237\"},\"wordCount\":866,\"commentCount\":0,\"image\":{\"@id\":\"https:\\\/\\\/quehacerpolitico.mx\\\/?p=11237#primaryimage\"},\"thumbnailUrl\":\"\",\"articleSection\":[\"Noticias\"],\"inLanguage\":\"es\",\"potentialAction\":[{\"@type\":\"CommentAction\",\"name\":\"Comment\",\"target\":[\"https:\\\/\\\/quehacerpolitico.mx\\\/?p=11237#respond\"]}]},{\"@type\":\"WebPage\",\"@id\":\"https:\\\/\\\/quehacerpolitico.mx\\\/?p=11237\",\"url\":\"https:\\\/\\\/quehacerpolitico.mx\\\/?p=11237\",\"name\":\"Los de arriba est\u00e1n enojados porque ganaban 600 mil al mes y eso se acab\u00f3, dice AMLO en Nayarit -\",\"isPartOf\":{\"@id\":\"https:\\\/\\\/quehacerpolitico.mx\\\/#website\"},\"primaryImageOfPage\":{\"@id\":\"https:\\\/\\\/quehacerpolitico.mx\\\/?p=11237#primaryimage\"},\"image\":{\"@id\":\"https:\\\/\\\/quehacerpolitico.mx\\\/?p=11237#primaryimage\"},\"thumbnailUrl\":\"\",\"datePublished\":\"2018-12-08T03:58:43+00:00\",\"author\":{\"@id\":\"https:\\\/\\\/quehacerpolitico.mx\\\/#\\\/schema\\\/person\\\/496d8ad2d1d3f8036101dca7ee39e585\"},\"breadcrumb\":{\"@id\":\"https:\\\/\\\/quehacerpolitico.mx\\\/?p=11237#breadcrumb\"},\"inLanguage\":\"es\",\"potentialAction\":[{\"@type\":\"ReadAction\",\"target\":[\"https:\\\/\\\/quehacerpolitico.mx\\\/?p=11237\"]}]},{\"@type\":\"ImageObject\",\"inLanguage\":\"es\",\"@id\":\"https:\\\/\\\/quehacerpolitico.mx\\\/?p=11237#primaryimage\",\"url\":\"\",\"contentUrl\":\"\"},{\"@type\":\"BreadcrumbList\",\"@id\":\"https:\\\/\\\/quehacerpolitico.mx\\\/?p=11237#breadcrumb\",\"itemListElement\":[{\"@type\":\"ListItem\",\"position\":1,\"name\":\"Inicio\",\"item\":\"https:\\\/\\\/quehacerpolitico.mx\\\/\"},{\"@type\":\"ListItem\",\"position\":2,\"name\":\"Los de arriba est\u00e1n enojados porque ganaban 600 mil al mes y eso se acab\u00f3, dice AMLO en Nayarit\"}]},{\"@type\":\"WebSite\",\"@id\":\"https:\\\/\\\/quehacerpolitico.mx\\\/#website\",\"url\":\"https:\\\/\\\/quehacerpolitico.mx\\\/\",\"name\":\"\",\"description\":\"\",\"potentialAction\":[{\"@type\":\"SearchAction\",\"target\":{\"@type\":\"EntryPoint\",\"urlTemplate\":\"https:\\\/\\\/quehacerpolitico.mx\\\/?s={search_term_string}\"},\"query-input\":{\"@type\":\"PropertyValueSpecification\",\"valueRequired\":true,\"valueName\":\"search_term_string\"}}],\"inLanguage\":\"es\"},{\"@type\":\"Person\",\"@id\":\"https:\\\/\\\/quehacerpolitico.mx\\\/#\\\/schema\\\/person\\\/496d8ad2d1d3f8036101dca7ee39e585\",\"name\":\"Redacci\u00f3n QP\",\"image\":{\"@type\":\"ImageObject\",\"inLanguage\":\"es\",\"@id\":\"https:\\\/\\\/secure.gravatar.com\\\/avatar\\\/c7164ed6fdec453195284ad24a5ae5b6e1eed2b848477fa2a4787ba9adf39a41?s=96&d=mm&r=g\",\"url\":\"https:\\\/\\\/secure.gravatar.com\\\/avatar\\\/c7164ed6fdec453195284ad24a5ae5b6e1eed2b848477fa2a4787ba9adf39a41?s=96&d=mm&r=g\",\"contentUrl\":\"https:\\\/\\\/secure.gravatar.com\\\/avatar\\\/c7164ed6fdec453195284ad24a5ae5b6e1eed2b848477fa2a4787ba9adf39a41?s=96&d=mm&r=g\",\"caption\":\"Redacci\u00f3n QP\"},\"url\":\"https:\\\/\\\/quehacerpolitico.mx\\\/?author=2\"}]}<\/script>\n<!-- \/ Yoast SEO plugin. -->","yoast_head_json":{"title":"Los de arriba est\u00e1n enojados porque ganaban 600 mil al mes y eso se acab\u00f3, dice AMLO en Nayarit -","robots":{"index":"index","follow":"follow","max-snippet":"max-snippet:-1","max-image-preview":"max-image-preview:large","max-video-preview":"max-video-preview:-1"},"canonical":"https:\/\/quehacerpolitico.mx\/?p=11237","og_locale":"es_MX","og_type":"article","og_title":"Los de arriba est\u00e1n enojados porque ganaban 600 mil al mes y eso se acab\u00f3, dice AMLO en Nayarit -","og_description":"Los de arriba est\u00e1n enojados porque ganaban 600 mil al mes y eso se acab\u00f3, dice AMLO en Nayarit Por Redacci\u00f3n QP","og_url":"https:\/\/quehacerpolitico.mx\/?p=11237","article_published_time":"2018-12-08T03:58:43+00:00","author":"Redacci\u00f3n QP","twitter_card":"summary_large_image","twitter_misc":{"Escrito por":"Redacci\u00f3n QP","Tiempo de lectura":"4 minutos"},"schema":{"@context":"https:\/\/schema.org","@graph":[{"@type":"Article","@id":"https:\/\/quehacerpolitico.mx\/?p=11237#article","isPartOf":{"@id":"https:\/\/quehacerpolitico.mx\/?p=11237"},"author":{"name":"Redacci\u00f3n QP","@id":"https:\/\/quehacerpolitico.mx\/#\/schema\/person\/496d8ad2d1d3f8036101dca7ee39e585"},"headline":"Los de arriba est\u00e1n enojados porque ganaban 600 mil al mes y eso se acab\u00f3, dice AMLO en Nayarit","datePublished":"2018-12-08T03:58:43+00:00","mainEntityOfPage":{"@id":"https:\/\/quehacerpolitico.mx\/?p=11237"},"wordCount":866,"commentCount":0,"image":{"@id":"https:\/\/quehacerpolitico.mx\/?p=11237#primaryimage"},"thumbnailUrl":"","articleSection":["Noticias"],"inLanguage":"es","potentialAction":[{"@type":"CommentAction","name":"Comment","target":["https:\/\/quehacerpolitico.mx\/?p=11237#respond"]}]},{"@type":"WebPage","@id":"https:\/\/quehacerpolitico.mx\/?p=11237","url":"https:\/\/quehacerpolitico.mx\/?p=11237","name":"Los de arriba est\u00e1n enojados porque ganaban 600 mil al mes y eso se acab\u00f3, dice AMLO en Nayarit -","isPartOf":{"@id":"https:\/\/quehacerpolitico.mx\/#website"},"primaryImageOfPage":{"@id":"https:\/\/quehacerpolitico.mx\/?p=11237#primaryimage"},"image":{"@id":"https:\/\/quehacerpolitico.mx\/?p=11237#primaryimage"},"thumbnailUrl":"","datePublished":"2018-12-08T03:58:43+00:00","author":{"@id":"https:\/\/quehacerpolitico.mx\/#\/schema\/person\/496d8ad2d1d3f8036101dca7ee39e585"},"breadcrumb":{"@id":"https:\/\/quehacerpolitico.mx\/?p=11237#breadcrumb"},"inLanguage":"es","potentialAction":[{"@type":"ReadAction","target":["https:\/\/quehacerpolitico.mx\/?p=11237"]}]},{"@type":"ImageObject","inLanguage":"es","@id":"https:\/\/quehacerpolitico.mx\/?p=11237#primaryimage","url":"","contentUrl":""},{"@type":"BreadcrumbList","@id":"https:\/\/quehacerpolitico.mx\/?p=11237#breadcrumb","itemListElement":[{"@type":"ListItem","position":1,"name":"Inicio","item":"https:\/\/quehacerpolitico.mx\/"},{"@type":"ListItem","position":2,"name":"Los de arriba est\u00e1n enojados porque ganaban 600 mil al mes y eso se acab\u00f3, dice AMLO en Nayarit"}]},{"@type":"WebSite","@id":"https:\/\/quehacerpolitico.mx\/#website","url":"https:\/\/quehacerpolitico.mx\/","name":"","description":"","potentialAction":[{"@type":"SearchAction","target":{"@type":"EntryPoint","urlTemplate":"https:\/\/quehacerpolitico.mx\/?s={search_term_string}"},"query-input":{"@type":"PropertyValueSpecification","valueRequired":true,"valueName":"search_term_string"}}],"inLanguage":"es"},{"@type":"Person","@id":"https:\/\/quehacerpolitico.mx\/#\/schema\/person\/496d8ad2d1d3f8036101dca7ee39e585","name":"Redacci\u00f3n QP","image":{"@type":"ImageObject","inLanguage":"es","@id":"https:\/\/secure.gravatar.com\/avatar\/c7164ed6fdec453195284ad24a5ae5b6e1eed2b848477fa2a4787ba9adf39a41?s=96&d=mm&r=g","url":"https:\/\/secure.gravatar.com\/avatar\/c7164ed6fdec453195284ad24a5ae5b6e1eed2b848477fa2a4787ba9adf39a41?s=96&d=mm&r=g","contentUrl":"https:\/\/secure.gravatar.com\/avatar\/c7164ed6fdec453195284ad24a5ae5b6e1eed2b848477fa2a4787ba9adf39a41?s=96&d=mm&r=g","caption":"Redacci\u00f3n QP"},"url":"https:\/\/quehacerpolitico.mx\/?author=2"}]}},"featured_image_urls":{"full":"","thumbnail":"","medium":"","medium_large":"","large":"","1536x1536":"","2048x2048":"","covernews-featured":"","covernews-medium":""},"author_info":{"display_name":"Redacci\u00f3n QP","author_link":"https:\/\/quehacerpolitico.mx\/?author=2"},"category_info":"<a href=\"https:\/\/quehacerpolitico.mx\/?cat=2\" rel=\"category\">Noticias<\/a>","tag_info":"Noticias","comment_count":"0","_links":{"self":[{"href":"https:\/\/quehacerpolitico.mx\/index.php?rest_route=\/wp\/v2\/posts\/11237","targetHints":{"allow":["GET"]}}],"collection":[{"href":"https:\/\/quehacerpolitico.mx\/index.php?rest_route=\/wp\/v2\/posts"}],"about":[{"href":"https:\/\/quehacerpolitico.mx\/index.php?rest_route=\/wp\/v2\/types\/post"}],"author":[{"embeddable":true,"href":"https:\/\/quehacerpolitico.mx\/index.php?rest_route=\/wp\/v2\/users\/2"}],"replies":[{"embeddable":true,"href":"https:\/\/quehacerpolitico.mx\/index.php?rest_route=%2Fwp%2Fv2%2Fcomments&post=11237"}],"version-history":[{"count":0,"href":"https:\/\/quehacerpolitico.mx\/index.php?rest_route=\/wp\/v2\/posts\/11237\/revisions"}],"wp:featuredmedia":[{"embeddable":true,"href":"https:\/\/quehacerpolitico.mx\/index.php?rest_route=\/"}],"wp:attachment":[{"href":"https:\/\/quehacerpolitico.mx\/index.php?rest_route=%2Fwp%2Fv2%2Fmedia&parent=11237"}],"wp:term":[{"taxonomy":"category","embeddable":true,"href":"https:\/\/quehacerpolitico.mx\/index.php?rest_route=%2Fwp%2Fv2%2Fcategories&post=11237"},{"taxonomy":"post_tag","embeddable":true,"href":"https:\/\/quehacerpolitico.mx\/index.php?rest_route=%2Fwp%2Fv2%2Ftags&post=11237"}],"curies":[{"name":"wp","href":"https:\/\/api.w.org\/{rel}","templated":true}]}}