{"id":112367,"date":"2024-09-07T19:26:22","date_gmt":"2024-09-07T19:26:22","guid":{"rendered":"https:\/\/quehacerpolitico.mx\/?p=112367"},"modified":"2024-09-07T19:26:26","modified_gmt":"2024-09-07T19:26:26","slug":"el-quehacer-politico-a-traves-de-la-opinion-israel-aram-guerrero-la-cdmx-y-su-resiliencia-ante-desastres","status":"publish","type":"post","link":"https:\/\/quehacerpolitico.mx\/?p=112367","title":{"rendered":"El Quehacer Pol\u00edtico a trav\u00e9s de la opini\u00f3n\/\/\/Israel Aram Guerrero\/\/\/La\u00a0CdMX\u00a0y\u00a0su\u00a0resiliencia ante desastres"},"content":{"rendered":"\n<p>Por Israel Aram Guerrero<\/p>\n\n\n\n<p>Analista<\/p>\n\n\n\n<p><em><br>G<\/em><em>racias&nbsp;<\/em><em>A<\/em><em>&nbsp;<\/em><em>D<\/em><em>ios y al&nbsp;<\/em><em>U<\/em><em>niverso<\/em><em>&nbsp;por los dos a\u00f1os de mi hija&nbsp;<\/em><em>Mila<\/em><\/p>\n\n\n\n<p>A&nbsp;mediados del siglo XX&nbsp;el mundo cambi\u00f3, la urbanizaci\u00f3n&nbsp;se&nbsp;convirti\u00f3 en el tema central&nbsp;en los llamados pa\u00edses en desarrollo. De hecho, desde 2009, m\u00e1s de la mitad de la poblaci\u00f3n mundial habita en ciudades,&nbsp;probablemente pasaremos a la historia&nbsp;como la era urbana.<\/p>\n\n\n\n<p>Las ciudades&nbsp;son la&nbsp;m\u00e1xima representaci\u00f3n del urbanismo&nbsp;y la civilizaci\u00f3n,&nbsp;son un gran logro humano y&nbsp;generalmente son lugares de convivencia y oportunidad que impulsan la prosperidad, el desarrollo social, cultural y econ\u00f3mico, la provisi\u00f3n de servicios, la innovaci\u00f3n, el desarrollo industrial y tecnol\u00f3gico y donde se generan econom\u00edas de escala que impulsan la especializaci\u00f3n y la competitividad, as\u00ed mismo deben ser los puntos de tranquilidad, de esparcimiento y de desarrollo personal.<\/p>\n\n\n\n<p>A pesar de lo anterior, en la capital mexicana la&nbsp;poblaci\u00f3n no goza de&nbsp;niveles de vida satisfactorios, por supuesto que confluyen muchos factores, adicionalmente&nbsp;debido a su ubicaci\u00f3n geogr\u00e1fica y&nbsp;las&nbsp;condiciones de vulnerabilidad f\u00edsica y social, nuestra&nbsp;CdMx est\u00e1 expuesta&nbsp;a una gran variedad de amenazas naturales y&nbsp;a muchas otras&nbsp;generadas por&nbsp;la mano del hombre, ya es imposible para quienes aqu\u00ed vivimos no asociar&nbsp;la temporada de lluvias con inundaciones o relacionar el mes de&nbsp;septiembre con los sismos.<\/p>\n\n\n\n<figure class=\"wp-block-image size-large\"><img loading=\"lazy\" decoding=\"async\" width=\"791\" height=\"1024\" src=\"https:\/\/quehacerpolitico.mx\/wp-content\/uploads\/2024\/09\/image-21-791x1024.jpeg\" alt=\"\" class=\"wp-image-112370\" srcset=\"https:\/\/quehacerpolitico.mx\/wp-content\/uploads\/2024\/09\/image-21-791x1024.jpeg 791w, https:\/\/quehacerpolitico.mx\/wp-content\/uploads\/2024\/09\/image-21-232x300.jpeg 232w, https:\/\/quehacerpolitico.mx\/wp-content\/uploads\/2024\/09\/image-21-768x994.jpeg 768w, https:\/\/quehacerpolitico.mx\/wp-content\/uploads\/2024\/09\/image-21-1186x1536.jpeg 1186w, https:\/\/quehacerpolitico.mx\/wp-content\/uploads\/2024\/09\/image-21-113x146.jpeg 113w, https:\/\/quehacerpolitico.mx\/wp-content\/uploads\/2024\/09\/image-21-39x50.jpeg 39w, https:\/\/quehacerpolitico.mx\/wp-content\/uploads\/2024\/09\/image-21-58x75.jpeg 58w, https:\/\/quehacerpolitico.mx\/wp-content\/uploads\/2024\/09\/image-21.jpeg 1239w\" sizes=\"auto, (max-width: 791px) 100vw, 791px\" \/><figcaption class=\"wp-element-caption\">Screenshot<\/figcaption><\/figure>\n\n\n\n<p>Cualquier tipo de amenaza puede&nbsp;causar desastres cuando las ciudades y sus&nbsp;habitantes&nbsp;no cuentan con infraestructura y estrategias de prevenci\u00f3n adecuadas. Los desastres, no s\u00f3lo ponen en riesgo la vida de las personas, tambi\u00e9n su patrimonio y&nbsp;sus&nbsp;medios de vida,&nbsp;algo para lo que nadie est\u00e1 preparado.&nbsp;Por ello resulta de suma importancia&nbsp;que desde los gobiernos se priorice el dise\u00f1o de&nbsp;mecanismos&nbsp;y&nbsp;se implementen&nbsp;estrategias&nbsp;de transferencia de riesgo para&nbsp;las ciudades y sus habitantes, esto aparejado a la gran capacidad de reacci\u00f3n que hemos desarrollado y que principalmente se basa en un amplio sentido de solidaridad pueden ser el&nbsp;gran&nbsp;diferenciador para afrontar lo venidero.<\/p>\n\n\n\n<p>Seg\u00fan ONU H\u00e1bitat, en los pr\u00f3ximos a\u00f1os, una gran parte del crecimiento demogr\u00e1fico en M\u00e9xico ser\u00e1 en \u00e1reas urbanas. Esto implica que el pa\u00eds evolucionar\u00e1&nbsp;por completo pues pasar\u00e1&nbsp;de contar con 382 ciudades en 2010 a un total de 961 en 2030, abarcando el 83.2 por ciento de la poblaci\u00f3n.<\/p>\n\n\n\n<p>Lamentablemente, las estad\u00edsticas indican que en estas ciudades prevalecer\u00e1n la pobreza y la falta de infraestructura adecuada. Esto es especialmente preocupante en el contexto de desastres, ya que las comunidades m\u00e1s vulnerables son las que sufren mayores impactos, lo que agrava las desigualdades sociales.<\/p>\n\n\n\n<p>Es evidente que existe&nbsp;una expansi\u00f3n urbana descontrolada a nivel nacional, a menudo sobre \u00e1reas de recarga de acu\u00edferos, agr\u00edcolas, forestales y costeras. Esto genera una presi\u00f3n considerable sobre los servicios ambientales que estas zonas ofrecen a las comunidades rurales y urbanas. Adem\u00e1s, el desarrollo de infraestructura para las clases medias y altas en el centro de las ciudades, junto con la construcci\u00f3n masiva de conjuntos habitacionales en las periferias, est\u00e1 transformando el paisaje urbano, lo que podr\u00eda acarrear efectos negativos en el corto, mediano y largo plazo.&nbsp;Otro dato a considerar es que en nuestro pa\u00eds&nbsp;se estima que&nbsp;casi el 60&nbsp;por ciento de las viviendas han sido autoconstruidas, la mayor\u00eda de las&nbsp;familias que optan por este esquema se asientan sobre \u00e1reas poco adecuadas como \u00e1reas de conservaci\u00f3n, pendientes, zonas de inundaci\u00f3n o sin infraestructura ni servicios. Esta poblaci\u00f3n generalmente es la m\u00e1s expuesta a condiciones meteorol\u00f3gicas extremas y\/o sismos intensos. Adem\u00e1s de los riesgos asociados a fen\u00f3menos naturales, el crecimiento disperso y gentrificaci\u00f3n, desencadena problemas de conectividad y altos costos de transporte, mayor consumo de energ\u00eda, menor acceso a servicios de calidad y desintegraci\u00f3n social.<\/p>\n\n\n\n<figure class=\"wp-block-image size-large\"><img loading=\"lazy\" decoding=\"async\" width=\"791\" height=\"1024\" src=\"https:\/\/quehacerpolitico.mx\/wp-content\/uploads\/2024\/09\/image-20-791x1024.jpeg\" alt=\"\" class=\"wp-image-112369\" srcset=\"https:\/\/quehacerpolitico.mx\/wp-content\/uploads\/2024\/09\/image-20-791x1024.jpeg 791w, https:\/\/quehacerpolitico.mx\/wp-content\/uploads\/2024\/09\/image-20-232x300.jpeg 232w, https:\/\/quehacerpolitico.mx\/wp-content\/uploads\/2024\/09\/image-20-768x994.jpeg 768w, https:\/\/quehacerpolitico.mx\/wp-content\/uploads\/2024\/09\/image-20-1187x1536.jpeg 1187w, https:\/\/quehacerpolitico.mx\/wp-content\/uploads\/2024\/09\/image-20-113x146.jpeg 113w, https:\/\/quehacerpolitico.mx\/wp-content\/uploads\/2024\/09\/image-20-39x50.jpeg 39w, https:\/\/quehacerpolitico.mx\/wp-content\/uploads\/2024\/09\/image-20-58x75.jpeg 58w, https:\/\/quehacerpolitico.mx\/wp-content\/uploads\/2024\/09\/image-20.jpeg 1236w\" sizes=\"auto, (max-width: 791px) 100vw, 791px\" \/><figcaption class=\"wp-element-caption\">Screenshot<\/figcaption><\/figure>\n\n\n\n<p>Para reducir y prevenir el riesgo de desastres, se hace necesario comprender todas las dimensiones relativas a la exposici\u00f3n, la vulnerabilidad y las caracter\u00edsticas de las amenazas; mejorar la rendici\u00f3n de cuentas en la gesti\u00f3n del riesgo de desastres, prepararse para construir y reconstruir mejor, impedir la aparici\u00f3n de nuevos riesgos e incrementar la resiliencia de las comunidades bajo el concepto de la recuperaci\u00f3n de la funcionalidad de edificios e infraestructura.<\/p>\n\n\n\n<p>La&nbsp;resiliencia&nbsp;que muestra nuestra CdMx es ejemplo mundial por la&nbsp;continuidad despu\u00e9s de impactos o de&nbsp;grandes&nbsp;cat\u00e1strofes, pero como ya he mencionado partimos de la solidaridad y la capacidad de reacci\u00f3n de organizaciones sociales,&nbsp;una ciudad&nbsp;resiliente&nbsp;es aquella&nbsp;que eval\u00faa, planea y act\u00faa&nbsp;para prepararse y responder ante obst\u00e1culos repentinos o lentos de origen, esperados o inesperados.<\/p>\n\n\n\n<p>Por todo lo anterior es&nbsp;fundamental consolidar una estrategia de reducci\u00f3n del riesgo de desastres e incrementar los niveles de resiliencia de&nbsp;nuestra CdMx y trabajar de forma intensa y planificada con la&nbsp;Red de Ciudades&nbsp;Resilientes,&nbsp;la resiliencia&nbsp;debe ser&nbsp;un eje rector en la planeaci\u00f3n urbana&nbsp;durante el siguiente gobierno.<\/p>\n\n\n\n<p>Una vez que las y los ciudadanos entienden las vulnerabilidades y riesgos a los que pueden enfrentarse y aumentan sus conocimientos para dise\u00f1ar estrategias de reducci\u00f3n del riesgo, ser\u00e1n capaces de planificar mejor y, posteriormente, de implantar medidas adecuadas para volver a sus comunidades m\u00e1s&nbsp;resilientes, si es posible&nbsp;modificar el actual modelo de crecimiento de nuestras ciudades que induce a la acelerada expansi\u00f3n de las superficies urbanas, hacia ciudades compactas, partiendo de modernos mecanismos e instrumentos de incorporaci\u00f3n de suelo.<\/p>\n\n\n\n<p>Hay algo de lo que podemos estar seguros: el futuro es urbano, y la prosperidad futura depender\u00e1 de las acciones actuales para avanzar en el camino hacia la construcci\u00f3n de ciudades sostenibles y&nbsp;resilientes, eso s\u00ed, situando siempre a las personas al centro del desarrollo urbano.<\/p>\n\n\n\n<p><strong>#<\/strong><strong>SePuede<\/strong><strong>&nbsp;y #<\/strong><strong>SeDebe<\/strong><a><\/a><\/p>\n\n\n\n<p><strong>Israel Aram Guerrero&nbsp;<\/strong><\/p>\n\n\n\n<p><strong>Tw: @<\/strong><strong>israel_aram<\/strong><\/p>\n","protected":false},"excerpt":{"rendered":"<p>Por Israel Aram Guerrero Analista Gracias&nbsp;A&nbsp;Dios y al&nbsp;Universo&nbsp;por los dos a\u00f1os de mi hija&nbsp;Mila A&nbsp;mediados&#8230;<\/p>\n","protected":false},"author":2,"featured_media":112371,"comment_status":"open","ping_status":"open","sticky":false,"template":"","format":"standard","meta":{"_monsterinsights_skip_tracking":false,"_monsterinsights_sitenote_active":false,"_monsterinsights_sitenote_note":"","_monsterinsights_sitenote_category":0,"footnotes":""},"categories":[55],"tags":[],"class_list":["post-112367","post","type-post","status-publish","format-standard","has-post-thumbnail","hentry","category-cdmx"],"yoast_head":"<!-- This site is optimized with the Yoast SEO plugin v27.3 - https:\/\/yoast.com\/product\/yoast-seo-wordpress\/ -->\n<title>El Quehacer Pol\u00edtico a trav\u00e9s de la opini\u00f3n\/\/\/Israel Aram Guerrero\/\/\/La\u00a0CdMX\u00a0y\u00a0su\u00a0resiliencia ante desastres -<\/title>\n<meta name=\"robots\" content=\"index, follow, max-snippet:-1, max-image-preview:large, max-video-preview:-1\" \/>\n<link rel=\"canonical\" href=\"https:\/\/quehacerpolitico.mx\/?p=112367\" \/>\n<meta property=\"og:locale\" content=\"es_MX\" \/>\n<meta property=\"og:type\" content=\"article\" \/>\n<meta property=\"og:title\" content=\"El Quehacer Pol\u00edtico a trav\u00e9s de la opini\u00f3n\/\/\/Israel Aram Guerrero\/\/\/La\u00a0CdMX\u00a0y\u00a0su\u00a0resiliencia ante desastres -\" \/>\n<meta property=\"og:description\" content=\"Por Israel Aram Guerrero Analista Gracias&nbsp;A&nbsp;Dios y al&nbsp;Universo&nbsp;por los dos a\u00f1os de mi hija&nbsp;Mila A&nbsp;mediados...\" \/>\n<meta property=\"og:url\" content=\"https:\/\/quehacerpolitico.mx\/?p=112367\" \/>\n<meta property=\"article:published_time\" content=\"2024-09-07T19:26:22+00:00\" \/>\n<meta property=\"article:modified_time\" content=\"2024-09-07T19:26:26+00:00\" \/>\n<meta property=\"og:image\" content=\"https:\/\/quehacerpolitico.mx\/wp-content\/uploads\/2024\/09\/c4411319-bfd6-47d2-ad49-f0d54a87f4d7.jpeg\" \/>\n\t<meta property=\"og:image:width\" content=\"963\" \/>\n\t<meta property=\"og:image:height\" content=\"493\" \/>\n\t<meta property=\"og:image:type\" content=\"image\/jpeg\" \/>\n<meta name=\"author\" content=\"Redacci\u00f3n QP\" \/>\n<meta name=\"twitter:card\" content=\"summary_large_image\" \/>\n<meta name=\"twitter:label1\" content=\"Escrito por\" \/>\n\t<meta name=\"twitter:data1\" content=\"Redacci\u00f3n QP\" \/>\n\t<meta name=\"twitter:label2\" content=\"Tiempo de lectura\" \/>\n\t<meta name=\"twitter:data2\" content=\"5 minutos\" \/>\n<script type=\"application\/ld+json\" class=\"yoast-schema-graph\">{\"@context\":\"https:\\\/\\\/schema.org\",\"@graph\":[{\"@type\":\"Article\",\"@id\":\"https:\\\/\\\/quehacerpolitico.mx\\\/?p=112367#article\",\"isPartOf\":{\"@id\":\"https:\\\/\\\/quehacerpolitico.mx\\\/?p=112367\"},\"author\":{\"name\":\"Redacci\u00f3n QP\",\"@id\":\"https:\\\/\\\/quehacerpolitico.mx\\\/#\\\/schema\\\/person\\\/496d8ad2d1d3f8036101dca7ee39e585\"},\"headline\":\"El Quehacer Pol\u00edtico a trav\u00e9s de la opini\u00f3n\\\/\\\/\\\/Israel Aram Guerrero\\\/\\\/\\\/La\u00a0CdMX\u00a0y\u00a0su\u00a0resiliencia ante desastres\",\"datePublished\":\"2024-09-07T19:26:22+00:00\",\"dateModified\":\"2024-09-07T19:26:26+00:00\",\"mainEntityOfPage\":{\"@id\":\"https:\\\/\\\/quehacerpolitico.mx\\\/?p=112367\"},\"wordCount\":1104,\"commentCount\":0,\"image\":{\"@id\":\"https:\\\/\\\/quehacerpolitico.mx\\\/?p=112367#primaryimage\"},\"thumbnailUrl\":\"https:\\\/\\\/quehacerpolitico.mx\\\/wp-content\\\/uploads\\\/2024\\\/09\\\/c4411319-bfd6-47d2-ad49-f0d54a87f4d7.jpeg\",\"articleSection\":[\"CDMX\"],\"inLanguage\":\"es\",\"potentialAction\":[{\"@type\":\"CommentAction\",\"name\":\"Comment\",\"target\":[\"https:\\\/\\\/quehacerpolitico.mx\\\/?p=112367#respond\"]}]},{\"@type\":\"WebPage\",\"@id\":\"https:\\\/\\\/quehacerpolitico.mx\\\/?p=112367\",\"url\":\"https:\\\/\\\/quehacerpolitico.mx\\\/?p=112367\",\"name\":\"El Quehacer Pol\u00edtico a trav\u00e9s de la opini\u00f3n\\\/\\\/\\\/Israel Aram Guerrero\\\/\\\/\\\/La\u00a0CdMX\u00a0y\u00a0su\u00a0resiliencia ante desastres -\",\"isPartOf\":{\"@id\":\"https:\\\/\\\/quehacerpolitico.mx\\\/#website\"},\"primaryImageOfPage\":{\"@id\":\"https:\\\/\\\/quehacerpolitico.mx\\\/?p=112367#primaryimage\"},\"image\":{\"@id\":\"https:\\\/\\\/quehacerpolitico.mx\\\/?p=112367#primaryimage\"},\"thumbnailUrl\":\"https:\\\/\\\/quehacerpolitico.mx\\\/wp-content\\\/uploads\\\/2024\\\/09\\\/c4411319-bfd6-47d2-ad49-f0d54a87f4d7.jpeg\",\"datePublished\":\"2024-09-07T19:26:22+00:00\",\"dateModified\":\"2024-09-07T19:26:26+00:00\",\"author\":{\"@id\":\"https:\\\/\\\/quehacerpolitico.mx\\\/#\\\/schema\\\/person\\\/496d8ad2d1d3f8036101dca7ee39e585\"},\"breadcrumb\":{\"@id\":\"https:\\\/\\\/quehacerpolitico.mx\\\/?p=112367#breadcrumb\"},\"inLanguage\":\"es\",\"potentialAction\":[{\"@type\":\"ReadAction\",\"target\":[\"https:\\\/\\\/quehacerpolitico.mx\\\/?p=112367\"]}]},{\"@type\":\"ImageObject\",\"inLanguage\":\"es\",\"@id\":\"https:\\\/\\\/quehacerpolitico.mx\\\/?p=112367#primaryimage\",\"url\":\"https:\\\/\\\/quehacerpolitico.mx\\\/wp-content\\\/uploads\\\/2024\\\/09\\\/c4411319-bfd6-47d2-ad49-f0d54a87f4d7.jpeg\",\"contentUrl\":\"https:\\\/\\\/quehacerpolitico.mx\\\/wp-content\\\/uploads\\\/2024\\\/09\\\/c4411319-bfd6-47d2-ad49-f0d54a87f4d7.jpeg\",\"width\":963,\"height\":493},{\"@type\":\"BreadcrumbList\",\"@id\":\"https:\\\/\\\/quehacerpolitico.mx\\\/?p=112367#breadcrumb\",\"itemListElement\":[{\"@type\":\"ListItem\",\"position\":1,\"name\":\"Inicio\",\"item\":\"https:\\\/\\\/quehacerpolitico.mx\\\/\"},{\"@type\":\"ListItem\",\"position\":2,\"name\":\"El Quehacer Pol\u00edtico a trav\u00e9s de la opini\u00f3n\\\/\\\/\\\/Israel Aram Guerrero\\\/\\\/\\\/La\u00a0CdMX\u00a0y\u00a0su\u00a0resiliencia ante desastres\"}]},{\"@type\":\"WebSite\",\"@id\":\"https:\\\/\\\/quehacerpolitico.mx\\\/#website\",\"url\":\"https:\\\/\\\/quehacerpolitico.mx\\\/\",\"name\":\"\",\"description\":\"\",\"potentialAction\":[{\"@type\":\"SearchAction\",\"target\":{\"@type\":\"EntryPoint\",\"urlTemplate\":\"https:\\\/\\\/quehacerpolitico.mx\\\/?s={search_term_string}\"},\"query-input\":{\"@type\":\"PropertyValueSpecification\",\"valueRequired\":true,\"valueName\":\"search_term_string\"}}],\"inLanguage\":\"es\"},{\"@type\":\"Person\",\"@id\":\"https:\\\/\\\/quehacerpolitico.mx\\\/#\\\/schema\\\/person\\\/496d8ad2d1d3f8036101dca7ee39e585\",\"name\":\"Redacci\u00f3n QP\",\"image\":{\"@type\":\"ImageObject\",\"inLanguage\":\"es\",\"@id\":\"https:\\\/\\\/secure.gravatar.com\\\/avatar\\\/c7164ed6fdec453195284ad24a5ae5b6e1eed2b848477fa2a4787ba9adf39a41?s=96&d=mm&r=g\",\"url\":\"https:\\\/\\\/secure.gravatar.com\\\/avatar\\\/c7164ed6fdec453195284ad24a5ae5b6e1eed2b848477fa2a4787ba9adf39a41?s=96&d=mm&r=g\",\"contentUrl\":\"https:\\\/\\\/secure.gravatar.com\\\/avatar\\\/c7164ed6fdec453195284ad24a5ae5b6e1eed2b848477fa2a4787ba9adf39a41?s=96&d=mm&r=g\",\"caption\":\"Redacci\u00f3n QP\"},\"url\":\"https:\\\/\\\/quehacerpolitico.mx\\\/?author=2\"}]}<\/script>\n<!-- \/ Yoast SEO plugin. -->","yoast_head_json":{"title":"El Quehacer Pol\u00edtico a trav\u00e9s de la opini\u00f3n\/\/\/Israel Aram Guerrero\/\/\/La\u00a0CdMX\u00a0y\u00a0su\u00a0resiliencia ante desastres -","robots":{"index":"index","follow":"follow","max-snippet":"max-snippet:-1","max-image-preview":"max-image-preview:large","max-video-preview":"max-video-preview:-1"},"canonical":"https:\/\/quehacerpolitico.mx\/?p=112367","og_locale":"es_MX","og_type":"article","og_title":"El Quehacer Pol\u00edtico a trav\u00e9s de la opini\u00f3n\/\/\/Israel Aram Guerrero\/\/\/La\u00a0CdMX\u00a0y\u00a0su\u00a0resiliencia ante desastres -","og_description":"Por Israel Aram Guerrero Analista Gracias&nbsp;A&nbsp;Dios y al&nbsp;Universo&nbsp;por los dos a\u00f1os de mi hija&nbsp;Mila A&nbsp;mediados...","og_url":"https:\/\/quehacerpolitico.mx\/?p=112367","article_published_time":"2024-09-07T19:26:22+00:00","article_modified_time":"2024-09-07T19:26:26+00:00","og_image":[{"width":963,"height":493,"url":"https:\/\/quehacerpolitico.mx\/wp-content\/uploads\/2024\/09\/c4411319-bfd6-47d2-ad49-f0d54a87f4d7.jpeg","type":"image\/jpeg"}],"author":"Redacci\u00f3n QP","twitter_card":"summary_large_image","twitter_misc":{"Escrito por":"Redacci\u00f3n QP","Tiempo de lectura":"5 minutos"},"schema":{"@context":"https:\/\/schema.org","@graph":[{"@type":"Article","@id":"https:\/\/quehacerpolitico.mx\/?p=112367#article","isPartOf":{"@id":"https:\/\/quehacerpolitico.mx\/?p=112367"},"author":{"name":"Redacci\u00f3n QP","@id":"https:\/\/quehacerpolitico.mx\/#\/schema\/person\/496d8ad2d1d3f8036101dca7ee39e585"},"headline":"El Quehacer Pol\u00edtico a trav\u00e9s de la opini\u00f3n\/\/\/Israel Aram Guerrero\/\/\/La\u00a0CdMX\u00a0y\u00a0su\u00a0resiliencia ante desastres","datePublished":"2024-09-07T19:26:22+00:00","dateModified":"2024-09-07T19:26:26+00:00","mainEntityOfPage":{"@id":"https:\/\/quehacerpolitico.mx\/?p=112367"},"wordCount":1104,"commentCount":0,"image":{"@id":"https:\/\/quehacerpolitico.mx\/?p=112367#primaryimage"},"thumbnailUrl":"https:\/\/quehacerpolitico.mx\/wp-content\/uploads\/2024\/09\/c4411319-bfd6-47d2-ad49-f0d54a87f4d7.jpeg","articleSection":["CDMX"],"inLanguage":"es","potentialAction":[{"@type":"CommentAction","name":"Comment","target":["https:\/\/quehacerpolitico.mx\/?p=112367#respond"]}]},{"@type":"WebPage","@id":"https:\/\/quehacerpolitico.mx\/?p=112367","url":"https:\/\/quehacerpolitico.mx\/?p=112367","name":"El Quehacer Pol\u00edtico a trav\u00e9s de la opini\u00f3n\/\/\/Israel Aram Guerrero\/\/\/La\u00a0CdMX\u00a0y\u00a0su\u00a0resiliencia ante desastres -","isPartOf":{"@id":"https:\/\/quehacerpolitico.mx\/#website"},"primaryImageOfPage":{"@id":"https:\/\/quehacerpolitico.mx\/?p=112367#primaryimage"},"image":{"@id":"https:\/\/quehacerpolitico.mx\/?p=112367#primaryimage"},"thumbnailUrl":"https:\/\/quehacerpolitico.mx\/wp-content\/uploads\/2024\/09\/c4411319-bfd6-47d2-ad49-f0d54a87f4d7.jpeg","datePublished":"2024-09-07T19:26:22+00:00","dateModified":"2024-09-07T19:26:26+00:00","author":{"@id":"https:\/\/quehacerpolitico.mx\/#\/schema\/person\/496d8ad2d1d3f8036101dca7ee39e585"},"breadcrumb":{"@id":"https:\/\/quehacerpolitico.mx\/?p=112367#breadcrumb"},"inLanguage":"es","potentialAction":[{"@type":"ReadAction","target":["https:\/\/quehacerpolitico.mx\/?p=112367"]}]},{"@type":"ImageObject","inLanguage":"es","@id":"https:\/\/quehacerpolitico.mx\/?p=112367#primaryimage","url":"https:\/\/quehacerpolitico.mx\/wp-content\/uploads\/2024\/09\/c4411319-bfd6-47d2-ad49-f0d54a87f4d7.jpeg","contentUrl":"https:\/\/quehacerpolitico.mx\/wp-content\/uploads\/2024\/09\/c4411319-bfd6-47d2-ad49-f0d54a87f4d7.jpeg","width":963,"height":493},{"@type":"BreadcrumbList","@id":"https:\/\/quehacerpolitico.mx\/?p=112367#breadcrumb","itemListElement":[{"@type":"ListItem","position":1,"name":"Inicio","item":"https:\/\/quehacerpolitico.mx\/"},{"@type":"ListItem","position":2,"name":"El Quehacer Pol\u00edtico a trav\u00e9s de la opini\u00f3n\/\/\/Israel Aram Guerrero\/\/\/La\u00a0CdMX\u00a0y\u00a0su\u00a0resiliencia ante desastres"}]},{"@type":"WebSite","@id":"https:\/\/quehacerpolitico.mx\/#website","url":"https:\/\/quehacerpolitico.mx\/","name":"","description":"","potentialAction":[{"@type":"SearchAction","target":{"@type":"EntryPoint","urlTemplate":"https:\/\/quehacerpolitico.mx\/?s={search_term_string}"},"query-input":{"@type":"PropertyValueSpecification","valueRequired":true,"valueName":"search_term_string"}}],"inLanguage":"es"},{"@type":"Person","@id":"https:\/\/quehacerpolitico.mx\/#\/schema\/person\/496d8ad2d1d3f8036101dca7ee39e585","name":"Redacci\u00f3n QP","image":{"@type":"ImageObject","inLanguage":"es","@id":"https:\/\/secure.gravatar.com\/avatar\/c7164ed6fdec453195284ad24a5ae5b6e1eed2b848477fa2a4787ba9adf39a41?s=96&d=mm&r=g","url":"https:\/\/secure.gravatar.com\/avatar\/c7164ed6fdec453195284ad24a5ae5b6e1eed2b848477fa2a4787ba9adf39a41?s=96&d=mm&r=g","contentUrl":"https:\/\/secure.gravatar.com\/avatar\/c7164ed6fdec453195284ad24a5ae5b6e1eed2b848477fa2a4787ba9adf39a41?s=96&d=mm&r=g","caption":"Redacci\u00f3n QP"},"url":"https:\/\/quehacerpolitico.mx\/?author=2"}]}},"featured_image_urls":{"full":["https:\/\/quehacerpolitico.mx\/wp-content\/uploads\/2024\/09\/c4411319-bfd6-47d2-ad49-f0d54a87f4d7.jpeg",963,493,false],"thumbnail":["https:\/\/quehacerpolitico.mx\/wp-content\/uploads\/2024\/09\/c4411319-bfd6-47d2-ad49-f0d54a87f4d7-150x150.jpeg",150,150,true],"medium":["https:\/\/quehacerpolitico.mx\/wp-content\/uploads\/2024\/09\/c4411319-bfd6-47d2-ad49-f0d54a87f4d7-300x154.jpeg",300,154,true],"medium_large":["https:\/\/quehacerpolitico.mx\/wp-content\/uploads\/2024\/09\/c4411319-bfd6-47d2-ad49-f0d54a87f4d7-768x393.jpeg",640,328,true],"large":["https:\/\/quehacerpolitico.mx\/wp-content\/uploads\/2024\/09\/c4411319-bfd6-47d2-ad49-f0d54a87f4d7.jpeg",640,328,false],"1536x1536":["https:\/\/quehacerpolitico.mx\/wp-content\/uploads\/2024\/09\/c4411319-bfd6-47d2-ad49-f0d54a87f4d7.jpeg",963,493,false],"2048x2048":["https:\/\/quehacerpolitico.mx\/wp-content\/uploads\/2024\/09\/c4411319-bfd6-47d2-ad49-f0d54a87f4d7.jpeg",963,493,false],"covernews-featured":["https:\/\/quehacerpolitico.mx\/wp-content\/uploads\/2024\/09\/c4411319-bfd6-47d2-ad49-f0d54a87f4d7.jpeg",963,493,false],"covernews-medium":["https:\/\/quehacerpolitico.mx\/wp-content\/uploads\/2024\/09\/c4411319-bfd6-47d2-ad49-f0d54a87f4d7.jpeg",540,276,false]},"author_info":{"display_name":"Redacci\u00f3n QP","author_link":"https:\/\/quehacerpolitico.mx\/?author=2"},"category_info":"<a href=\"https:\/\/quehacerpolitico.mx\/?cat=55\" rel=\"category\">CDMX<\/a>","tag_info":"CDMX","comment_count":"0","_links":{"self":[{"href":"https:\/\/quehacerpolitico.mx\/index.php?rest_route=\/wp\/v2\/posts\/112367","targetHints":{"allow":["GET"]}}],"collection":[{"href":"https:\/\/quehacerpolitico.mx\/index.php?rest_route=\/wp\/v2\/posts"}],"about":[{"href":"https:\/\/quehacerpolitico.mx\/index.php?rest_route=\/wp\/v2\/types\/post"}],"author":[{"embeddable":true,"href":"https:\/\/quehacerpolitico.mx\/index.php?rest_route=\/wp\/v2\/users\/2"}],"replies":[{"embeddable":true,"href":"https:\/\/quehacerpolitico.mx\/index.php?rest_route=%2Fwp%2Fv2%2Fcomments&post=112367"}],"version-history":[{"count":1,"href":"https:\/\/quehacerpolitico.mx\/index.php?rest_route=\/wp\/v2\/posts\/112367\/revisions"}],"predecessor-version":[{"id":112372,"href":"https:\/\/quehacerpolitico.mx\/index.php?rest_route=\/wp\/v2\/posts\/112367\/revisions\/112372"}],"wp:featuredmedia":[{"embeddable":true,"href":"https:\/\/quehacerpolitico.mx\/index.php?rest_route=\/wp\/v2\/media\/112371"}],"wp:attachment":[{"href":"https:\/\/quehacerpolitico.mx\/index.php?rest_route=%2Fwp%2Fv2%2Fmedia&parent=112367"}],"wp:term":[{"taxonomy":"category","embeddable":true,"href":"https:\/\/quehacerpolitico.mx\/index.php?rest_route=%2Fwp%2Fv2%2Fcategories&post=112367"},{"taxonomy":"post_tag","embeddable":true,"href":"https:\/\/quehacerpolitico.mx\/index.php?rest_route=%2Fwp%2Fv2%2Ftags&post=112367"}],"curies":[{"name":"wp","href":"https:\/\/api.w.org\/{rel}","templated":true}]}}