{"id":112361,"date":"2024-09-07T18:43:27","date_gmt":"2024-09-07T18:43:27","guid":{"rendered":"https:\/\/quehacerpolitico.mx\/?p=112361"},"modified":"2024-09-07T18:43:31","modified_gmt":"2024-09-07T18:43:31","slug":"el-quehacer-politico-internacional-a-traves-de-la-opinion-carolina-alonso-romei-reino-unido-al-borde-del-precipicio-racismo-violencia-y-la-sombra-de-la-censura","status":"publish","type":"post","link":"https:\/\/quehacerpolitico.mx\/?p=112361","title":{"rendered":"El Quehacer Pol\u00edtico Internacional a trav\u00e9s de la opini\u00f3n\/\/\/Carolina Alonso Romei\/\/\/Reino Unido al borde del precipicio: Racismo, violencia y la sombra de la censura"},"content":{"rendered":"\n<p>Por Carolina Alonso Romei<\/p>\n\n\n\n<p>Internacionalista <\/p>\n\n\n\n<p><br>Las \u00faltimas semanas han sido testigo de una escalada de violencia en varias ciudades del Reino Unido, donde grupos de extrema derecha han protagonizado una serie de disturbios. Estos eventos, marcados&nbsp;por un discurso antiinmigrante e&nbsp;islamof\u00f3bico, han culminado en ataques a mezquitas y hoteles que albergan a refugiados.&nbsp;<\/p>\n\n\n\n<p>Dichos actos de violencia, desencadenados por la propagaci\u00f3n de teor\u00edas conspirativas en torno a un tr\u00e1gico suceso, reflejan un clima social polarizado y la creciente influencia de discursos de odio en el espacio p\u00fablico brit\u00e1nico.&nbsp;Seg\u00fan la polic\u00eda local, 53 agentes resultaron heridos en esos enfrentamientos. Desde entonces, la violencia se ha extendido por algunas de las principales ciudades brit\u00e1nicas, incluyendo Manchester, Liverpool, Bristol, Bolton y Londres.<\/p>\n\n\n\n<p>Los recientes disturbios en Reino Unido no son un hecho aislado, sino una manifestaci\u00f3n de las profundas divisiones sociales que atraviesan el pa\u00eds. La polarizaci\u00f3n pol\u00edtica, la creciente desigualdad y la desconfianza en las instituciones han creado un caldo de cultivo para la radicalizaci\u00f3n y la violencia. Si bien estos eventos han generado una fuerte condena, sus consecuencias a largo plazo podr\u00edan incluir un aumento de la xenofobia, la fragmentaci\u00f3n social y la erosi\u00f3n del estado de derecho.<\/p>\n\n\n\n<p>Ante la escalada de violencia, el l\u00edder laborista, Keir Starmer, conden\u00f3 en\u00e9rgicamente los disturbios, tild\u00e1ndolos de &#8216;matonismo de extrema derecha&#8217;. Starmer advirti\u00f3 que estos actos organizados no ser\u00e1n tolerados y llam\u00f3 a la unidad nacional para enfrentar este desaf\u00edo. Los recientes disturbios, que recuerdan a los violentos enfrentamientos de 2011, ponen de manifiesto la necesidad urgente de abordar las causas profundas de la polarizaci\u00f3n social y el extremismo en el Reino Unido. Si no se toman medidas efectivas, estos eventos podr\u00edan tener consecuencias a largo plazo para la cohesi\u00f3n social y la estabilidad del pa\u00eds.<\/p>\n\n\n\n<p>La violencia se propag\u00f3 r\u00e1pidamente por varias ciudades, dejando a su paso un rastro de destrucci\u00f3n. Incendios, saqueos y actos vand\u00e1licos contra propiedades p\u00fablicas y privadas se convirtieron en escenas cotidianas. Lamentablemente, cinco personas perdieron la vida en estos enfrentamientos, subrayando la gravedad de la situaci\u00f3n. La ciudad qued\u00f3 paralizada por el miedo y la incertidumbre, mientras que las autoridades luchaban por restablecer el orden.<\/p>\n\n\n\n<figure class=\"wp-block-image size-large\"><img loading=\"lazy\" decoding=\"async\" width=\"792\" height=\"1024\" src=\"https:\/\/quehacerpolitico.mx\/wp-content\/uploads\/2024\/09\/image-18-792x1024.jpeg\" alt=\"\" class=\"wp-image-112365\" srcset=\"https:\/\/quehacerpolitico.mx\/wp-content\/uploads\/2024\/09\/image-18-792x1024.jpeg 792w, https:\/\/quehacerpolitico.mx\/wp-content\/uploads\/2024\/09\/image-18-232x300.jpeg 232w, https:\/\/quehacerpolitico.mx\/wp-content\/uploads\/2024\/09\/image-18-768x992.jpeg 768w, https:\/\/quehacerpolitico.mx\/wp-content\/uploads\/2024\/09\/image-18-1189x1536.jpeg 1189w, https:\/\/quehacerpolitico.mx\/wp-content\/uploads\/2024\/09\/image-18-113x146.jpeg 113w, https:\/\/quehacerpolitico.mx\/wp-content\/uploads\/2024\/09\/image-18-39x50.jpeg 39w, https:\/\/quehacerpolitico.mx\/wp-content\/uploads\/2024\/09\/image-18-58x75.jpeg 58w, https:\/\/quehacerpolitico.mx\/wp-content\/uploads\/2024\/09\/image-18.jpeg 1246w\" sizes=\"auto, (max-width: 792px) 100vw, 792px\" \/><figcaption class=\"wp-element-caption\">Screenshot<\/figcaption><\/figure>\n\n\n\n<p>\u00bfQu\u00e9 deton\u00f3 la violencia?&nbsp;El brutal asesinato de tres ni\u00f1as en Southport desencaden\u00f3 una ola de violencia en varias ciudades brit\u00e1nicas. La r\u00e1pida difusi\u00f3n de informaci\u00f3n falsa en redes sociales, que vinculaba el crimen a un refugiado musulm\u00e1n, aliment\u00f3 el odio y la xenofobia, movilizando a grupos extremistas. A pesar de que el autor del ataque result\u00f3 ser un adolescente brit\u00e1nico, nacido en Cardiff y de origen ruand\u00e9s, la desinformaci\u00f3n inicial sirvi\u00f3 como detonante para los disturbios, demostrando el poder de las&nbsp;<em>fake news<\/em>&nbsp;en la polarizaci\u00f3n social.<\/p>\n\n\n\n<p>\u00bfQui\u00e9nes est\u00e1n detr\u00e1s de los disturbios?&nbsp;La violencia desatada en Reino Unido ha revelado una compleja red de grupos extremistas, unidos por un discurso com\u00fan de odio hacia los migrantes y los refugiados. Neonazis, hooligans y otros grupos radicalizados han utilizado las redes sociales para coordinar sus acciones y movilizar a sus seguidores. La r\u00e1pida difusi\u00f3n de noticias falsas y mensajes de odio ha facilitado la participaci\u00f3n de una amplia gama de individuos, desde activistas de extrema derecha hasta simples ciudadanos atra\u00eddos por discursos simplistas y polarizantes.<\/p>\n\n\n\n<p>Plataformas como Telegram y X se han convertido en herramientas fundamentales para que grupos de extrema derecha inciten al odio y coordinen acciones violentas. La ministra del Interior, Yvette Cooper, ha denunciado el papel de estas empresas tecnol\u00f3gicas como &#8220;cohetes impulsores&#8221; de la violencia, exigiendo una mayor responsabilidad en la moderaci\u00f3n de contenidos y la lucha contra la difusi\u00f3n de discursos de odio.&#8221;&nbsp;Despu\u00e9s de los disturbios en Southport, la polic\u00eda se\u00f1al\u00f3 que los simpatizantes de la Liga de Defensa Inglesa, un movimiento conocido por su postura violenta contra musulmanes y migrantes, tambi\u00e9n participaron.<\/p>\n\n\n\n<p>La violencia desatada en las calles ha planteado un gran desaf\u00edo para las autoridades, que han tenido que lidiar con una amplia gama de actores y motivaciones. Si bien algunos manifestantes podr\u00edan haber sido impulsados por un genuino descontento social, otros han aprovechado la situaci\u00f3n para expresar sus ideas extremistas. La presencia de contramanifestaciones ha a\u00f1adido una capa adicional de complejidad, lo que ha obligado a las fuerzas de seguridad a actuar con cautela y a buscar soluciones a largo plazo para abordar las causas profundas de la violencia.<\/p>\n\n\n\n<figure class=\"wp-block-image size-large\"><img loading=\"lazy\" decoding=\"async\" width=\"783\" height=\"1024\" src=\"https:\/\/quehacerpolitico.mx\/wp-content\/uploads\/2024\/09\/image-17-783x1024.jpeg\" alt=\"\" class=\"wp-image-112364\" srcset=\"https:\/\/quehacerpolitico.mx\/wp-content\/uploads\/2024\/09\/image-17-783x1024.jpeg 783w, https:\/\/quehacerpolitico.mx\/wp-content\/uploads\/2024\/09\/image-17-230x300.jpeg 230w, https:\/\/quehacerpolitico.mx\/wp-content\/uploads\/2024\/09\/image-17-768x1004.jpeg 768w, https:\/\/quehacerpolitico.mx\/wp-content\/uploads\/2024\/09\/image-17-1175x1536.jpeg 1175w, https:\/\/quehacerpolitico.mx\/wp-content\/uploads\/2024\/09\/image-17-112x146.jpeg 112w, https:\/\/quehacerpolitico.mx\/wp-content\/uploads\/2024\/09\/image-17-38x50.jpeg 38w, https:\/\/quehacerpolitico.mx\/wp-content\/uploads\/2024\/09\/image-17-57x75.jpeg 57w, https:\/\/quehacerpolitico.mx\/wp-content\/uploads\/2024\/09\/image-17.jpeg 1234w\" sizes=\"auto, (max-width: 783px) 100vw, 783px\" \/><figcaption class=\"wp-element-caption\">Screenshot<\/figcaption><\/figure>\n\n\n\n<p>\u00bfQu\u00e9 medidas est\u00e1 tomando el gobierno para contrarrestar esta oleada de disturbios y violencia? El mandatario brit\u00e1nico afirm\u00f3 que esto no corresponde a una simple protesta&nbsp;que se fue de las manos, sino que es un grupo de individuos que est\u00e1n absolutamente decididos a ejercer la violencia. Despu\u00e9s de convocar a una sesi\u00f3n especial de urgencia con su gabinete y jefes de la polic\u00eda, Starmer anunci\u00f3 el establecimiento de una \u00a8fuerza activa\u00a8 de agentes especiales para hacerle frente a las protestas violentas en todo el pa\u00eds. &nbsp;Tambi\u00e9n asegur\u00f3 que la justicia criminal ser\u00eda reforzada para lidiar con todos los individuos que hasta ahora han sido arrestados y que prev\u00e9 ser\u00e1n llevados a juicios a causa de sus acciones. Asimismo afirm\u00f3 que la ley criminal tambi\u00e9n se aplicar\u00e1 a los que fomenten los disturbios&nbsp;<em>online.<\/em><\/p>\n\n\n\n<p>Como podemos ver,&nbsp;la escalada de violencia en el Reino Unido ha puesto de manifiesto una preocupante realidad: el resurgimiento de discursos de odio y la polarizaci\u00f3n social. Es inaceptable que en pleno siglo XXI sigamos siendo testigos de actos de racismo y xenofobia que atentan contra la convivencia pac\u00edfica y la diversidad.<\/p>\n\n\n\n<p>Sin embargo, es fundamental abordar esta problem\u00e1tica desde una perspectiva multifac\u00e9tica. Si bien es cierto que la libertad de expresi\u00f3n es un derecho fundamental, esta no es absoluta. Cuando los discursos de odio incitan a la violencia o promueven la discriminaci\u00f3n, se cruza una l\u00ednea que debe ser sancionada. Las redes sociales, como amplificadores de estos discursos, requieren de una regulaci\u00f3n m\u00e1s estricta para evitar que se conviertan en herramientas de propaganda del odio.<\/p>\n\n\n\n<figure class=\"wp-block-image size-large\"><img loading=\"lazy\" decoding=\"async\" width=\"788\" height=\"1024\" src=\"https:\/\/quehacerpolitico.mx\/wp-content\/uploads\/2024\/09\/image-16-788x1024.jpeg\" alt=\"\" class=\"wp-image-112363\" srcset=\"https:\/\/quehacerpolitico.mx\/wp-content\/uploads\/2024\/09\/image-16-788x1024.jpeg 788w, https:\/\/quehacerpolitico.mx\/wp-content\/uploads\/2024\/09\/image-16-231x300.jpeg 231w, https:\/\/quehacerpolitico.mx\/wp-content\/uploads\/2024\/09\/image-16-768x997.jpeg 768w, https:\/\/quehacerpolitico.mx\/wp-content\/uploads\/2024\/09\/image-16-1183x1536.jpeg 1183w, https:\/\/quehacerpolitico.mx\/wp-content\/uploads\/2024\/09\/image-16-112x146.jpeg 112w, https:\/\/quehacerpolitico.mx\/wp-content\/uploads\/2024\/09\/image-16-38x50.jpeg 38w, https:\/\/quehacerpolitico.mx\/wp-content\/uploads\/2024\/09\/image-16-58x75.jpeg 58w, https:\/\/quehacerpolitico.mx\/wp-content\/uploads\/2024\/09\/image-16.jpeg 1235w\" sizes=\"auto, (max-width: 788px) 100vw, 788px\" \/><figcaption class=\"wp-element-caption\">Screenshot<\/figcaption><\/figure>\n\n\n\n<p>Por otro lado, es crucial no caer en la tentaci\u00f3n de restringir la libertad de expresi\u00f3n de manera indiscriminada. El di\u00e1logo abierto y el debate constructivo son esenciales para abordar las causas profundas de la violencia y la polarizaci\u00f3n. Es necesario fomentar la educaci\u00f3n, la tolerancia y el respeto a la diversidad como ant\u00eddotos contra el odio.<\/p>\n\n\n\n<p>La respuesta a la violencia no puede ser m\u00e1s violencia, ni la censura la soluci\u00f3n a los discursos de odio. Reino Unido se encuentra al borde del precipicio, entre tanta violencia,&nbsp;<a><\/a>odio y censura, por lo que es necesario&nbsp;tomar cartas en el asunto para resolver esto de manera definitiva. Es claro que se requiere de&nbsp;un enfoque integral que combine medidas legales, educativas y sociales para construir sociedades m\u00e1s justas y equitativas.&nbsp;Solo as\u00ed se podr\u00e1&nbsp;erradicar el racismo y la xenofobia y garantizar la convivencia pac\u00edfica&nbsp;en donde la libertad de expresi\u00f3n sea la base para solidificar este acuerdo.<\/p>\n","protected":false},"excerpt":{"rendered":"<p>Por Carolina Alonso Romei Internacionalista Las \u00faltimas semanas han sido testigo de una escalada de&#8230;<\/p>\n","protected":false},"author":2,"featured_media":112362,"comment_status":"open","ping_status":"open","sticky":false,"template":"","format":"standard","meta":{"_monsterinsights_skip_tracking":false,"_monsterinsights_sitenote_active":false,"_monsterinsights_sitenote_note":"","_monsterinsights_sitenote_category":0,"footnotes":""},"categories":[1],"tags":[],"class_list":["post-112361","post","type-post","status-publish","format-standard","has-post-thumbnail","hentry","category-sin-categoria"],"yoast_head":"<!-- This site is optimized with the Yoast SEO plugin v27.3 - https:\/\/yoast.com\/product\/yoast-seo-wordpress\/ -->\n<title>El Quehacer Pol\u00edtico Internacional a trav\u00e9s de la opini\u00f3n\/\/\/Carolina Alonso Romei\/\/\/Reino Unido al borde del precipicio: Racismo, violencia y la sombra de la censura -<\/title>\n<meta name=\"robots\" content=\"index, follow, max-snippet:-1, max-image-preview:large, max-video-preview:-1\" \/>\n<link rel=\"canonical\" href=\"https:\/\/quehacerpolitico.mx\/?p=112361\" \/>\n<meta property=\"og:locale\" content=\"es_MX\" \/>\n<meta property=\"og:type\" content=\"article\" \/>\n<meta property=\"og:title\" content=\"El Quehacer Pol\u00edtico Internacional a trav\u00e9s de la opini\u00f3n\/\/\/Carolina Alonso Romei\/\/\/Reino Unido al borde del precipicio: Racismo, violencia y la sombra de la censura -\" \/>\n<meta property=\"og:description\" content=\"Por Carolina Alonso Romei Internacionalista Las \u00faltimas semanas han sido testigo de una escalada de...\" \/>\n<meta property=\"og:url\" content=\"https:\/\/quehacerpolitico.mx\/?p=112361\" \/>\n<meta property=\"article:published_time\" content=\"2024-09-07T18:43:27+00:00\" \/>\n<meta property=\"article:modified_time\" content=\"2024-09-07T18:43:31+00:00\" \/>\n<meta property=\"og:image\" content=\"https:\/\/quehacerpolitico.mx\/wp-content\/uploads\/2024\/09\/03fa6135-c3fe-44b7-8e96-c6ca323ffebb.jpeg\" \/>\n\t<meta property=\"og:image:width\" content=\"963\" \/>\n\t<meta property=\"og:image:height\" content=\"493\" \/>\n\t<meta property=\"og:image:type\" content=\"image\/jpeg\" \/>\n<meta name=\"author\" content=\"Redacci\u00f3n QP\" \/>\n<meta name=\"twitter:card\" content=\"summary_large_image\" \/>\n<meta name=\"twitter:label1\" content=\"Escrito por\" \/>\n\t<meta name=\"twitter:data1\" content=\"Redacci\u00f3n QP\" \/>\n\t<meta name=\"twitter:label2\" content=\"Tiempo de lectura\" \/>\n\t<meta name=\"twitter:data2\" content=\"6 minutos\" \/>\n<script type=\"application\/ld+json\" class=\"yoast-schema-graph\">{\"@context\":\"https:\\\/\\\/schema.org\",\"@graph\":[{\"@type\":\"Article\",\"@id\":\"https:\\\/\\\/quehacerpolitico.mx\\\/?p=112361#article\",\"isPartOf\":{\"@id\":\"https:\\\/\\\/quehacerpolitico.mx\\\/?p=112361\"},\"author\":{\"name\":\"Redacci\u00f3n QP\",\"@id\":\"https:\\\/\\\/quehacerpolitico.mx\\\/#\\\/schema\\\/person\\\/496d8ad2d1d3f8036101dca7ee39e585\"},\"headline\":\"El Quehacer Pol\u00edtico Internacional a trav\u00e9s de la opini\u00f3n\\\/\\\/\\\/Carolina Alonso Romei\\\/\\\/\\\/Reino Unido al borde del precipicio: Racismo, violencia y la sombra de la censura\",\"datePublished\":\"2024-09-07T18:43:27+00:00\",\"dateModified\":\"2024-09-07T18:43:31+00:00\",\"mainEntityOfPage\":{\"@id\":\"https:\\\/\\\/quehacerpolitico.mx\\\/?p=112361\"},\"wordCount\":1275,\"commentCount\":0,\"image\":{\"@id\":\"https:\\\/\\\/quehacerpolitico.mx\\\/?p=112361#primaryimage\"},\"thumbnailUrl\":\"https:\\\/\\\/quehacerpolitico.mx\\\/wp-content\\\/uploads\\\/2024\\\/09\\\/03fa6135-c3fe-44b7-8e96-c6ca323ffebb.jpeg\",\"articleSection\":[\"Internacionales\"],\"inLanguage\":\"es\",\"potentialAction\":[{\"@type\":\"CommentAction\",\"name\":\"Comment\",\"target\":[\"https:\\\/\\\/quehacerpolitico.mx\\\/?p=112361#respond\"]}]},{\"@type\":\"WebPage\",\"@id\":\"https:\\\/\\\/quehacerpolitico.mx\\\/?p=112361\",\"url\":\"https:\\\/\\\/quehacerpolitico.mx\\\/?p=112361\",\"name\":\"El Quehacer Pol\u00edtico Internacional a trav\u00e9s de la opini\u00f3n\\\/\\\/\\\/Carolina Alonso Romei\\\/\\\/\\\/Reino Unido al borde del precipicio: Racismo, violencia y la sombra de la censura -\",\"isPartOf\":{\"@id\":\"https:\\\/\\\/quehacerpolitico.mx\\\/#website\"},\"primaryImageOfPage\":{\"@id\":\"https:\\\/\\\/quehacerpolitico.mx\\\/?p=112361#primaryimage\"},\"image\":{\"@id\":\"https:\\\/\\\/quehacerpolitico.mx\\\/?p=112361#primaryimage\"},\"thumbnailUrl\":\"https:\\\/\\\/quehacerpolitico.mx\\\/wp-content\\\/uploads\\\/2024\\\/09\\\/03fa6135-c3fe-44b7-8e96-c6ca323ffebb.jpeg\",\"datePublished\":\"2024-09-07T18:43:27+00:00\",\"dateModified\":\"2024-09-07T18:43:31+00:00\",\"author\":{\"@id\":\"https:\\\/\\\/quehacerpolitico.mx\\\/#\\\/schema\\\/person\\\/496d8ad2d1d3f8036101dca7ee39e585\"},\"breadcrumb\":{\"@id\":\"https:\\\/\\\/quehacerpolitico.mx\\\/?p=112361#breadcrumb\"},\"inLanguage\":\"es\",\"potentialAction\":[{\"@type\":\"ReadAction\",\"target\":[\"https:\\\/\\\/quehacerpolitico.mx\\\/?p=112361\"]}]},{\"@type\":\"ImageObject\",\"inLanguage\":\"es\",\"@id\":\"https:\\\/\\\/quehacerpolitico.mx\\\/?p=112361#primaryimage\",\"url\":\"https:\\\/\\\/quehacerpolitico.mx\\\/wp-content\\\/uploads\\\/2024\\\/09\\\/03fa6135-c3fe-44b7-8e96-c6ca323ffebb.jpeg\",\"contentUrl\":\"https:\\\/\\\/quehacerpolitico.mx\\\/wp-content\\\/uploads\\\/2024\\\/09\\\/03fa6135-c3fe-44b7-8e96-c6ca323ffebb.jpeg\",\"width\":963,\"height\":493},{\"@type\":\"BreadcrumbList\",\"@id\":\"https:\\\/\\\/quehacerpolitico.mx\\\/?p=112361#breadcrumb\",\"itemListElement\":[{\"@type\":\"ListItem\",\"position\":1,\"name\":\"Inicio\",\"item\":\"https:\\\/\\\/quehacerpolitico.mx\\\/\"},{\"@type\":\"ListItem\",\"position\":2,\"name\":\"El Quehacer Pol\u00edtico Internacional a trav\u00e9s de la opini\u00f3n\\\/\\\/\\\/Carolina Alonso Romei\\\/\\\/\\\/Reino Unido al borde del precipicio: Racismo, violencia y la sombra de la censura\"}]},{\"@type\":\"WebSite\",\"@id\":\"https:\\\/\\\/quehacerpolitico.mx\\\/#website\",\"url\":\"https:\\\/\\\/quehacerpolitico.mx\\\/\",\"name\":\"\",\"description\":\"\",\"potentialAction\":[{\"@type\":\"SearchAction\",\"target\":{\"@type\":\"EntryPoint\",\"urlTemplate\":\"https:\\\/\\\/quehacerpolitico.mx\\\/?s={search_term_string}\"},\"query-input\":{\"@type\":\"PropertyValueSpecification\",\"valueRequired\":true,\"valueName\":\"search_term_string\"}}],\"inLanguage\":\"es\"},{\"@type\":\"Person\",\"@id\":\"https:\\\/\\\/quehacerpolitico.mx\\\/#\\\/schema\\\/person\\\/496d8ad2d1d3f8036101dca7ee39e585\",\"name\":\"Redacci\u00f3n QP\",\"image\":{\"@type\":\"ImageObject\",\"inLanguage\":\"es\",\"@id\":\"https:\\\/\\\/secure.gravatar.com\\\/avatar\\\/c7164ed6fdec453195284ad24a5ae5b6e1eed2b848477fa2a4787ba9adf39a41?s=96&d=mm&r=g\",\"url\":\"https:\\\/\\\/secure.gravatar.com\\\/avatar\\\/c7164ed6fdec453195284ad24a5ae5b6e1eed2b848477fa2a4787ba9adf39a41?s=96&d=mm&r=g\",\"contentUrl\":\"https:\\\/\\\/secure.gravatar.com\\\/avatar\\\/c7164ed6fdec453195284ad24a5ae5b6e1eed2b848477fa2a4787ba9adf39a41?s=96&d=mm&r=g\",\"caption\":\"Redacci\u00f3n QP\"},\"url\":\"https:\\\/\\\/quehacerpolitico.mx\\\/?author=2\"}]}<\/script>\n<!-- \/ Yoast SEO plugin. -->","yoast_head_json":{"title":"El Quehacer Pol\u00edtico Internacional a trav\u00e9s de la opini\u00f3n\/\/\/Carolina Alonso Romei\/\/\/Reino Unido al borde del precipicio: Racismo, violencia y la sombra de la censura -","robots":{"index":"index","follow":"follow","max-snippet":"max-snippet:-1","max-image-preview":"max-image-preview:large","max-video-preview":"max-video-preview:-1"},"canonical":"https:\/\/quehacerpolitico.mx\/?p=112361","og_locale":"es_MX","og_type":"article","og_title":"El Quehacer Pol\u00edtico Internacional a trav\u00e9s de la opini\u00f3n\/\/\/Carolina Alonso Romei\/\/\/Reino Unido al borde del precipicio: Racismo, violencia y la sombra de la censura -","og_description":"Por Carolina Alonso Romei Internacionalista Las \u00faltimas semanas han sido testigo de una escalada de...","og_url":"https:\/\/quehacerpolitico.mx\/?p=112361","article_published_time":"2024-09-07T18:43:27+00:00","article_modified_time":"2024-09-07T18:43:31+00:00","og_image":[{"width":963,"height":493,"url":"https:\/\/quehacerpolitico.mx\/wp-content\/uploads\/2024\/09\/03fa6135-c3fe-44b7-8e96-c6ca323ffebb.jpeg","type":"image\/jpeg"}],"author":"Redacci\u00f3n QP","twitter_card":"summary_large_image","twitter_misc":{"Escrito por":"Redacci\u00f3n QP","Tiempo de lectura":"6 minutos"},"schema":{"@context":"https:\/\/schema.org","@graph":[{"@type":"Article","@id":"https:\/\/quehacerpolitico.mx\/?p=112361#article","isPartOf":{"@id":"https:\/\/quehacerpolitico.mx\/?p=112361"},"author":{"name":"Redacci\u00f3n QP","@id":"https:\/\/quehacerpolitico.mx\/#\/schema\/person\/496d8ad2d1d3f8036101dca7ee39e585"},"headline":"El Quehacer Pol\u00edtico Internacional a trav\u00e9s de la opini\u00f3n\/\/\/Carolina Alonso Romei\/\/\/Reino Unido al borde del precipicio: Racismo, violencia y la sombra de la censura","datePublished":"2024-09-07T18:43:27+00:00","dateModified":"2024-09-07T18:43:31+00:00","mainEntityOfPage":{"@id":"https:\/\/quehacerpolitico.mx\/?p=112361"},"wordCount":1275,"commentCount":0,"image":{"@id":"https:\/\/quehacerpolitico.mx\/?p=112361#primaryimage"},"thumbnailUrl":"https:\/\/quehacerpolitico.mx\/wp-content\/uploads\/2024\/09\/03fa6135-c3fe-44b7-8e96-c6ca323ffebb.jpeg","articleSection":["Internacionales"],"inLanguage":"es","potentialAction":[{"@type":"CommentAction","name":"Comment","target":["https:\/\/quehacerpolitico.mx\/?p=112361#respond"]}]},{"@type":"WebPage","@id":"https:\/\/quehacerpolitico.mx\/?p=112361","url":"https:\/\/quehacerpolitico.mx\/?p=112361","name":"El Quehacer Pol\u00edtico Internacional a trav\u00e9s de la opini\u00f3n\/\/\/Carolina Alonso Romei\/\/\/Reino Unido al borde del precipicio: Racismo, violencia y la sombra de la censura -","isPartOf":{"@id":"https:\/\/quehacerpolitico.mx\/#website"},"primaryImageOfPage":{"@id":"https:\/\/quehacerpolitico.mx\/?p=112361#primaryimage"},"image":{"@id":"https:\/\/quehacerpolitico.mx\/?p=112361#primaryimage"},"thumbnailUrl":"https:\/\/quehacerpolitico.mx\/wp-content\/uploads\/2024\/09\/03fa6135-c3fe-44b7-8e96-c6ca323ffebb.jpeg","datePublished":"2024-09-07T18:43:27+00:00","dateModified":"2024-09-07T18:43:31+00:00","author":{"@id":"https:\/\/quehacerpolitico.mx\/#\/schema\/person\/496d8ad2d1d3f8036101dca7ee39e585"},"breadcrumb":{"@id":"https:\/\/quehacerpolitico.mx\/?p=112361#breadcrumb"},"inLanguage":"es","potentialAction":[{"@type":"ReadAction","target":["https:\/\/quehacerpolitico.mx\/?p=112361"]}]},{"@type":"ImageObject","inLanguage":"es","@id":"https:\/\/quehacerpolitico.mx\/?p=112361#primaryimage","url":"https:\/\/quehacerpolitico.mx\/wp-content\/uploads\/2024\/09\/03fa6135-c3fe-44b7-8e96-c6ca323ffebb.jpeg","contentUrl":"https:\/\/quehacerpolitico.mx\/wp-content\/uploads\/2024\/09\/03fa6135-c3fe-44b7-8e96-c6ca323ffebb.jpeg","width":963,"height":493},{"@type":"BreadcrumbList","@id":"https:\/\/quehacerpolitico.mx\/?p=112361#breadcrumb","itemListElement":[{"@type":"ListItem","position":1,"name":"Inicio","item":"https:\/\/quehacerpolitico.mx\/"},{"@type":"ListItem","position":2,"name":"El Quehacer Pol\u00edtico Internacional a trav\u00e9s de la opini\u00f3n\/\/\/Carolina Alonso Romei\/\/\/Reino Unido al borde del precipicio: Racismo, violencia y la sombra de la censura"}]},{"@type":"WebSite","@id":"https:\/\/quehacerpolitico.mx\/#website","url":"https:\/\/quehacerpolitico.mx\/","name":"","description":"","potentialAction":[{"@type":"SearchAction","target":{"@type":"EntryPoint","urlTemplate":"https:\/\/quehacerpolitico.mx\/?s={search_term_string}"},"query-input":{"@type":"PropertyValueSpecification","valueRequired":true,"valueName":"search_term_string"}}],"inLanguage":"es"},{"@type":"Person","@id":"https:\/\/quehacerpolitico.mx\/#\/schema\/person\/496d8ad2d1d3f8036101dca7ee39e585","name":"Redacci\u00f3n QP","image":{"@type":"ImageObject","inLanguage":"es","@id":"https:\/\/secure.gravatar.com\/avatar\/c7164ed6fdec453195284ad24a5ae5b6e1eed2b848477fa2a4787ba9adf39a41?s=96&d=mm&r=g","url":"https:\/\/secure.gravatar.com\/avatar\/c7164ed6fdec453195284ad24a5ae5b6e1eed2b848477fa2a4787ba9adf39a41?s=96&d=mm&r=g","contentUrl":"https:\/\/secure.gravatar.com\/avatar\/c7164ed6fdec453195284ad24a5ae5b6e1eed2b848477fa2a4787ba9adf39a41?s=96&d=mm&r=g","caption":"Redacci\u00f3n QP"},"url":"https:\/\/quehacerpolitico.mx\/?author=2"}]}},"featured_image_urls":{"full":["https:\/\/quehacerpolitico.mx\/wp-content\/uploads\/2024\/09\/03fa6135-c3fe-44b7-8e96-c6ca323ffebb.jpeg",963,493,false],"thumbnail":["https:\/\/quehacerpolitico.mx\/wp-content\/uploads\/2024\/09\/03fa6135-c3fe-44b7-8e96-c6ca323ffebb-150x150.jpeg",150,150,true],"medium":["https:\/\/quehacerpolitico.mx\/wp-content\/uploads\/2024\/09\/03fa6135-c3fe-44b7-8e96-c6ca323ffebb-300x154.jpeg",300,154,true],"medium_large":["https:\/\/quehacerpolitico.mx\/wp-content\/uploads\/2024\/09\/03fa6135-c3fe-44b7-8e96-c6ca323ffebb-768x393.jpeg",640,328,true],"large":["https:\/\/quehacerpolitico.mx\/wp-content\/uploads\/2024\/09\/03fa6135-c3fe-44b7-8e96-c6ca323ffebb.jpeg",640,328,false],"1536x1536":["https:\/\/quehacerpolitico.mx\/wp-content\/uploads\/2024\/09\/03fa6135-c3fe-44b7-8e96-c6ca323ffebb.jpeg",963,493,false],"2048x2048":["https:\/\/quehacerpolitico.mx\/wp-content\/uploads\/2024\/09\/03fa6135-c3fe-44b7-8e96-c6ca323ffebb.jpeg",963,493,false],"covernews-featured":["https:\/\/quehacerpolitico.mx\/wp-content\/uploads\/2024\/09\/03fa6135-c3fe-44b7-8e96-c6ca323ffebb.jpeg",963,493,false],"covernews-medium":["https:\/\/quehacerpolitico.mx\/wp-content\/uploads\/2024\/09\/03fa6135-c3fe-44b7-8e96-c6ca323ffebb.jpeg",540,276,false]},"author_info":{"display_name":"Redacci\u00f3n QP","author_link":"https:\/\/quehacerpolitico.mx\/?author=2"},"category_info":"<a href=\"https:\/\/quehacerpolitico.mx\/?cat=1\" rel=\"category\">Internacionales<\/a>","tag_info":"Internacionales","comment_count":"0","_links":{"self":[{"href":"https:\/\/quehacerpolitico.mx\/index.php?rest_route=\/wp\/v2\/posts\/112361","targetHints":{"allow":["GET"]}}],"collection":[{"href":"https:\/\/quehacerpolitico.mx\/index.php?rest_route=\/wp\/v2\/posts"}],"about":[{"href":"https:\/\/quehacerpolitico.mx\/index.php?rest_route=\/wp\/v2\/types\/post"}],"author":[{"embeddable":true,"href":"https:\/\/quehacerpolitico.mx\/index.php?rest_route=\/wp\/v2\/users\/2"}],"replies":[{"embeddable":true,"href":"https:\/\/quehacerpolitico.mx\/index.php?rest_route=%2Fwp%2Fv2%2Fcomments&post=112361"}],"version-history":[{"count":1,"href":"https:\/\/quehacerpolitico.mx\/index.php?rest_route=\/wp\/v2\/posts\/112361\/revisions"}],"predecessor-version":[{"id":112366,"href":"https:\/\/quehacerpolitico.mx\/index.php?rest_route=\/wp\/v2\/posts\/112361\/revisions\/112366"}],"wp:featuredmedia":[{"embeddable":true,"href":"https:\/\/quehacerpolitico.mx\/index.php?rest_route=\/wp\/v2\/media\/112362"}],"wp:attachment":[{"href":"https:\/\/quehacerpolitico.mx\/index.php?rest_route=%2Fwp%2Fv2%2Fmedia&parent=112361"}],"wp:term":[{"taxonomy":"category","embeddable":true,"href":"https:\/\/quehacerpolitico.mx\/index.php?rest_route=%2Fwp%2Fv2%2Fcategories&post=112361"},{"taxonomy":"post_tag","embeddable":true,"href":"https:\/\/quehacerpolitico.mx\/index.php?rest_route=%2Fwp%2Fv2%2Ftags&post=112361"}],"curies":[{"name":"wp","href":"https:\/\/api.w.org\/{rel}","templated":true}]}}