{"id":11231,"date":"2018-12-08T03:26:47","date_gmt":"2018-12-08T03:26:47","guid":{"rendered":"http:\/\/quehacerpolitico.mx\/los-gays-son-una-plaga-dice-el-boxeador-dario-larralde-se-disculpa-pero-insiste-soy-homofobico\/"},"modified":"2018-12-08T03:26:47","modified_gmt":"2018-12-08T03:26:47","slug":"los-gays-son-una-plaga-dice-el-boxeador-dario-larralde-se-disculpa-pero-insiste-soy-homofobico","status":"publish","type":"post","link":"https:\/\/quehacerpolitico.mx\/?p=11231","title":{"rendered":"\u201cLos gays son una plaga\u201d, dice el boxeador Dar\u00edo Larralde; se disculpa, pero insiste: \u201csoy homof\u00f3bico\u201d"},"content":{"rendered":"<h1>\u201cLos gays son una plaga\u201d, dice el boxeador Dar\u00edo Larralde; se disculpa, pero insiste: \u201csoy homof\u00f3bico\u201d<\/h1>\n<p>Por Redacci\u00f3n QP<\/p>\n<p>El boxeador mexicano <strong>Dar\u00edo Larralde<\/strong>, quien presume que representar\u00e1 a nuestro pa\u00eds en los Juegos Ol\u00edmpicos de Tokio 2020, fue criticado en redes sociales por <strong>declarar<\/strong> <strong>contra<\/strong> la<strong> comunidad gay<\/strong>.<\/p>\n<p>Luego de un video que comparti\u00f3 en sus redes sociales, donde califica a los gays como una \u201cplaga\u201d, diversos usuarios criticaron las declaraciones del p\u00fagil.<\/p>\n<blockquote>\n<p>\u201cMe cagan los putos gays, les tengo una pinche fobia\u2026 en todas las partes a las que voy siempre hay un pinche gay. [\u2026] Todo lo que hace su comunidad, todo lo que hacen ustedes, todo lo que representan, me caga, nunca lo voy a aceptar\u201d, dijo Dar\u00edo Larralde.<\/p>\n<p>Adem\u00e1s, asegura que aunque \u201cHitler era una muy mala persona\u201d, pero \u00e9l lo apoya en considerar que \u201clos putos gays son una plaga; son algo que me trauma, algo que nunca voy a entender\u201d, dice en la grabaci\u00f3n.<\/p>\n<blockquote class=\"twitter-tweet\" data-width=\"550\" data-dnt=\"true\">\n<p lang=\"es\" dir=\"ltr\">Ah\u00ed esta el resto.. no cab\u00eda sorry <a href=\"https:\/\/t.co\/ZFzr3h6WIL\">pic.twitter.com\/ZFzr3h6WIL<\/a><\/p>\n<p>&mdash; Luisa Vox (@Luisa_Vox) <a href=\"https:\/\/twitter.com\/Luisa_Vox\/status\/1070766485591781382?ref_src=twsrc%5Etfw\">December 6, 2018<\/a><\/p><\/blockquote>\n<p><script async src=\"https:\/\/platform.twitter.com\/widgets.js\" charset=\"utf-8\"><\/script><\/p>\n<p>Entre las cr\u00edticas que desat\u00f3 en redes sociales, se uni\u00f3 la del actor\u00a0Luis Gerardo M\u00e9ndez, quien lamenta que una persona as\u00ed tenga que representar a M\u00e9xico en los Juegos Ol\u00edmpicos.<\/p>\n<blockquote>\n<p>\u201cEl discurso de odio y la ignorancia de Dario Larralde no pueden convivir con una fiesta que celebra la amistad, la hermandad y la inclusi\u00f3n. Cero tolerancia al discurso de odio\u201d.<\/p>\n<blockquote class=\"twitter-tweet\" data-width=\"550\" data-dnt=\"true\">\n<p lang=\"es\" dir=\"ltr\">Es inaceptable que alguien as\u00ed represente a M\u00e9xico en los <a href=\"https:\/\/twitter.com\/juegosolimpicos?ref_src=twsrc%5Etfw\">@JuegosOlimpicos<\/a>. <br \/>El discurso de odio y la ignorancia de @dario_larralde no pueden convivir con una fiesta que celebra la amistad, la hermandad y la inclusi\u00f3n. <br \/>Cero tolerancia al discurso de odio. <a href=\"https:\/\/twitter.com\/CONADE?ref_src=twsrc%5Etfw\">@CONADE<\/a> <a href=\"https:\/\/twitter.com\/CONAPRED?ref_src=twsrc%5Etfw\">@CONAPRED<\/a> <a href=\"https:\/\/t.co\/Hry62cn4F7\">https:\/\/t.co\/Hry62cn4F7<\/a><\/p>\n<p>&mdash; Luis Gerardo M\u00e9ndez (@LuisGerardoM) <a href=\"https:\/\/twitter.com\/LuisGerardoM\/status\/1071069055967088640?ref_src=twsrc%5Etfw\">December 7, 2018<\/a><\/p><\/blockquote>\n<p><script async src=\"https:\/\/platform.twitter.com\/widgets.js\" charset=\"utf-8\"><\/script><\/p>\n<p>M\u00e1s tarde,\u00a0Larralde se disculp\u00f3 con todos, pero aclar\u00f3 que es el es homof\u00f3bico y adelant\u00f3 que las 20:00 horas subir\u00e1 un video para aclarar el \u201cdrama que se caus\u00f3\u201d.<\/p>\n<blockquote>\n<p>\u201cSoy homofobico y la verdad no hay mucho que pueda hacer sobre eso, as\u00ed soy. Me nace ser as\u00ed. Lo que dije estuvo mal y le debo una disculpa a todos. As\u00ed que perd\u00f3n si lastim\u00e9 a alguien. Pero es mi opini\u00f3n.\u00a0Hoy har\u00e9 una disculpa por video a las 8pm. Por favor denle rt. Es demasiado drama el que se caus\u00f3 y quiero explicar la situaci\u00f3n. No quiero pol\u00e9mica o atenci\u00f3n, no lo hago solo por mi carrera, no lo hago por hacerlo. De verdad me arrepiento. Por favor est\u00e9n al tanto (sic.)\u201d, escribi\u00f3.<\/p>\n<p>https:\/\/twitter.com\/dario_larralde\/status\/1070961832465035264?s=21<\/p>\n<p dir=\"ltr\" lang=\"es\">Hoy hare una disculpa por video a las 8pm. Porfavor denle rt. Es demasiado drama el que se causo y quiero explicar la situacion. No quiero polemica o atencion, no lo hago solo por mi carrera, no lo hago por hacerlo. De verdad me arrepiento. Porfavor esten al tanto. <a href=\"https:\/\/twitter.com\/hashtag\/sorry?src=hash&amp;ref_src=twsrc%5Etfw\">#sorry<\/a><\/p>\n<p>\u2014 Dario Larralde (@dario_larralde) <a href=\"https:\/\/twitter.com\/dario_larralde\/status\/1071111915739340802?ref_src=twsrc%5Etfw\">7 de diciembre de 2018<\/a><\/p>\n<\/blockquote>\n<\/blockquote>\n<\/blockquote>\n","protected":false},"excerpt":{"rendered":"<p>\u201cLos gays son una plaga\u201d, dice el boxeador Dar\u00edo Larralde; se disculpa, pero insiste: \u201csoy homof\u00f3bico\u201d<br \/>\nPor Redacci\u00f3n QP<\/p>\n","protected":false},"author":2,"featured_media":11230,"comment_status":"open","ping_status":"open","sticky":false,"template":"","format":"standard","meta":{"_monsterinsights_skip_tracking":false,"_monsterinsights_sitenote_active":false,"_monsterinsights_sitenote_note":"","_monsterinsights_sitenote_category":0,"footnotes":""},"categories":[54],"tags":[],"class_list":["post-11231","post","type-post","status-publish","format-standard","has-post-thumbnail","hentry","category-deportes"],"yoast_head":"<!-- This site is optimized with the Yoast SEO plugin v27.3 - https:\/\/yoast.com\/product\/yoast-seo-wordpress\/ -->\n<title>\u201cLos gays son una plaga\u201d, dice el boxeador Dar\u00edo Larralde; se disculpa, pero insiste: \u201csoy homof\u00f3bico\u201d -<\/title>\n<meta name=\"robots\" content=\"index, follow, max-snippet:-1, max-image-preview:large, max-video-preview:-1\" \/>\n<link rel=\"canonical\" href=\"https:\/\/quehacerpolitico.mx\/?p=11231\" \/>\n<meta property=\"og:locale\" content=\"es_MX\" \/>\n<meta property=\"og:type\" content=\"article\" \/>\n<meta property=\"og:title\" content=\"\u201cLos gays son una plaga\u201d, dice el boxeador Dar\u00edo Larralde; se disculpa, pero insiste: \u201csoy homof\u00f3bico\u201d -\" \/>\n<meta property=\"og:description\" content=\"\u201cLos gays son una plaga\u201d, dice el boxeador Dar\u00edo Larralde; se disculpa, pero insiste: \u201csoy homof\u00f3bico\u201d Por Redacci\u00f3n QP\" \/>\n<meta property=\"og:url\" content=\"https:\/\/quehacerpolitico.mx\/?p=11231\" \/>\n<meta property=\"article:published_time\" content=\"2018-12-08T03:26:47+00:00\" \/>\n<meta name=\"author\" content=\"Redacci\u00f3n QP\" \/>\n<meta name=\"twitter:card\" content=\"summary_large_image\" \/>\n<meta name=\"twitter:label1\" content=\"Escrito por\" \/>\n\t<meta name=\"twitter:data1\" content=\"Redacci\u00f3n QP\" \/>\n\t<meta name=\"twitter:label2\" content=\"Tiempo de lectura\" \/>\n\t<meta name=\"twitter:data2\" content=\"2 minutos\" \/>\n<script type=\"application\/ld+json\" class=\"yoast-schema-graph\">{\"@context\":\"https:\\\/\\\/schema.org\",\"@graph\":[{\"@type\":\"Article\",\"@id\":\"https:\\\/\\\/quehacerpolitico.mx\\\/?p=11231#article\",\"isPartOf\":{\"@id\":\"https:\\\/\\\/quehacerpolitico.mx\\\/?p=11231\"},\"author\":{\"name\":\"Redacci\u00f3n QP\",\"@id\":\"https:\\\/\\\/quehacerpolitico.mx\\\/#\\\/schema\\\/person\\\/496d8ad2d1d3f8036101dca7ee39e585\"},\"headline\":\"\u201cLos gays son una plaga\u201d, dice el boxeador Dar\u00edo Larralde; se disculpa, pero insiste: \u201csoy homof\u00f3bico\u201d\",\"datePublished\":\"2018-12-08T03:26:47+00:00\",\"mainEntityOfPage\":{\"@id\":\"https:\\\/\\\/quehacerpolitico.mx\\\/?p=11231\"},\"wordCount\":463,\"commentCount\":0,\"image\":{\"@id\":\"https:\\\/\\\/quehacerpolitico.mx\\\/?p=11231#primaryimage\"},\"thumbnailUrl\":\"\",\"articleSection\":[\"Deportes\"],\"inLanguage\":\"es\",\"potentialAction\":[{\"@type\":\"CommentAction\",\"name\":\"Comment\",\"target\":[\"https:\\\/\\\/quehacerpolitico.mx\\\/?p=11231#respond\"]}]},{\"@type\":\"WebPage\",\"@id\":\"https:\\\/\\\/quehacerpolitico.mx\\\/?p=11231\",\"url\":\"https:\\\/\\\/quehacerpolitico.mx\\\/?p=11231\",\"name\":\"\u201cLos gays son una plaga\u201d, dice el boxeador Dar\u00edo Larralde; se disculpa, pero insiste: \u201csoy homof\u00f3bico\u201d -\",\"isPartOf\":{\"@id\":\"https:\\\/\\\/quehacerpolitico.mx\\\/#website\"},\"primaryImageOfPage\":{\"@id\":\"https:\\\/\\\/quehacerpolitico.mx\\\/?p=11231#primaryimage\"},\"image\":{\"@id\":\"https:\\\/\\\/quehacerpolitico.mx\\\/?p=11231#primaryimage\"},\"thumbnailUrl\":\"\",\"datePublished\":\"2018-12-08T03:26:47+00:00\",\"author\":{\"@id\":\"https:\\\/\\\/quehacerpolitico.mx\\\/#\\\/schema\\\/person\\\/496d8ad2d1d3f8036101dca7ee39e585\"},\"breadcrumb\":{\"@id\":\"https:\\\/\\\/quehacerpolitico.mx\\\/?p=11231#breadcrumb\"},\"inLanguage\":\"es\",\"potentialAction\":[{\"@type\":\"ReadAction\",\"target\":[\"https:\\\/\\\/quehacerpolitico.mx\\\/?p=11231\"]}]},{\"@type\":\"ImageObject\",\"inLanguage\":\"es\",\"@id\":\"https:\\\/\\\/quehacerpolitico.mx\\\/?p=11231#primaryimage\",\"url\":\"\",\"contentUrl\":\"\"},{\"@type\":\"BreadcrumbList\",\"@id\":\"https:\\\/\\\/quehacerpolitico.mx\\\/?p=11231#breadcrumb\",\"itemListElement\":[{\"@type\":\"ListItem\",\"position\":1,\"name\":\"Inicio\",\"item\":\"https:\\\/\\\/quehacerpolitico.mx\\\/\"},{\"@type\":\"ListItem\",\"position\":2,\"name\":\"\u201cLos gays son una plaga\u201d, dice el boxeador Dar\u00edo Larralde; se disculpa, pero insiste: \u201csoy homof\u00f3bico\u201d\"}]},{\"@type\":\"WebSite\",\"@id\":\"https:\\\/\\\/quehacerpolitico.mx\\\/#website\",\"url\":\"https:\\\/\\\/quehacerpolitico.mx\\\/\",\"name\":\"\",\"description\":\"\",\"potentialAction\":[{\"@type\":\"SearchAction\",\"target\":{\"@type\":\"EntryPoint\",\"urlTemplate\":\"https:\\\/\\\/quehacerpolitico.mx\\\/?s={search_term_string}\"},\"query-input\":{\"@type\":\"PropertyValueSpecification\",\"valueRequired\":true,\"valueName\":\"search_term_string\"}}],\"inLanguage\":\"es\"},{\"@type\":\"Person\",\"@id\":\"https:\\\/\\\/quehacerpolitico.mx\\\/#\\\/schema\\\/person\\\/496d8ad2d1d3f8036101dca7ee39e585\",\"name\":\"Redacci\u00f3n QP\",\"image\":{\"@type\":\"ImageObject\",\"inLanguage\":\"es\",\"@id\":\"https:\\\/\\\/secure.gravatar.com\\\/avatar\\\/c7164ed6fdec453195284ad24a5ae5b6e1eed2b848477fa2a4787ba9adf39a41?s=96&d=mm&r=g\",\"url\":\"https:\\\/\\\/secure.gravatar.com\\\/avatar\\\/c7164ed6fdec453195284ad24a5ae5b6e1eed2b848477fa2a4787ba9adf39a41?s=96&d=mm&r=g\",\"contentUrl\":\"https:\\\/\\\/secure.gravatar.com\\\/avatar\\\/c7164ed6fdec453195284ad24a5ae5b6e1eed2b848477fa2a4787ba9adf39a41?s=96&d=mm&r=g\",\"caption\":\"Redacci\u00f3n QP\"},\"url\":\"https:\\\/\\\/quehacerpolitico.mx\\\/?author=2\"}]}<\/script>\n<!-- \/ Yoast SEO plugin. -->","yoast_head_json":{"title":"\u201cLos gays son una plaga\u201d, dice el boxeador Dar\u00edo Larralde; se disculpa, pero insiste: \u201csoy homof\u00f3bico\u201d -","robots":{"index":"index","follow":"follow","max-snippet":"max-snippet:-1","max-image-preview":"max-image-preview:large","max-video-preview":"max-video-preview:-1"},"canonical":"https:\/\/quehacerpolitico.mx\/?p=11231","og_locale":"es_MX","og_type":"article","og_title":"\u201cLos gays son una plaga\u201d, dice el boxeador Dar\u00edo Larralde; se disculpa, pero insiste: \u201csoy homof\u00f3bico\u201d -","og_description":"\u201cLos gays son una plaga\u201d, dice el boxeador Dar\u00edo Larralde; se disculpa, pero insiste: \u201csoy homof\u00f3bico\u201d Por Redacci\u00f3n QP","og_url":"https:\/\/quehacerpolitico.mx\/?p=11231","article_published_time":"2018-12-08T03:26:47+00:00","author":"Redacci\u00f3n QP","twitter_card":"summary_large_image","twitter_misc":{"Escrito por":"Redacci\u00f3n QP","Tiempo de lectura":"2 minutos"},"schema":{"@context":"https:\/\/schema.org","@graph":[{"@type":"Article","@id":"https:\/\/quehacerpolitico.mx\/?p=11231#article","isPartOf":{"@id":"https:\/\/quehacerpolitico.mx\/?p=11231"},"author":{"name":"Redacci\u00f3n QP","@id":"https:\/\/quehacerpolitico.mx\/#\/schema\/person\/496d8ad2d1d3f8036101dca7ee39e585"},"headline":"\u201cLos gays son una plaga\u201d, dice el boxeador Dar\u00edo Larralde; se disculpa, pero insiste: \u201csoy homof\u00f3bico\u201d","datePublished":"2018-12-08T03:26:47+00:00","mainEntityOfPage":{"@id":"https:\/\/quehacerpolitico.mx\/?p=11231"},"wordCount":463,"commentCount":0,"image":{"@id":"https:\/\/quehacerpolitico.mx\/?p=11231#primaryimage"},"thumbnailUrl":"","articleSection":["Deportes"],"inLanguage":"es","potentialAction":[{"@type":"CommentAction","name":"Comment","target":["https:\/\/quehacerpolitico.mx\/?p=11231#respond"]}]},{"@type":"WebPage","@id":"https:\/\/quehacerpolitico.mx\/?p=11231","url":"https:\/\/quehacerpolitico.mx\/?p=11231","name":"\u201cLos gays son una plaga\u201d, dice el boxeador Dar\u00edo Larralde; se disculpa, pero insiste: \u201csoy homof\u00f3bico\u201d -","isPartOf":{"@id":"https:\/\/quehacerpolitico.mx\/#website"},"primaryImageOfPage":{"@id":"https:\/\/quehacerpolitico.mx\/?p=11231#primaryimage"},"image":{"@id":"https:\/\/quehacerpolitico.mx\/?p=11231#primaryimage"},"thumbnailUrl":"","datePublished":"2018-12-08T03:26:47+00:00","author":{"@id":"https:\/\/quehacerpolitico.mx\/#\/schema\/person\/496d8ad2d1d3f8036101dca7ee39e585"},"breadcrumb":{"@id":"https:\/\/quehacerpolitico.mx\/?p=11231#breadcrumb"},"inLanguage":"es","potentialAction":[{"@type":"ReadAction","target":["https:\/\/quehacerpolitico.mx\/?p=11231"]}]},{"@type":"ImageObject","inLanguage":"es","@id":"https:\/\/quehacerpolitico.mx\/?p=11231#primaryimage","url":"","contentUrl":""},{"@type":"BreadcrumbList","@id":"https:\/\/quehacerpolitico.mx\/?p=11231#breadcrumb","itemListElement":[{"@type":"ListItem","position":1,"name":"Inicio","item":"https:\/\/quehacerpolitico.mx\/"},{"@type":"ListItem","position":2,"name":"\u201cLos gays son una plaga\u201d, dice el boxeador Dar\u00edo Larralde; se disculpa, pero insiste: \u201csoy homof\u00f3bico\u201d"}]},{"@type":"WebSite","@id":"https:\/\/quehacerpolitico.mx\/#website","url":"https:\/\/quehacerpolitico.mx\/","name":"","description":"","potentialAction":[{"@type":"SearchAction","target":{"@type":"EntryPoint","urlTemplate":"https:\/\/quehacerpolitico.mx\/?s={search_term_string}"},"query-input":{"@type":"PropertyValueSpecification","valueRequired":true,"valueName":"search_term_string"}}],"inLanguage":"es"},{"@type":"Person","@id":"https:\/\/quehacerpolitico.mx\/#\/schema\/person\/496d8ad2d1d3f8036101dca7ee39e585","name":"Redacci\u00f3n QP","image":{"@type":"ImageObject","inLanguage":"es","@id":"https:\/\/secure.gravatar.com\/avatar\/c7164ed6fdec453195284ad24a5ae5b6e1eed2b848477fa2a4787ba9adf39a41?s=96&d=mm&r=g","url":"https:\/\/secure.gravatar.com\/avatar\/c7164ed6fdec453195284ad24a5ae5b6e1eed2b848477fa2a4787ba9adf39a41?s=96&d=mm&r=g","contentUrl":"https:\/\/secure.gravatar.com\/avatar\/c7164ed6fdec453195284ad24a5ae5b6e1eed2b848477fa2a4787ba9adf39a41?s=96&d=mm&r=g","caption":"Redacci\u00f3n QP"},"url":"https:\/\/quehacerpolitico.mx\/?author=2"}]}},"featured_image_urls":{"full":"","thumbnail":"","medium":"","medium_large":"","large":"","1536x1536":"","2048x2048":"","covernews-featured":"","covernews-medium":""},"author_info":{"display_name":"Redacci\u00f3n QP","author_link":"https:\/\/quehacerpolitico.mx\/?author=2"},"category_info":"<a href=\"https:\/\/quehacerpolitico.mx\/?cat=54\" rel=\"category\">Deportes<\/a>","tag_info":"Deportes","comment_count":"0","_links":{"self":[{"href":"https:\/\/quehacerpolitico.mx\/index.php?rest_route=\/wp\/v2\/posts\/11231","targetHints":{"allow":["GET"]}}],"collection":[{"href":"https:\/\/quehacerpolitico.mx\/index.php?rest_route=\/wp\/v2\/posts"}],"about":[{"href":"https:\/\/quehacerpolitico.mx\/index.php?rest_route=\/wp\/v2\/types\/post"}],"author":[{"embeddable":true,"href":"https:\/\/quehacerpolitico.mx\/index.php?rest_route=\/wp\/v2\/users\/2"}],"replies":[{"embeddable":true,"href":"https:\/\/quehacerpolitico.mx\/index.php?rest_route=%2Fwp%2Fv2%2Fcomments&post=11231"}],"version-history":[{"count":0,"href":"https:\/\/quehacerpolitico.mx\/index.php?rest_route=\/wp\/v2\/posts\/11231\/revisions"}],"wp:featuredmedia":[{"embeddable":true,"href":"https:\/\/quehacerpolitico.mx\/index.php?rest_route=\/"}],"wp:attachment":[{"href":"https:\/\/quehacerpolitico.mx\/index.php?rest_route=%2Fwp%2Fv2%2Fmedia&parent=11231"}],"wp:term":[{"taxonomy":"category","embeddable":true,"href":"https:\/\/quehacerpolitico.mx\/index.php?rest_route=%2Fwp%2Fv2%2Fcategories&post=11231"},{"taxonomy":"post_tag","embeddable":true,"href":"https:\/\/quehacerpolitico.mx\/index.php?rest_route=%2Fwp%2Fv2%2Ftags&post=11231"}],"curies":[{"name":"wp","href":"https:\/\/api.w.org\/{rel}","templated":true}]}}