{"id":112285,"date":"2024-08-29T15:44:50","date_gmt":"2024-08-29T15:44:50","guid":{"rendered":"https:\/\/quehacerpolitico.mx\/?p=112285"},"modified":"2024-08-29T15:44:53","modified_gmt":"2024-08-29T15:44:53","slug":"amlo-senala-que-los-estudiantes-de-derecho-de-la-unam-son-enganados-por-los-maestros-luego-de-que-ayer-se-manifestaron-en-contra-de-la-reforma-al-poder-judicial","status":"publish","type":"post","link":"https:\/\/quehacerpolitico.mx\/?p=112285","title":{"rendered":"AMLO se\u00f1ala que los estudiantes de Derecho de la UNAM son enga\u00f1ados por los maestros, luego de que ayer se manifestaron en contra de la reforma al Poder Judicial"},"content":{"rendered":"\n<p>Por Redacci\u00f3n QP<\/p>\n\n\n\n<p>El mandatario afirm\u00f3 que a los universitarios les falta informarse sobre los cambios planteados en la reforma que impulsa su gobierno, pues asegur\u00f3 que esta busca combatir la corrupci\u00f3n<\/p>\n\n\n\n<p>El presidente<strong>&nbsp;Andr\u00e9s Manuel L\u00f3pez Obrador<\/strong>&nbsp;reaccion\u00f3 este jueves a la marcha multitudinaria de estudiantes de la Facultad de Derecho de la Universidad Nacional Aut\u00f3noma de M\u00e9xico en contra de la reforma judicial.&nbsp;<\/p>\n\n\n\n<p>En su conferencia matutina de este jueves, el mandatario afirm\u00f3 que a los j\u00f3venes les falta informarse sobre los cambios planteados en la reforma que impulsa,\u00a0pues asegur\u00f3 que esta busca combatir la corrupci\u00f3n.<\/p>\n\n\n\n<figure class=\"wp-block-embed is-type-rich is-provider-twitter wp-block-embed-twitter\"><div class=\"wp-block-embed__wrapper\">\n<blockquote class=\"twitter-tweet\" data-width=\"550\" data-dnt=\"true\"><p lang=\"es\" dir=\"ltr\">. <a href=\"https:\/\/twitter.com\/lopezobrador_?ref_src=twsrc%5Etfw\">@lopezobrador_<\/a> se\u00f1ala que los estudiantes de Derecho de la UNAM son enga\u00f1ados por los maestros, luego de que ayer se manifestaron en contra de la reforma al Poder Judicial. <a href=\"https:\/\/t.co\/rB0DQvYiVm\">pic.twitter.com\/rB0DQvYiVm<\/a><\/p>&mdash; Ruido en la Red (@RuidoEnLaRed) <a href=\"https:\/\/twitter.com\/RuidoEnLaRed\/status\/1829167175342665748?ref_src=twsrc%5Etfw\">August 29, 2024<\/a><\/blockquote><script async src=\"https:\/\/platform.twitter.com\/widgets.js\" charset=\"utf-8\"><\/script>\n<\/div><\/figure>\n\n\n\n<p>\u201cHay manifestaciones de j\u00f3venes de Derecho de la UNAM y quiero decirles, porque tienen ellos maestros que seguramente les est\u00e1n diciendo que es injusto e ilegal llevar a cabo una reforma al Poder Judicial o antidemocr\u00e1tica, los est\u00e1n enga\u00f1ando\u201d, afirm\u00f3.<\/p>\n\n\n\n<p>El presidente acus\u00f3 que desde su egreso como estudiante han habido&nbsp;cambios en detrimento en la UNAM: &#8220;lamento lo que ha sucedido en el periodo neoliberal, destruyeron mi alma mater&#8221;.&nbsp;<\/p>\n\n\n\n<p>Un grupo de j\u00f3venes march\u00f3 este jueves desde la Facultad de Derecho en Ciudad Universitaria hasta el edificio del Consejo de la Judicatura, ubicado en la avenida Insurgentes.&nbsp;<\/p>\n\n\n\n<p>La concentraci\u00f3n comenz\u00f3 a las 12:30 del mediod\u00eda en&nbsp;Ciudad Universitaria, con el objetivo de defender al Estado de derecho; los estudiantes de la&nbsp;UNAM&nbsp;invitaron a los alumnos de la licenciatura en Derecho de la Universidad Panamericana (UP) y Universidad Iberoamericana (Ibero) a sumarse a la protesta.&nbsp;<\/p>\n\n\n\n<p>Con banderas, lonas y pancartas, los universitarios expresaron su descontento con la iniciativa incluida en el paquete de reformas del Plan C, &#8220;UNAM-CFJ \u00a1Unidos!&#8221; &#8220;\u00a1El pueblo se informa,&nbsp;no pasa la reforma!&#8221;.<\/p>\n","protected":false},"excerpt":{"rendered":"<p>Por Redacci\u00f3n QP El mandatario afirm\u00f3 que a los universitarios les falta informarse sobre los&#8230;<\/p>\n","protected":false},"author":2,"featured_media":112286,"comment_status":"open","ping_status":"open","sticky":false,"template":"","format":"standard","meta":{"_monsterinsights_skip_tracking":false,"_monsterinsights_sitenote_active":false,"_monsterinsights_sitenote_note":"","_monsterinsights_sitenote_category":0,"footnotes":""},"categories":[2],"tags":[],"class_list":["post-112285","post","type-post","status-publish","format-standard","has-post-thumbnail","hentry","category-noticias"],"yoast_head":"<!-- This site is optimized with the Yoast SEO plugin v27.3 - https:\/\/yoast.com\/product\/yoast-seo-wordpress\/ -->\n<title>AMLO se\u00f1ala que los estudiantes de Derecho de la UNAM son enga\u00f1ados por los maestros, luego de que ayer se manifestaron en contra de la reforma al Poder Judicial -<\/title>\n<meta name=\"robots\" content=\"index, follow, max-snippet:-1, max-image-preview:large, max-video-preview:-1\" \/>\n<link rel=\"canonical\" href=\"https:\/\/quehacerpolitico.mx\/?p=112285\" \/>\n<meta property=\"og:locale\" content=\"es_MX\" \/>\n<meta property=\"og:type\" content=\"article\" \/>\n<meta property=\"og:title\" content=\"AMLO se\u00f1ala que los estudiantes de Derecho de la UNAM son enga\u00f1ados por los maestros, luego de que ayer se manifestaron en contra de la reforma al Poder Judicial -\" \/>\n<meta property=\"og:description\" content=\"Por Redacci\u00f3n QP El mandatario afirm\u00f3 que a los universitarios les falta informarse sobre los...\" \/>\n<meta property=\"og:url\" content=\"https:\/\/quehacerpolitico.mx\/?p=112285\" \/>\n<meta property=\"article:published_time\" content=\"2024-08-29T15:44:50+00:00\" \/>\n<meta property=\"article:modified_time\" content=\"2024-08-29T15:44:53+00:00\" \/>\n<meta property=\"og:image\" content=\"https:\/\/quehacerpolitico.mx\/wp-content\/uploads\/2024\/08\/IMG_7796.jpeg\" \/>\n\t<meta property=\"og:image:width\" content=\"1284\" \/>\n\t<meta property=\"og:image:height\" content=\"713\" \/>\n\t<meta property=\"og:image:type\" content=\"image\/jpeg\" \/>\n<meta name=\"author\" content=\"Redacci\u00f3n QP\" \/>\n<meta name=\"twitter:card\" content=\"summary_large_image\" \/>\n<meta name=\"twitter:label1\" content=\"Escrito por\" \/>\n\t<meta name=\"twitter:data1\" content=\"Redacci\u00f3n QP\" \/>\n\t<meta name=\"twitter:label2\" content=\"Tiempo de lectura\" \/>\n\t<meta name=\"twitter:data2\" content=\"2 minutos\" \/>\n<script type=\"application\/ld+json\" class=\"yoast-schema-graph\">{\"@context\":\"https:\\\/\\\/schema.org\",\"@graph\":[{\"@type\":\"Article\",\"@id\":\"https:\\\/\\\/quehacerpolitico.mx\\\/?p=112285#article\",\"isPartOf\":{\"@id\":\"https:\\\/\\\/quehacerpolitico.mx\\\/?p=112285\"},\"author\":{\"name\":\"Redacci\u00f3n QP\",\"@id\":\"https:\\\/\\\/quehacerpolitico.mx\\\/#\\\/schema\\\/person\\\/496d8ad2d1d3f8036101dca7ee39e585\"},\"headline\":\"AMLO se\u00f1ala que los estudiantes de Derecho de la UNAM son enga\u00f1ados por los maestros, luego de que ayer se manifestaron en contra de la reforma al Poder Judicial\",\"datePublished\":\"2024-08-29T15:44:50+00:00\",\"dateModified\":\"2024-08-29T15:44:53+00:00\",\"mainEntityOfPage\":{\"@id\":\"https:\\\/\\\/quehacerpolitico.mx\\\/?p=112285\"},\"wordCount\":345,\"commentCount\":0,\"image\":{\"@id\":\"https:\\\/\\\/quehacerpolitico.mx\\\/?p=112285#primaryimage\"},\"thumbnailUrl\":\"https:\\\/\\\/quehacerpolitico.mx\\\/wp-content\\\/uploads\\\/2024\\\/08\\\/IMG_7796.jpeg\",\"articleSection\":[\"Noticias\"],\"inLanguage\":\"es\",\"potentialAction\":[{\"@type\":\"CommentAction\",\"name\":\"Comment\",\"target\":[\"https:\\\/\\\/quehacerpolitico.mx\\\/?p=112285#respond\"]}]},{\"@type\":\"WebPage\",\"@id\":\"https:\\\/\\\/quehacerpolitico.mx\\\/?p=112285\",\"url\":\"https:\\\/\\\/quehacerpolitico.mx\\\/?p=112285\",\"name\":\"AMLO se\u00f1ala que los estudiantes de Derecho de la UNAM son enga\u00f1ados por los maestros, luego de que ayer se manifestaron en contra de la reforma al Poder Judicial -\",\"isPartOf\":{\"@id\":\"https:\\\/\\\/quehacerpolitico.mx\\\/#website\"},\"primaryImageOfPage\":{\"@id\":\"https:\\\/\\\/quehacerpolitico.mx\\\/?p=112285#primaryimage\"},\"image\":{\"@id\":\"https:\\\/\\\/quehacerpolitico.mx\\\/?p=112285#primaryimage\"},\"thumbnailUrl\":\"https:\\\/\\\/quehacerpolitico.mx\\\/wp-content\\\/uploads\\\/2024\\\/08\\\/IMG_7796.jpeg\",\"datePublished\":\"2024-08-29T15:44:50+00:00\",\"dateModified\":\"2024-08-29T15:44:53+00:00\",\"author\":{\"@id\":\"https:\\\/\\\/quehacerpolitico.mx\\\/#\\\/schema\\\/person\\\/496d8ad2d1d3f8036101dca7ee39e585\"},\"breadcrumb\":{\"@id\":\"https:\\\/\\\/quehacerpolitico.mx\\\/?p=112285#breadcrumb\"},\"inLanguage\":\"es\",\"potentialAction\":[{\"@type\":\"ReadAction\",\"target\":[\"https:\\\/\\\/quehacerpolitico.mx\\\/?p=112285\"]}]},{\"@type\":\"ImageObject\",\"inLanguage\":\"es\",\"@id\":\"https:\\\/\\\/quehacerpolitico.mx\\\/?p=112285#primaryimage\",\"url\":\"https:\\\/\\\/quehacerpolitico.mx\\\/wp-content\\\/uploads\\\/2024\\\/08\\\/IMG_7796.jpeg\",\"contentUrl\":\"https:\\\/\\\/quehacerpolitico.mx\\\/wp-content\\\/uploads\\\/2024\\\/08\\\/IMG_7796.jpeg\",\"width\":1284,\"height\":713,\"caption\":\"Screenshot\"},{\"@type\":\"BreadcrumbList\",\"@id\":\"https:\\\/\\\/quehacerpolitico.mx\\\/?p=112285#breadcrumb\",\"itemListElement\":[{\"@type\":\"ListItem\",\"position\":1,\"name\":\"Inicio\",\"item\":\"https:\\\/\\\/quehacerpolitico.mx\\\/\"},{\"@type\":\"ListItem\",\"position\":2,\"name\":\"AMLO se\u00f1ala que los estudiantes de Derecho de la UNAM son enga\u00f1ados por los maestros, luego de que ayer se manifestaron en contra de la reforma al Poder Judicial\"}]},{\"@type\":\"WebSite\",\"@id\":\"https:\\\/\\\/quehacerpolitico.mx\\\/#website\",\"url\":\"https:\\\/\\\/quehacerpolitico.mx\\\/\",\"name\":\"\",\"description\":\"\",\"potentialAction\":[{\"@type\":\"SearchAction\",\"target\":{\"@type\":\"EntryPoint\",\"urlTemplate\":\"https:\\\/\\\/quehacerpolitico.mx\\\/?s={search_term_string}\"},\"query-input\":{\"@type\":\"PropertyValueSpecification\",\"valueRequired\":true,\"valueName\":\"search_term_string\"}}],\"inLanguage\":\"es\"},{\"@type\":\"Person\",\"@id\":\"https:\\\/\\\/quehacerpolitico.mx\\\/#\\\/schema\\\/person\\\/496d8ad2d1d3f8036101dca7ee39e585\",\"name\":\"Redacci\u00f3n QP\",\"image\":{\"@type\":\"ImageObject\",\"inLanguage\":\"es\",\"@id\":\"https:\\\/\\\/secure.gravatar.com\\\/avatar\\\/c7164ed6fdec453195284ad24a5ae5b6e1eed2b848477fa2a4787ba9adf39a41?s=96&d=mm&r=g\",\"url\":\"https:\\\/\\\/secure.gravatar.com\\\/avatar\\\/c7164ed6fdec453195284ad24a5ae5b6e1eed2b848477fa2a4787ba9adf39a41?s=96&d=mm&r=g\",\"contentUrl\":\"https:\\\/\\\/secure.gravatar.com\\\/avatar\\\/c7164ed6fdec453195284ad24a5ae5b6e1eed2b848477fa2a4787ba9adf39a41?s=96&d=mm&r=g\",\"caption\":\"Redacci\u00f3n QP\"},\"url\":\"https:\\\/\\\/quehacerpolitico.mx\\\/?author=2\"}]}<\/script>\n<!-- \/ Yoast SEO plugin. -->","yoast_head_json":{"title":"AMLO se\u00f1ala que los estudiantes de Derecho de la UNAM son enga\u00f1ados por los maestros, luego de que ayer se manifestaron en contra de la reforma al Poder Judicial -","robots":{"index":"index","follow":"follow","max-snippet":"max-snippet:-1","max-image-preview":"max-image-preview:large","max-video-preview":"max-video-preview:-1"},"canonical":"https:\/\/quehacerpolitico.mx\/?p=112285","og_locale":"es_MX","og_type":"article","og_title":"AMLO se\u00f1ala que los estudiantes de Derecho de la UNAM son enga\u00f1ados por los maestros, luego de que ayer se manifestaron en contra de la reforma al Poder Judicial -","og_description":"Por Redacci\u00f3n QP El mandatario afirm\u00f3 que a los universitarios les falta informarse sobre los...","og_url":"https:\/\/quehacerpolitico.mx\/?p=112285","article_published_time":"2024-08-29T15:44:50+00:00","article_modified_time":"2024-08-29T15:44:53+00:00","og_image":[{"width":1284,"height":713,"url":"https:\/\/quehacerpolitico.mx\/wp-content\/uploads\/2024\/08\/IMG_7796.jpeg","type":"image\/jpeg"}],"author":"Redacci\u00f3n QP","twitter_card":"summary_large_image","twitter_misc":{"Escrito por":"Redacci\u00f3n QP","Tiempo de lectura":"2 minutos"},"schema":{"@context":"https:\/\/schema.org","@graph":[{"@type":"Article","@id":"https:\/\/quehacerpolitico.mx\/?p=112285#article","isPartOf":{"@id":"https:\/\/quehacerpolitico.mx\/?p=112285"},"author":{"name":"Redacci\u00f3n QP","@id":"https:\/\/quehacerpolitico.mx\/#\/schema\/person\/496d8ad2d1d3f8036101dca7ee39e585"},"headline":"AMLO se\u00f1ala que los estudiantes de Derecho de la UNAM son enga\u00f1ados por los maestros, luego de que ayer se manifestaron en contra de la reforma al Poder Judicial","datePublished":"2024-08-29T15:44:50+00:00","dateModified":"2024-08-29T15:44:53+00:00","mainEntityOfPage":{"@id":"https:\/\/quehacerpolitico.mx\/?p=112285"},"wordCount":345,"commentCount":0,"image":{"@id":"https:\/\/quehacerpolitico.mx\/?p=112285#primaryimage"},"thumbnailUrl":"https:\/\/quehacerpolitico.mx\/wp-content\/uploads\/2024\/08\/IMG_7796.jpeg","articleSection":["Noticias"],"inLanguage":"es","potentialAction":[{"@type":"CommentAction","name":"Comment","target":["https:\/\/quehacerpolitico.mx\/?p=112285#respond"]}]},{"@type":"WebPage","@id":"https:\/\/quehacerpolitico.mx\/?p=112285","url":"https:\/\/quehacerpolitico.mx\/?p=112285","name":"AMLO se\u00f1ala que los estudiantes de Derecho de la UNAM son enga\u00f1ados por los maestros, luego de que ayer se manifestaron en contra de la reforma al Poder Judicial -","isPartOf":{"@id":"https:\/\/quehacerpolitico.mx\/#website"},"primaryImageOfPage":{"@id":"https:\/\/quehacerpolitico.mx\/?p=112285#primaryimage"},"image":{"@id":"https:\/\/quehacerpolitico.mx\/?p=112285#primaryimage"},"thumbnailUrl":"https:\/\/quehacerpolitico.mx\/wp-content\/uploads\/2024\/08\/IMG_7796.jpeg","datePublished":"2024-08-29T15:44:50+00:00","dateModified":"2024-08-29T15:44:53+00:00","author":{"@id":"https:\/\/quehacerpolitico.mx\/#\/schema\/person\/496d8ad2d1d3f8036101dca7ee39e585"},"breadcrumb":{"@id":"https:\/\/quehacerpolitico.mx\/?p=112285#breadcrumb"},"inLanguage":"es","potentialAction":[{"@type":"ReadAction","target":["https:\/\/quehacerpolitico.mx\/?p=112285"]}]},{"@type":"ImageObject","inLanguage":"es","@id":"https:\/\/quehacerpolitico.mx\/?p=112285#primaryimage","url":"https:\/\/quehacerpolitico.mx\/wp-content\/uploads\/2024\/08\/IMG_7796.jpeg","contentUrl":"https:\/\/quehacerpolitico.mx\/wp-content\/uploads\/2024\/08\/IMG_7796.jpeg","width":1284,"height":713,"caption":"Screenshot"},{"@type":"BreadcrumbList","@id":"https:\/\/quehacerpolitico.mx\/?p=112285#breadcrumb","itemListElement":[{"@type":"ListItem","position":1,"name":"Inicio","item":"https:\/\/quehacerpolitico.mx\/"},{"@type":"ListItem","position":2,"name":"AMLO se\u00f1ala que los estudiantes de Derecho de la UNAM son enga\u00f1ados por los maestros, luego de que ayer se manifestaron en contra de la reforma al Poder Judicial"}]},{"@type":"WebSite","@id":"https:\/\/quehacerpolitico.mx\/#website","url":"https:\/\/quehacerpolitico.mx\/","name":"","description":"","potentialAction":[{"@type":"SearchAction","target":{"@type":"EntryPoint","urlTemplate":"https:\/\/quehacerpolitico.mx\/?s={search_term_string}"},"query-input":{"@type":"PropertyValueSpecification","valueRequired":true,"valueName":"search_term_string"}}],"inLanguage":"es"},{"@type":"Person","@id":"https:\/\/quehacerpolitico.mx\/#\/schema\/person\/496d8ad2d1d3f8036101dca7ee39e585","name":"Redacci\u00f3n QP","image":{"@type":"ImageObject","inLanguage":"es","@id":"https:\/\/secure.gravatar.com\/avatar\/c7164ed6fdec453195284ad24a5ae5b6e1eed2b848477fa2a4787ba9adf39a41?s=96&d=mm&r=g","url":"https:\/\/secure.gravatar.com\/avatar\/c7164ed6fdec453195284ad24a5ae5b6e1eed2b848477fa2a4787ba9adf39a41?s=96&d=mm&r=g","contentUrl":"https:\/\/secure.gravatar.com\/avatar\/c7164ed6fdec453195284ad24a5ae5b6e1eed2b848477fa2a4787ba9adf39a41?s=96&d=mm&r=g","caption":"Redacci\u00f3n QP"},"url":"https:\/\/quehacerpolitico.mx\/?author=2"}]}},"featured_image_urls":{"full":["https:\/\/quehacerpolitico.mx\/wp-content\/uploads\/2024\/08\/IMG_7796.jpeg",1284,713,false],"thumbnail":["https:\/\/quehacerpolitico.mx\/wp-content\/uploads\/2024\/08\/IMG_7796-150x150.jpeg",150,150,true],"medium":["https:\/\/quehacerpolitico.mx\/wp-content\/uploads\/2024\/08\/IMG_7796-300x167.jpeg",300,167,true],"medium_large":["https:\/\/quehacerpolitico.mx\/wp-content\/uploads\/2024\/08\/IMG_7796-768x426.jpeg",640,355,true],"large":["https:\/\/quehacerpolitico.mx\/wp-content\/uploads\/2024\/08\/IMG_7796-1024x569.jpeg",640,356,true],"1536x1536":["https:\/\/quehacerpolitico.mx\/wp-content\/uploads\/2024\/08\/IMG_7796.jpeg",1284,713,false],"2048x2048":["https:\/\/quehacerpolitico.mx\/wp-content\/uploads\/2024\/08\/IMG_7796.jpeg",1284,713,false],"covernews-featured":["https:\/\/quehacerpolitico.mx\/wp-content\/uploads\/2024\/08\/IMG_7796.jpeg",1024,569,false],"covernews-medium":["https:\/\/quehacerpolitico.mx\/wp-content\/uploads\/2024\/08\/IMG_7796.jpeg",540,300,false]},"author_info":{"display_name":"Redacci\u00f3n QP","author_link":"https:\/\/quehacerpolitico.mx\/?author=2"},"category_info":"<a href=\"https:\/\/quehacerpolitico.mx\/?cat=2\" rel=\"category\">Noticias<\/a>","tag_info":"Noticias","comment_count":"0","_links":{"self":[{"href":"https:\/\/quehacerpolitico.mx\/index.php?rest_route=\/wp\/v2\/posts\/112285","targetHints":{"allow":["GET"]}}],"collection":[{"href":"https:\/\/quehacerpolitico.mx\/index.php?rest_route=\/wp\/v2\/posts"}],"about":[{"href":"https:\/\/quehacerpolitico.mx\/index.php?rest_route=\/wp\/v2\/types\/post"}],"author":[{"embeddable":true,"href":"https:\/\/quehacerpolitico.mx\/index.php?rest_route=\/wp\/v2\/users\/2"}],"replies":[{"embeddable":true,"href":"https:\/\/quehacerpolitico.mx\/index.php?rest_route=%2Fwp%2Fv2%2Fcomments&post=112285"}],"version-history":[{"count":1,"href":"https:\/\/quehacerpolitico.mx\/index.php?rest_route=\/wp\/v2\/posts\/112285\/revisions"}],"predecessor-version":[{"id":112287,"href":"https:\/\/quehacerpolitico.mx\/index.php?rest_route=\/wp\/v2\/posts\/112285\/revisions\/112287"}],"wp:featuredmedia":[{"embeddable":true,"href":"https:\/\/quehacerpolitico.mx\/index.php?rest_route=\/wp\/v2\/media\/112286"}],"wp:attachment":[{"href":"https:\/\/quehacerpolitico.mx\/index.php?rest_route=%2Fwp%2Fv2%2Fmedia&parent=112285"}],"wp:term":[{"taxonomy":"category","embeddable":true,"href":"https:\/\/quehacerpolitico.mx\/index.php?rest_route=%2Fwp%2Fv2%2Fcategories&post=112285"},{"taxonomy":"post_tag","embeddable":true,"href":"https:\/\/quehacerpolitico.mx\/index.php?rest_route=%2Fwp%2Fv2%2Ftags&post=112285"}],"curies":[{"name":"wp","href":"https:\/\/api.w.org\/{rel}","templated":true}]}}