{"id":112258,"date":"2024-08-28T20:41:36","date_gmt":"2024-08-28T20:41:36","guid":{"rendered":"https:\/\/quehacerpolitico.mx\/?p=112258"},"modified":"2024-08-28T20:41:38","modified_gmt":"2024-08-28T20:41:38","slug":"el-quehacer-politico-internacional-a-traves-de-la-opinion-carolina-alonso-romei-y-si-sandra-cuevas-lo-hace-se-manifiesta-pero-en-venezuela","status":"publish","type":"post","link":"https:\/\/quehacerpolitico.mx\/?p=112258","title":{"rendered":"El Quehacer Pol\u00edtico Internacional a trav\u00e9s de la opini\u00f3n\/\/\/Carolina Alonso Romei\/\/\/Y si Sandra Cuevas lo hace se manifiesta pero en Venezuela"},"content":{"rendered":"\n<p>Por Carolina Alonso Romei<\/p>\n\n\n\n<p>Internacionalista <\/p>\n\n\n\n<p>Los manifestantes se concentraron en la avenida Francisco Miranda, una de las m\u00e1s transitadas y amplias de la capital venezolana; la emecista escal\u00f3 la camioneta en la que se transportaba la opositora en medio del contingente<\/p>\n\n\n\n<p>Un mes despu\u00e9s de la elecci\u00f3n presidencial venezolana, cuestionada por cr\u00edticos locales y la comunidad internacional, la&nbsp;<strong>oposici\u00f3n<\/strong>&nbsp;convoc\u00f3 el mi\u00e9rcoles a sus seguidores a defender en las calles de Caracas su<strong>&nbsp;alegada victoria&nbsp;<\/strong>en los comicios.<\/p>\n\n\n\n<p>Los manifestantes se concentraon en la avenida&nbsp;<strong>Francisco Mirand<\/strong>a, una de las m\u00e1s transitadas y amplias de la capital venezolana, bajo el lema \u201cVenezuela y el mundo rechazan el fraude de Maduro y su r\u00e9gimen\u201d.<\/p>\n\n\n\n<p>Durante el desfile, la diputada electa mexicana,\u00a0<strong>Sandra Cuevas<\/strong>, apareci\u00f3 y salud\u00f3 a la l\u00edder opositora Mar\u00eda Corina Machado.<\/p>\n\n\n\n<figure class=\"wp-block-embed is-type-rich is-provider-twitter wp-block-embed-twitter\"><div class=\"wp-block-embed__wrapper\">\n<blockquote class=\"twitter-tweet\" data-width=\"550\" data-dnt=\"true\"><p lang=\"es\" dir=\"ltr\"><a href=\"https:\/\/twitter.com\/hashtag\/QPMX?src=hash&amp;ref_src=twsrc%5Etfw\">#QPMX<\/a> <a href=\"https:\/\/twitter.com\/hashtag\/QuehacerPolitico?src=hash&amp;ref_src=twsrc%5Etfw\">#QuehacerPolitico<\/a> <a href=\"https:\/\/twitter.com\/hashtag\/InquiriendoLaNoticia?src=hash&amp;ref_src=twsrc%5Etfw\">#InquiriendoLaNoticia<\/a> <br><br>Y si <a href=\"https:\/\/twitter.com\/SandraCuevas_?ref_src=twsrc%5Etfw\">@SandraCuevas_<\/a> lo hace se manifiesta pero en Venezuela.<br><br>En las marchas de la oposici\u00f3n contra Nicolas Maduro. Abraza y besa a <a href=\"https:\/\/twitter.com\/MariaCorinaYA?ref_src=twsrc%5Etfw\">@MariaCorinaYA<\/a> y le regala la bandera de M\u00e9xico. \ud83c\uddf2\ud83c\uddfd\ud83c\uddfb\ud83c\uddea <a href=\"https:\/\/t.co\/Vx7hFJMVcu\">pic.twitter.com\/Vx7hFJMVcu<\/a><\/p>&mdash; Quehacer Pol\u00edtico (@QueHacerPolitic) <a href=\"https:\/\/twitter.com\/QueHacerPolitic\/status\/1828890107895787602?ref_src=twsrc%5Etfw\">August 28, 2024<\/a><\/blockquote><script async src=\"https:\/\/platform.twitter.com\/widgets.js\" charset=\"utf-8\"><\/script>\n<\/div><\/figure>\n\n\n\n<p>La emecista escal\u00f3 la camioneta en la que se transportaba la opositora en medio del contingente, le dio un abrazo y dijo algunas palabras, despu\u00e9s extendieron la bandera mexicana.&nbsp;<\/p>\n\n\n\n<p>\u201cEl que se cansa, pierde. Es importante mantener vivo el esp\u00edritu del 28 de julio cuando salimos alegres para buscar un cambio\u201d, dijo a&nbsp;<em>The Associated Press<\/em>Guillermo Ram\u00edrez, un estudiante de 21 a\u00f1os que caminaba rumbo a la concentraci\u00f3n. \u201cHan hecho de todo para arrodillarnos, pero no podr\u00e1n\u201d.<\/p>\n\n\n\n<p>Desde la ma\u00f1ana, cientos de agentes policiales recorr\u00edan las calles de Caracas y se ubicaban en zonas aleda\u00f1as a la concentraci\u00f3n.<\/p>\n\n\n\n<p>Tambi\u00e9n est\u00e1n previstas manifestaciones de venezolanos en&nbsp;<strong>Chile<\/strong>&nbsp;y&nbsp;<strong>Ecuador<\/strong>.&nbsp;<\/p>\n\n\n\n<p>En la ic\u00f3nica<strong>&nbsp;Plaza de Bol\u00edvar de Bogot\u00e1<\/strong>&nbsp;un grupo de aproximadamente 30 venezolanos sostuvieron globos blancos como s\u00edmbolo de las m\u00e1s de mil 600 personas que las fuerzas de seguridad venezolanas han<strong>detenido desde las elecciones<\/strong>, seg\u00fan el organismo de derechos humanos venezolano Foro Penal.&nbsp;<\/p>\n\n\n\n<p>\u201cEstos globos significan la represi\u00f3n que Nicol\u00e1s Maduro ha desatado\u201d, dijo&nbsp;<em>a AP<\/em>Gaby Arellano, exdiputada venezolana que desde 2018 permanece en Colombia en condici\u00f3n de refugiada. \u201cQueremos&nbsp;<strong>evidenciar<\/strong>&nbsp;que lo que Nicol\u00e1s Maduro pretende con el miedo y el terror no es la verdad de lo que el pueblo venezolano clama, que es la victoria de (el candidato opositor) Edmundo Gonz\u00e1lez\u201d, agreg\u00f3.&nbsp;<\/p>\n\n\n\n<p>El oficialismo, por su parte, convoc\u00f3 a sus partidarios a&nbsp;<strong>marchar para celebrar la reelecci\u00f3n&nbsp;<\/strong>de Maduro.&nbsp;<\/p>\n\n\n\n<p>Maduro, que se postul\u00f3 en busca de un tercer mandato de seis a\u00f1os, afirma que&nbsp;<strong>gan\u00f3 la elecci\u00f3n por m\u00e1s de un mill\u00f3n de votos&nbsp;<\/strong>y su gobierno ha desafiado los pedidos de&nbsp;<strong>Estados Unidos<\/strong>, la&nbsp;<strong>Uni\u00f3n<\/strong><strong>Europea<\/strong>&nbsp;e incluso aliados de izquierda como&nbsp;<strong>Brasil<\/strong>,&nbsp;<strong>Colombia<\/strong>&nbsp;y&nbsp;<strong>M\u00e9xico<\/strong>&nbsp;para que publique las actas de votaci\u00f3n que respaldan esa afirmaci\u00f3n.&nbsp;<\/p>\n\n\n\n<p>Mientras la llamada&nbsp;<strong>Plataforma Unitaria<\/strong>, que representa a los principales partidos opositores, ha publicado en una p\u00e1gina de internet el recuento del 83.5% de las boletas emitidas por las m\u00e1quinas electorales que muestran que<strong>&nbsp;Gonz\u00e1lez gan\u00f3<\/strong>&nbsp;por un margen de m\u00e1s de 2 a 1.&nbsp;<\/p>\n\n\n\n<p>Maduro fue declarado ganador por el Consejo Nacional Electoral,&nbsp;que asegur\u00f3 que el presidente obtuvo 6.4 millones de votos frente a 5.3 millones de Gonz\u00e1lez.&nbsp;<\/p>\n\n\n\n<p>La oposici\u00f3n sostiene que las actas en su poder \u2013copias recolectadas por sus testigos en las mesas de votaci\u00f3n\u2013&nbsp;arrojan que su&nbsp;candidato alcanz\u00f3 7.3 millones de votos y Maduro 3.3 millones.&nbsp;<\/p>\n\n\n\n<p>La semana pasada el Tribunal Supremo de Justicia \u2013integrado por magistrados que formaron parte del gobierno\u2013&nbsp;<strong>certific\u00f3<\/strong>&nbsp;los resultados del organismo electoral y afirm\u00f3 que los recuentos de votos publicados por la oposici\u00f3n eran&nbsp;<strong>falsos<\/strong>.&nbsp;<\/p>\n\n\n\n<p>Tanto Gonz\u00e1lez como la l\u00edder opositora&nbsp;<strong>Mar\u00eda Carina Machado<\/strong>, quien promovi\u00f3 su candidatura tras ser inhabilitada para participar en las elecciones, se mantienen&nbsp;<strong>ocultos<\/strong>, en particular despu\u00e9s de que el 5 de agosto la Fiscal\u00eda General, controlada por el oficialismo, abri\u00f3 una&nbsp;<strong>investigaci\u00f3n penal<\/strong>&nbsp;en contra de ambos tras la petici\u00f3n que hicieron a los militares y polic\u00edas para que&nbsp;<strong>retiren su respaldo al presidente Maduro<\/strong>&nbsp;y no repriman las protestas que se desencadenaron despu\u00e9s de los comicios.&nbsp;<\/p>\n\n\n\n<p>Mientras Machado ha aparecido en las convocatorias masivas de la oposici\u00f3n,&nbsp;<strong>Gonz\u00e1lez no ha sido visto en p\u00fablico.<\/strong><\/p>\n\n\n\n<p>El Fiscal General&nbsp;<strong>Tarek Willliam Saab<\/strong>&nbsp;\u2013cercano colaborador de Maduro y exlegislador oficialista\u2013&nbsp;ha llamado a declarar a Gonz\u00e1lez en relaci\u00f3n con otra investigaci\u00f3n penal por la publicaci\u00f3n de las actas de votaci\u00f3n en la p\u00e1gina &#8220;Resultados Elecciones Presidenciales: NACIONAL&#8221;.&nbsp;<\/p>\n\n\n\n<p>Edmundo Gonz\u00e1lez no ha acudido a las citas por considerar que el fiscal general \u201cse ha comportado reiteradamente como un&nbsp;<strong>acusador<\/strong>&nbsp;<strong>pol\u00edtico<\/strong>&#8221; conden\u00e1ndolo por anticipado.&nbsp;<\/p>\n\n\n\n<p>Seg\u00fan la Fiscal\u00eda, los adversarios del gobernante incurrieron en \u201cla presunta comisi\u00f3n de los delitos de&nbsp;<strong>usurpaci\u00f3n<\/strong>&nbsp;<strong>de funciones<\/strong>,&nbsp;<strong>forjamiento de documento p\u00fablico<\/strong>, i<strong>nstigaci\u00f3n a la desobediencia de las leyes, delitos inform\u00e1ticos, asociaci\u00f3n para delinquir y conspiraci\u00f3n<\/strong>\u201d.&nbsp;<\/p>\n\n\n\n<p>\u201cEst\u00e1n tratando de doblegarnos, desenfocarnos y aterrarnos\u201d, dijo Machado el martes en sus redes sociales tras el arresto de su coordinador jur\u00eddico&nbsp;<strong>Perkins Rocha<\/strong>. Sus familiares denunciaron que se desconoce su paradero.<\/p>\n\n\n\n<p>Con informaci\u00f3n de AP<\/p>\n","protected":false},"excerpt":{"rendered":"<p>Por Carolina Alonso Romei Internacionalista Los manifestantes se concentraron en la avenida Francisco Miranda, una&#8230;<\/p>\n","protected":false},"author":2,"featured_media":112259,"comment_status":"open","ping_status":"open","sticky":false,"template":"","format":"standard","meta":{"_monsterinsights_skip_tracking":false,"_monsterinsights_sitenote_active":false,"_monsterinsights_sitenote_note":"","_monsterinsights_sitenote_category":0,"footnotes":""},"categories":[1],"tags":[],"class_list":["post-112258","post","type-post","status-publish","format-standard","has-post-thumbnail","hentry","category-sin-categoria"],"yoast_head":"<!-- This site is optimized with the Yoast SEO plugin v27.3 - https:\/\/yoast.com\/product\/yoast-seo-wordpress\/ -->\n<title>El Quehacer Pol\u00edtico Internacional a trav\u00e9s de la opini\u00f3n\/\/\/Carolina Alonso Romei\/\/\/Y si Sandra Cuevas lo hace se manifiesta pero en Venezuela -<\/title>\n<meta name=\"robots\" content=\"index, follow, max-snippet:-1, max-image-preview:large, max-video-preview:-1\" \/>\n<link rel=\"canonical\" href=\"https:\/\/quehacerpolitico.mx\/?p=112258\" \/>\n<meta property=\"og:locale\" content=\"es_MX\" \/>\n<meta property=\"og:type\" content=\"article\" \/>\n<meta property=\"og:title\" content=\"El Quehacer Pol\u00edtico Internacional a trav\u00e9s de la opini\u00f3n\/\/\/Carolina Alonso Romei\/\/\/Y si Sandra Cuevas lo hace se manifiesta pero en Venezuela -\" \/>\n<meta property=\"og:description\" content=\"Por Carolina Alonso Romei Internacionalista Los manifestantes se concentraron en la avenida Francisco Miranda, una...\" \/>\n<meta property=\"og:url\" content=\"https:\/\/quehacerpolitico.mx\/?p=112258\" \/>\n<meta property=\"article:published_time\" content=\"2024-08-28T20:41:36+00:00\" \/>\n<meta property=\"article:modified_time\" content=\"2024-08-28T20:41:38+00:00\" \/>\n<meta property=\"og:image\" content=\"https:\/\/quehacerpolitico.mx\/wp-content\/uploads\/2024\/08\/03fa6135-c3fe-44b7-8e96-c6ca323ffebb-14.jpeg\" \/>\n\t<meta property=\"og:image:width\" content=\"963\" \/>\n\t<meta property=\"og:image:height\" content=\"493\" \/>\n\t<meta property=\"og:image:type\" content=\"image\/jpeg\" \/>\n<meta name=\"author\" content=\"Redacci\u00f3n QP\" \/>\n<meta name=\"twitter:card\" content=\"summary_large_image\" \/>\n<meta name=\"twitter:label1\" content=\"Escrito por\" \/>\n\t<meta name=\"twitter:data1\" content=\"Redacci\u00f3n QP\" \/>\n\t<meta name=\"twitter:label2\" content=\"Tiempo de lectura\" \/>\n\t<meta name=\"twitter:data2\" content=\"5 minutos\" \/>\n<script type=\"application\/ld+json\" class=\"yoast-schema-graph\">{\"@context\":\"https:\\\/\\\/schema.org\",\"@graph\":[{\"@type\":\"Article\",\"@id\":\"https:\\\/\\\/quehacerpolitico.mx\\\/?p=112258#article\",\"isPartOf\":{\"@id\":\"https:\\\/\\\/quehacerpolitico.mx\\\/?p=112258\"},\"author\":{\"name\":\"Redacci\u00f3n QP\",\"@id\":\"https:\\\/\\\/quehacerpolitico.mx\\\/#\\\/schema\\\/person\\\/496d8ad2d1d3f8036101dca7ee39e585\"},\"headline\":\"El Quehacer Pol\u00edtico Internacional a trav\u00e9s de la opini\u00f3n\\\/\\\/\\\/Carolina Alonso Romei\\\/\\\/\\\/Y si Sandra Cuevas lo hace se manifiesta pero en Venezuela\",\"datePublished\":\"2024-08-28T20:41:36+00:00\",\"dateModified\":\"2024-08-28T20:41:38+00:00\",\"mainEntityOfPage\":{\"@id\":\"https:\\\/\\\/quehacerpolitico.mx\\\/?p=112258\"},\"wordCount\":965,\"commentCount\":0,\"image\":{\"@id\":\"https:\\\/\\\/quehacerpolitico.mx\\\/?p=112258#primaryimage\"},\"thumbnailUrl\":\"https:\\\/\\\/quehacerpolitico.mx\\\/wp-content\\\/uploads\\\/2024\\\/08\\\/03fa6135-c3fe-44b7-8e96-c6ca323ffebb-14.jpeg\",\"articleSection\":[\"Internacionales\"],\"inLanguage\":\"es\",\"potentialAction\":[{\"@type\":\"CommentAction\",\"name\":\"Comment\",\"target\":[\"https:\\\/\\\/quehacerpolitico.mx\\\/?p=112258#respond\"]}]},{\"@type\":\"WebPage\",\"@id\":\"https:\\\/\\\/quehacerpolitico.mx\\\/?p=112258\",\"url\":\"https:\\\/\\\/quehacerpolitico.mx\\\/?p=112258\",\"name\":\"El Quehacer Pol\u00edtico Internacional a trav\u00e9s de la opini\u00f3n\\\/\\\/\\\/Carolina Alonso Romei\\\/\\\/\\\/Y si Sandra Cuevas lo hace se manifiesta pero en Venezuela -\",\"isPartOf\":{\"@id\":\"https:\\\/\\\/quehacerpolitico.mx\\\/#website\"},\"primaryImageOfPage\":{\"@id\":\"https:\\\/\\\/quehacerpolitico.mx\\\/?p=112258#primaryimage\"},\"image\":{\"@id\":\"https:\\\/\\\/quehacerpolitico.mx\\\/?p=112258#primaryimage\"},\"thumbnailUrl\":\"https:\\\/\\\/quehacerpolitico.mx\\\/wp-content\\\/uploads\\\/2024\\\/08\\\/03fa6135-c3fe-44b7-8e96-c6ca323ffebb-14.jpeg\",\"datePublished\":\"2024-08-28T20:41:36+00:00\",\"dateModified\":\"2024-08-28T20:41:38+00:00\",\"author\":{\"@id\":\"https:\\\/\\\/quehacerpolitico.mx\\\/#\\\/schema\\\/person\\\/496d8ad2d1d3f8036101dca7ee39e585\"},\"breadcrumb\":{\"@id\":\"https:\\\/\\\/quehacerpolitico.mx\\\/?p=112258#breadcrumb\"},\"inLanguage\":\"es\",\"potentialAction\":[{\"@type\":\"ReadAction\",\"target\":[\"https:\\\/\\\/quehacerpolitico.mx\\\/?p=112258\"]}]},{\"@type\":\"ImageObject\",\"inLanguage\":\"es\",\"@id\":\"https:\\\/\\\/quehacerpolitico.mx\\\/?p=112258#primaryimage\",\"url\":\"https:\\\/\\\/quehacerpolitico.mx\\\/wp-content\\\/uploads\\\/2024\\\/08\\\/03fa6135-c3fe-44b7-8e96-c6ca323ffebb-14.jpeg\",\"contentUrl\":\"https:\\\/\\\/quehacerpolitico.mx\\\/wp-content\\\/uploads\\\/2024\\\/08\\\/03fa6135-c3fe-44b7-8e96-c6ca323ffebb-14.jpeg\",\"width\":963,\"height\":493},{\"@type\":\"BreadcrumbList\",\"@id\":\"https:\\\/\\\/quehacerpolitico.mx\\\/?p=112258#breadcrumb\",\"itemListElement\":[{\"@type\":\"ListItem\",\"position\":1,\"name\":\"Inicio\",\"item\":\"https:\\\/\\\/quehacerpolitico.mx\\\/\"},{\"@type\":\"ListItem\",\"position\":2,\"name\":\"El Quehacer Pol\u00edtico Internacional a trav\u00e9s de la opini\u00f3n\\\/\\\/\\\/Carolina Alonso Romei\\\/\\\/\\\/Y si Sandra Cuevas lo hace se manifiesta pero en Venezuela\"}]},{\"@type\":\"WebSite\",\"@id\":\"https:\\\/\\\/quehacerpolitico.mx\\\/#website\",\"url\":\"https:\\\/\\\/quehacerpolitico.mx\\\/\",\"name\":\"\",\"description\":\"\",\"potentialAction\":[{\"@type\":\"SearchAction\",\"target\":{\"@type\":\"EntryPoint\",\"urlTemplate\":\"https:\\\/\\\/quehacerpolitico.mx\\\/?s={search_term_string}\"},\"query-input\":{\"@type\":\"PropertyValueSpecification\",\"valueRequired\":true,\"valueName\":\"search_term_string\"}}],\"inLanguage\":\"es\"},{\"@type\":\"Person\",\"@id\":\"https:\\\/\\\/quehacerpolitico.mx\\\/#\\\/schema\\\/person\\\/496d8ad2d1d3f8036101dca7ee39e585\",\"name\":\"Redacci\u00f3n QP\",\"image\":{\"@type\":\"ImageObject\",\"inLanguage\":\"es\",\"@id\":\"https:\\\/\\\/secure.gravatar.com\\\/avatar\\\/c7164ed6fdec453195284ad24a5ae5b6e1eed2b848477fa2a4787ba9adf39a41?s=96&d=mm&r=g\",\"url\":\"https:\\\/\\\/secure.gravatar.com\\\/avatar\\\/c7164ed6fdec453195284ad24a5ae5b6e1eed2b848477fa2a4787ba9adf39a41?s=96&d=mm&r=g\",\"contentUrl\":\"https:\\\/\\\/secure.gravatar.com\\\/avatar\\\/c7164ed6fdec453195284ad24a5ae5b6e1eed2b848477fa2a4787ba9adf39a41?s=96&d=mm&r=g\",\"caption\":\"Redacci\u00f3n QP\"},\"url\":\"https:\\\/\\\/quehacerpolitico.mx\\\/?author=2\"}]}<\/script>\n<!-- \/ Yoast SEO plugin. -->","yoast_head_json":{"title":"El Quehacer Pol\u00edtico Internacional a trav\u00e9s de la opini\u00f3n\/\/\/Carolina Alonso Romei\/\/\/Y si Sandra Cuevas lo hace se manifiesta pero en Venezuela -","robots":{"index":"index","follow":"follow","max-snippet":"max-snippet:-1","max-image-preview":"max-image-preview:large","max-video-preview":"max-video-preview:-1"},"canonical":"https:\/\/quehacerpolitico.mx\/?p=112258","og_locale":"es_MX","og_type":"article","og_title":"El Quehacer Pol\u00edtico Internacional a trav\u00e9s de la opini\u00f3n\/\/\/Carolina Alonso Romei\/\/\/Y si Sandra Cuevas lo hace se manifiesta pero en Venezuela -","og_description":"Por Carolina Alonso Romei Internacionalista Los manifestantes se concentraron en la avenida Francisco Miranda, una...","og_url":"https:\/\/quehacerpolitico.mx\/?p=112258","article_published_time":"2024-08-28T20:41:36+00:00","article_modified_time":"2024-08-28T20:41:38+00:00","og_image":[{"width":963,"height":493,"url":"https:\/\/quehacerpolitico.mx\/wp-content\/uploads\/2024\/08\/03fa6135-c3fe-44b7-8e96-c6ca323ffebb-14.jpeg","type":"image\/jpeg"}],"author":"Redacci\u00f3n QP","twitter_card":"summary_large_image","twitter_misc":{"Escrito por":"Redacci\u00f3n QP","Tiempo de lectura":"5 minutos"},"schema":{"@context":"https:\/\/schema.org","@graph":[{"@type":"Article","@id":"https:\/\/quehacerpolitico.mx\/?p=112258#article","isPartOf":{"@id":"https:\/\/quehacerpolitico.mx\/?p=112258"},"author":{"name":"Redacci\u00f3n QP","@id":"https:\/\/quehacerpolitico.mx\/#\/schema\/person\/496d8ad2d1d3f8036101dca7ee39e585"},"headline":"El Quehacer Pol\u00edtico Internacional a trav\u00e9s de la opini\u00f3n\/\/\/Carolina Alonso Romei\/\/\/Y si Sandra Cuevas lo hace se manifiesta pero en Venezuela","datePublished":"2024-08-28T20:41:36+00:00","dateModified":"2024-08-28T20:41:38+00:00","mainEntityOfPage":{"@id":"https:\/\/quehacerpolitico.mx\/?p=112258"},"wordCount":965,"commentCount":0,"image":{"@id":"https:\/\/quehacerpolitico.mx\/?p=112258#primaryimage"},"thumbnailUrl":"https:\/\/quehacerpolitico.mx\/wp-content\/uploads\/2024\/08\/03fa6135-c3fe-44b7-8e96-c6ca323ffebb-14.jpeg","articleSection":["Internacionales"],"inLanguage":"es","potentialAction":[{"@type":"CommentAction","name":"Comment","target":["https:\/\/quehacerpolitico.mx\/?p=112258#respond"]}]},{"@type":"WebPage","@id":"https:\/\/quehacerpolitico.mx\/?p=112258","url":"https:\/\/quehacerpolitico.mx\/?p=112258","name":"El Quehacer Pol\u00edtico Internacional a trav\u00e9s de la opini\u00f3n\/\/\/Carolina Alonso Romei\/\/\/Y si Sandra Cuevas lo hace se manifiesta pero en Venezuela -","isPartOf":{"@id":"https:\/\/quehacerpolitico.mx\/#website"},"primaryImageOfPage":{"@id":"https:\/\/quehacerpolitico.mx\/?p=112258#primaryimage"},"image":{"@id":"https:\/\/quehacerpolitico.mx\/?p=112258#primaryimage"},"thumbnailUrl":"https:\/\/quehacerpolitico.mx\/wp-content\/uploads\/2024\/08\/03fa6135-c3fe-44b7-8e96-c6ca323ffebb-14.jpeg","datePublished":"2024-08-28T20:41:36+00:00","dateModified":"2024-08-28T20:41:38+00:00","author":{"@id":"https:\/\/quehacerpolitico.mx\/#\/schema\/person\/496d8ad2d1d3f8036101dca7ee39e585"},"breadcrumb":{"@id":"https:\/\/quehacerpolitico.mx\/?p=112258#breadcrumb"},"inLanguage":"es","potentialAction":[{"@type":"ReadAction","target":["https:\/\/quehacerpolitico.mx\/?p=112258"]}]},{"@type":"ImageObject","inLanguage":"es","@id":"https:\/\/quehacerpolitico.mx\/?p=112258#primaryimage","url":"https:\/\/quehacerpolitico.mx\/wp-content\/uploads\/2024\/08\/03fa6135-c3fe-44b7-8e96-c6ca323ffebb-14.jpeg","contentUrl":"https:\/\/quehacerpolitico.mx\/wp-content\/uploads\/2024\/08\/03fa6135-c3fe-44b7-8e96-c6ca323ffebb-14.jpeg","width":963,"height":493},{"@type":"BreadcrumbList","@id":"https:\/\/quehacerpolitico.mx\/?p=112258#breadcrumb","itemListElement":[{"@type":"ListItem","position":1,"name":"Inicio","item":"https:\/\/quehacerpolitico.mx\/"},{"@type":"ListItem","position":2,"name":"El Quehacer Pol\u00edtico Internacional a trav\u00e9s de la opini\u00f3n\/\/\/Carolina Alonso Romei\/\/\/Y si Sandra Cuevas lo hace se manifiesta pero en Venezuela"}]},{"@type":"WebSite","@id":"https:\/\/quehacerpolitico.mx\/#website","url":"https:\/\/quehacerpolitico.mx\/","name":"","description":"","potentialAction":[{"@type":"SearchAction","target":{"@type":"EntryPoint","urlTemplate":"https:\/\/quehacerpolitico.mx\/?s={search_term_string}"},"query-input":{"@type":"PropertyValueSpecification","valueRequired":true,"valueName":"search_term_string"}}],"inLanguage":"es"},{"@type":"Person","@id":"https:\/\/quehacerpolitico.mx\/#\/schema\/person\/496d8ad2d1d3f8036101dca7ee39e585","name":"Redacci\u00f3n QP","image":{"@type":"ImageObject","inLanguage":"es","@id":"https:\/\/secure.gravatar.com\/avatar\/c7164ed6fdec453195284ad24a5ae5b6e1eed2b848477fa2a4787ba9adf39a41?s=96&d=mm&r=g","url":"https:\/\/secure.gravatar.com\/avatar\/c7164ed6fdec453195284ad24a5ae5b6e1eed2b848477fa2a4787ba9adf39a41?s=96&d=mm&r=g","contentUrl":"https:\/\/secure.gravatar.com\/avatar\/c7164ed6fdec453195284ad24a5ae5b6e1eed2b848477fa2a4787ba9adf39a41?s=96&d=mm&r=g","caption":"Redacci\u00f3n QP"},"url":"https:\/\/quehacerpolitico.mx\/?author=2"}]}},"featured_image_urls":{"full":["https:\/\/quehacerpolitico.mx\/wp-content\/uploads\/2024\/08\/03fa6135-c3fe-44b7-8e96-c6ca323ffebb-14.jpeg",963,493,false],"thumbnail":["https:\/\/quehacerpolitico.mx\/wp-content\/uploads\/2024\/08\/03fa6135-c3fe-44b7-8e96-c6ca323ffebb-14-150x150.jpeg",150,150,true],"medium":["https:\/\/quehacerpolitico.mx\/wp-content\/uploads\/2024\/08\/03fa6135-c3fe-44b7-8e96-c6ca323ffebb-14-300x154.jpeg",300,154,true],"medium_large":["https:\/\/quehacerpolitico.mx\/wp-content\/uploads\/2024\/08\/03fa6135-c3fe-44b7-8e96-c6ca323ffebb-14-768x393.jpeg",640,328,true],"large":["https:\/\/quehacerpolitico.mx\/wp-content\/uploads\/2024\/08\/03fa6135-c3fe-44b7-8e96-c6ca323ffebb-14.jpeg",640,328,false],"1536x1536":["https:\/\/quehacerpolitico.mx\/wp-content\/uploads\/2024\/08\/03fa6135-c3fe-44b7-8e96-c6ca323ffebb-14.jpeg",963,493,false],"2048x2048":["https:\/\/quehacerpolitico.mx\/wp-content\/uploads\/2024\/08\/03fa6135-c3fe-44b7-8e96-c6ca323ffebb-14.jpeg",963,493,false],"covernews-featured":["https:\/\/quehacerpolitico.mx\/wp-content\/uploads\/2024\/08\/03fa6135-c3fe-44b7-8e96-c6ca323ffebb-14.jpeg",963,493,false],"covernews-medium":["https:\/\/quehacerpolitico.mx\/wp-content\/uploads\/2024\/08\/03fa6135-c3fe-44b7-8e96-c6ca323ffebb-14.jpeg",540,276,false]},"author_info":{"display_name":"Redacci\u00f3n QP","author_link":"https:\/\/quehacerpolitico.mx\/?author=2"},"category_info":"<a href=\"https:\/\/quehacerpolitico.mx\/?cat=1\" rel=\"category\">Internacionales<\/a>","tag_info":"Internacionales","comment_count":"0","_links":{"self":[{"href":"https:\/\/quehacerpolitico.mx\/index.php?rest_route=\/wp\/v2\/posts\/112258","targetHints":{"allow":["GET"]}}],"collection":[{"href":"https:\/\/quehacerpolitico.mx\/index.php?rest_route=\/wp\/v2\/posts"}],"about":[{"href":"https:\/\/quehacerpolitico.mx\/index.php?rest_route=\/wp\/v2\/types\/post"}],"author":[{"embeddable":true,"href":"https:\/\/quehacerpolitico.mx\/index.php?rest_route=\/wp\/v2\/users\/2"}],"replies":[{"embeddable":true,"href":"https:\/\/quehacerpolitico.mx\/index.php?rest_route=%2Fwp%2Fv2%2Fcomments&post=112258"}],"version-history":[{"count":1,"href":"https:\/\/quehacerpolitico.mx\/index.php?rest_route=\/wp\/v2\/posts\/112258\/revisions"}],"predecessor-version":[{"id":112260,"href":"https:\/\/quehacerpolitico.mx\/index.php?rest_route=\/wp\/v2\/posts\/112258\/revisions\/112260"}],"wp:featuredmedia":[{"embeddable":true,"href":"https:\/\/quehacerpolitico.mx\/index.php?rest_route=\/wp\/v2\/media\/112259"}],"wp:attachment":[{"href":"https:\/\/quehacerpolitico.mx\/index.php?rest_route=%2Fwp%2Fv2%2Fmedia&parent=112258"}],"wp:term":[{"taxonomy":"category","embeddable":true,"href":"https:\/\/quehacerpolitico.mx\/index.php?rest_route=%2Fwp%2Fv2%2Fcategories&post=112258"},{"taxonomy":"post_tag","embeddable":true,"href":"https:\/\/quehacerpolitico.mx\/index.php?rest_route=%2Fwp%2Fv2%2Ftags&post=112258"}],"curies":[{"name":"wp","href":"https:\/\/api.w.org\/{rel}","templated":true}]}}