{"id":11223,"date":"2018-12-07T21:35:30","date_gmt":"2018-12-07T21:35:30","guid":{"rendered":"http:\/\/quehacerpolitico.mx\/observatorio-el-secuestro-subio-54-59-en-chiapas-con-velasco-la-extorsion-73-36-el-robo-25-44\/"},"modified":"2018-12-07T21:35:30","modified_gmt":"2018-12-07T21:35:30","slug":"observatorio-el-secuestro-subio-54-59-en-chiapas-con-velasco-la-extorsion-73-36-el-robo-25-44","status":"publish","type":"post","link":"https:\/\/quehacerpolitico.mx\/?p=11223","title":{"rendered":"Observatorio: el secuestro subi\u00f3 54.59% en Chiapas con Velasco; la extorsi\u00f3n, 73.36%; el robo, 25.44%"},"content":{"rendered":"<h1>Observatorio: el secuestro subi\u00f3 54.59% en Chiapas con Velasco; la extorsi\u00f3n, 73.36%; el robo, 25.44%<\/h1>\n<p>Por Redacci\u00f3n QP<\/p>\n<p>El Observatorio Ciudadano de Chiapas (OCC) en su \u201cReporte de Incidencia Delictiva de la Administraci\u00f3n 2012-2018\u201d detall\u00f3 que la incidencia delictiva de 6 de 10 <strong>delitos<\/strong> de alto impacto que fueron medidos super\u00f3 su condici\u00f3n en comparaci\u00f3n a los dos \u00faltimos sexenios.<\/p>\n<blockquote>\n<p>Los secuestros mostraron un incremento significativo de 54.59 por ciento en la tasa de enero a octubre de 2018 respecto al mismo periodo de 2012. Este a\u00f1o fue el periodo que registr\u00f3 la tasa estatal m\u00e1s alta durante los seis a\u00f1os de la administraci\u00f3n de <strong>Manuel Velasco<\/strong>: la quinta m\u00e1s alta en a\u00f1os.<\/p>\n<p>Las extorsiones presentaron un incremento de 73.36 por ciento del periodo de estudio de 2012 a 2018, incluso los cinco \u00faltimos a\u00f1os de la administraci\u00f3n de <strong>Velasco Coello<\/strong> presentaron las tasas m\u00e1s altas en 21 a\u00f1os.<\/p>\n<blockquote class=\"twitter-tweet\" data-width=\"550\" data-dnt=\"true\">\n<p lang=\"es\" dir=\"ltr\">Hoy el Observatorio Ciudadano &#8211; Chiapas en conjunto con el <a href=\"https:\/\/twitter.com\/ObsNalCiudadano?ref_src=twsrc%5Etfw\">@ObsNalCiudadano<\/a> presentamos el Reporte de incidencia delictiva 2012 &#8211; 2018, para conocer la situaci\u00f3n en la que est\u00e1 Chiapas al finalizar la presente administraci\u00f3n estatal. <a href=\"https:\/\/t.co\/Wen3XAoyc1\">pic.twitter.com\/Wen3XAoyc1<\/a><\/p>\n<p>&mdash; Observatorio Ciudadano &#8211; Chiapas (@ObservatorioCCH) <a href=\"https:\/\/twitter.com\/ObservatorioCCH\/status\/1070743935516114944?ref_src=twsrc%5Etfw\">December 6, 2018<\/a><\/p><\/blockquote>\n<p><script async src=\"https:\/\/platform.twitter.com\/widgets.js\" charset=\"utf-8\"><\/script><\/p>\n<p>Los robos con <strong>violencia<\/strong> durante el \u00faltimo a\u00f1o de sus funciones reportaron un incremento de 25.44 por ciento respecto a la tasa presentada en 2012 y durante su sexenio, las tasa de estos <strong>delitos<\/strong> fueron las m\u00e1s altas en 13 a\u00f1os.<\/p>\n<p>Los robos de veh\u00edculos en el \u00faltimo a\u00f1o de la administraci\u00f3n estatal registraron una tasa de 35.72 por ciento superior a la registrada en 2012 y los \u00faltimos tres a\u00f1os han presentado las tasas m\u00e1s altas en 21 a\u00f1os de registros.<\/p>\n<p>Los robos a negocio tuvieron un aumento en su tasa para los periodos de enero a octubre de 20158, de 72.50 por ciento respecto a la tasa del mismo periodo de 2012 y la tasa de este <strong>delito<\/strong> de los \u00faltimos cuatro a\u00f1os han sido las m\u00e1s altas en 10 a\u00f1os.<\/p>\n<p>La tasa de robos a transe\u00fantes en Chiapas para los periodos de enero a octubre subi\u00f3 de 47.65 por ciento de 2012 a 2018 y las tasas de los \u00faltimos seis a\u00f1os han sido las m\u00e1s altas desde 2009.<\/p>\n<p>Este organismo es una iniciativa del Observatorio Ciudadano de Seguridad, Justicia y Legalidad A.C y Liga Lab Ideas que unen A.C. Los municipios que se analizan en su informe son Tuxtla Guti\u00e9rrez, Comit\u00e1n, Chiapa de Corzo, Chil\u00f3n, Las Margaritas, Ocosingo, Palenque, San Crist\u00f3bal de las Casas, Tapachula y Villaflores.<\/p>\n<p>Los delitos que se consideran de alto impacto para el estudio son homicidio doloso y culposo; secuestro; extorsi\u00f3n; robo con <strong>violencia<\/strong>, a veh\u00edculos, negocios, casa-habitaci\u00f3n, transe\u00fantes; y violaci\u00f3n sexual.<\/p>\n<div id=\"attachment_3507950\" class=\"wp-caption alignnone\"><img loading=\"lazy\" decoding=\"async\" class=\"size-full wp-image-3507950\" src=\"https:\/\/www.sinembargo.mx\/wp-content\/uploads\/2018\/12\/tabla-delitos-chiapas.png\" sizes=\"auto, (max-width: 700px) 100vw, 700px\" srcset=\"https:\/\/www.sinembargo.mx\/wp-content\/uploads\/2018\/12\/tabla-delitos-chiapas.png 700w, https:\/\/www.sinembargo.mx\/wp-content\/uploads\/2018\/12\/tabla-delitos-chiapas-300x127.png 300w\" alt=\"\" width=\"700\" height=\"296\" \/><\/p>\n<p class=\"wp-caption-text\">Foto: Chiapas Paralelo<\/p>\n<\/div>\n<p><strong>DESPLAZADOS EXIGEN C\u00c1RCEL PARA VELASCO<\/strong><\/p>\n<p>Ante dicho contexto, integrantes de la Coordinadora de personas desplazadas de Chiapas\u00a0exigieron el mi\u00e9rcoles pasado que se castigue con c\u00e1rcel al Gobernador\u00a0<strong>Manuel Velasco Coello<\/strong>, por su opacidad frente a la <strong>violencia<\/strong> que los orill\u00f3 a desplazarse de sus comunidades de origen.<\/p>\n<p>La petici\u00f3n de juicio pol\u00edtico fue\u00a0un se\u00f1alamiento un\u00e1nime de las mujeres desplazadas provenientes de los municipios de\u00a0Chenal\u00f3, Xulb\u00f3, Tenango y Zintalapa, que relataron una serie de agresiones\u00a0en contra de sus comunidades\u00a0producto de la oposici\u00f3n pol\u00edtica al Gobierno municipal, estatal y federal.<\/p>\n<p>Las representantes de la \u201cCaravana de los Pies descalzos\u201d se dirigieron a\u00a0Andr\u00e9s Manuel L\u00f3pez Obrador, Presidente de M\u00e9xico, para que este haga justicia y escuche sus voces que durante tanto tiempo han sido silenciadas.<\/p>\n<div id=\"attachment_3507955\" class=\"wp-caption alignnone\"><img loading=\"lazy\" decoding=\"async\" class=\"size-full wp-image-3507955\" src=\"https:\/\/www.sinembargo.mx\/wp-content\/uploads\/2018\/12\/caravana_pies_cansados-1.jpg\" sizes=\"auto, (max-width: 700px) 100vw, 700px\" srcset=\"https:\/\/www.sinembargo.mx\/wp-content\/uploads\/2018\/12\/caravana_pies_cansados-1.jpg 700w, https:\/\/www.sinembargo.mx\/wp-content\/uploads\/2018\/12\/caravana_pies_cansados-1-300x200.jpg 300w\" alt=\"\" width=\"700\" height=\"467\" \/><\/p>\n<p class=\"wp-caption-text\">Mujeres de la \u201cCaravana Pies Cansados\u201d ofrecieron una rueda de prensa para hacer un llamado a Andr\u00e9s Manuel L\u00f3pez Obrador, donde se le pide que haga lo posible para que ellas y sus familias puedan regresar a las comunidades de donde fueron desplazados por grupos paramilitares y exigen castigo a los agresores y el gobernador Manuel Velasco por hacer caso omiso a sus peticiones. Foto: Ilse Huesca, Cuartoscuro<\/p>\n<\/div>\n<blockquote>\n<p>\u201cEl apoyo y la confianza que se vea que es mutua. Queremos justicia y c\u00e1rcel para Manuel Velasco Coello. Te exijo que sean respetado nuestros derechos de nosotras mujeres. Te pido Andr\u00e9s Manuel L\u00f3pez Obrador que haya justicia para Coello, porque en el estado de Chiapas gobern\u00f3 mal y no podemos permitir que siga su camino como legislador y siga con su mal Gobierno\u201d, dijo Catarina Etizin, desplazada del municipio de Chenal\u00f3.<\/p>\n<\/blockquote>\n<p>El grupo de desplazados, que actualmente contin\u00faan refugiados en Tuxtla Guti\u00e9rrez, Chiapas y se conforma por 388 personas, de las cuales 99 son mujeres y 193 ni\u00f1as, ni\u00f1os y adolescentes, tuvieron enfrentamientos con grupos paramilitares al negarse a votar por los partidos PRI y Verde Ecologista en diferentes procesos electorales.<\/p>\n<div id=\"attachment_3507964\" class=\"wp-caption alignnone\"><img loading=\"lazy\" decoding=\"async\" class=\"size-full wp-image-3507964\" src=\"https:\/\/www.sinembargo.mx\/wp-content\/uploads\/2018\/12\/desplazados-chiapas-violencia.jpg\" sizes=\"auto, (max-width: 700px) 100vw, 700px\" srcset=\"https:\/\/www.sinembargo.mx\/wp-content\/uploads\/2018\/12\/desplazados-chiapas-violencia.jpg 700w, https:\/\/www.sinembargo.mx\/wp-content\/uploads\/2018\/12\/desplazados-chiapas-violencia-300x159.jpg 300w\" alt=\"\" width=\"700\" height=\"370\" \/><\/p>\n<p class=\"wp-caption-text\">Esta caravana de desplazados sali\u00f3 de sus comunidades para huir de la violencia, y buscan ser atendidos como la caravana de migrantes centroamericanos. Foto: Abraham Jim\u00e9nez, Cuartoscuro<\/p>\n<\/div>\n<p>Las mujeres ind\u00edgenas tzotziles y tzeltales llamaron la atenci\u00f3n sobre el nuevo puesto pol\u00edtico de Coello, el cu\u00e1l consideran se le ha otorgado \u201ccomo un premio\u201d a pesar de las evidencias de la mala gesti\u00f3n en el estado de Chiapas.<\/p>\n<blockquote>\n<p>\u201cNo permitimos que Manuel Velasco siga gobernado en el senado, no porque nunca se han respetado nuestros derechos\u201d, se\u00f1al\u00f3 Eva M\u00e9ndez N\u00fa\u00f1ez, desplazada del municipio de Zintalapa.<\/p>\n<\/blockquote>\n<p>En conferencia de prensa, Eva M\u00e9ndez, Rosa L\u00f3pez G\u00f3mez, Catarina Etzin y Rosa L\u00f3pez solicitaron que se trabaje en establecer condiciones dignas para el retorno en sus comunidades de origen de las que han estado fuera durante diez y cuatro a\u00f1os respectivamente.<\/p>\n<p>Acompa\u00f1adas de Daniel Z\u00fa\u00f1iga de la coordinaci\u00f3n Plan de Ayala, movimiento nacional y Diego Cadena del Centro de derechos humanos Ku\u2019Untik, se hizo un llamado de atenci\u00f3n sobre las continuas violaciones de derechos humanos de las que son v\u00edctimas las Idades ind\u00edgenas de Chiapas instaron a que se modifiquen leyes que intente intervengan en el desplazamiento para ofrecer condiciones de vida digna.<\/p>\n<blockquote>\n<p>Entre los comentarios destac\u00f3 la solicitud de intervenci\u00f3n, sin que existan actos de represi\u00f3n, como el del pasado 25 de noviembre, Cuando fueron v\u00edctimas de agresiones por parte de la polic\u00eda estatal durante la entrega del sexto informe de Gobierno de Manuel Velasco.<\/p>\n<\/blockquote>\n<p>Al finalizar el acto las mujeres insistieron en la necesidad de ser escuchadas como voces ind\u00edgenas y aseveraron que no van a parar hasta que se haga justicia para sus pueblos.<\/p>\n<p>Durante su visita a la Ciudad de M\u00e9xico, adem\u00e1s de denunciar los actos cometidos en su contra, esperan establecer contacto con el nuevo Gobierno, al cu\u00e1l dicen, otorgar\u00e1n un voto de confianza.<\/p>\n<p>Con Informaci\u00f3n de Chiapas Paralelo<\/p>\n<\/blockquote>\n","protected":false},"excerpt":{"rendered":"<p>Observatorio: el secuestro subi\u00f3 54.59% en Chiapas con Velasco; la extorsi\u00f3n, 73.36%; el robo, 25.44%<br \/>\nPor Redacci\u00f3n QP<\/p>\n","protected":false},"author":2,"featured_media":11222,"comment_status":"open","ping_status":"open","sticky":false,"template":"","format":"standard","meta":{"_monsterinsights_skip_tracking":false,"_monsterinsights_sitenote_active":false,"_monsterinsights_sitenote_note":"","_monsterinsights_sitenote_category":0,"footnotes":""},"categories":[2],"tags":[],"class_list":["post-11223","post","type-post","status-publish","format-standard","has-post-thumbnail","hentry","category-noticias"],"yoast_head":"<!-- This site is optimized with the Yoast SEO plugin v27.3 - https:\/\/yoast.com\/product\/yoast-seo-wordpress\/ -->\n<title>Observatorio: el secuestro subi\u00f3 54.59% en Chiapas con Velasco; la extorsi\u00f3n, 73.36%; el robo, 25.44% -<\/title>\n<meta name=\"robots\" content=\"index, follow, max-snippet:-1, max-image-preview:large, max-video-preview:-1\" \/>\n<link rel=\"canonical\" href=\"https:\/\/quehacerpolitico.mx\/?p=11223\" \/>\n<meta property=\"og:locale\" content=\"es_MX\" \/>\n<meta property=\"og:type\" content=\"article\" \/>\n<meta property=\"og:title\" content=\"Observatorio: el secuestro subi\u00f3 54.59% en Chiapas con Velasco; la extorsi\u00f3n, 73.36%; el robo, 25.44% -\" \/>\n<meta property=\"og:description\" content=\"Observatorio: el secuestro subi\u00f3 54.59% en Chiapas con Velasco; la extorsi\u00f3n, 73.36%; el robo, 25.44% Por Redacci\u00f3n QP\" \/>\n<meta property=\"og:url\" content=\"https:\/\/quehacerpolitico.mx\/?p=11223\" \/>\n<meta property=\"article:published_time\" content=\"2018-12-07T21:35:30+00:00\" \/>\n<meta name=\"author\" content=\"Redacci\u00f3n QP\" \/>\n<meta name=\"twitter:card\" content=\"summary_large_image\" \/>\n<meta name=\"twitter:label1\" content=\"Escrito por\" \/>\n\t<meta name=\"twitter:data1\" content=\"Redacci\u00f3n QP\" \/>\n\t<meta name=\"twitter:label2\" content=\"Tiempo de lectura\" \/>\n\t<meta name=\"twitter:data2\" content=\"5 minutos\" \/>\n<script type=\"application\/ld+json\" class=\"yoast-schema-graph\">{\"@context\":\"https:\\\/\\\/schema.org\",\"@graph\":[{\"@type\":\"Article\",\"@id\":\"https:\\\/\\\/quehacerpolitico.mx\\\/?p=11223#article\",\"isPartOf\":{\"@id\":\"https:\\\/\\\/quehacerpolitico.mx\\\/?p=11223\"},\"author\":{\"name\":\"Redacci\u00f3n QP\",\"@id\":\"https:\\\/\\\/quehacerpolitico.mx\\\/#\\\/schema\\\/person\\\/496d8ad2d1d3f8036101dca7ee39e585\"},\"headline\":\"Observatorio: el secuestro subi\u00f3 54.59% en Chiapas con Velasco; la extorsi\u00f3n, 73.36%; el robo, 25.44%\",\"datePublished\":\"2018-12-07T21:35:30+00:00\",\"mainEntityOfPage\":{\"@id\":\"https:\\\/\\\/quehacerpolitico.mx\\\/?p=11223\"},\"wordCount\":1111,\"commentCount\":0,\"image\":{\"@id\":\"https:\\\/\\\/quehacerpolitico.mx\\\/?p=11223#primaryimage\"},\"thumbnailUrl\":\"\",\"articleSection\":[\"Noticias\"],\"inLanguage\":\"es\",\"potentialAction\":[{\"@type\":\"CommentAction\",\"name\":\"Comment\",\"target\":[\"https:\\\/\\\/quehacerpolitico.mx\\\/?p=11223#respond\"]}]},{\"@type\":\"WebPage\",\"@id\":\"https:\\\/\\\/quehacerpolitico.mx\\\/?p=11223\",\"url\":\"https:\\\/\\\/quehacerpolitico.mx\\\/?p=11223\",\"name\":\"Observatorio: el secuestro subi\u00f3 54.59% en Chiapas con Velasco; la extorsi\u00f3n, 73.36%; el robo, 25.44% -\",\"isPartOf\":{\"@id\":\"https:\\\/\\\/quehacerpolitico.mx\\\/#website\"},\"primaryImageOfPage\":{\"@id\":\"https:\\\/\\\/quehacerpolitico.mx\\\/?p=11223#primaryimage\"},\"image\":{\"@id\":\"https:\\\/\\\/quehacerpolitico.mx\\\/?p=11223#primaryimage\"},\"thumbnailUrl\":\"\",\"datePublished\":\"2018-12-07T21:35:30+00:00\",\"author\":{\"@id\":\"https:\\\/\\\/quehacerpolitico.mx\\\/#\\\/schema\\\/person\\\/496d8ad2d1d3f8036101dca7ee39e585\"},\"breadcrumb\":{\"@id\":\"https:\\\/\\\/quehacerpolitico.mx\\\/?p=11223#breadcrumb\"},\"inLanguage\":\"es\",\"potentialAction\":[{\"@type\":\"ReadAction\",\"target\":[\"https:\\\/\\\/quehacerpolitico.mx\\\/?p=11223\"]}]},{\"@type\":\"ImageObject\",\"inLanguage\":\"es\",\"@id\":\"https:\\\/\\\/quehacerpolitico.mx\\\/?p=11223#primaryimage\",\"url\":\"\",\"contentUrl\":\"\"},{\"@type\":\"BreadcrumbList\",\"@id\":\"https:\\\/\\\/quehacerpolitico.mx\\\/?p=11223#breadcrumb\",\"itemListElement\":[{\"@type\":\"ListItem\",\"position\":1,\"name\":\"Inicio\",\"item\":\"https:\\\/\\\/quehacerpolitico.mx\\\/\"},{\"@type\":\"ListItem\",\"position\":2,\"name\":\"Observatorio: el secuestro subi\u00f3 54.59% en Chiapas con Velasco; la extorsi\u00f3n, 73.36%; el robo, 25.44%\"}]},{\"@type\":\"WebSite\",\"@id\":\"https:\\\/\\\/quehacerpolitico.mx\\\/#website\",\"url\":\"https:\\\/\\\/quehacerpolitico.mx\\\/\",\"name\":\"\",\"description\":\"\",\"potentialAction\":[{\"@type\":\"SearchAction\",\"target\":{\"@type\":\"EntryPoint\",\"urlTemplate\":\"https:\\\/\\\/quehacerpolitico.mx\\\/?s={search_term_string}\"},\"query-input\":{\"@type\":\"PropertyValueSpecification\",\"valueRequired\":true,\"valueName\":\"search_term_string\"}}],\"inLanguage\":\"es\"},{\"@type\":\"Person\",\"@id\":\"https:\\\/\\\/quehacerpolitico.mx\\\/#\\\/schema\\\/person\\\/496d8ad2d1d3f8036101dca7ee39e585\",\"name\":\"Redacci\u00f3n QP\",\"image\":{\"@type\":\"ImageObject\",\"inLanguage\":\"es\",\"@id\":\"https:\\\/\\\/secure.gravatar.com\\\/avatar\\\/c7164ed6fdec453195284ad24a5ae5b6e1eed2b848477fa2a4787ba9adf39a41?s=96&d=mm&r=g\",\"url\":\"https:\\\/\\\/secure.gravatar.com\\\/avatar\\\/c7164ed6fdec453195284ad24a5ae5b6e1eed2b848477fa2a4787ba9adf39a41?s=96&d=mm&r=g\",\"contentUrl\":\"https:\\\/\\\/secure.gravatar.com\\\/avatar\\\/c7164ed6fdec453195284ad24a5ae5b6e1eed2b848477fa2a4787ba9adf39a41?s=96&d=mm&r=g\",\"caption\":\"Redacci\u00f3n QP\"},\"url\":\"https:\\\/\\\/quehacerpolitico.mx\\\/?author=2\"}]}<\/script>\n<!-- \/ Yoast SEO plugin. -->","yoast_head_json":{"title":"Observatorio: el secuestro subi\u00f3 54.59% en Chiapas con Velasco; la extorsi\u00f3n, 73.36%; el robo, 25.44% -","robots":{"index":"index","follow":"follow","max-snippet":"max-snippet:-1","max-image-preview":"max-image-preview:large","max-video-preview":"max-video-preview:-1"},"canonical":"https:\/\/quehacerpolitico.mx\/?p=11223","og_locale":"es_MX","og_type":"article","og_title":"Observatorio: el secuestro subi\u00f3 54.59% en Chiapas con Velasco; la extorsi\u00f3n, 73.36%; el robo, 25.44% -","og_description":"Observatorio: el secuestro subi\u00f3 54.59% en Chiapas con Velasco; la extorsi\u00f3n, 73.36%; el robo, 25.44% Por Redacci\u00f3n QP","og_url":"https:\/\/quehacerpolitico.mx\/?p=11223","article_published_time":"2018-12-07T21:35:30+00:00","author":"Redacci\u00f3n QP","twitter_card":"summary_large_image","twitter_misc":{"Escrito por":"Redacci\u00f3n QP","Tiempo de lectura":"5 minutos"},"schema":{"@context":"https:\/\/schema.org","@graph":[{"@type":"Article","@id":"https:\/\/quehacerpolitico.mx\/?p=11223#article","isPartOf":{"@id":"https:\/\/quehacerpolitico.mx\/?p=11223"},"author":{"name":"Redacci\u00f3n QP","@id":"https:\/\/quehacerpolitico.mx\/#\/schema\/person\/496d8ad2d1d3f8036101dca7ee39e585"},"headline":"Observatorio: el secuestro subi\u00f3 54.59% en Chiapas con Velasco; la extorsi\u00f3n, 73.36%; el robo, 25.44%","datePublished":"2018-12-07T21:35:30+00:00","mainEntityOfPage":{"@id":"https:\/\/quehacerpolitico.mx\/?p=11223"},"wordCount":1111,"commentCount":0,"image":{"@id":"https:\/\/quehacerpolitico.mx\/?p=11223#primaryimage"},"thumbnailUrl":"","articleSection":["Noticias"],"inLanguage":"es","potentialAction":[{"@type":"CommentAction","name":"Comment","target":["https:\/\/quehacerpolitico.mx\/?p=11223#respond"]}]},{"@type":"WebPage","@id":"https:\/\/quehacerpolitico.mx\/?p=11223","url":"https:\/\/quehacerpolitico.mx\/?p=11223","name":"Observatorio: el secuestro subi\u00f3 54.59% en Chiapas con Velasco; la extorsi\u00f3n, 73.36%; el robo, 25.44% -","isPartOf":{"@id":"https:\/\/quehacerpolitico.mx\/#website"},"primaryImageOfPage":{"@id":"https:\/\/quehacerpolitico.mx\/?p=11223#primaryimage"},"image":{"@id":"https:\/\/quehacerpolitico.mx\/?p=11223#primaryimage"},"thumbnailUrl":"","datePublished":"2018-12-07T21:35:30+00:00","author":{"@id":"https:\/\/quehacerpolitico.mx\/#\/schema\/person\/496d8ad2d1d3f8036101dca7ee39e585"},"breadcrumb":{"@id":"https:\/\/quehacerpolitico.mx\/?p=11223#breadcrumb"},"inLanguage":"es","potentialAction":[{"@type":"ReadAction","target":["https:\/\/quehacerpolitico.mx\/?p=11223"]}]},{"@type":"ImageObject","inLanguage":"es","@id":"https:\/\/quehacerpolitico.mx\/?p=11223#primaryimage","url":"","contentUrl":""},{"@type":"BreadcrumbList","@id":"https:\/\/quehacerpolitico.mx\/?p=11223#breadcrumb","itemListElement":[{"@type":"ListItem","position":1,"name":"Inicio","item":"https:\/\/quehacerpolitico.mx\/"},{"@type":"ListItem","position":2,"name":"Observatorio: el secuestro subi\u00f3 54.59% en Chiapas con Velasco; la extorsi\u00f3n, 73.36%; el robo, 25.44%"}]},{"@type":"WebSite","@id":"https:\/\/quehacerpolitico.mx\/#website","url":"https:\/\/quehacerpolitico.mx\/","name":"","description":"","potentialAction":[{"@type":"SearchAction","target":{"@type":"EntryPoint","urlTemplate":"https:\/\/quehacerpolitico.mx\/?s={search_term_string}"},"query-input":{"@type":"PropertyValueSpecification","valueRequired":true,"valueName":"search_term_string"}}],"inLanguage":"es"},{"@type":"Person","@id":"https:\/\/quehacerpolitico.mx\/#\/schema\/person\/496d8ad2d1d3f8036101dca7ee39e585","name":"Redacci\u00f3n QP","image":{"@type":"ImageObject","inLanguage":"es","@id":"https:\/\/secure.gravatar.com\/avatar\/c7164ed6fdec453195284ad24a5ae5b6e1eed2b848477fa2a4787ba9adf39a41?s=96&d=mm&r=g","url":"https:\/\/secure.gravatar.com\/avatar\/c7164ed6fdec453195284ad24a5ae5b6e1eed2b848477fa2a4787ba9adf39a41?s=96&d=mm&r=g","contentUrl":"https:\/\/secure.gravatar.com\/avatar\/c7164ed6fdec453195284ad24a5ae5b6e1eed2b848477fa2a4787ba9adf39a41?s=96&d=mm&r=g","caption":"Redacci\u00f3n QP"},"url":"https:\/\/quehacerpolitico.mx\/?author=2"}]}},"featured_image_urls":{"full":"","thumbnail":"","medium":"","medium_large":"","large":"","1536x1536":"","2048x2048":"","covernews-featured":"","covernews-medium":""},"author_info":{"display_name":"Redacci\u00f3n QP","author_link":"https:\/\/quehacerpolitico.mx\/?author=2"},"category_info":"<a href=\"https:\/\/quehacerpolitico.mx\/?cat=2\" rel=\"category\">Noticias<\/a>","tag_info":"Noticias","comment_count":"0","_links":{"self":[{"href":"https:\/\/quehacerpolitico.mx\/index.php?rest_route=\/wp\/v2\/posts\/11223","targetHints":{"allow":["GET"]}}],"collection":[{"href":"https:\/\/quehacerpolitico.mx\/index.php?rest_route=\/wp\/v2\/posts"}],"about":[{"href":"https:\/\/quehacerpolitico.mx\/index.php?rest_route=\/wp\/v2\/types\/post"}],"author":[{"embeddable":true,"href":"https:\/\/quehacerpolitico.mx\/index.php?rest_route=\/wp\/v2\/users\/2"}],"replies":[{"embeddable":true,"href":"https:\/\/quehacerpolitico.mx\/index.php?rest_route=%2Fwp%2Fv2%2Fcomments&post=11223"}],"version-history":[{"count":0,"href":"https:\/\/quehacerpolitico.mx\/index.php?rest_route=\/wp\/v2\/posts\/11223\/revisions"}],"wp:featuredmedia":[{"embeddable":true,"href":"https:\/\/quehacerpolitico.mx\/index.php?rest_route=\/"}],"wp:attachment":[{"href":"https:\/\/quehacerpolitico.mx\/index.php?rest_route=%2Fwp%2Fv2%2Fmedia&parent=11223"}],"wp:term":[{"taxonomy":"category","embeddable":true,"href":"https:\/\/quehacerpolitico.mx\/index.php?rest_route=%2Fwp%2Fv2%2Fcategories&post=11223"},{"taxonomy":"post_tag","embeddable":true,"href":"https:\/\/quehacerpolitico.mx\/index.php?rest_route=%2Fwp%2Fv2%2Ftags&post=11223"}],"curies":[{"name":"wp","href":"https:\/\/api.w.org\/{rel}","templated":true}]}}