{"id":112229,"date":"2024-08-28T04:40:52","date_gmt":"2024-08-28T04:40:52","guid":{"rendered":"https:\/\/quehacerpolitico.mx\/?p=112229"},"modified":"2024-08-28T04:40:55","modified_gmt":"2024-08-28T04:40:55","slug":"oasis-anuncia-su-regreso-a-los-escenarios-confirma-14-presentaciones-en-2025","status":"publish","type":"post","link":"https:\/\/quehacerpolitico.mx\/?p=112229","title":{"rendered":"Oasis anuncia su regreso a los escenarios: confirma 14 presentaciones en 2025"},"content":{"rendered":"\n<p>Por Redacci\u00f3n QP<\/p>\n\n\n\n<p>&#8220;Las armas callaron. Las estrellas se alinearon. La gran espera ha terminado. Vengan a verlo. No ser\u00e1 televisado&#8221;, afirm\u00f3\u00a0la banda en un comunicado publicado en su p\u00e1gina web<\/p>\n\n\n\n<p>La banda brit\u00e1nica de rock\u00a0<strong>Oasis<\/strong> anunci\u00f3 este\u00a0martes que se reunir\u00e1 despu\u00e9s de 15 a\u00f1os, con los hermanos Noel y Liam\u00a0<strong>Gallagher<\/strong>\u00a0planeando presentaciones\u00a0en vivo para\u00a02025.<\/p>\n\n\n\n<figure class=\"wp-block-embed is-type-rich is-provider-twitter wp-block-embed-twitter\"><div class=\"wp-block-embed__wrapper\">\n<blockquote class=\"twitter-tweet\" data-width=\"550\" data-dnt=\"true\"><p lang=\"en\" dir=\"ltr\">\u201cThis is it, this is happening\u201d<br>Tickets on sale this Saturday 31st August (\ud83c\uddee\ud83c\uddea8AM IST \/ \ud83c\uddec\ud83c\udde79AM BST)<br>Dates:<br>Cardiff Principality Stadium &#8211; 4th\/5th July<br>Manchester Heaton Park &#8211; 11th\/12th\/19th\/20th July<br>London Wembley Stadium &#8211; 25th\/26th July &amp; 2nd\/3rd August<br>Edinburgh Scottish Gas\u2026 <a href=\"https:\/\/t.co\/5hRQ3sJihb\">pic.twitter.com\/5hRQ3sJihb<\/a><\/p>&mdash; Oasis (@oasis) <a href=\"https:\/\/twitter.com\/oasis\/status\/1828326826655068657?ref_src=twsrc%5Etfw\">August 27, 2024<\/a><\/blockquote><script async src=\"https:\/\/platform.twitter.com\/widgets.js\" charset=\"utf-8\"><\/script>\n<\/div><\/figure>\n\n\n\n<p>La banda, cuyo \u00e1lbum debut &#8220;<strong>Definitely Maybe<\/strong>&#8221; fue lanzado hace 30 a\u00f1os, se&nbsp;<strong>separ\u00f3<\/strong>&nbsp;en 2009 cuando el guitarrista y compositor principal Noel dijo que ya no pod\u00eda trabajar con Liam, el l\u00edder de la banda.<\/p>\n\n\n\n<p>&#8220;Esto est\u00e1 sucediendo&#8221;, dijo la banda en la red social X, anunciando que las\u00a0<strong>entradas<\/strong>\u00a0se pondr\u00edan a la venta el s\u00e1bado. El primer concierto tendr\u00e1 lugar en la ciudad galesa de Cardiff el 4 de julio del pr\u00f3ximo a\u00f1o.<\/p>\n\n\n\n<p>Oasis dijo que tocar\u00eda un total de 14&nbsp;<strong>conciertos<\/strong>&nbsp;en Cardiff,&nbsp;<strong>Manchester<\/strong>&nbsp;\u2014donde la banda se form\u00f3 en 1991\u2014, Londres, Edimburgo y Dubl\u00edn, en la primera etapa de una gira mundial.<\/p>\n\n\n\n<figure class=\"wp-block-embed is-type-video is-provider-youtube wp-block-embed-youtube wp-embed-aspect-16-9 wp-has-aspect-ratio\"><div class=\"wp-block-embed__wrapper\">\n<iframe loading=\"lazy\" title=\"Oasis - Oasis Live &#039;25 [Official Trailer]\" width=\"640\" height=\"360\" src=\"https:\/\/www.youtube.com\/embed\/gol_JnuEtKM?feature=oembed\" frameborder=\"0\" allow=\"accelerometer; autoplay; clipboard-write; encrypted-media; gyroscope; picture-in-picture; web-share\" referrerpolicy=\"strict-origin-when-cross-origin\" allowfullscreen><\/iframe>\n<\/div><\/figure>\n\n\n\n<p>&#8220;Las armas callaron. Las estrellas se alinearon. La gran espera ha terminado. Vengan a verlo. No ser\u00e1&nbsp;<strong>televisado<\/strong>&#8220;, afirm\u00f3&nbsp;la banda en un comunicado publicado en su p\u00e1gina web.<\/p>\n\n\n\n<p>El anuncio del martes ocurre despu\u00e9s de un fin de semana de especulaciones sobre una\u00a0<strong>reuni\u00f3n<\/strong>, que seg\u00fan la plataforma de streaming musical\u00a0<strong>Spotify<\/strong>\u00a0hab\u00eda provocado un aumento del 160% en las\u00a0<strong>reproducciones<\/strong>\u00a0globales durante un periodo de dos horas el lunes en comparaci\u00f3n con la semana anterior.<\/p>\n\n\n\n<figure class=\"wp-block-image size-large\"><img loading=\"lazy\" decoding=\"async\" width=\"1024\" height=\"1011\" src=\"https:\/\/quehacerpolitico.mx\/wp-content\/uploads\/2024\/08\/image-70-1024x1011.jpeg\" alt=\"\" class=\"wp-image-112231\" srcset=\"https:\/\/quehacerpolitico.mx\/wp-content\/uploads\/2024\/08\/image-70-1024x1011.jpeg 1024w, https:\/\/quehacerpolitico.mx\/wp-content\/uploads\/2024\/08\/image-70-300x296.jpeg 300w, https:\/\/quehacerpolitico.mx\/wp-content\/uploads\/2024\/08\/image-70-768x758.jpeg 768w, https:\/\/quehacerpolitico.mx\/wp-content\/uploads\/2024\/08\/image-70-148x146.jpeg 148w, https:\/\/quehacerpolitico.mx\/wp-content\/uploads\/2024\/08\/image-70-50x50.jpeg 50w, https:\/\/quehacerpolitico.mx\/wp-content\/uploads\/2024\/08\/image-70-76x75.jpeg 76w, https:\/\/quehacerpolitico.mx\/wp-content\/uploads\/2024\/08\/image-70-85x85.jpeg 85w, https:\/\/quehacerpolitico.mx\/wp-content\/uploads\/2024\/08\/image-70-80x80.jpeg 80w, https:\/\/quehacerpolitico.mx\/wp-content\/uploads\/2024\/08\/image-70.jpeg 1284w\" sizes=\"auto, (max-width: 1024px) 100vw, 1024px\" \/><figcaption class=\"wp-element-caption\">Screenshot<\/figcaption><\/figure>\n\n\n\n<p>La gira en 2025 marcar\u00e1 el&nbsp;aniversario n\u00famero 30 del segundo \u00e1lbum de Oasis &#8220;(What&#8217;s the Story) Morning Glory?&#8221;, que incluye los sencillos &#8220;Don&#8217;t Look Back in Anger&#8221; y &#8220;<strong>Wonderwall<\/strong>&#8220;.&nbsp;<\/p>\n\n\n\n<p>El lanzamiento de &#8220;Roll with It&#8221; del \u00e1lbum en agosto de 1995 puso a Oasis frente a frente con &#8220;<strong>Country<\/strong>\u00a0<strong>House<\/strong>&#8221; de su rival Blur en una batalla en las listas que fue aprovechada por los medios de comunicaci\u00f3n.\u00a0<strong>Blur<\/strong>\u00a0gan\u00f3 el codiciado n\u00famero uno.<\/p>\n\n\n\n<figure class=\"wp-block-embed is-type-video is-provider-youtube wp-block-embed-youtube wp-embed-aspect-16-9 wp-has-aspect-ratio\"><div class=\"wp-block-embed__wrapper\">\n<iframe loading=\"lazy\" title=\"OASIS | Nueva gira de los hermanos Gallagher: \u00bfPor qu\u00e9 ahora? | EL PA\u00cdS\" width=\"640\" height=\"360\" src=\"https:\/\/www.youtube.com\/embed\/7JmtW4VGkn8?feature=oembed\" frameborder=\"0\" allow=\"accelerometer; autoplay; clipboard-write; encrypted-media; gyroscope; picture-in-picture; web-share\" referrerpolicy=\"strict-origin-when-cross-origin\" allowfullscreen><\/iframe>\n<\/div><\/figure>\n\n\n\n<p>&#8220;(What&#8217;s the Story) Morning Glory&#8221; lleg\u00f3 a vender m\u00e1s de 22 millones de&nbsp;<strong>copias<\/strong>&nbsp;en todo el mundo, convirti\u00e9ndose en el&nbsp;<strong>\u00e1lbum<\/strong>m\u00e1s vendido de la d\u00e9cada de 1990 en Reino Unido y el gran \u00e9xito de la banda en Estados Unidos.&nbsp;<\/p>\n\n\n\n<p>Los&nbsp;<strong>hermanos<\/strong>&nbsp;Gallagher se enfrentaron a menudo durante las giras de la banda en los 90 y su hostilidad continu\u00f3 despu\u00e9s.&nbsp;<\/p>\n\n\n\n<p>&#8220;\u00c9l cree que es el\u00a0<strong>hombre<\/strong>\u00a0y yo creo que soy el hombre, \u00bfsabes lo que quiero decir?&#8221;, dijo Liam en 2017.<\/p>\n\n\n\n<p>Con informaci\u00f3n de Reuters<\/p>\n","protected":false},"excerpt":{"rendered":"<p>Por Redacci\u00f3n QP &#8220;Las armas callaron. Las estrellas se alinearon. La gran espera ha terminado&#8230;.<\/p>\n","protected":false},"author":2,"featured_media":112230,"comment_status":"open","ping_status":"open","sticky":false,"template":"","format":"standard","meta":{"_monsterinsights_skip_tracking":false,"_monsterinsights_sitenote_active":false,"_monsterinsights_sitenote_note":"","_monsterinsights_sitenote_category":0,"footnotes":""},"categories":[58],"tags":[],"class_list":["post-112229","post","type-post","status-publish","format-standard","has-post-thumbnail","hentry","category-cultura"],"yoast_head":"<!-- This site is optimized with the Yoast SEO plugin v27.3 - https:\/\/yoast.com\/product\/yoast-seo-wordpress\/ -->\n<title>Oasis anuncia su regreso a los escenarios: confirma 14 presentaciones en 2025 -<\/title>\n<meta name=\"robots\" content=\"index, follow, max-snippet:-1, max-image-preview:large, max-video-preview:-1\" \/>\n<link rel=\"canonical\" href=\"https:\/\/quehacerpolitico.mx\/?p=112229\" \/>\n<meta property=\"og:locale\" content=\"es_MX\" \/>\n<meta property=\"og:type\" content=\"article\" \/>\n<meta property=\"og:title\" content=\"Oasis anuncia su regreso a los escenarios: confirma 14 presentaciones en 2025 -\" \/>\n<meta property=\"og:description\" content=\"Por Redacci\u00f3n QP &#8220;Las armas callaron. Las estrellas se alinearon. La gran espera ha terminado....\" \/>\n<meta property=\"og:url\" content=\"https:\/\/quehacerpolitico.mx\/?p=112229\" \/>\n<meta property=\"article:published_time\" content=\"2024-08-28T04:40:52+00:00\" \/>\n<meta property=\"article:modified_time\" content=\"2024-08-28T04:40:55+00:00\" \/>\n<meta property=\"og:image\" content=\"https:\/\/quehacerpolitico.mx\/wp-content\/uploads\/2024\/08\/IMG_7768.jpeg\" \/>\n\t<meta property=\"og:image:width\" content=\"686\" \/>\n\t<meta property=\"og:image:height\" content=\"386\" \/>\n\t<meta property=\"og:image:type\" content=\"image\/jpeg\" \/>\n<meta name=\"author\" content=\"Redacci\u00f3n QP\" \/>\n<meta name=\"twitter:card\" content=\"summary_large_image\" \/>\n<meta name=\"twitter:label1\" content=\"Escrito por\" \/>\n\t<meta name=\"twitter:data1\" content=\"Redacci\u00f3n QP\" \/>\n\t<meta name=\"twitter:label2\" content=\"Tiempo de lectura\" \/>\n\t<meta name=\"twitter:data2\" content=\"2 minutos\" \/>\n<script type=\"application\/ld+json\" class=\"yoast-schema-graph\">{\"@context\":\"https:\\\/\\\/schema.org\",\"@graph\":[{\"@type\":\"Article\",\"@id\":\"https:\\\/\\\/quehacerpolitico.mx\\\/?p=112229#article\",\"isPartOf\":{\"@id\":\"https:\\\/\\\/quehacerpolitico.mx\\\/?p=112229\"},\"author\":{\"name\":\"Redacci\u00f3n QP\",\"@id\":\"https:\\\/\\\/quehacerpolitico.mx\\\/#\\\/schema\\\/person\\\/496d8ad2d1d3f8036101dca7ee39e585\"},\"headline\":\"Oasis anuncia su regreso a los escenarios: confirma 14 presentaciones en 2025\",\"datePublished\":\"2024-08-28T04:40:52+00:00\",\"dateModified\":\"2024-08-28T04:40:55+00:00\",\"mainEntityOfPage\":{\"@id\":\"https:\\\/\\\/quehacerpolitico.mx\\\/?p=112229\"},\"wordCount\":484,\"commentCount\":0,\"image\":{\"@id\":\"https:\\\/\\\/quehacerpolitico.mx\\\/?p=112229#primaryimage\"},\"thumbnailUrl\":\"https:\\\/\\\/quehacerpolitico.mx\\\/wp-content\\\/uploads\\\/2024\\\/08\\\/IMG_7768.jpeg\",\"articleSection\":[\"Cultura y Entretenimiento\"],\"inLanguage\":\"es\",\"potentialAction\":[{\"@type\":\"CommentAction\",\"name\":\"Comment\",\"target\":[\"https:\\\/\\\/quehacerpolitico.mx\\\/?p=112229#respond\"]}]},{\"@type\":\"WebPage\",\"@id\":\"https:\\\/\\\/quehacerpolitico.mx\\\/?p=112229\",\"url\":\"https:\\\/\\\/quehacerpolitico.mx\\\/?p=112229\",\"name\":\"Oasis anuncia su regreso a los escenarios: confirma 14 presentaciones en 2025 -\",\"isPartOf\":{\"@id\":\"https:\\\/\\\/quehacerpolitico.mx\\\/#website\"},\"primaryImageOfPage\":{\"@id\":\"https:\\\/\\\/quehacerpolitico.mx\\\/?p=112229#primaryimage\"},\"image\":{\"@id\":\"https:\\\/\\\/quehacerpolitico.mx\\\/?p=112229#primaryimage\"},\"thumbnailUrl\":\"https:\\\/\\\/quehacerpolitico.mx\\\/wp-content\\\/uploads\\\/2024\\\/08\\\/IMG_7768.jpeg\",\"datePublished\":\"2024-08-28T04:40:52+00:00\",\"dateModified\":\"2024-08-28T04:40:55+00:00\",\"author\":{\"@id\":\"https:\\\/\\\/quehacerpolitico.mx\\\/#\\\/schema\\\/person\\\/496d8ad2d1d3f8036101dca7ee39e585\"},\"breadcrumb\":{\"@id\":\"https:\\\/\\\/quehacerpolitico.mx\\\/?p=112229#breadcrumb\"},\"inLanguage\":\"es\",\"potentialAction\":[{\"@type\":\"ReadAction\",\"target\":[\"https:\\\/\\\/quehacerpolitico.mx\\\/?p=112229\"]}]},{\"@type\":\"ImageObject\",\"inLanguage\":\"es\",\"@id\":\"https:\\\/\\\/quehacerpolitico.mx\\\/?p=112229#primaryimage\",\"url\":\"https:\\\/\\\/quehacerpolitico.mx\\\/wp-content\\\/uploads\\\/2024\\\/08\\\/IMG_7768.jpeg\",\"contentUrl\":\"https:\\\/\\\/quehacerpolitico.mx\\\/wp-content\\\/uploads\\\/2024\\\/08\\\/IMG_7768.jpeg\",\"width\":686,\"height\":386},{\"@type\":\"BreadcrumbList\",\"@id\":\"https:\\\/\\\/quehacerpolitico.mx\\\/?p=112229#breadcrumb\",\"itemListElement\":[{\"@type\":\"ListItem\",\"position\":1,\"name\":\"Inicio\",\"item\":\"https:\\\/\\\/quehacerpolitico.mx\\\/\"},{\"@type\":\"ListItem\",\"position\":2,\"name\":\"Oasis anuncia su regreso a los escenarios: confirma 14 presentaciones en 2025\"}]},{\"@type\":\"WebSite\",\"@id\":\"https:\\\/\\\/quehacerpolitico.mx\\\/#website\",\"url\":\"https:\\\/\\\/quehacerpolitico.mx\\\/\",\"name\":\"\",\"description\":\"\",\"potentialAction\":[{\"@type\":\"SearchAction\",\"target\":{\"@type\":\"EntryPoint\",\"urlTemplate\":\"https:\\\/\\\/quehacerpolitico.mx\\\/?s={search_term_string}\"},\"query-input\":{\"@type\":\"PropertyValueSpecification\",\"valueRequired\":true,\"valueName\":\"search_term_string\"}}],\"inLanguage\":\"es\"},{\"@type\":\"Person\",\"@id\":\"https:\\\/\\\/quehacerpolitico.mx\\\/#\\\/schema\\\/person\\\/496d8ad2d1d3f8036101dca7ee39e585\",\"name\":\"Redacci\u00f3n QP\",\"image\":{\"@type\":\"ImageObject\",\"inLanguage\":\"es\",\"@id\":\"https:\\\/\\\/secure.gravatar.com\\\/avatar\\\/c7164ed6fdec453195284ad24a5ae5b6e1eed2b848477fa2a4787ba9adf39a41?s=96&d=mm&r=g\",\"url\":\"https:\\\/\\\/secure.gravatar.com\\\/avatar\\\/c7164ed6fdec453195284ad24a5ae5b6e1eed2b848477fa2a4787ba9adf39a41?s=96&d=mm&r=g\",\"contentUrl\":\"https:\\\/\\\/secure.gravatar.com\\\/avatar\\\/c7164ed6fdec453195284ad24a5ae5b6e1eed2b848477fa2a4787ba9adf39a41?s=96&d=mm&r=g\",\"caption\":\"Redacci\u00f3n QP\"},\"url\":\"https:\\\/\\\/quehacerpolitico.mx\\\/?author=2\"}]}<\/script>\n<!-- \/ Yoast SEO plugin. -->","yoast_head_json":{"title":"Oasis anuncia su regreso a los escenarios: confirma 14 presentaciones en 2025 -","robots":{"index":"index","follow":"follow","max-snippet":"max-snippet:-1","max-image-preview":"max-image-preview:large","max-video-preview":"max-video-preview:-1"},"canonical":"https:\/\/quehacerpolitico.mx\/?p=112229","og_locale":"es_MX","og_type":"article","og_title":"Oasis anuncia su regreso a los escenarios: confirma 14 presentaciones en 2025 -","og_description":"Por Redacci\u00f3n QP &#8220;Las armas callaron. Las estrellas se alinearon. La gran espera ha terminado....","og_url":"https:\/\/quehacerpolitico.mx\/?p=112229","article_published_time":"2024-08-28T04:40:52+00:00","article_modified_time":"2024-08-28T04:40:55+00:00","og_image":[{"width":686,"height":386,"url":"https:\/\/quehacerpolitico.mx\/wp-content\/uploads\/2024\/08\/IMG_7768.jpeg","type":"image\/jpeg"}],"author":"Redacci\u00f3n QP","twitter_card":"summary_large_image","twitter_misc":{"Escrito por":"Redacci\u00f3n QP","Tiempo de lectura":"2 minutos"},"schema":{"@context":"https:\/\/schema.org","@graph":[{"@type":"Article","@id":"https:\/\/quehacerpolitico.mx\/?p=112229#article","isPartOf":{"@id":"https:\/\/quehacerpolitico.mx\/?p=112229"},"author":{"name":"Redacci\u00f3n QP","@id":"https:\/\/quehacerpolitico.mx\/#\/schema\/person\/496d8ad2d1d3f8036101dca7ee39e585"},"headline":"Oasis anuncia su regreso a los escenarios: confirma 14 presentaciones en 2025","datePublished":"2024-08-28T04:40:52+00:00","dateModified":"2024-08-28T04:40:55+00:00","mainEntityOfPage":{"@id":"https:\/\/quehacerpolitico.mx\/?p=112229"},"wordCount":484,"commentCount":0,"image":{"@id":"https:\/\/quehacerpolitico.mx\/?p=112229#primaryimage"},"thumbnailUrl":"https:\/\/quehacerpolitico.mx\/wp-content\/uploads\/2024\/08\/IMG_7768.jpeg","articleSection":["Cultura y Entretenimiento"],"inLanguage":"es","potentialAction":[{"@type":"CommentAction","name":"Comment","target":["https:\/\/quehacerpolitico.mx\/?p=112229#respond"]}]},{"@type":"WebPage","@id":"https:\/\/quehacerpolitico.mx\/?p=112229","url":"https:\/\/quehacerpolitico.mx\/?p=112229","name":"Oasis anuncia su regreso a los escenarios: confirma 14 presentaciones en 2025 -","isPartOf":{"@id":"https:\/\/quehacerpolitico.mx\/#website"},"primaryImageOfPage":{"@id":"https:\/\/quehacerpolitico.mx\/?p=112229#primaryimage"},"image":{"@id":"https:\/\/quehacerpolitico.mx\/?p=112229#primaryimage"},"thumbnailUrl":"https:\/\/quehacerpolitico.mx\/wp-content\/uploads\/2024\/08\/IMG_7768.jpeg","datePublished":"2024-08-28T04:40:52+00:00","dateModified":"2024-08-28T04:40:55+00:00","author":{"@id":"https:\/\/quehacerpolitico.mx\/#\/schema\/person\/496d8ad2d1d3f8036101dca7ee39e585"},"breadcrumb":{"@id":"https:\/\/quehacerpolitico.mx\/?p=112229#breadcrumb"},"inLanguage":"es","potentialAction":[{"@type":"ReadAction","target":["https:\/\/quehacerpolitico.mx\/?p=112229"]}]},{"@type":"ImageObject","inLanguage":"es","@id":"https:\/\/quehacerpolitico.mx\/?p=112229#primaryimage","url":"https:\/\/quehacerpolitico.mx\/wp-content\/uploads\/2024\/08\/IMG_7768.jpeg","contentUrl":"https:\/\/quehacerpolitico.mx\/wp-content\/uploads\/2024\/08\/IMG_7768.jpeg","width":686,"height":386},{"@type":"BreadcrumbList","@id":"https:\/\/quehacerpolitico.mx\/?p=112229#breadcrumb","itemListElement":[{"@type":"ListItem","position":1,"name":"Inicio","item":"https:\/\/quehacerpolitico.mx\/"},{"@type":"ListItem","position":2,"name":"Oasis anuncia su regreso a los escenarios: confirma 14 presentaciones en 2025"}]},{"@type":"WebSite","@id":"https:\/\/quehacerpolitico.mx\/#website","url":"https:\/\/quehacerpolitico.mx\/","name":"","description":"","potentialAction":[{"@type":"SearchAction","target":{"@type":"EntryPoint","urlTemplate":"https:\/\/quehacerpolitico.mx\/?s={search_term_string}"},"query-input":{"@type":"PropertyValueSpecification","valueRequired":true,"valueName":"search_term_string"}}],"inLanguage":"es"},{"@type":"Person","@id":"https:\/\/quehacerpolitico.mx\/#\/schema\/person\/496d8ad2d1d3f8036101dca7ee39e585","name":"Redacci\u00f3n QP","image":{"@type":"ImageObject","inLanguage":"es","@id":"https:\/\/secure.gravatar.com\/avatar\/c7164ed6fdec453195284ad24a5ae5b6e1eed2b848477fa2a4787ba9adf39a41?s=96&d=mm&r=g","url":"https:\/\/secure.gravatar.com\/avatar\/c7164ed6fdec453195284ad24a5ae5b6e1eed2b848477fa2a4787ba9adf39a41?s=96&d=mm&r=g","contentUrl":"https:\/\/secure.gravatar.com\/avatar\/c7164ed6fdec453195284ad24a5ae5b6e1eed2b848477fa2a4787ba9adf39a41?s=96&d=mm&r=g","caption":"Redacci\u00f3n QP"},"url":"https:\/\/quehacerpolitico.mx\/?author=2"}]}},"featured_image_urls":{"full":["https:\/\/quehacerpolitico.mx\/wp-content\/uploads\/2024\/08\/IMG_7768.jpeg",686,386,false],"thumbnail":["https:\/\/quehacerpolitico.mx\/wp-content\/uploads\/2024\/08\/IMG_7768-150x150.jpeg",150,150,true],"medium":["https:\/\/quehacerpolitico.mx\/wp-content\/uploads\/2024\/08\/IMG_7768-300x169.jpeg",300,169,true],"medium_large":["https:\/\/quehacerpolitico.mx\/wp-content\/uploads\/2024\/08\/IMG_7768.jpeg",640,360,false],"large":["https:\/\/quehacerpolitico.mx\/wp-content\/uploads\/2024\/08\/IMG_7768.jpeg",640,360,false],"1536x1536":["https:\/\/quehacerpolitico.mx\/wp-content\/uploads\/2024\/08\/IMG_7768.jpeg",686,386,false],"2048x2048":["https:\/\/quehacerpolitico.mx\/wp-content\/uploads\/2024\/08\/IMG_7768.jpeg",686,386,false],"covernews-featured":["https:\/\/quehacerpolitico.mx\/wp-content\/uploads\/2024\/08\/IMG_7768.jpeg",686,386,false],"covernews-medium":["https:\/\/quehacerpolitico.mx\/wp-content\/uploads\/2024\/08\/IMG_7768.jpeg",540,304,false]},"author_info":{"display_name":"Redacci\u00f3n QP","author_link":"https:\/\/quehacerpolitico.mx\/?author=2"},"category_info":"<a href=\"https:\/\/quehacerpolitico.mx\/?cat=58\" rel=\"category\">Cultura y Entretenimiento<\/a>","tag_info":"Cultura y Entretenimiento","comment_count":"0","_links":{"self":[{"href":"https:\/\/quehacerpolitico.mx\/index.php?rest_route=\/wp\/v2\/posts\/112229","targetHints":{"allow":["GET"]}}],"collection":[{"href":"https:\/\/quehacerpolitico.mx\/index.php?rest_route=\/wp\/v2\/posts"}],"about":[{"href":"https:\/\/quehacerpolitico.mx\/index.php?rest_route=\/wp\/v2\/types\/post"}],"author":[{"embeddable":true,"href":"https:\/\/quehacerpolitico.mx\/index.php?rest_route=\/wp\/v2\/users\/2"}],"replies":[{"embeddable":true,"href":"https:\/\/quehacerpolitico.mx\/index.php?rest_route=%2Fwp%2Fv2%2Fcomments&post=112229"}],"version-history":[{"count":1,"href":"https:\/\/quehacerpolitico.mx\/index.php?rest_route=\/wp\/v2\/posts\/112229\/revisions"}],"predecessor-version":[{"id":112232,"href":"https:\/\/quehacerpolitico.mx\/index.php?rest_route=\/wp\/v2\/posts\/112229\/revisions\/112232"}],"wp:featuredmedia":[{"embeddable":true,"href":"https:\/\/quehacerpolitico.mx\/index.php?rest_route=\/wp\/v2\/media\/112230"}],"wp:attachment":[{"href":"https:\/\/quehacerpolitico.mx\/index.php?rest_route=%2Fwp%2Fv2%2Fmedia&parent=112229"}],"wp:term":[{"taxonomy":"category","embeddable":true,"href":"https:\/\/quehacerpolitico.mx\/index.php?rest_route=%2Fwp%2Fv2%2Fcategories&post=112229"},{"taxonomy":"post_tag","embeddable":true,"href":"https:\/\/quehacerpolitico.mx\/index.php?rest_route=%2Fwp%2Fv2%2Ftags&post=112229"}],"curies":[{"name":"wp","href":"https:\/\/api.w.org\/{rel}","templated":true}]}}