{"id":112221,"date":"2024-08-28T03:46:40","date_gmt":"2024-08-28T03:46:40","guid":{"rendered":"https:\/\/quehacerpolitico.mx\/?p=112221"},"modified":"2024-08-28T03:46:43","modified_gmt":"2024-08-28T03:46:43","slug":"el-quehacer-politico-internacional-a-traves-de-la-opinion-carolina-alonso-romei-gobierno-de-maduro-afirma-que-venezuela-fue-objeto-de-un-ataque-terrorista-contra-su-sistema-electrico","status":"publish","type":"post","link":"https:\/\/quehacerpolitico.mx\/?p=112221","title":{"rendered":"El Quehacer Pol\u00edtico Internacional a trav\u00e9s de la opini\u00f3n\/\/\/Carolina Alonso Romei\/\/\/Gobierno de Maduro afirma que Venezuela fue objeto de un &#8220;ataque terrorista&#8221; contra su sistema el\u00e9ctrico"},"content":{"rendered":"\n<p>Por Carolina Alonso Romei<\/p>\n\n\n\n<p>Internacionalista <\/p>\n\n\n\n<p>El ministro Diosdado Cabello dijo que esta es una de las estrategias que ha usado la oposici\u00f3n para tratar de afectar a la poblaci\u00f3n, sin mostrar evidencia de la acusaci\u00f3n<\/p>\n\n\n\n<p>El ministro de Interior de Venezuela,&nbsp;<strong>Diosdado Cabello,<\/strong>&nbsp;denunci\u00f3 este martes un &#8220;ataque terrorista&#8221; contra el sistema el\u00e9ctrico nacional que afect\u00f3, dijo, varias regiones de la naci\u00f3n caribe\u00f1a, por lo que acus\u00f3 a &#8220;sectores opositores&#8221;.<\/p>\n\n\n\n<p>&#8220;A las 7:16&nbsp;de esta noche hubo un ataque terrorista al servicio el\u00e9ctrico nacional (&#8230;) y que ha afectado los estados T\u00e1chira, M\u00e9rida, Barinas, Zulia, Falc\u00f3n, Nueva Esparta y, parcialmente, sectores de La Guaira, Miranda y Caracas&#8221;, dijo Cabello en un contacto telef\u00f3nico con el canal estatal&nbsp;<em>VTV.<\/em><\/p>\n\n\n\n<p>El ministro dijo que esta es una de las estrategias que&nbsp;<strong>han usado &#8220;sectores opositores&#8221;&nbsp;<\/strong>para &#8220;tratar de afectar a la poblaci\u00f3n&#8221;, sin mostrar evidencia de la acusaci\u00f3n.<\/p>\n\n\n\n<p>&#8220;Alertamos a nuestro pueblo de estar atento en cada rinc\u00f3n de Venezuela y que, por favor, cualquier situaci\u00f3n anormal la denuncien y no duden que nosotros vamos a tomar las acciones de manera inmediata&#8221;, a\u00f1adi\u00f3.<\/p>\n\n\n\n<p>Asimismo, dijo que los organismos de seguridad del Estado est\u00e1n desplegados junto a los trabajadores del sistema el\u00e9ctrico, al tiempo que se\u00f1al\u00f3 que<strong>&nbsp;el servicio ya ha sido restablecido<\/strong>&nbsp;en varios lugares, sin especificar.<\/p>\n\n\n\n<figure class=\"wp-block-image size-full\"><img loading=\"lazy\" decoding=\"async\" width=\"623\" height=\"423\" src=\"https:\/\/quehacerpolitico.mx\/wp-content\/uploads\/2024\/08\/image-68.jpeg\" alt=\"\" class=\"wp-image-112223\" srcset=\"https:\/\/quehacerpolitico.mx\/wp-content\/uploads\/2024\/08\/image-68.jpeg 623w, https:\/\/quehacerpolitico.mx\/wp-content\/uploads\/2024\/08\/image-68-300x204.jpeg 300w, https:\/\/quehacerpolitico.mx\/wp-content\/uploads\/2024\/08\/image-68-215x146.jpeg 215w, https:\/\/quehacerpolitico.mx\/wp-content\/uploads\/2024\/08\/image-68-50x34.jpeg 50w, https:\/\/quehacerpolitico.mx\/wp-content\/uploads\/2024\/08\/image-68-110x75.jpeg 110w\" sizes=\"auto, (max-width: 623px) 100vw, 623px\" \/><\/figure>\n\n\n\n<p>&#8220;Puede tener la seguridad el pueblo de Venezuela que la respuesta ser\u00e1 contundente contra aquellos que andan generando violencia, que andan generando hechos terroristas, que est\u00e1n atacando los servicios p\u00fablicos, que son de necesidad extrema para todo el pueblo de Venezuela&#8221;, sostuvo.<\/p>\n\n\n\n<p>A trav\u00e9s de X, los venezolanos reportaron<strong>fallas en el servicio el\u00e9ctrico&nbsp;<\/strong>en diversos estados del pa\u00eds como Lara, Nueva Esparta, Carabobo, M\u00e9rida, Anzo\u00e1tegui, Trujillo, Cojedes, Falc\u00f3n, Aragua, Bol\u00edvar, Yaracuy, as\u00ed como en Caracas.<\/p>\n\n\n\n<p>El gobierno venezolano suele achacar las fallas en el sistema el\u00e9ctrico que enfrenta la naci\u00f3n desde hace a\u00f1os a ataques programados, fundamentalmente,<strong>&nbsp;desde Estados Unidos<\/strong>, a la oposici\u00f3n y a las sanciones internacionales.<\/p>\n\n\n\n<p>Sin embargo, para expertos consultados por&nbsp;<em>EFE<\/em>, la crisis es el resultado de la&nbsp;<strong>falta de mantenimiento<\/strong>&nbsp;e inversi\u00f3n en el sistema.<\/p>\n\n\n\n<p>Con informaci\u00f3n de EFE<\/p>\n","protected":false},"excerpt":{"rendered":"<p>Por Carolina Alonso Romei Internacionalista El ministro Diosdado Cabello dijo que esta es una de&#8230;<\/p>\n","protected":false},"author":2,"featured_media":112222,"comment_status":"open","ping_status":"open","sticky":false,"template":"","format":"standard","meta":{"_monsterinsights_skip_tracking":false,"_monsterinsights_sitenote_active":false,"_monsterinsights_sitenote_note":"","_monsterinsights_sitenote_category":0,"footnotes":""},"categories":[1],"tags":[],"class_list":["post-112221","post","type-post","status-publish","format-standard","has-post-thumbnail","hentry","category-sin-categoria"],"yoast_head":"<!-- This site is optimized with the Yoast SEO plugin v27.3 - https:\/\/yoast.com\/product\/yoast-seo-wordpress\/ -->\n<title>El Quehacer Pol\u00edtico Internacional a trav\u00e9s de la opini\u00f3n\/\/\/Carolina Alonso Romei\/\/\/Gobierno de Maduro afirma que Venezuela fue objeto de un &quot;ataque terrorista&quot; contra su sistema el\u00e9ctrico -<\/title>\n<meta name=\"robots\" content=\"index, follow, max-snippet:-1, max-image-preview:large, max-video-preview:-1\" \/>\n<link rel=\"canonical\" href=\"https:\/\/quehacerpolitico.mx\/?p=112221\" \/>\n<meta property=\"og:locale\" content=\"es_MX\" \/>\n<meta property=\"og:type\" content=\"article\" \/>\n<meta property=\"og:title\" content=\"El Quehacer Pol\u00edtico Internacional a trav\u00e9s de la opini\u00f3n\/\/\/Carolina Alonso Romei\/\/\/Gobierno de Maduro afirma que Venezuela fue objeto de un &quot;ataque terrorista&quot; contra su sistema el\u00e9ctrico -\" \/>\n<meta property=\"og:description\" content=\"Por Carolina Alonso Romei Internacionalista El ministro Diosdado Cabello dijo que esta es una de...\" \/>\n<meta property=\"og:url\" content=\"https:\/\/quehacerpolitico.mx\/?p=112221\" \/>\n<meta property=\"article:published_time\" content=\"2024-08-28T03:46:40+00:00\" \/>\n<meta property=\"article:modified_time\" content=\"2024-08-28T03:46:43+00:00\" \/>\n<meta property=\"og:image\" content=\"https:\/\/quehacerpolitico.mx\/wp-content\/uploads\/2024\/08\/03fa6135-c3fe-44b7-8e96-c6ca323ffebb-13.jpeg\" \/>\n\t<meta property=\"og:image:width\" content=\"963\" \/>\n\t<meta property=\"og:image:height\" content=\"493\" \/>\n\t<meta property=\"og:image:type\" content=\"image\/jpeg\" \/>\n<meta name=\"author\" content=\"Redacci\u00f3n QP\" \/>\n<meta name=\"twitter:card\" content=\"summary_large_image\" \/>\n<meta name=\"twitter:label1\" content=\"Escrito por\" \/>\n\t<meta name=\"twitter:data1\" content=\"Redacci\u00f3n QP\" \/>\n\t<meta name=\"twitter:label2\" content=\"Tiempo de lectura\" \/>\n\t<meta name=\"twitter:data2\" content=\"2 minutos\" \/>\n<script type=\"application\/ld+json\" class=\"yoast-schema-graph\">{\"@context\":\"https:\\\/\\\/schema.org\",\"@graph\":[{\"@type\":\"Article\",\"@id\":\"https:\\\/\\\/quehacerpolitico.mx\\\/?p=112221#article\",\"isPartOf\":{\"@id\":\"https:\\\/\\\/quehacerpolitico.mx\\\/?p=112221\"},\"author\":{\"name\":\"Redacci\u00f3n QP\",\"@id\":\"https:\\\/\\\/quehacerpolitico.mx\\\/#\\\/schema\\\/person\\\/496d8ad2d1d3f8036101dca7ee39e585\"},\"headline\":\"El Quehacer Pol\u00edtico Internacional a trav\u00e9s de la opini\u00f3n\\\/\\\/\\\/Carolina Alonso Romei\\\/\\\/\\\/Gobierno de Maduro afirma que Venezuela fue objeto de un &#8220;ataque terrorista&#8221; contra su sistema el\u00e9ctrico\",\"datePublished\":\"2024-08-28T03:46:40+00:00\",\"dateModified\":\"2024-08-28T03:46:43+00:00\",\"mainEntityOfPage\":{\"@id\":\"https:\\\/\\\/quehacerpolitico.mx\\\/?p=112221\"},\"wordCount\":426,\"commentCount\":0,\"image\":{\"@id\":\"https:\\\/\\\/quehacerpolitico.mx\\\/?p=112221#primaryimage\"},\"thumbnailUrl\":\"https:\\\/\\\/quehacerpolitico.mx\\\/wp-content\\\/uploads\\\/2024\\\/08\\\/03fa6135-c3fe-44b7-8e96-c6ca323ffebb-13.jpeg\",\"articleSection\":[\"Internacionales\"],\"inLanguage\":\"es\",\"potentialAction\":[{\"@type\":\"CommentAction\",\"name\":\"Comment\",\"target\":[\"https:\\\/\\\/quehacerpolitico.mx\\\/?p=112221#respond\"]}]},{\"@type\":\"WebPage\",\"@id\":\"https:\\\/\\\/quehacerpolitico.mx\\\/?p=112221\",\"url\":\"https:\\\/\\\/quehacerpolitico.mx\\\/?p=112221\",\"name\":\"El Quehacer Pol\u00edtico Internacional a trav\u00e9s de la opini\u00f3n\\\/\\\/\\\/Carolina Alonso Romei\\\/\\\/\\\/Gobierno de Maduro afirma que Venezuela fue objeto de un \\\"ataque terrorista\\\" contra su sistema el\u00e9ctrico -\",\"isPartOf\":{\"@id\":\"https:\\\/\\\/quehacerpolitico.mx\\\/#website\"},\"primaryImageOfPage\":{\"@id\":\"https:\\\/\\\/quehacerpolitico.mx\\\/?p=112221#primaryimage\"},\"image\":{\"@id\":\"https:\\\/\\\/quehacerpolitico.mx\\\/?p=112221#primaryimage\"},\"thumbnailUrl\":\"https:\\\/\\\/quehacerpolitico.mx\\\/wp-content\\\/uploads\\\/2024\\\/08\\\/03fa6135-c3fe-44b7-8e96-c6ca323ffebb-13.jpeg\",\"datePublished\":\"2024-08-28T03:46:40+00:00\",\"dateModified\":\"2024-08-28T03:46:43+00:00\",\"author\":{\"@id\":\"https:\\\/\\\/quehacerpolitico.mx\\\/#\\\/schema\\\/person\\\/496d8ad2d1d3f8036101dca7ee39e585\"},\"breadcrumb\":{\"@id\":\"https:\\\/\\\/quehacerpolitico.mx\\\/?p=112221#breadcrumb\"},\"inLanguage\":\"es\",\"potentialAction\":[{\"@type\":\"ReadAction\",\"target\":[\"https:\\\/\\\/quehacerpolitico.mx\\\/?p=112221\"]}]},{\"@type\":\"ImageObject\",\"inLanguage\":\"es\",\"@id\":\"https:\\\/\\\/quehacerpolitico.mx\\\/?p=112221#primaryimage\",\"url\":\"https:\\\/\\\/quehacerpolitico.mx\\\/wp-content\\\/uploads\\\/2024\\\/08\\\/03fa6135-c3fe-44b7-8e96-c6ca323ffebb-13.jpeg\",\"contentUrl\":\"https:\\\/\\\/quehacerpolitico.mx\\\/wp-content\\\/uploads\\\/2024\\\/08\\\/03fa6135-c3fe-44b7-8e96-c6ca323ffebb-13.jpeg\",\"width\":963,\"height\":493},{\"@type\":\"BreadcrumbList\",\"@id\":\"https:\\\/\\\/quehacerpolitico.mx\\\/?p=112221#breadcrumb\",\"itemListElement\":[{\"@type\":\"ListItem\",\"position\":1,\"name\":\"Inicio\",\"item\":\"https:\\\/\\\/quehacerpolitico.mx\\\/\"},{\"@type\":\"ListItem\",\"position\":2,\"name\":\"El Quehacer Pol\u00edtico Internacional a trav\u00e9s de la opini\u00f3n\\\/\\\/\\\/Carolina Alonso Romei\\\/\\\/\\\/Gobierno de Maduro afirma que Venezuela fue objeto de un &#8220;ataque terrorista&#8221; contra su sistema el\u00e9ctrico\"}]},{\"@type\":\"WebSite\",\"@id\":\"https:\\\/\\\/quehacerpolitico.mx\\\/#website\",\"url\":\"https:\\\/\\\/quehacerpolitico.mx\\\/\",\"name\":\"\",\"description\":\"\",\"potentialAction\":[{\"@type\":\"SearchAction\",\"target\":{\"@type\":\"EntryPoint\",\"urlTemplate\":\"https:\\\/\\\/quehacerpolitico.mx\\\/?s={search_term_string}\"},\"query-input\":{\"@type\":\"PropertyValueSpecification\",\"valueRequired\":true,\"valueName\":\"search_term_string\"}}],\"inLanguage\":\"es\"},{\"@type\":\"Person\",\"@id\":\"https:\\\/\\\/quehacerpolitico.mx\\\/#\\\/schema\\\/person\\\/496d8ad2d1d3f8036101dca7ee39e585\",\"name\":\"Redacci\u00f3n QP\",\"image\":{\"@type\":\"ImageObject\",\"inLanguage\":\"es\",\"@id\":\"https:\\\/\\\/secure.gravatar.com\\\/avatar\\\/c7164ed6fdec453195284ad24a5ae5b6e1eed2b848477fa2a4787ba9adf39a41?s=96&d=mm&r=g\",\"url\":\"https:\\\/\\\/secure.gravatar.com\\\/avatar\\\/c7164ed6fdec453195284ad24a5ae5b6e1eed2b848477fa2a4787ba9adf39a41?s=96&d=mm&r=g\",\"contentUrl\":\"https:\\\/\\\/secure.gravatar.com\\\/avatar\\\/c7164ed6fdec453195284ad24a5ae5b6e1eed2b848477fa2a4787ba9adf39a41?s=96&d=mm&r=g\",\"caption\":\"Redacci\u00f3n QP\"},\"url\":\"https:\\\/\\\/quehacerpolitico.mx\\\/?author=2\"}]}<\/script>\n<!-- \/ Yoast SEO plugin. -->","yoast_head_json":{"title":"El Quehacer Pol\u00edtico Internacional a trav\u00e9s de la opini\u00f3n\/\/\/Carolina Alonso Romei\/\/\/Gobierno de Maduro afirma que Venezuela fue objeto de un \"ataque terrorista\" contra su sistema el\u00e9ctrico -","robots":{"index":"index","follow":"follow","max-snippet":"max-snippet:-1","max-image-preview":"max-image-preview:large","max-video-preview":"max-video-preview:-1"},"canonical":"https:\/\/quehacerpolitico.mx\/?p=112221","og_locale":"es_MX","og_type":"article","og_title":"El Quehacer Pol\u00edtico Internacional a trav\u00e9s de la opini\u00f3n\/\/\/Carolina Alonso Romei\/\/\/Gobierno de Maduro afirma que Venezuela fue objeto de un \"ataque terrorista\" contra su sistema el\u00e9ctrico -","og_description":"Por Carolina Alonso Romei Internacionalista El ministro Diosdado Cabello dijo que esta es una de...","og_url":"https:\/\/quehacerpolitico.mx\/?p=112221","article_published_time":"2024-08-28T03:46:40+00:00","article_modified_time":"2024-08-28T03:46:43+00:00","og_image":[{"width":963,"height":493,"url":"https:\/\/quehacerpolitico.mx\/wp-content\/uploads\/2024\/08\/03fa6135-c3fe-44b7-8e96-c6ca323ffebb-13.jpeg","type":"image\/jpeg"}],"author":"Redacci\u00f3n QP","twitter_card":"summary_large_image","twitter_misc":{"Escrito por":"Redacci\u00f3n QP","Tiempo de lectura":"2 minutos"},"schema":{"@context":"https:\/\/schema.org","@graph":[{"@type":"Article","@id":"https:\/\/quehacerpolitico.mx\/?p=112221#article","isPartOf":{"@id":"https:\/\/quehacerpolitico.mx\/?p=112221"},"author":{"name":"Redacci\u00f3n QP","@id":"https:\/\/quehacerpolitico.mx\/#\/schema\/person\/496d8ad2d1d3f8036101dca7ee39e585"},"headline":"El Quehacer Pol\u00edtico Internacional a trav\u00e9s de la opini\u00f3n\/\/\/Carolina Alonso Romei\/\/\/Gobierno de Maduro afirma que Venezuela fue objeto de un &#8220;ataque terrorista&#8221; contra su sistema el\u00e9ctrico","datePublished":"2024-08-28T03:46:40+00:00","dateModified":"2024-08-28T03:46:43+00:00","mainEntityOfPage":{"@id":"https:\/\/quehacerpolitico.mx\/?p=112221"},"wordCount":426,"commentCount":0,"image":{"@id":"https:\/\/quehacerpolitico.mx\/?p=112221#primaryimage"},"thumbnailUrl":"https:\/\/quehacerpolitico.mx\/wp-content\/uploads\/2024\/08\/03fa6135-c3fe-44b7-8e96-c6ca323ffebb-13.jpeg","articleSection":["Internacionales"],"inLanguage":"es","potentialAction":[{"@type":"CommentAction","name":"Comment","target":["https:\/\/quehacerpolitico.mx\/?p=112221#respond"]}]},{"@type":"WebPage","@id":"https:\/\/quehacerpolitico.mx\/?p=112221","url":"https:\/\/quehacerpolitico.mx\/?p=112221","name":"El Quehacer Pol\u00edtico Internacional a trav\u00e9s de la opini\u00f3n\/\/\/Carolina Alonso Romei\/\/\/Gobierno de Maduro afirma que Venezuela fue objeto de un \"ataque terrorista\" contra su sistema el\u00e9ctrico -","isPartOf":{"@id":"https:\/\/quehacerpolitico.mx\/#website"},"primaryImageOfPage":{"@id":"https:\/\/quehacerpolitico.mx\/?p=112221#primaryimage"},"image":{"@id":"https:\/\/quehacerpolitico.mx\/?p=112221#primaryimage"},"thumbnailUrl":"https:\/\/quehacerpolitico.mx\/wp-content\/uploads\/2024\/08\/03fa6135-c3fe-44b7-8e96-c6ca323ffebb-13.jpeg","datePublished":"2024-08-28T03:46:40+00:00","dateModified":"2024-08-28T03:46:43+00:00","author":{"@id":"https:\/\/quehacerpolitico.mx\/#\/schema\/person\/496d8ad2d1d3f8036101dca7ee39e585"},"breadcrumb":{"@id":"https:\/\/quehacerpolitico.mx\/?p=112221#breadcrumb"},"inLanguage":"es","potentialAction":[{"@type":"ReadAction","target":["https:\/\/quehacerpolitico.mx\/?p=112221"]}]},{"@type":"ImageObject","inLanguage":"es","@id":"https:\/\/quehacerpolitico.mx\/?p=112221#primaryimage","url":"https:\/\/quehacerpolitico.mx\/wp-content\/uploads\/2024\/08\/03fa6135-c3fe-44b7-8e96-c6ca323ffebb-13.jpeg","contentUrl":"https:\/\/quehacerpolitico.mx\/wp-content\/uploads\/2024\/08\/03fa6135-c3fe-44b7-8e96-c6ca323ffebb-13.jpeg","width":963,"height":493},{"@type":"BreadcrumbList","@id":"https:\/\/quehacerpolitico.mx\/?p=112221#breadcrumb","itemListElement":[{"@type":"ListItem","position":1,"name":"Inicio","item":"https:\/\/quehacerpolitico.mx\/"},{"@type":"ListItem","position":2,"name":"El Quehacer Pol\u00edtico Internacional a trav\u00e9s de la opini\u00f3n\/\/\/Carolina Alonso Romei\/\/\/Gobierno de Maduro afirma que Venezuela fue objeto de un &#8220;ataque terrorista&#8221; contra su sistema el\u00e9ctrico"}]},{"@type":"WebSite","@id":"https:\/\/quehacerpolitico.mx\/#website","url":"https:\/\/quehacerpolitico.mx\/","name":"","description":"","potentialAction":[{"@type":"SearchAction","target":{"@type":"EntryPoint","urlTemplate":"https:\/\/quehacerpolitico.mx\/?s={search_term_string}"},"query-input":{"@type":"PropertyValueSpecification","valueRequired":true,"valueName":"search_term_string"}}],"inLanguage":"es"},{"@type":"Person","@id":"https:\/\/quehacerpolitico.mx\/#\/schema\/person\/496d8ad2d1d3f8036101dca7ee39e585","name":"Redacci\u00f3n QP","image":{"@type":"ImageObject","inLanguage":"es","@id":"https:\/\/secure.gravatar.com\/avatar\/c7164ed6fdec453195284ad24a5ae5b6e1eed2b848477fa2a4787ba9adf39a41?s=96&d=mm&r=g","url":"https:\/\/secure.gravatar.com\/avatar\/c7164ed6fdec453195284ad24a5ae5b6e1eed2b848477fa2a4787ba9adf39a41?s=96&d=mm&r=g","contentUrl":"https:\/\/secure.gravatar.com\/avatar\/c7164ed6fdec453195284ad24a5ae5b6e1eed2b848477fa2a4787ba9adf39a41?s=96&d=mm&r=g","caption":"Redacci\u00f3n QP"},"url":"https:\/\/quehacerpolitico.mx\/?author=2"}]}},"featured_image_urls":{"full":["https:\/\/quehacerpolitico.mx\/wp-content\/uploads\/2024\/08\/03fa6135-c3fe-44b7-8e96-c6ca323ffebb-13.jpeg",963,493,false],"thumbnail":["https:\/\/quehacerpolitico.mx\/wp-content\/uploads\/2024\/08\/03fa6135-c3fe-44b7-8e96-c6ca323ffebb-13-150x150.jpeg",150,150,true],"medium":["https:\/\/quehacerpolitico.mx\/wp-content\/uploads\/2024\/08\/03fa6135-c3fe-44b7-8e96-c6ca323ffebb-13-300x154.jpeg",300,154,true],"medium_large":["https:\/\/quehacerpolitico.mx\/wp-content\/uploads\/2024\/08\/03fa6135-c3fe-44b7-8e96-c6ca323ffebb-13-768x393.jpeg",640,328,true],"large":["https:\/\/quehacerpolitico.mx\/wp-content\/uploads\/2024\/08\/03fa6135-c3fe-44b7-8e96-c6ca323ffebb-13.jpeg",640,328,false],"1536x1536":["https:\/\/quehacerpolitico.mx\/wp-content\/uploads\/2024\/08\/03fa6135-c3fe-44b7-8e96-c6ca323ffebb-13.jpeg",963,493,false],"2048x2048":["https:\/\/quehacerpolitico.mx\/wp-content\/uploads\/2024\/08\/03fa6135-c3fe-44b7-8e96-c6ca323ffebb-13.jpeg",963,493,false],"covernews-featured":["https:\/\/quehacerpolitico.mx\/wp-content\/uploads\/2024\/08\/03fa6135-c3fe-44b7-8e96-c6ca323ffebb-13.jpeg",963,493,false],"covernews-medium":["https:\/\/quehacerpolitico.mx\/wp-content\/uploads\/2024\/08\/03fa6135-c3fe-44b7-8e96-c6ca323ffebb-13.jpeg",540,276,false]},"author_info":{"display_name":"Redacci\u00f3n QP","author_link":"https:\/\/quehacerpolitico.mx\/?author=2"},"category_info":"<a href=\"https:\/\/quehacerpolitico.mx\/?cat=1\" rel=\"category\">Internacionales<\/a>","tag_info":"Internacionales","comment_count":"0","_links":{"self":[{"href":"https:\/\/quehacerpolitico.mx\/index.php?rest_route=\/wp\/v2\/posts\/112221","targetHints":{"allow":["GET"]}}],"collection":[{"href":"https:\/\/quehacerpolitico.mx\/index.php?rest_route=\/wp\/v2\/posts"}],"about":[{"href":"https:\/\/quehacerpolitico.mx\/index.php?rest_route=\/wp\/v2\/types\/post"}],"author":[{"embeddable":true,"href":"https:\/\/quehacerpolitico.mx\/index.php?rest_route=\/wp\/v2\/users\/2"}],"replies":[{"embeddable":true,"href":"https:\/\/quehacerpolitico.mx\/index.php?rest_route=%2Fwp%2Fv2%2Fcomments&post=112221"}],"version-history":[{"count":1,"href":"https:\/\/quehacerpolitico.mx\/index.php?rest_route=\/wp\/v2\/posts\/112221\/revisions"}],"predecessor-version":[{"id":112224,"href":"https:\/\/quehacerpolitico.mx\/index.php?rest_route=\/wp\/v2\/posts\/112221\/revisions\/112224"}],"wp:featuredmedia":[{"embeddable":true,"href":"https:\/\/quehacerpolitico.mx\/index.php?rest_route=\/wp\/v2\/media\/112222"}],"wp:attachment":[{"href":"https:\/\/quehacerpolitico.mx\/index.php?rest_route=%2Fwp%2Fv2%2Fmedia&parent=112221"}],"wp:term":[{"taxonomy":"category","embeddable":true,"href":"https:\/\/quehacerpolitico.mx\/index.php?rest_route=%2Fwp%2Fv2%2Fcategories&post=112221"},{"taxonomy":"post_tag","embeddable":true,"href":"https:\/\/quehacerpolitico.mx\/index.php?rest_route=%2Fwp%2Fv2%2Ftags&post=112221"}],"curies":[{"name":"wp","href":"https:\/\/api.w.org\/{rel}","templated":true}]}}